{"id":39370,"date":"2025-04-15T15:31:16","date_gmt":"2025-04-15T18:31:16","guid":{"rendered":"https:\/\/larevistadigital.com.ar\/blog\/?p=39370"},"modified":"2025-04-15T15:31:16","modified_gmt":"2025-04-15T18:31:16","slug":"promulgan-la-nueva-ley-que-moderniza-el-registro-de-deudores-alimentarios-morosos","status":"publish","type":"post","link":"https:\/\/larevistadigital.com.ar\/blog\/promulgan-la-nueva-ley-que-moderniza-el-registro-de-deudores-alimentarios-morosos\/","title":{"rendered":"Promulgan la nueva ley que moderniza el Registro de Deudores Alimentarios Morosos"},"content":{"rendered":"<h3 class=\"fparrafo ctext fz18 lh25\">El gobernador de la provincia de Buenos Aires, Axel Kicillof, junto a la ministra de Mujeres y Diversidad, Estela D\u00edaz, encabez\u00f3 este lunes el acto de promulgaci\u00f3n de la Ley 15.520, que introduce cambios significativos en el funcionamiento del Registro de Deudores Alimentarios Morosos (RDAM).<\/h3>\n<p>15 de Abril de 2025<\/p>\n<p><strong>BUENOS AIRES\u00a0 &#8211;\u00a0<\/strong> La nueva normativa permite incorporar al registro a los deudores desde el primer incumplimiento de la obligaci\u00f3n alimentaria. Adem\u00e1s, extiende la responsabilidad a empleadores o personas acreedoras que no cumplan con \u00f3rdenes judiciales de retenci\u00f3n de haberes y suma sanciones adicionales.<\/p>\n<blockquote>\n<h3>Tambi\u00e9n establece que ser\u00e1 obligatorio presentar el certificado de libre deuda del RDAM para acceder a cargos como magistrados, funcionarios o empleados p\u00fablicos en el \u00e1mbito provincial y municipal.<\/h3>\n<\/blockquote>\n<p>Durante la firma, realizada en el Sal\u00f3n Dorado de la Casa de Gobierno, Kicillof afirm\u00f3: <strong><em>\u201cCon esta ley, avanzamos hacia una provincia m\u00e1s justa. Actualizamos esta herramienta junto con los distintos poderes del Estado para disminuir significativamente la cantidad de mujeres que no reciben los aportes econ\u00f3micos necesarios para la crianza de sus hijos\u201d.<\/em><\/strong><\/p>\n<blockquote><p>En tal sentido, agreg\u00f3: <strong><em>\u201cEstamos enfrentando una problem\u00e1tica seria y muy extendida, que impacta en la vida de las madres y en la infancia de muchos bonaerenses\u201d.<\/em><\/strong><\/p><\/blockquote>\n<p>El Gobernador tambi\u00e9n se refiri\u00f3 al contexto nacional: <strong><em>\u201cEl pa\u00eds atraviesa un momento muy complejo, en el que el fracaso del Gobierno nacional devolvi\u00f3 al FMI el control de la econom\u00eda, repitiendo recetas conocidas como reformas laborales y previsionales. Frente a eso, en la provincia reafirmamos nuestro compromiso con las pol\u00edticas de cuidado y con la lucha contra las desigualdades\u201d.<\/em><\/strong><\/p>\n<p>Por su parte, <strong>Estela D\u00edaz<\/strong> destac\u00f3: <strong><em>\u201cNuestro objetivo es garantizar el cumplimiento total de las cuotas alimentarias, porque cuidamos a las infancias y tambi\u00e9n apostamos a la autonom\u00eda econ\u00f3mica de las mujeres. Mejorar sus ingresos y condiciones de vida genera bienestar en las familias y en los espacios donde desarrollan su vida cotidiana\u201d<\/em><\/strong>. Y concluy\u00f3: <strong><em>\u201cComo gobierno, asumimos el compromiso de reducir las brechas de desigualdad\u201d.<\/em><\/strong><\/p>\n<p><span style=\"color: #ff0000\"><b>Norma complementaria<\/b><\/span><\/p>\n<p>Esta ley se complementa con la Ley 15.513, promulgada en diciembre de 2024, que reform\u00f3 los procedimientos judiciales relacionados con el reclamo de alimentos. Dicha norma estableci\u00f3 criterios claros para fijar montos, promovi\u00f3 mecanismos m\u00e1s \u00e1giles de resoluci\u00f3n de conflictos y contempl\u00f3 sanciones ante ausencias injustificadas en audiencias judiciales.<\/p>\n<p><span style=\"color: #ff0000\"><b>Participantes<\/b><\/span><\/p>\n<p>El acto cont\u00f3 con la presencia de destacadas figuras, entre ellas la jefa de Asesores del Gobernador, <strong>Cristina \u00c1lvarez Rodr\u00edguez<\/strong>; la vicepresidenta de la Suprema Corte de Justicia, <strong>Hilda Kogan<\/strong>; la presidenta de la Comisi\u00f3n Provincial por la Memoria, <strong>Dora Barrancos<\/strong>; la secretaria general de UPCNBA, <strong>Fabiola Mosquera<\/strong>; la abogada feminista <strong>Nelly Minyersky<\/strong>, adem\u00e1s de funcionarios y funcionarias del gobierno provincial.\u00a0<b>(InfoGEI)Jd<\/b><\/p>\n","protected":false},"excerpt":{"rendered":"<div class=\"mh-excerpt\"><p>El gobernador de la provincia de Buenos Aires, Axel Kicillof, junto a la ministra de Mujeres y Diversidad, Estela D\u00edaz, encabez\u00f3 este lunes el acto de promulgaci\u00f3n de la Ley 15.520, que introduce cambios significativos <a class=\"mh-excerpt-more\" href=\"https:\/\/larevistadigital.com.ar\/blog\/promulgan-la-nueva-ley-que-moderniza-el-registro-de-deudores-alimentarios-morosos\/\" title=\"Promulgan la nueva ley que moderniza el Registro de Deudores Alimentarios Morosos\">[Leer M\u00e1s]<\/a><\/p>\n<\/div>","protected":false},"author":3,"featured_media":39371,"comment_status":"open","ping_status":"open","sticky":false,"template":"","format":"standard","meta":{"_jetpack_memberships_contains_paid_content":false,"footnotes":"","jetpack_publicize_message":"","jetpack_publicize_feature_enabled":true,"jetpack_social_post_already_shared":true,"jetpack_social_options":{"image_generator_settings":{"template":"highway","default_image_id":0,"font":"","enabled":false},"version":2}},"categories":[41],"tags":[],"class_list":{"0":"post-39370","1":"post","2":"type-post","3":"status-publish","4":"format-standard","5":"has-post-thumbnail","7":"category-destacadas"},"jetpack_publicize_connections":[],"jetpack_featured_media_url":"https:\/\/i0.wp.com\/larevistadigital.com.ar\/blog\/wp-content\/uploads\/20250414192635_promulgan-ley-registro-deudores-alimentarios-morosos.jpg?fit=880%2C512&ssl=1","jetpack_sharing_enabled":true,"jetpack_shortlink":"https:\/\/wp.me\/p8qtrQ-af0","jetpack-related-posts":[{"id":39217,"url":"https:\/\/larevistadigital.com.ar\/blog\/aprueban-actualizacion-del-registro-de-deudores-alimentarios-morosos\/","url_meta":{"origin":39370,"position":0},"title":"Aprueban actualizaci\u00f3n del Registro de Deudores Alimentarios Morosos","author":"Alejandro Sosa Ruda","date":"30 marzo, 2025","format":false,"excerpt":"La C\u00e1mara de Diputados de la provincia de Buenos Aires aprob\u00f3 una reforma a la Ley del Registro de Deudores Alimentarios Morosos (RDAM) con el objetivo de hacerla m\u00e1s eficaz. La nueva normativa permitir\u00e1 inscribir a los deudores desde el primer incumplimiento del pago de la cuota alimentaria y extender\u00e1\u2026","rel":"","context":"En \u00abPOLITICA PROVINCIAL\u00bb","block_context":{"text":"POLITICA PROVINCIAL","link":"https:\/\/larevistadigital.com.ar\/blog\/category\/politica\/politica-provincial\/"},"img":{"alt_text":"","src":"https:\/\/i0.wp.com\/larevistadigital.com.ar\/blog\/wp-content\/uploads\/20250329145328_registro-deudores-morosos.jpg?fit=880%2C512&ssl=1&resize=350%2C200","width":350,"height":200,"srcset":"https:\/\/i0.wp.com\/larevistadigital.com.ar\/blog\/wp-content\/uploads\/20250329145328_registro-deudores-morosos.jpg?fit=880%2C512&ssl=1&resize=350%2C200 1x, https:\/\/i0.wp.com\/larevistadigital.com.ar\/blog\/wp-content\/uploads\/20250329145328_registro-deudores-morosos.jpg?fit=880%2C512&ssl=1&resize=525%2C300 1.5x, https:\/\/i0.wp.com\/larevistadigital.com.ar\/blog\/wp-content\/uploads\/20250329145328_registro-deudores-morosos.jpg?fit=880%2C512&ssl=1&resize=700%2C400 2x"},"classes":[]},{"id":31713,"url":"https:\/\/larevistadigital.com.ar\/blog\/buenos-aires-los-deudores-alimentarios-deberan-presentar-un-libre-deuda-para-renovar-el-registro-de-conducir\/","url_meta":{"origin":39370,"position":1},"title":"BUENOS AIRES: LOS DEUDORES ALIMENTARIOS DEBER\u00c1N PRESENTAR UN \u00abLIBRE DEUDA\u00bb PARA RENOVAR EL REGISTRO DE CONDUCIR","author":"Alejandro Sosa Ruda","date":"23 mayo, 2023","format":false,"excerpt":"El titular de la cartera de Justicia, Julio Alak, y su par de Transporte, Jorge D`Onofrio, firmaron el acuerdo para implementar acciones en el tr\u00e1mite de expendio de licencias de conducir en la provincia. 23 de mayo de 2023 BUENOS AIRES -\u00a0 Los inscriptos en el Registro de Deudores Alimentarios\u2026","rel":"","context":"En \u00abINTERES GENERAL\u00bb","block_context":{"text":"INTERES GENERAL","link":"https:\/\/larevistadigital.com.ar\/blog\/category\/interes-general\/"},"img":{"alt_text":"","src":"https:\/\/i0.wp.com\/larevistadigital.com.ar\/blog\/wp-content\/uploads\/20230522182955_deudores.jpg?fit=880%2C512&ssl=1&resize=350%2C200","width":350,"height":200,"srcset":"https:\/\/i0.wp.com\/larevistadigital.com.ar\/blog\/wp-content\/uploads\/20230522182955_deudores.jpg?fit=880%2C512&ssl=1&resize=350%2C200 1x, https:\/\/i0.wp.com\/larevistadigital.com.ar\/blog\/wp-content\/uploads\/20230522182955_deudores.jpg?fit=880%2C512&ssl=1&resize=525%2C300 1.5x, https:\/\/i0.wp.com\/larevistadigital.com.ar\/blog\/wp-content\/uploads\/20230522182955_deudores.jpg?fit=880%2C512&ssl=1&resize=700%2C400 2x"},"classes":[]},{"id":23279,"url":"https:\/\/larevistadigital.com.ar\/blog\/fue-impulsado-el-proyecto-para-pedir-el-certificado-de-no-deudor-alimentario-cuando-se-hacen-algunos-tramites-en-el-municipio\/","url_meta":{"origin":39370,"position":2},"title":"FUE IMPULSADO EL PROYECTO PARA PEDIR EL CERTIFICADO DE \u00abNO DEUDOR ALIMENTARIO\u00bb CUANDO SE HACEN ALGUNOS TR\u00c1MITES EN EL MUNICIPIO","author":"Alejandro Sosa Ruda","date":"10 enero, 2022","format":false,"excerpt":"La iniciativa es de la concejal Lorena Escaray y el Bloque de concejales de la UCR y Cambiemos, donde se requerir\u00eda el mencionado certificado cuando se hagan diversos tr\u00e1mites en el municipio. Gacetilla de Prensa: El bloque de concejales UCR \u2013 Cambiemos ha elevado y presentado\u00a0 el proyecto de Ordenanza\u2026","rel":"","context":"En \u00abCHASCOM\u00daS\u00bb","block_context":{"text":"CHASCOM\u00daS","link":"https:\/\/larevistadigital.com.ar\/blog\/category\/chascomus\/"},"img":{"alt_text":"","src":"https:\/\/i0.wp.com\/larevistadigital.com.ar\/blog\/wp-content\/uploads\/271138010_1815499981981096_6326121086402477620_n-e1641831112799.jpg?fit=962%2C486&ssl=1&resize=350%2C200","width":350,"height":200,"srcset":"https:\/\/i0.wp.com\/larevistadigital.com.ar\/blog\/wp-content\/uploads\/271138010_1815499981981096_6326121086402477620_n-e1641831112799.jpg?fit=962%2C486&ssl=1&resize=350%2C200 1x, https:\/\/i0.wp.com\/larevistadigital.com.ar\/blog\/wp-content\/uploads\/271138010_1815499981981096_6326121086402477620_n-e1641831112799.jpg?fit=962%2C486&ssl=1&resize=525%2C300 1.5x, https:\/\/i0.wp.com\/larevistadigital.com.ar\/blog\/wp-content\/uploads\/271138010_1815499981981096_6326121086402477620_n-e1641831112799.jpg?fit=962%2C486&ssl=1&resize=700%2C400 2x"},"classes":[]},{"id":18168,"url":"https:\/\/larevistadigital.com.ar\/blog\/la-provincia-presento-el-proyecto-de-ley-que-autoriza-el-autocultivo-de-cannabis-medicinal\/","url_meta":{"origin":39370,"position":3},"title":"LA PROVINCIA PRESENT\u00d3 EL PROYECTO DE LEY QUE AUTORIZA EL AUTOCULTIVO DE CANNABIS MEDICINAL","author":"Alejandro Sosa Ruda","date":"16 diciembre, 2020","format":false,"excerpt":"La iniciativa de la provincia de Buenos Aires crea la Agencia y el Registro del Cannabis adem\u00e1s del programa \"Cultivo Solidario\" para particulares. El Gobierno de la provincia de Buenos Aires, \u00a0envi\u00f3 a la legislatura un proyecto de ley que\u00a0autoriza el autocultivo de Cannabis para uso medicinal\u00a0e incorpora el\u00a0aceite como\u2026","rel":"","context":"En \u00abINTERES GENERAL\u00bb","block_context":{"text":"INTERES GENERAL","link":"https:\/\/larevistadigital.com.ar\/blog\/category\/interes-general\/"},"img":{"alt_text":"","src":"https:\/\/i0.wp.com\/larevistadigital.com.ar\/blog\/wp-content\/uploads\/cannabis-medicinal.jpg?fit=1140%2C640&ssl=1&resize=350%2C200","width":350,"height":200,"srcset":"https:\/\/i0.wp.com\/larevistadigital.com.ar\/blog\/wp-content\/uploads\/cannabis-medicinal.jpg?fit=1140%2C640&ssl=1&resize=350%2C200 1x, https:\/\/i0.wp.com\/larevistadigital.com.ar\/blog\/wp-content\/uploads\/cannabis-medicinal.jpg?fit=1140%2C640&ssl=1&resize=525%2C300 1.5x, https:\/\/i0.wp.com\/larevistadigital.com.ar\/blog\/wp-content\/uploads\/cannabis-medicinal.jpg?fit=1140%2C640&ssl=1&resize=700%2C400 2x, https:\/\/i0.wp.com\/larevistadigital.com.ar\/blog\/wp-content\/uploads\/cannabis-medicinal.jpg?fit=1140%2C640&ssl=1&resize=1050%2C600 3x"},"classes":[]},{"id":26934,"url":"https:\/\/larevistadigital.com.ar\/blog\/convenio-entre-provincia-y-nacion-para-fortalecer-la-busqueda-de-ninos-y-adolescentes-extraviados\/","url_meta":{"origin":39370,"position":4},"title":"CONVENIO ENTRE PROVINCIA Y NACI\u00d3N PARA FORTALECER LA B\u00daSQUEDA DE NI\u00d1OS Y ADOLESCENTES EXTRAVIADOS","author":"Alejandro Sosa Ruda","date":"2 agosto, 2022","format":false,"excerpt":"Es el primer convenio de estas caracter\u00edsticas que se firma con un ministerio provincial y constituye el punto de partida para nuevos acuerdos que permitir\u00e1n continuar avanzando en la paulatina recuperaci\u00f3n del Registro Nacional de Personas Menores Extraviadas. El convenio celebrado con la provincia de Buenos Aires es fundamental para\u2026","rel":"","context":"En \u00abINTERES GENERAL\u00bb","block_context":{"text":"INTERES GENERAL","link":"https:\/\/larevistadigital.com.ar\/blog\/category\/interes-general\/"},"img":{"alt_text":"","src":"https:\/\/i0.wp.com\/larevistadigital.com.ar\/blog\/wp-content\/uploads\/20220801171046_convenio-para-fortalecer-la-busqueda-de-ninos-ninas-y-adolescentes-extraviados.jpg?fit=880%2C512&ssl=1&resize=350%2C200","width":350,"height":200,"srcset":"https:\/\/i0.wp.com\/larevistadigital.com.ar\/blog\/wp-content\/uploads\/20220801171046_convenio-para-fortalecer-la-busqueda-de-ninos-ninas-y-adolescentes-extraviados.jpg?fit=880%2C512&ssl=1&resize=350%2C200 1x, https:\/\/i0.wp.com\/larevistadigital.com.ar\/blog\/wp-content\/uploads\/20220801171046_convenio-para-fortalecer-la-busqueda-de-ninos-ninas-y-adolescentes-extraviados.jpg?fit=880%2C512&ssl=1&resize=525%2C300 1.5x, https:\/\/i0.wp.com\/larevistadigital.com.ar\/blog\/wp-content\/uploads\/20220801171046_convenio-para-fortalecer-la-busqueda-de-ninos-ninas-y-adolescentes-extraviados.jpg?fit=880%2C512&ssl=1&resize=700%2C400 2x"},"classes":[]},{"id":9234,"url":"https:\/\/larevistadigital.com.ar\/blog\/ningun-municipio-podra-exigir-el-libre-deuda-para-otorgar-el-registro-de-conducir\/","url_meta":{"origin":39370,"position":5},"title":"NING\u00daN MUNICIPIO PODR\u00c1 EXIGIR EL LIBRE DEUDA PARA OTORGAR EL REGISTRO DE CONDUCIR","author":"Alejandro Sosa Ruda","date":"20 marzo, 2019","format":false,"excerpt":"Los\u00a0135 municipios de la Provincia de Buenos Aires,\u00a0ya no podr\u00e1n exigir el libre deuda para renovar el registro de conducir.\u00a0\u00a0La medida fue confirmada por el Defensor del Pueblo de la Provincia de Buenos Aires,\u00a0Guido Lorenzino. El gobierno provincial, comunic\u00f3 a las comunas que\u00a0ya no es obligatorio para los conductores que\u2026","rel":"","context":"En \u00abPOLITICA\u00bb","block_context":{"text":"POLITICA","link":"https:\/\/larevistadigital.com.ar\/blog\/category\/politica\/"},"img":{"alt_text":"","src":"https:\/\/i0.wp.com\/larevistadigital.com.ar\/blog\/wp-content\/uploads\/2019\/03\/Licencia-621x440.jpg?fit=621%2C440&ssl=1&resize=350%2C200","width":350,"height":200,"srcset":"https:\/\/i0.wp.com\/larevistadigital.com.ar\/blog\/wp-content\/uploads\/2019\/03\/Licencia-621x440.jpg?fit=621%2C440&ssl=1&resize=350%2C200 1x, https:\/\/i0.wp.com\/larevistadigital.com.ar\/blog\/wp-content\/uploads\/2019\/03\/Licencia-621x440.jpg?fit=621%2C440&ssl=1&resize=525%2C300 1.5x"},"classes":[]}],"_links":{"self":[{"href":"https:\/\/larevistadigital.com.ar\/blog\/wp-json\/wp\/v2\/posts\/39370","targetHints":{"allow":["GET"]}}],"collection":[{"href":"https:\/\/larevistadigital.com.ar\/blog\/wp-json\/wp\/v2\/posts"}],"about":[{"href":"https:\/\/larevistadigital.com.ar\/blog\/wp-json\/wp\/v2\/types\/post"}],"author":[{"embeddable":true,"href":"https:\/\/larevistadigital.com.ar\/blog\/wp-json\/wp\/v2\/users\/3"}],"replies":[{"embeddable":true,"href":"https:\/\/larevistadigital.com.ar\/blog\/wp-json\/wp\/v2\/comments?post=39370"}],"version-history":[{"count":1,"href":"https:\/\/larevistadigital.com.ar\/blog\/wp-json\/wp\/v2\/posts\/39370\/revisions"}],"predecessor-version":[{"id":39372,"href":"https:\/\/larevistadigital.com.ar\/blog\/wp-json\/wp\/v2\/posts\/39370\/revisions\/39372"}],"wp:featuredmedia":[{"embeddable":true,"href":"https:\/\/larevistadigital.com.ar\/blog\/wp-json\/wp\/v2\/media\/39371"}],"wp:attachment":[{"href":"https:\/\/larevistadigital.com.ar\/blog\/wp-json\/wp\/v2\/media?parent=39370"}],"wp:term":[{"taxonomy":"category","embeddable":true,"href":"https:\/\/larevistadigital.com.ar\/blog\/wp-json\/wp\/v2\/categories?post=39370"},{"taxonomy":"post_tag","embeddable":true,"href":"https:\/\/larevistadigital.com.ar\/blog\/wp-json\/wp\/v2\/tags?post=39370"}],"curies":[{"name":"wp","href":"https:\/\/api.w.org\/{rel}","templated":true}]}}