{"id":39373,"date":"2025-04-15T15:41:52","date_gmt":"2025-04-15T18:41:52","guid":{"rendered":"https:\/\/larevistadigital.com.ar\/blog\/?p=39373"},"modified":"2025-04-15T15:41:52","modified_gmt":"2025-04-15T18:41:52","slug":"convocan-a-un-frente-politico-y-electoral-contra-milei-y-en-apoyo-a-kicillof","status":"publish","type":"post","link":"https:\/\/larevistadigital.com.ar\/blog\/convocan-a-un-frente-politico-y-electoral-contra-milei-y-en-apoyo-a-kicillof\/","title":{"rendered":"Convocan a un \u00abfrente pol\u00edtico y electoral contra Milei\u201d y en apoyo a Kicillof"},"content":{"rendered":"<h3 class=\"fparrafo ctext fz18 lh25\">Unidad Popular (UP) de la Provincia de Buenos Aires llam\u00f3 este s\u00e1bado a formar \u201cun frente pol\u00edtico y electoral contra Milei\u201d y respaldaron la l\u00ednea pol\u00edtica del gobernador Kicillof \u00abcontra los embates\u00bb del gobierno nacional que \u00abafectan a las y los bonaerenses\u00bb<\/h3>\n<p>15 de Abril de 2025<\/p>\n<p><strong>BUENOS AIRES &#8211;\u00a0<\/strong> M\u00e1s de 800 representantes de 53 distritos bonaerenses, de las ocho secciones electorales<b>,\u00a0<\/b>participaron este s\u00e1bado 12 de abril del plenario provincial del Instrumento Electoral para la Unidad Popular de la provincia de Buenos Aires, realizado en el club Circunvalaci\u00f3n de La Plata.<\/p>\n<p>Durante su desarrollo, se votaron a mano alzada distintas resoluciones <strong><em>\u201cpara el tiempo pol\u00edtico que se viene\u00bb<\/em><\/strong>, precisaron, mediante un comunicado emitido por las autoridades del partido conocido usualmente en la prensa como Unidad Popular (UP), presidido a nivel bonaerense por el m\u00e9dico y ex presidente del gremio CICOP Hugo Amor, y a nivel nacional por <strong>Claudio Lozano.<\/strong><\/p>\n<blockquote>\n<h3>Tanbi\u00e9n, se ratific\u00f3 en primer t\u00e9rmino, la conformaci\u00f3n de <strong><em>\u201cla m\u00e1s amplia unidad para derrotar las pol\u00edticas de ajuste, entrega y saqueo que encarna el presidente de la Naci\u00f3n, Javier Milei\u201d.<\/em><\/strong><\/h3>\n<\/blockquote>\n<p>En segundo t\u00e9rmino, se vot\u00f3 la voluntad de trabajar en la <strong><em>\u201cconstrucci\u00f3n de un frente pol\u00edtico y electoral que tenga como eje central a la Soberan\u00eda, el Trabajo Digno, la Producci\u00f3n, profundizando la Democracia que redunde en Justicia Social. Y, en ese marco, construirlo de conjunto con el gobernador Axel Kicillof que tiene la misma perspectiva de construcci\u00f3n en la etapa\u00bb<\/em><\/strong>, se\u00f1alaron desde UP bonaerense.<\/p>\n<p><strong><em>\u00abPor otra parte, se respald\u00f3 la gesti\u00f3n de gobierno de Axel Kicillof, la voluntad de transitar juntos la defensa de los intereses de los y las bonaerenses contra los embates de Milei\u00bb<\/em><\/strong> y <strong><em>\u00abse ratific\u00f3 el apoyo al gobernador en la exigencia de que se restituyan los fondos a la provincia de Buenos Aires, tan necesarios para mejorar las condiciones de vida de sus habitantes\u00bb<\/em><\/strong>, agregaron.<\/p>\n<p><strong><em>\u00abAsimismo, se acord\u00f3 en concretar una campa\u00f1a de afiliaci\u00f3n a la Unidad Popular en todo el territorio bonaerense, consolidar mesas promotoras distritales de UP, como as\u00ed tambi\u00e9n, la consolidaci\u00f3n de referencias locales de cara a las elecciones de medio t\u00e9rmino y m\u00e1s all\u00e1 de las mismas. En este sentido, se facult\u00f3 a la mesa provincial de UP para la coordinaci\u00f3n de estas tareas\u00bb<\/em><\/strong>, detallaron.<\/p>\n<p>Como actividades \u00aben el corto plazo\u00bb, las y los militantes coincidieron en <em><strong>\u00abpromover la realizaci\u00f3n de plenarios de la militancia de UP a lo largo y ancho de la provincia para fomentar y profundizar la discusi\u00f3n pol\u00edtica, como as\u00ed tambi\u00e9n la realizaci\u00f3n de plenarios de la militancia con organizaciones del campo nacional y popular en general\u00bb.<\/strong><\/em><\/p>\n<p><span style=\"color: #ff0000\"><b>Distritos representados<\/b><\/span><\/p>\n<p>Estuvieron representadas las ocho secciones electorales de la provincia de Buenos Aires, con delegaciones de 53 distritos, entre otros lugares de San Nicol\u00e1s, Escobar, Malvinas Argentinas, Merlo, San Fernando, San Miguel, San Isidro, Tigre, 3 de Febrero, Baradero, Quilmes, Pergamino, Ramallo, San Antonio de Areco, San Pedro, Z\u00e1rate, Avellaneda, Almirante Brown, Berazategui, Berisso, Florencio Varela, La Matanza, Lomas de Zamora, Lan\u00fas, Jun\u00edn, Chascom\u00fas, Gral. Pueyrred\u00f3n, Partido de La Costa, Necochea, Magdalena, Azul, Bol\u00edvar, Olavarr\u00eda, La Plata, Ensenada, San Mart\u00edn, Moreno, Hurlingham, Carmen de Areco, Mercedes, Magdalena, Bragado, Jos\u00e9 C Paz Pilar, Vicente L\u00f3pez, Ca\u00f1uelas, Esteban Echeverr\u00eda, Ayacucho, Castelli, Coronel Rosales y Lincoln.<\/p>\n<p><span style=\"color: #ff0000\"><b>Participantes<\/b><\/span><\/p>\n<p>La mesa de conducci\u00f3n del plenario estuvo coordinada por el presidente provincial de UP, Hugo Amor, su vicepresidenta, Vanina Rodriguez, el vicepresidente de UP Nacional, Oscar de Isasi, el secretario de acci\u00f3n pol\u00edtica de UP provincia, Danielo Lonc\u00f3n, Alejandra Taboada, secretaria administrativa, y la concejala platense por UP, Yanina S\u00e1nchez.<\/p>\n<p>Entre los presentes se encontraban el secretario general de la CTAa Aut\u00f3noma Nacional, Hugo Godoy, el secretario general de la CTA Bonaerense, Roberto Baradel, el secretario general de ATE Bonaerense, Claudio Arevalo y la secretaria adjunta de ATE Bonaerense, Eliana Aguirre\u00bb, finalizaron.\u00a0<b>(InfoGEI)Jd<\/b><\/p>\n","protected":false},"excerpt":{"rendered":"<div class=\"mh-excerpt\"><p>Unidad Popular (UP) de la Provincia de Buenos Aires llam\u00f3 este s\u00e1bado a formar \u201cun frente pol\u00edtico y electoral contra Milei\u201d y respaldaron la l\u00ednea pol\u00edtica del gobernador Kicillof \u00abcontra los embates\u00bb del gobierno nacional <a class=\"mh-excerpt-more\" href=\"https:\/\/larevistadigital.com.ar\/blog\/convocan-a-un-frente-politico-y-electoral-contra-milei-y-en-apoyo-a-kicillof\/\" title=\"Convocan a un \u00abfrente pol\u00edtico y electoral contra Milei\u201d y en apoyo a Kicillof\">[Leer M\u00e1s]<\/a><\/p>\n<\/div>","protected":false},"author":3,"featured_media":39374,"comment_status":"open","ping_status":"open","sticky":false,"template":"","format":"standard","meta":{"_jetpack_memberships_contains_paid_content":false,"footnotes":"","jetpack_publicize_message":"","jetpack_publicize_feature_enabled":true,"jetpack_social_post_already_shared":true,"jetpack_social_options":{"image_generator_settings":{"template":"highway","default_image_id":0,"font":"","enabled":false},"version":2}},"categories":[50,24],"tags":[],"class_list":{"0":"post-39373","1":"post","2":"type-post","3":"status-publish","4":"format-standard","5":"has-post-thumbnail","7":"category-interes-general","8":"category-politica-provincial"},"jetpack_publicize_connections":[],"jetpack_featured_media_url":"https:\/\/i0.wp.com\/larevistadigital.com.ar\/blog\/wp-content\/uploads\/20250414164537_plenario-unidad-popular-kicillof.jpg?fit=880%2C512&ssl=1","jetpack_sharing_enabled":true,"jetpack_shortlink":"https:\/\/wp.me\/p8qtrQ-af3","jetpack-related-posts":[{"id":39281,"url":"https:\/\/larevistadigital.com.ar\/blog\/kicillof-volvio-a-llamar-a-la-unidad-para-frenar-las-politicas-de-milei-y-defender-la-provincia\/","url_meta":{"origin":39373,"position":0},"title":"Kicillof volvi\u00f3 a llamar a la unidad para frenar las pol\u00edticas de Milei y defender la Provincia","author":"Alejandro Sosa Ruda","date":"4 abril, 2025","format":false,"excerpt":"El gobernador de la provincia de Buenos Aires, Axel Kicillof, encabez\u00f3 este jueves el cierre del ciclo de charlas \u201cDebate del Futuro\u201d en el Teatro Argentino de La Plata. Lo acompa\u00f1aron el ministro de Gobierno, Carlos Bianco; el subsecretario de Econom\u00eda Popular, Daniel Men\u00e9ndez; y el intendente platense, Julio Alak.\u2026","rel":"","context":"En \u00abINTERES GENERAL\u00bb","block_context":{"text":"INTERES GENERAL","link":"https:\/\/larevistadigital.com.ar\/blog\/category\/interes-general\/"},"img":{"alt_text":"","src":"https:\/\/i0.wp.com\/larevistadigital.com.ar\/blog\/wp-content\/uploads\/20250403195806_kicillof-acto-contra-milei-provincia.jpg?fit=880%2C512&ssl=1&resize=350%2C200","width":350,"height":200,"srcset":"https:\/\/i0.wp.com\/larevistadigital.com.ar\/blog\/wp-content\/uploads\/20250403195806_kicillof-acto-contra-milei-provincia.jpg?fit=880%2C512&ssl=1&resize=350%2C200 1x, https:\/\/i0.wp.com\/larevistadigital.com.ar\/blog\/wp-content\/uploads\/20250403195806_kicillof-acto-contra-milei-provincia.jpg?fit=880%2C512&ssl=1&resize=525%2C300 1.5x, https:\/\/i0.wp.com\/larevistadigital.com.ar\/blog\/wp-content\/uploads\/20250403195806_kicillof-acto-contra-milei-provincia.jpg?fit=880%2C512&ssl=1&resize=700%2C400 2x"},"classes":[]},{"id":41401,"url":"https:\/\/larevistadigital.com.ar\/blog\/kicillof-tras-la-derrota-libertaria-milei-puso-todas-las-fichas-en-buenos-aires-y-perdio-en-mas-de-100-distritos\/","url_meta":{"origin":39373,"position":1},"title":"Kicillof tras la derrota libertaria: \u201cMilei puso todas las fichas en Buenos Aires y perdi\u00f3 en m\u00e1s de 100 distritos\u201d","author":"Alejandro Sosa Ruda","date":"10 septiembre, 2025","format":false,"excerpt":"El gobernador bonaerense celebr\u00f3 el triunfo del peronismo en las legislativas y calific\u00f3 la derrota de Javier Milei como un \u201csacud\u00f3n\u201d pol\u00edtico y econ\u00f3mico. Tambi\u00e9n apunt\u00f3 contra el FMI por el endeudamiento del pa\u00eds. 10 de Septiembre de 2025 BUENOS AIRES\u00a0 -\u00a0 \u00a0El gobernador de la provincia de Buenos Aires,\u2026","rel":"","context":"En \u00abINTERES GENERAL\u00bb","block_context":{"text":"INTERES GENERAL","link":"https:\/\/larevistadigital.com.ar\/blog\/category\/interes-general\/"},"img":{"alt_text":"","src":"https:\/\/i0.wp.com\/larevistadigital.com.ar\/blog\/wp-content\/uploads\/Captura-de-pantalla-2025-09-10-225347.jpg?fit=642%2C367&ssl=1&resize=350%2C200","width":350,"height":200,"srcset":"https:\/\/i0.wp.com\/larevistadigital.com.ar\/blog\/wp-content\/uploads\/Captura-de-pantalla-2025-09-10-225347.jpg?fit=642%2C367&ssl=1&resize=350%2C200 1x, https:\/\/i0.wp.com\/larevistadigital.com.ar\/blog\/wp-content\/uploads\/Captura-de-pantalla-2025-09-10-225347.jpg?fit=642%2C367&ssl=1&resize=525%2C300 1.5x"},"classes":[]},{"id":39331,"url":"https:\/\/larevistadigital.com.ar\/blog\/kicillof-desdobla-las-elecciones-en-la-provincia-seran-el-7-de-septiembre-y-busca-suspender-las-paso\/","url_meta":{"origin":39373,"position":2},"title":"Kicillof desdobla las elecciones en la Provincia: ser\u00e1n el 7 de septiembre y busca suspender las PASO","author":"Alejandro Sosa Ruda","date":"7 abril, 2025","format":false,"excerpt":"\"No soy a nada, pero me comprometo a militar en ambas elecciones para frenar la motosierra de Milei\", lanz\u00f3 el gobernador, en una decisi\u00f3n que marca un quiebre en el peronismo. 07 de Abril de 2025 BUENOS AIRES -\u00a0 Axel Kicillof pate\u00f3 el tablero.En medio de fuertes tensiones internas, el\u2026","rel":"","context":"En \u00abINTERES GENERAL\u00bb","block_context":{"text":"INTERES GENERAL","link":"https:\/\/larevistadigital.com.ar\/blog\/category\/interes-general\/"},"img":{"alt_text":"","src":"https:\/\/i0.wp.com\/larevistadigital.com.ar\/blog\/wp-content\/uploads\/Captura-de-pantalla-2025-04-07-201010.jpg?fit=653%2C432&ssl=1&resize=350%2C200","width":350,"height":200,"srcset":"https:\/\/i0.wp.com\/larevistadigital.com.ar\/blog\/wp-content\/uploads\/Captura-de-pantalla-2025-04-07-201010.jpg?fit=653%2C432&ssl=1&resize=350%2C200 1x, https:\/\/i0.wp.com\/larevistadigital.com.ar\/blog\/wp-content\/uploads\/Captura-de-pantalla-2025-04-07-201010.jpg?fit=653%2C432&ssl=1&resize=525%2C300 1.5x"},"classes":[]},{"id":43855,"url":"https:\/\/larevistadigital.com.ar\/blog\/el-pj-bonaerense-firmo-la-unidad-axel-kicillof-como-presidente-y-magario-vice\/","url_meta":{"origin":39373,"position":3},"title":"El PJ Bonaerense firm\u00f3 la unidad: Axel Kicillof como presidente y Magario \u201cvice\u201d","author":"Alejandro Sosa Ruda","date":"7 febrero, 2026","format":false,"excerpt":"Tras arduas negociaciones, el PJ Bonaerense sell\u00f3 la unidad con Axel Kicillof como candidato \u00fanico a presidente del partido. 07 de febrero de 2026 A horas del cierre de listas, el PJ Bonaerense oficializ\u00f3 el acuerdo. Axel Kicillof presidir\u00e1 el partido en relevo de M\u00e1ximo Kirchner, mientras que lo acompa\u00f1ar\u00e1\u2026","rel":"","context":"En \u00abINTERES GENERAL\u00bb","block_context":{"text":"INTERES GENERAL","link":"https:\/\/larevistadigital.com.ar\/blog\/category\/interes-general\/"},"img":{"alt_text":"","src":"https:\/\/i0.wp.com\/larevistadigital.com.ar\/blog\/wp-content\/uploads\/Captura-de-pantalla-2026-02-07-143723.jpg?fit=773%2C432&ssl=1&resize=350%2C200","width":350,"height":200,"srcset":"https:\/\/i0.wp.com\/larevistadigital.com.ar\/blog\/wp-content\/uploads\/Captura-de-pantalla-2026-02-07-143723.jpg?fit=773%2C432&ssl=1&resize=350%2C200 1x, https:\/\/i0.wp.com\/larevistadigital.com.ar\/blog\/wp-content\/uploads\/Captura-de-pantalla-2026-02-07-143723.jpg?fit=773%2C432&ssl=1&resize=525%2C300 1.5x, https:\/\/i0.wp.com\/larevistadigital.com.ar\/blog\/wp-content\/uploads\/Captura-de-pantalla-2026-02-07-143723.jpg?fit=773%2C432&ssl=1&resize=700%2C400 2x"},"classes":[]},{"id":39563,"url":"https:\/\/larevistadigital.com.ar\/blog\/el-frente-grande-se-planta-apoya-a-kicillof-y-apuesta-a-ser-muralla-contra-milei\/","url_meta":{"origin":39373,"position":4},"title":"El Frente Grande se planta: apoya a Kicillof y apuesta a ser muralla contra Milei","author":"Alejandro Sosa Ruda","date":"26 abril, 2025","format":false,"excerpt":"En una asamblea con alta participaci\u00f3n, el partido bonaerense defini\u00f3 su rumbo electoral, con presencia activa de referentes como el Chascomunense\u00a0 Adrian Biain. 26 de Abril de 2025 LA PLATA\u00a0 -\u00a0 En un clima de definiciones pol\u00edticas fuertes, el Frente Grande celebr\u00f3 su Asamblea Provincial en su nueva sede de\u2026","rel":"","context":"En \u00abPOLITICA\u00bb","block_context":{"text":"POLITICA","link":"https:\/\/larevistadigital.com.ar\/blog\/category\/politica\/"},"img":{"alt_text":"","src":"https:\/\/i0.wp.com\/larevistadigital.com.ar\/blog\/wp-content\/uploads\/multimedia.normal.8a6a6fd412d366c9.bm9ybWFsLndlYnA-e1745764052641.webp?fit=589%2C464&ssl=1&resize=350%2C200","width":350,"height":200,"srcset":"https:\/\/i0.wp.com\/larevistadigital.com.ar\/blog\/wp-content\/uploads\/multimedia.normal.8a6a6fd412d366c9.bm9ybWFsLndlYnA-e1745764052641.webp?fit=589%2C464&ssl=1&resize=350%2C200 1x, https:\/\/i0.wp.com\/larevistadigital.com.ar\/blog\/wp-content\/uploads\/multimedia.normal.8a6a6fd412d366c9.bm9ybWFsLndlYnA-e1745764052641.webp?fit=589%2C464&ssl=1&resize=525%2C300 1.5x"},"classes":[]},{"id":32989,"url":"https:\/\/larevistadigital.com.ar\/blog\/kicillof-recibio-a-los-intendentes-para-recalcular-la-campana\/","url_meta":{"origin":39373,"position":5},"title":"KICILLOF RECIBI\u00d3 A LOS INTENDENTES PARA \u00abRECALCULAR\u00bb LA CAMPA\u00d1A","author":"Alejandro Sosa Ruda","date":"22 agosto, 2023","format":false,"excerpt":"El mandatario convoc\u00f3 a jefes comunales y candidatos en distritos propios para unificar criterios y reimpulsar la militancia de la boleta de UxP completa. 22 de agosto de 2023 El gobernador\u00a0Axel Kicillof\u00a0recibi\u00f3 esta tarde a\u00a0m\u00e1s de 60 intendentes de Uni\u00f3n por la Patria y candidatos oficialistas a jefes comunales\u00a0para afinar\u2026","rel":"","context":"En \u00abINTERES GENERAL\u00bb","block_context":{"text":"INTERES GENERAL","link":"https:\/\/larevistadigital.com.ar\/blog\/category\/interes-general\/"},"img":{"alt_text":"","src":"https:\/\/i0.wp.com\/larevistadigital.com.ar\/blog\/wp-content\/uploads\/1692733752379.jpeg?fit=1200%2C594&ssl=1&resize=350%2C200","width":350,"height":200,"srcset":"https:\/\/i0.wp.com\/larevistadigital.com.ar\/blog\/wp-content\/uploads\/1692733752379.jpeg?fit=1200%2C594&ssl=1&resize=350%2C200 1x, https:\/\/i0.wp.com\/larevistadigital.com.ar\/blog\/wp-content\/uploads\/1692733752379.jpeg?fit=1200%2C594&ssl=1&resize=525%2C300 1.5x, https:\/\/i0.wp.com\/larevistadigital.com.ar\/blog\/wp-content\/uploads\/1692733752379.jpeg?fit=1200%2C594&ssl=1&resize=700%2C400 2x, https:\/\/i0.wp.com\/larevistadigital.com.ar\/blog\/wp-content\/uploads\/1692733752379.jpeg?fit=1200%2C594&ssl=1&resize=1050%2C600 3x"},"classes":[]}],"_links":{"self":[{"href":"https:\/\/larevistadigital.com.ar\/blog\/wp-json\/wp\/v2\/posts\/39373","targetHints":{"allow":["GET"]}}],"collection":[{"href":"https:\/\/larevistadigital.com.ar\/blog\/wp-json\/wp\/v2\/posts"}],"about":[{"href":"https:\/\/larevistadigital.com.ar\/blog\/wp-json\/wp\/v2\/types\/post"}],"author":[{"embeddable":true,"href":"https:\/\/larevistadigital.com.ar\/blog\/wp-json\/wp\/v2\/users\/3"}],"replies":[{"embeddable":true,"href":"https:\/\/larevistadigital.com.ar\/blog\/wp-json\/wp\/v2\/comments?post=39373"}],"version-history":[{"count":1,"href":"https:\/\/larevistadigital.com.ar\/blog\/wp-json\/wp\/v2\/posts\/39373\/revisions"}],"predecessor-version":[{"id":39375,"href":"https:\/\/larevistadigital.com.ar\/blog\/wp-json\/wp\/v2\/posts\/39373\/revisions\/39375"}],"wp:featuredmedia":[{"embeddable":true,"href":"https:\/\/larevistadigital.com.ar\/blog\/wp-json\/wp\/v2\/media\/39374"}],"wp:attachment":[{"href":"https:\/\/larevistadigital.com.ar\/blog\/wp-json\/wp\/v2\/media?parent=39373"}],"wp:term":[{"taxonomy":"category","embeddable":true,"href":"https:\/\/larevistadigital.com.ar\/blog\/wp-json\/wp\/v2\/categories?post=39373"},{"taxonomy":"post_tag","embeddable":true,"href":"https:\/\/larevistadigital.com.ar\/blog\/wp-json\/wp\/v2\/tags?post=39373"}],"curies":[{"name":"wp","href":"https:\/\/api.w.org\/{rel}","templated":true}]}}