{"id":39376,"date":"2025-04-15T16:19:45","date_gmt":"2025-04-15T19:19:45","guid":{"rendered":"https:\/\/larevistadigital.com.ar\/blog\/?p=39376"},"modified":"2025-04-15T16:19:45","modified_gmt":"2025-04-15T19:19:45","slug":"chascomus-violo-la-perimetral-y-termino-detenido-una-mujer-denuncio-agresiones-junto-a-su-madre","status":"publish","type":"post","link":"https:\/\/larevistadigital.com.ar\/blog\/chascomus-violo-la-perimetral-y-termino-detenido-una-mujer-denuncio-agresiones-junto-a-su-madre\/","title":{"rendered":"Chascom\u00fas. Viol\u00f3 la perimetral y termin\u00f3 detenido: una mujer denunci\u00f3 agresiones junto a su madre"},"content":{"rendered":"<p class=\"\" data-start=\"286\" data-end=\"445\"><strong data-start=\"286\" data-end=\"445\">Un hombre fue aprehendido por la polic\u00eda tras ser acusado de agredir f\u00edsicamente a su ex pareja y a la madre de ella. Ya ten\u00eda medidas cautelares vigentes.<\/strong><\/p>\n<p data-start=\"286\" data-end=\"445\">15 de Abril de 2025<\/p>\n<p class=\"\" data-start=\"447\" data-end=\"699\"><strong>CHASCOM\u00daS &#8211;<\/strong>\u00a0 En un operativo de patrullaje preventivo, personal policial logr\u00f3 detener a un hombre acusado de violar una medida perimetral y agredir f\u00edsicamente a su ex pareja y a la madre de esta, en una situaci\u00f3n de violencia que gener\u00f3 preocupaci\u00f3n en el barrio.<\/p>\n<p class=\"\" data-start=\"701\" data-end=\"993\">El hecho ocurri\u00f3 en la calle Bordeau al 800, donde efectivos que recorr\u00edan la zona fueron alertados por una mujer visiblemente alterada. Seg\u00fan relat\u00f3, tanto ella como su progenitora hab\u00edan sido golpeadas por su ex pareja, quien tiene medidas cautelares en su contra, dictadas por la Justicia.<\/p>\n<blockquote>\n<h3 data-start=\"995\" data-end=\"1182\">De inmediato, los agentes realizaron un rastrillaje por las inmediaciones, logrando dar con el presunto agresor a pocas cuadras del lugar. El hombre fue reducido y aprehendido en el acto.<\/h3>\n<\/blockquote>\n<p class=\"\" data-start=\"1184\" data-end=\"1378\">La Fiscal\u00eda en turno tom\u00f3 intervenci\u00f3n en el caso, caratulando la causa como <strong data-start=\"1261\" data-end=\"1275\">\u00ablesiones\u00bb<\/strong>, mientras se espera la ampliaci\u00f3n de los testimonios y la evaluaci\u00f3n de los antecedentes del detenido.<\/p>\n<p class=\"\" data-start=\"1380\" data-end=\"1690\">La intervenci\u00f3n oportuna de la polic\u00eda evit\u00f3 que la situaci\u00f3n pasara a mayores y permiti\u00f3 resguardar a las v\u00edctimas. Se recuerda que las denuncias por violencia de g\u00e9nero son fundamentales para prevenir hechos graves y que existen canales de atenci\u00f3n permanentes para brindar asistencia a quienes lo necesiten.<\/p>\n","protected":false},"excerpt":{"rendered":"<div class=\"mh-excerpt\"><p>Un hombre fue aprehendido por la polic\u00eda tras ser acusado de agredir f\u00edsicamente a su ex pareja y a la madre de ella. Ya ten\u00eda medidas cautelares vigentes. 15 de Abril de 2025 CHASCOM\u00daS &#8211;\u00a0 <a class=\"mh-excerpt-more\" href=\"https:\/\/larevistadigital.com.ar\/blog\/chascomus-violo-la-perimetral-y-termino-detenido-una-mujer-denuncio-agresiones-junto-a-su-madre\/\" title=\"Chascom\u00fas. Viol\u00f3 la perimetral y termin\u00f3 detenido: una mujer denunci\u00f3 agresiones junto a su madre\">[Leer M\u00e1s]<\/a><\/p>\n<\/div>","protected":false},"author":3,"featured_media":30578,"comment_status":"open","ping_status":"open","sticky":false,"template":"","format":"standard","meta":{"_jetpack_memberships_contains_paid_content":false,"footnotes":"","jetpack_publicize_message":"","jetpack_publicize_feature_enabled":true,"jetpack_social_post_already_shared":true,"jetpack_social_options":{"image_generator_settings":{"template":"highway","default_image_id":0,"font":"","enabled":false},"version":2}},"categories":[44,51],"tags":[],"class_list":{"0":"post-39376","1":"post","2":"type-post","3":"status-publish","4":"format-standard","5":"has-post-thumbnail","7":"category-policiales","8":"category-regionales"},"jetpack_publicize_connections":[],"jetpack_featured_media_url":"https:\/\/i0.wp.com\/larevistadigital.com.ar\/blog\/wp-content\/uploads\/20230313183828_patrullero2-1.jpg?fit=880%2C512&ssl=1","jetpack_sharing_enabled":true,"jetpack_shortlink":"https:\/\/wp.me\/p8qtrQ-af6","jetpack-related-posts":[{"id":19099,"url":"https:\/\/larevistadigital.com.ar\/blog\/vecina-de-chascomus-quemada-detienen-a-su-ex-pareja-acusado-de-lesiones-graves\/","url_meta":{"origin":39376,"position":0},"title":"VECINA DE CHASCOM\u00daS QUEMADA, DETIENEN A SU EX PAREJA ACUSADO DE \u00abLESIONES GRAVES\u00bb","author":"Alejandro Sosa Ruda","date":"1 marzo, 2021","format":false,"excerpt":"CHASCOM\u00daS - Una mujer se encuentra internada y pelea por su vida, tras haber sufrido quemaduras en el 50% de su cuerpo y detuvieron a su ex pareja. El hecho, del cual a\u00fan no hay muchas certezas, ocurri\u00f3 en una vivienda del Barrio Ipor\u00e1. Un llamado a la Comisaria puso\u2026","rel":"","context":"En \u00abINTERES GENERAL\u00bb","block_context":{"text":"INTERES GENERAL","link":"https:\/\/larevistadigital.com.ar\/blog\/category\/interes-general\/"},"img":{"alt_text":"","src":"https:\/\/i0.wp.com\/larevistadigital.com.ar\/blog\/wp-content\/uploads\/2019\/01\/bbx_755050019_comisaria_chasco_01.jpg?fit=800%2C579&ssl=1&resize=350%2C200","width":350,"height":200,"srcset":"https:\/\/i0.wp.com\/larevistadigital.com.ar\/blog\/wp-content\/uploads\/2019\/01\/bbx_755050019_comisaria_chasco_01.jpg?fit=800%2C579&ssl=1&resize=350%2C200 1x, https:\/\/i0.wp.com\/larevistadigital.com.ar\/blog\/wp-content\/uploads\/2019\/01\/bbx_755050019_comisaria_chasco_01.jpg?fit=800%2C579&ssl=1&resize=525%2C300 1.5x, https:\/\/i0.wp.com\/larevistadigital.com.ar\/blog\/wp-content\/uploads\/2019\/01\/bbx_755050019_comisaria_chasco_01.jpg?fit=800%2C579&ssl=1&resize=700%2C400 2x"},"classes":[]},{"id":43861,"url":"https:\/\/larevistadigital.com.ar\/blog\/lo-fueron-a-arrestar-por-amenazar-a-su-mujer-y-ataco-a-los-policias-con-un-arpon-casero\/","url_meta":{"origin":39376,"position":1},"title":"Lo fueron a arrestar por amenazar a su mujer y atac\u00f3 a los polic\u00edas con un arp\u00f3n casero","author":"Alejandro Sosa Ruda","date":"7 febrero, 2026","format":false,"excerpt":"El acusado amenaz\u00f3 con un arma de fuego a su pareja, intent\u00f3 agredir al personal policial y qued\u00f3 alojado por disposici\u00f3n judicial. 07 de febrero de 2026 SAN NICOL\u00c1S -\u00a0 \u00a0Un hombre de 43 a\u00f1os fue aprehendido este jueves 6 de febrero en una vivienda de la ciudad bonaerense de\u2026","rel":"","context":"En \u00abPOLICIALES\u00bb","block_context":{"text":"POLICIALES","link":"https:\/\/larevistadigital.com.ar\/blog\/category\/policiales\/"},"img":{"alt_text":"","src":"https:\/\/i0.wp.com\/larevistadigital.com.ar\/blog\/wp-content\/uploads\/Captura-de-pantalla-2026-02-07-150945.jpg?fit=700%2C436&ssl=1&resize=350%2C200","width":350,"height":200,"srcset":"https:\/\/i0.wp.com\/larevistadigital.com.ar\/blog\/wp-content\/uploads\/Captura-de-pantalla-2026-02-07-150945.jpg?fit=700%2C436&ssl=1&resize=350%2C200 1x, https:\/\/i0.wp.com\/larevistadigital.com.ar\/blog\/wp-content\/uploads\/Captura-de-pantalla-2026-02-07-150945.jpg?fit=700%2C436&ssl=1&resize=525%2C300 1.5x, https:\/\/i0.wp.com\/larevistadigital.com.ar\/blog\/wp-content\/uploads\/Captura-de-pantalla-2026-02-07-150945.jpg?fit=700%2C436&ssl=1&resize=700%2C400 2x"},"classes":[]},{"id":9702,"url":"https:\/\/larevistadigital.com.ar\/blog\/hallan-asesinada-a-mujer-que-se-encontraba-desaparecida\/","url_meta":{"origin":39376,"position":2},"title":"HALLAN ASESINADA A MUJER QUE SE ENCONTRABA DESAPARECIDA","author":"Alejandro Sosa Ruda","date":"15 abril, 2019","format":false,"excerpt":"M\u00f3nica Cruz hab\u00eda denunciado en reiteradas oportunidades al hombre por violencia familiar. Tras ser detenido, el sospechoso cont\u00f3 que la estrangul\u00f3 con una soga y escondi\u00f3 su cuerpo en un descampado en Ca\u00f1uelas. M\u00f3nica Liliana Cruz desapareci\u00f3 el viernes pasado por la noche cuando sali\u00f3 de su casa de la\u2026","rel":"","context":"En \u00abPOLICIALES\u00bb","block_context":{"text":"POLICIALES","link":"https:\/\/larevistadigital.com.ar\/blog\/category\/policiales\/"},"img":{"alt_text":"","src":"https:\/\/i0.wp.com\/larevistadigital.com.ar\/blog\/wp-content\/uploads\/2019\/04\/1555313613039.jpg?fit=1200%2C674&ssl=1&resize=350%2C200","width":350,"height":200,"srcset":"https:\/\/i0.wp.com\/larevistadigital.com.ar\/blog\/wp-content\/uploads\/2019\/04\/1555313613039.jpg?fit=1200%2C674&ssl=1&resize=350%2C200 1x, https:\/\/i0.wp.com\/larevistadigital.com.ar\/blog\/wp-content\/uploads\/2019\/04\/1555313613039.jpg?fit=1200%2C674&ssl=1&resize=525%2C300 1.5x, https:\/\/i0.wp.com\/larevistadigital.com.ar\/blog\/wp-content\/uploads\/2019\/04\/1555313613039.jpg?fit=1200%2C674&ssl=1&resize=700%2C400 2x, https:\/\/i0.wp.com\/larevistadigital.com.ar\/blog\/wp-content\/uploads\/2019\/04\/1555313613039.jpg?fit=1200%2C674&ssl=1&resize=1050%2C600 3x"},"classes":[]},{"id":45424,"url":"https:\/\/larevistadigital.com.ar\/blog\/villa-gesell-amenazo-a-su-ex-pareja-con-incendiar-su-casa-y-termino-detenido-tras-agredir-a-la-policia\/","url_meta":{"origin":39376,"position":3},"title":"Villa Gesell: amenaz\u00f3 a su ex pareja con incendiar su casa y termin\u00f3 detenido tras agredir a la Polic\u00eda","author":"Alejandro Sosa Ruda","date":"2 mayo, 2026","format":false,"excerpt":"El hombre fue aprehendido luego de un llamado al 911. Se mostr\u00f3 violento con los efectivos y qued\u00f3 imputado por amenazas y resistencia a la autoridad. 02 de mayo de 2026 Villa Gesell .- BUENOS AIRES -\u00a0 \u00a0Un grave episodio de violencia se registr\u00f3 en Villa Gesell, donde un hombre\u2026","rel":"","context":"En \u00abPOLICIALES\u00bb","block_context":{"text":"POLICIALES","link":"https:\/\/larevistadigital.com.ar\/blog\/category\/policiales\/"},"img":{"alt_text":"","src":"https:\/\/i0.wp.com\/larevistadigital.com.ar\/blog\/wp-content\/uploads\/Captura-de-pantalla-2026-05-02-194736.jpg?fit=447%2C594&ssl=1&resize=350%2C200","width":350,"height":200},"classes":[]},{"id":12247,"url":"https:\/\/larevistadigital.com.ar\/blog\/violo-la-perimetral-rocio-a-su-ex-con-nafta-y-la-prendio-fuego\/","url_meta":{"origin":39376,"position":4},"title":"VIOL\u00d3 LA PERIMETRAL, ROCI\u00d3 A SU EX CON NAFTA Y LA PRENDI\u00d3 FUEGO","author":"Alejandro Sosa Ruda","date":"23 septiembre, 2019","format":false,"excerpt":"Una mujer de 24 a\u00f1os permanec\u00eda este lunes internada en grave estado luego de que fuera rociada con nafta y prendida fuego en la ciudad de Posadas\u00a0por su ex pareja, un hombre de 31 a\u00f1os que ten\u00eda prohibici\u00f3n de acercamiento vigente por la justicia. Voceros de la polic\u00eda de Misiones\u00a0informaron\u2026","rel":"","context":"En \u00abINTERES GENERAL\u00bb","block_context":{"text":"INTERES GENERAL","link":"https:\/\/larevistadigital.com.ar\/blog\/category\/interes-general\/"},"img":{"alt_text":"","src":"https:\/\/i0.wp.com\/larevistadigital.com.ar\/blog\/wp-content\/uploads\/Screenshot_2-42.jpg?fit=1200%2C605&ssl=1&resize=350%2C200","width":350,"height":200,"srcset":"https:\/\/i0.wp.com\/larevistadigital.com.ar\/blog\/wp-content\/uploads\/Screenshot_2-42.jpg?fit=1200%2C605&ssl=1&resize=350%2C200 1x, https:\/\/i0.wp.com\/larevistadigital.com.ar\/blog\/wp-content\/uploads\/Screenshot_2-42.jpg?fit=1200%2C605&ssl=1&resize=525%2C300 1.5x, https:\/\/i0.wp.com\/larevistadigital.com.ar\/blog\/wp-content\/uploads\/Screenshot_2-42.jpg?fit=1200%2C605&ssl=1&resize=700%2C400 2x, https:\/\/i0.wp.com\/larevistadigital.com.ar\/blog\/wp-content\/uploads\/Screenshot_2-42.jpg?fit=1200%2C605&ssl=1&resize=1050%2C600 3x"},"classes":[]},{"id":30921,"url":"https:\/\/larevistadigital.com.ar\/blog\/insolito-golpeo-y-amenazo-a-su-pareja-y-ella-lo-denuncio-por-tener-motos-robadas-en-su-casa\/","url_meta":{"origin":39376,"position":5},"title":"INS\u00d3LITO: GOLPE\u00d3 Y AMENAZ\u00d3 A SU PAREJA, Y ELLA LO DENUNCI\u00d3 POR TENER MOTOS ROBADAS EN SU CASA","author":"Alejandro Sosa Ruda","date":"6 abril, 2023","format":false,"excerpt":"El hombre tiene 34 a\u00f1os y qued\u00f3 detenido en la Unidad Penal 44 de Bat\u00e1n. La polic\u00eda secuestr\u00f3 en el lugar marihuana, coca\u00edna y dos motos que ten\u00edan pedido de secuestro. 6 de abril de 2023 MAR DEL PLATA -\u00a0 En un domicilio del barrio Las Dalias, una mujer de\u2026","rel":"","context":"En \u00abPOLICIALES\u00bb","block_context":{"text":"POLICIALES","link":"https:\/\/larevistadigital.com.ar\/blog\/category\/policiales\/"},"img":{"alt_text":"","src":"https:\/\/i0.wp.com\/larevistadigital.com.ar\/blog\/wp-content\/uploads\/policia-24-9-2021-4.jpg?fit=1199%2C1200&ssl=1&resize=350%2C200","width":350,"height":200,"srcset":"https:\/\/i0.wp.com\/larevistadigital.com.ar\/blog\/wp-content\/uploads\/policia-24-9-2021-4.jpg?fit=1199%2C1200&ssl=1&resize=350%2C200 1x, https:\/\/i0.wp.com\/larevistadigital.com.ar\/blog\/wp-content\/uploads\/policia-24-9-2021-4.jpg?fit=1199%2C1200&ssl=1&resize=525%2C300 1.5x, https:\/\/i0.wp.com\/larevistadigital.com.ar\/blog\/wp-content\/uploads\/policia-24-9-2021-4.jpg?fit=1199%2C1200&ssl=1&resize=700%2C400 2x, https:\/\/i0.wp.com\/larevistadigital.com.ar\/blog\/wp-content\/uploads\/policia-24-9-2021-4.jpg?fit=1199%2C1200&ssl=1&resize=1050%2C600 3x"},"classes":[]}],"_links":{"self":[{"href":"https:\/\/larevistadigital.com.ar\/blog\/wp-json\/wp\/v2\/posts\/39376","targetHints":{"allow":["GET"]}}],"collection":[{"href":"https:\/\/larevistadigital.com.ar\/blog\/wp-json\/wp\/v2\/posts"}],"about":[{"href":"https:\/\/larevistadigital.com.ar\/blog\/wp-json\/wp\/v2\/types\/post"}],"author":[{"embeddable":true,"href":"https:\/\/larevistadigital.com.ar\/blog\/wp-json\/wp\/v2\/users\/3"}],"replies":[{"embeddable":true,"href":"https:\/\/larevistadigital.com.ar\/blog\/wp-json\/wp\/v2\/comments?post=39376"}],"version-history":[{"count":1,"href":"https:\/\/larevistadigital.com.ar\/blog\/wp-json\/wp\/v2\/posts\/39376\/revisions"}],"predecessor-version":[{"id":39377,"href":"https:\/\/larevistadigital.com.ar\/blog\/wp-json\/wp\/v2\/posts\/39376\/revisions\/39377"}],"wp:featuredmedia":[{"embeddable":true,"href":"https:\/\/larevistadigital.com.ar\/blog\/wp-json\/wp\/v2\/media\/30578"}],"wp:attachment":[{"href":"https:\/\/larevistadigital.com.ar\/blog\/wp-json\/wp\/v2\/media?parent=39376"}],"wp:term":[{"taxonomy":"category","embeddable":true,"href":"https:\/\/larevistadigital.com.ar\/blog\/wp-json\/wp\/v2\/categories?post=39376"},{"taxonomy":"post_tag","embeddable":true,"href":"https:\/\/larevistadigital.com.ar\/blog\/wp-json\/wp\/v2\/tags?post=39376"}],"curies":[{"name":"wp","href":"https:\/\/api.w.org\/{rel}","templated":true}]}}