{"id":39378,"date":"2025-04-15T16:29:30","date_gmt":"2025-04-15T19:29:30","guid":{"rendered":"https:\/\/larevistadigital.com.ar\/blog\/?p=39378"},"modified":"2025-04-15T16:29:30","modified_gmt":"2025-04-15T19:29:30","slug":"allanamiento-en-chascomus-por-robo-recuperan-celular-sustraido","status":"publish","type":"post","link":"https:\/\/larevistadigital.com.ar\/blog\/allanamiento-en-chascomus-por-robo-recuperan-celular-sustraido\/","title":{"rendered":"Allanamiento en Chascom\u00fas por robo: recuperan celular sustra\u00eddo"},"content":{"rendered":"<h3 data-start=\"320\" data-end=\"479\"><em data-start=\"320\" data-end=\"479\">La polic\u00eda irrumpi\u00f3 en una vivienda de la calle Caseros y secuestr\u00f3 un tel\u00e9fono robado. El sospechoso fue identificado y notificado de la causa en su contra.<\/em><\/h3>\n<p>15 de Abril de 2025<\/p>\n<p class=\"\" data-start=\"481\" data-end=\"787\"><strong>CHASCOM\u00daS\u00a0 &#8211;\u00a0<\/strong> En las \u00faltimas horas, personal del Grupo T\u00e1ctico Operativo (GTO) de la Estaci\u00f3n de Polic\u00eda Comunal de Chascom\u00fas, con el respaldo del Grupo de Apoyo Departamental (GAD), llev\u00f3 adelante un allanamiento en una vivienda ubicada en la calle Caseros al 400, en el marco de una investigaci\u00f3n por un hecho de robo.<\/p>\n<blockquote>\n<h3 data-start=\"789\" data-end=\"1162\">La intervenci\u00f3n fue ordenada por el Juzgado de Garant\u00edas correspondiente, tras la denuncia radicada por una mujer mayor de edad y las tareas investigativas realizadas por efectivos locales.<\/h3>\n<\/blockquote>\n<p class=\"\" data-start=\"789\" data-end=\"1162\">El procedimiento tuvo resultados positivos: en el domicilio se secuestr\u00f3 un tel\u00e9fono celular marca Xiaomi Redmi A9, color azul plateado, el cual hab\u00eda sido sustra\u00eddo a la denunciante.<\/p>\n<blockquote>\n<h3 data-start=\"1164\" data-end=\"1374\">El allanamiento no solo permiti\u00f3 recuperar el objeto robado, sino tambi\u00e9n identificar al sospechoso del hecho, un hombre mayor de edad, quien fue debidamente notificado de la formaci\u00f3n de la causa en su contra.<\/h3>\n<\/blockquote>\n<p class=\"\" data-start=\"1376\" data-end=\"1564\">Desde la fuerza indicaron que la investigaci\u00f3n contin\u00faa su curso con el objetivo de esclarecer por completo las circunstancias del robo y determinar posibles responsabilidades adicionales.<\/p>\n","protected":false},"excerpt":{"rendered":"<div class=\"mh-excerpt\"><p>La polic\u00eda irrumpi\u00f3 en una vivienda de la calle Caseros y secuestr\u00f3 un tel\u00e9fono robado. El sospechoso fue identificado y notificado de la causa en su contra. 15 de Abril de 2025 CHASCOM\u00daS\u00a0 &#8211;\u00a0 En <a class=\"mh-excerpt-more\" href=\"https:\/\/larevistadigital.com.ar\/blog\/allanamiento-en-chascomus-por-robo-recuperan-celular-sustraido\/\" title=\"Allanamiento en Chascom\u00fas por robo: recuperan celular sustra\u00eddo\">[Leer M\u00e1s]<\/a><\/p>\n<\/div>","protected":false},"author":3,"featured_media":3443,"comment_status":"open","ping_status":"open","sticky":false,"template":"","format":"standard","meta":{"_jetpack_memberships_contains_paid_content":false,"footnotes":"","jetpack_publicize_message":"","jetpack_publicize_feature_enabled":true,"jetpack_social_post_already_shared":true,"jetpack_social_options":{"image_generator_settings":{"template":"highway","default_image_id":0,"font":"","enabled":false},"version":2}},"categories":[6,44],"tags":[],"class_list":{"0":"post-39378","1":"post","2":"type-post","3":"status-publish","4":"format-standard","5":"has-post-thumbnail","7":"category-chascomus","8":"category-policiales"},"jetpack_publicize_connections":[],"jetpack_featured_media_url":"https:\/\/i0.wp.com\/larevistadigital.com.ar\/blog\/wp-content\/uploads\/2017\/10\/movil-policial-camioneta_02-10-2015.jpg?fit=800%2C476&ssl=1","jetpack_sharing_enabled":true,"jetpack_shortlink":"https:\/\/wp.me\/p8qtrQ-af8","jetpack-related-posts":[{"id":34228,"url":"https:\/\/larevistadigital.com.ar\/blog\/chascomus-le-robaron-el-celular-amenazandolo-con-un-destornillador-hizo-la-denuncia-y-la-policia-comunal-descubrio-y-detuvo-al-culpable\/","url_meta":{"origin":39378,"position":0},"title":"CHASCOM\u00daS: LE ROBARON EL CELULAR AMENAZ\u00c1NDOLO CON UN DESTORNILLADOR. HIZO LA DENUNCIA Y LA POLIC\u00cdA COMUNAL DESCUBRI\u00d3 Y DETUVO AL CULPABLE","author":"Alejandro Sosa Ruda","date":"27 octubre, 2023","format":false,"excerpt":"La polic\u00eda logr\u00f3 r\u00e1pidamente dar con el responsable y recolectar las pruebas necesarias para conseguir el allanamiento y detenci\u00f3n. 27 de Octubre de 2023 CHASCOM\u00daS -\u00a0 El d\u00eda domingo en horas de la madrugada un joven que caminaba por calle Lastra desde la costanera hacia el centro de ciudad, fue\u2026","rel":"","context":"En \u00abDESTACADAS\u00bb","block_context":{"text":"DESTACADAS","link":"https:\/\/larevistadigital.com.ar\/blog\/category\/destacadas\/"},"img":{"alt_text":"","src":"https:\/\/i0.wp.com\/larevistadigital.com.ar\/blog\/wp-content\/uploads\/WhatsApp-Image-2023-10-26-at-23.11.54-e1698417009606.jpeg?fit=898%2C794&ssl=1&resize=350%2C200","width":350,"height":200,"srcset":"https:\/\/i0.wp.com\/larevistadigital.com.ar\/blog\/wp-content\/uploads\/WhatsApp-Image-2023-10-26-at-23.11.54-e1698417009606.jpeg?fit=898%2C794&ssl=1&resize=350%2C200 1x, https:\/\/i0.wp.com\/larevistadigital.com.ar\/blog\/wp-content\/uploads\/WhatsApp-Image-2023-10-26-at-23.11.54-e1698417009606.jpeg?fit=898%2C794&ssl=1&resize=525%2C300 1.5x, https:\/\/i0.wp.com\/larevistadigital.com.ar\/blog\/wp-content\/uploads\/WhatsApp-Image-2023-10-26-at-23.11.54-e1698417009606.jpeg?fit=898%2C794&ssl=1&resize=700%2C400 2x"},"classes":[]},{"id":27349,"url":"https:\/\/larevistadigital.com.ar\/blog\/chascomus-dos-allanamientos-con-resultado-positivo-en-relacion-al-robo-sufrido-dias-atras-por-una-pareja-de-adultos-mayores\/","url_meta":{"origin":39378,"position":1},"title":"CHASCOM\u00daS: DOS ALLANAMIENTOS CON RESULTADO POSITIVO EN RELACI\u00d3N AL ROBO SUFRIDO D\u00cdAS ATR\u00c1S POR UNA PAREJA DE ADULTOS MAYORES","author":"Alejandro Sosa Ruda","date":"29 agosto, 2022","format":false,"excerpt":"CHASCOM\u00daS - En la fecha Personal de la Polic\u00eda Comunal en conjunto con GAD y Sub ddi Chascom\u00fas, llevo a cabo una Orden de Allanamiento y Secuestro, otorgada por Juzgado de Garant\u00edas n\u00famero 5 a\/c del Dr Gasquet, la cual se efectivizo arrojando resultado positivo. La misma, surgi\u00f3 en relaci\u00f3n\u2026","rel":"","context":"En \u00abINTERES GENERAL\u00bb","block_context":{"text":"INTERES GENERAL","link":"https:\/\/larevistadigital.com.ar\/blog\/category\/interes-general\/"},"img":{"alt_text":"","src":"https:\/\/i0.wp.com\/larevistadigital.com.ar\/blog\/wp-content\/uploads\/1620734310362.jpg?fit=1200%2C798&ssl=1&resize=350%2C200","width":350,"height":200,"srcset":"https:\/\/i0.wp.com\/larevistadigital.com.ar\/blog\/wp-content\/uploads\/1620734310362.jpg?fit=1200%2C798&ssl=1&resize=350%2C200 1x, https:\/\/i0.wp.com\/larevistadigital.com.ar\/blog\/wp-content\/uploads\/1620734310362.jpg?fit=1200%2C798&ssl=1&resize=525%2C300 1.5x, https:\/\/i0.wp.com\/larevistadigital.com.ar\/blog\/wp-content\/uploads\/1620734310362.jpg?fit=1200%2C798&ssl=1&resize=700%2C400 2x, https:\/\/i0.wp.com\/larevistadigital.com.ar\/blog\/wp-content\/uploads\/1620734310362.jpg?fit=1200%2C798&ssl=1&resize=1050%2C600 3x"},"classes":[]},{"id":42405,"url":"https:\/\/larevistadigital.com.ar\/blog\/chascomus-allanamiento-en-el-barrio-escribano-tras-el-robo-de-dos-bicicletas\/","url_meta":{"origin":39378,"position":2},"title":"Chascom\u00fas: Allanamiento en el Barrio Escribano, tras el robo de dos bicicletas","author":"Alejandro Sosa Ruda","date":"5 noviembre, 2025","format":false,"excerpt":"La Polic\u00eda de Chascom\u00fas realiz\u00f3 un allanamiento en una vivienda de calle Estrada y notific\u00f3 al presunto autor del robo de dos bicicletas sustra\u00eddas del patio de una casa del barrio Escribano. 05 de Noviembre de 2025 CHASCOM\u00daS -\u00a0 \u00a0Autoridades policiales informaron que, a ra\u00edz de una denuncia radicada el\u2026","rel":"","context":"En \u00abINTERES GENERAL\u00bb","block_context":{"text":"INTERES GENERAL","link":"https:\/\/larevistadigital.com.ar\/blog\/category\/interes-general\/"},"img":{"alt_text":"","src":"https:\/\/i0.wp.com\/larevistadigital.com.ar\/blog\/wp-content\/uploads\/Patrullero-La-Plata-Berisso-Policia.jpg?fit=882%2C492&ssl=1&resize=350%2C200","width":350,"height":200,"srcset":"https:\/\/i0.wp.com\/larevistadigital.com.ar\/blog\/wp-content\/uploads\/Patrullero-La-Plata-Berisso-Policia.jpg?fit=882%2C492&ssl=1&resize=350%2C200 1x, https:\/\/i0.wp.com\/larevistadigital.com.ar\/blog\/wp-content\/uploads\/Patrullero-La-Plata-Berisso-Policia.jpg?fit=882%2C492&ssl=1&resize=525%2C300 1.5x, https:\/\/i0.wp.com\/larevistadigital.com.ar\/blog\/wp-content\/uploads\/Patrullero-La-Plata-Berisso-Policia.jpg?fit=882%2C492&ssl=1&resize=700%2C400 2x"},"classes":[]},{"id":36974,"url":"https:\/\/larevistadigital.com.ar\/blog\/chascomus-la-policia-detuvo-a-un-hombre-sospechado-de-robo-luego-de-un-allanamiento\/","url_meta":{"origin":39378,"position":3},"title":"CHASCOM\u00daS: LA POLIC\u00cdA DETUVO A UN HOMBRE SOSPECHADO DE ROBO LUEGO DE UN ALLANAMIENTO","author":"Alejandro Sosa Ruda","date":"15 agosto, 2024","format":false,"excerpt":"Se trata de un sujeto con antecedentes penales. 15 de Agosto de 2024 CHASCOM\u00daS -\u00a0 Cerca del mediod\u00eda del d\u00eda de ayer, personal policial procedi\u00f3 a dar cumplimiento a una orden de allanamiento para un domicilio de calle Las Heras y hacer efectiva una orden de detencion para una persona\u2026","rel":"","context":"En \u00abDESTACADAS\u00bb","block_context":{"text":"DESTACADAS","link":"https:\/\/larevistadigital.com.ar\/blog\/category\/destacadas\/"},"img":{"alt_text":"","src":"https:\/\/i0.wp.com\/larevistadigital.com.ar\/blog\/wp-content\/uploads\/POLICIA.png?fit=1002%2C658&ssl=1&resize=350%2C200","width":350,"height":200,"srcset":"https:\/\/i0.wp.com\/larevistadigital.com.ar\/blog\/wp-content\/uploads\/POLICIA.png?fit=1002%2C658&ssl=1&resize=350%2C200 1x, https:\/\/i0.wp.com\/larevistadigital.com.ar\/blog\/wp-content\/uploads\/POLICIA.png?fit=1002%2C658&ssl=1&resize=525%2C300 1.5x, https:\/\/i0.wp.com\/larevistadigital.com.ar\/blog\/wp-content\/uploads\/POLICIA.png?fit=1002%2C658&ssl=1&resize=700%2C400 2x"},"classes":[]},{"id":32535,"url":"https:\/\/larevistadigital.com.ar\/blog\/chascomus-se-realizo-un-allanamiento-con-resultado-positivo-y-se-aprehendio-a-tres-personas\/","url_meta":{"origin":39378,"position":4},"title":"CHASCOM\u00daS: SE REALIZ\u00d3 UN ALLANAMIENTO CON RESULTADO POSITIVO, Y SE APREHENDI\u00d3 A TRES PERSONAS.","author":"Alejandro Sosa Ruda","date":"21 julio, 2023","format":false,"excerpt":"Se identific\u00f3 a uno de los responsables de un robo y tras investigaciones se pudo aprehender personas que adem\u00e1s ten\u00edan antecedentes. 21 de julio de 2023 CHASCOM\u00daS\u00a0 -\u00a0 El 7 de julio pasado, un vecino denunci\u00f3 que se encontraba caminando por calle Libres del Sur y Tucum\u00e1n, cuando fue sorprendido\u2026","rel":"","context":"En \u00abINTERES GENERAL\u00bb","block_context":{"text":"INTERES GENERAL","link":"https:\/\/larevistadigital.com.ar\/blog\/category\/interes-general\/"},"img":{"alt_text":"","src":"https:\/\/i0.wp.com\/larevistadigital.com.ar\/blog\/wp-content\/uploads\/WhatsApp-Image-2023-07-21-at-11.51.10-e1689954354778.jpeg?fit=808%2C1200&ssl=1&resize=350%2C200","width":350,"height":200,"srcset":"https:\/\/i0.wp.com\/larevistadigital.com.ar\/blog\/wp-content\/uploads\/WhatsApp-Image-2023-07-21-at-11.51.10-e1689954354778.jpeg?fit=808%2C1200&ssl=1&resize=350%2C200 1x, https:\/\/i0.wp.com\/larevistadigital.com.ar\/blog\/wp-content\/uploads\/WhatsApp-Image-2023-07-21-at-11.51.10-e1689954354778.jpeg?fit=808%2C1200&ssl=1&resize=525%2C300 1.5x, https:\/\/i0.wp.com\/larevistadigital.com.ar\/blog\/wp-content\/uploads\/WhatsApp-Image-2023-07-21-at-11.51.10-e1689954354778.jpeg?fit=808%2C1200&ssl=1&resize=700%2C400 2x"},"classes":[]},{"id":32596,"url":"https:\/\/larevistadigital.com.ar\/blog\/incluye-videos-del-allanamiento-chascomus-allanamiento-en-la-noria-con-resultado-positivo\/","url_meta":{"origin":39378,"position":5},"title":"(INCLUYE VIDEOS DEL ALLANAMIENTO) CHASCOM\u00daS: ALLANAMIENTO EN LA NORIA, CON RESULTADO POSITIVO","author":"Alejandro Sosa Ruda","date":"26 julio, 2023","format":false,"excerpt":"Hechos como este, demuestran la importancia de hacer la denuncia, y el buen accionar de la polic\u00eda. 25 de julio de 2023 CHASCOM\u00daS -\u00a0 \u00a0La Polic\u00eda Comunal recibi\u00f3 una denuncia el fin de semana de una persona de sexo masculino, donde manifest\u00f3 que fue interceptado por dos jovenes a bordo\u2026","rel":"","context":"En \u00abDESTACADAS\u00bb","block_context":{"text":"DESTACADAS","link":"https:\/\/larevistadigital.com.ar\/blog\/category\/destacadas\/"},"img":{"alt_text":"","src":"https:\/\/i0.wp.com\/larevistadigital.com.ar\/blog\/wp-content\/uploads\/88381adc587fa8a1e6a1dc82a6ca4e1b93ba1bbe-1.jpg?fit=1140%2C757&ssl=1&resize=350%2C200","width":350,"height":200,"srcset":"https:\/\/i0.wp.com\/larevistadigital.com.ar\/blog\/wp-content\/uploads\/88381adc587fa8a1e6a1dc82a6ca4e1b93ba1bbe-1.jpg?fit=1140%2C757&ssl=1&resize=350%2C200 1x, https:\/\/i0.wp.com\/larevistadigital.com.ar\/blog\/wp-content\/uploads\/88381adc587fa8a1e6a1dc82a6ca4e1b93ba1bbe-1.jpg?fit=1140%2C757&ssl=1&resize=525%2C300 1.5x, https:\/\/i0.wp.com\/larevistadigital.com.ar\/blog\/wp-content\/uploads\/88381adc587fa8a1e6a1dc82a6ca4e1b93ba1bbe-1.jpg?fit=1140%2C757&ssl=1&resize=700%2C400 2x, https:\/\/i0.wp.com\/larevistadigital.com.ar\/blog\/wp-content\/uploads\/88381adc587fa8a1e6a1dc82a6ca4e1b93ba1bbe-1.jpg?fit=1140%2C757&ssl=1&resize=1050%2C600 3x"},"classes":[]}],"_links":{"self":[{"href":"https:\/\/larevistadigital.com.ar\/blog\/wp-json\/wp\/v2\/posts\/39378","targetHints":{"allow":["GET"]}}],"collection":[{"href":"https:\/\/larevistadigital.com.ar\/blog\/wp-json\/wp\/v2\/posts"}],"about":[{"href":"https:\/\/larevistadigital.com.ar\/blog\/wp-json\/wp\/v2\/types\/post"}],"author":[{"embeddable":true,"href":"https:\/\/larevistadigital.com.ar\/blog\/wp-json\/wp\/v2\/users\/3"}],"replies":[{"embeddable":true,"href":"https:\/\/larevistadigital.com.ar\/blog\/wp-json\/wp\/v2\/comments?post=39378"}],"version-history":[{"count":1,"href":"https:\/\/larevistadigital.com.ar\/blog\/wp-json\/wp\/v2\/posts\/39378\/revisions"}],"predecessor-version":[{"id":39379,"href":"https:\/\/larevistadigital.com.ar\/blog\/wp-json\/wp\/v2\/posts\/39378\/revisions\/39379"}],"wp:featuredmedia":[{"embeddable":true,"href":"https:\/\/larevistadigital.com.ar\/blog\/wp-json\/wp\/v2\/media\/3443"}],"wp:attachment":[{"href":"https:\/\/larevistadigital.com.ar\/blog\/wp-json\/wp\/v2\/media?parent=39378"}],"wp:term":[{"taxonomy":"category","embeddable":true,"href":"https:\/\/larevistadigital.com.ar\/blog\/wp-json\/wp\/v2\/categories?post=39378"},{"taxonomy":"post_tag","embeddable":true,"href":"https:\/\/larevistadigital.com.ar\/blog\/wp-json\/wp\/v2\/tags?post=39378"}],"curies":[{"name":"wp","href":"https:\/\/api.w.org\/{rel}","templated":true}]}}