{"id":39388,"date":"2025-04-15T19:22:04","date_gmt":"2025-04-15T22:22:04","guid":{"rendered":"https:\/\/larevistadigital.com.ar\/blog\/?p=39388"},"modified":"2025-04-15T19:23:34","modified_gmt":"2025-04-15T22:23:34","slug":"villarruel-mueve-fichas-en-el-senado-y-suma-a-un-viejo-conocido-de-milei","status":"publish","type":"post","link":"https:\/\/larevistadigital.com.ar\/blog\/villarruel-mueve-fichas-en-el-senado-y-suma-a-un-viejo-conocido-de-milei\/","title":{"rendered":"Villarruel mueve fichas en el Senado y suma a un viejo conocido de Milei"},"content":{"rendered":"<h2 data-start=\"305\" data-end=\"434\">Con la llegada de Mario \u00abPato\u00bb Russo, se reconfigura el poder en la C\u00e1mara Alta mientras crecen las sospechas en la Casa Rosada.<\/h2>\n<p>15 de Abril de 2025<\/p>\n<p class=\"\" data-start=\"436\" data-end=\"823\"><strong>Victoria Villarruel<\/strong> comenz\u00f3 a redibujar su entorno m\u00e1s cercano en el Senado tras la salida de su secretaria administrativa, <strong>Mar\u00eda Laura Izzo<\/strong>. El nuevo protagonista del tablero es <strong>Mario \u201cPato\u201d Russo<\/strong>, polit\u00f3logo con pasado como consultor de <strong>Javier Milei<\/strong> y actual colaborador del exsecretario de Comercio, <strong>Guillermo Moreno<\/strong>. Su irrupci\u00f3n gener\u00f3 ruido tanto en el Congreso como en Balcarce 50.<\/p>\n<p class=\"\" data-start=\"825\" data-end=\"1240\">Aunque <strong>Russo<\/strong> y <strong>Villarruel<\/strong> se conocen desde la pospandemia \u2014frecuentemente vistos compartiendo charlas pol\u00edticas en la pizzer\u00eda El Cuartito\u2014, en los \u00faltimos d\u00edas su presencia constante en el Palacio Legislativo despert\u00f3 sospechas. A\u00fan sin un cargo formal, su rol se asemeja al del asesor todoterreno <strong>Santiago Caputo<\/strong>, lo que llev\u00f3 a algunos legisladores a calificarlo como \u201cla n\u00e9mesis\u201d del joven operador de <strong>Milei<\/strong>.<\/p>\n<p class=\"\" data-start=\"1242\" data-end=\"1598\"><em><strong>\u201cEs el enemigo \u00edntimo\u201d<\/strong><\/em>, ironiz\u00f3 una fuente parlamentaria, marcando el contraste entre ambos perfiles. Mientras <strong>Caputo<\/strong> fracas\u00f3 en articular los acuerdos necesarios para cubrir las vacantes en la Corte Suprema, <strong>Russo<\/strong> parece haber ganado terreno con discreci\u00f3n, aline\u00e1ndose con sectores que apostaron por una consolidaci\u00f3n del poder de <strong>Villarruel<\/strong> en el Senado.<\/p>\n<h3 class=\"\" data-start=\"1600\" data-end=\"1641\"><span style=\"color: #ff0000\">Redise\u00f1o quir\u00fargico del poder interno<\/span><\/h3>\n<p class=\"\" data-start=\"1643\" data-end=\"1947\">M\u00e1s all\u00e1 de su nuevo asesor, la vicepresidenta tambi\u00e9n avanz\u00f3 con una serie de cambios estrat\u00e9gicos. Desplaz\u00f3 al director de Recursos Humanos, <strong>Gonzalo Izurieta<\/strong>, y lo reemplaz\u00f3 por <strong>Alejandra Figini<\/strong>. Tambi\u00e9n ech\u00f3 al responsable de Publicaciones, <strong>Federico P\u00e1vito<\/strong>, y puso en su lugar a <strong>Griselda Garc\u00eda Ortiz.<\/strong><\/p>\n<blockquote>\n<h3 data-start=\"1949\" data-end=\"2190\">La reconfiguraci\u00f3n se da en un contexto de tensi\u00f3n con la oposici\u00f3n y de desgaste en los intentos de Caputo de influir en la agenda judicial. <em>\u201cTras la salida de Izzo, no pudo nombrar a su amigo Emilio Viramonte\u201d<\/em>, confi\u00f3 un despacho opositor.<\/h3>\n<\/blockquote>\n<p class=\"\" data-start=\"2192\" data-end=\"2583\">Sin un secretario administrativo oficial, ese cargo clave qued\u00f3 temporalmente en manos de <strong>Lucas Clerc<\/strong>, vinculado al radicalismo. Por eso, <strong>Villarruel<\/strong> tom\u00f3 la delantera y empoder\u00f3 a figuras de su confianza como <strong>Iris Speroni<\/strong> en Auditor\u00eda y <strong>Claudio Gallardo<\/strong> en Seguridad, un militar con pasado en Inteligencia durante el gobierno de <strong>Mauricio Macri<\/strong> y allegado al exjefe del Ej\u00e9rcito<strong> C\u00e9sar Milani<\/strong>.<\/p>\n<h3 class=\"\" data-start=\"2585\" data-end=\"2641\"><span style=\"color: #ff0000\">\u201cEl tri\u00e1ngulo de Villarruel\u201d inquieta al oficialismo<\/span><\/h3>\n<p class=\"\" data-start=\"2643\" data-end=\"3085\">Seg\u00fan fuentes del Senado, se estar\u00eda gestando una estructura paralela en torno a<strong> Villarruel<\/strong>, encabezada por <strong>Russo<\/strong>, <strong>Speroni<\/strong> y <strong>Gallardo<\/strong>. La estrategia incluir\u00eda bajas de contratos en despachos opositores, mientras se favorece el ingreso de personal leal a la vice en planta permanente. <strong><em>\u00abTe bajan a alguien de tu equipo y despu\u00e9s ten\u00e9s que sentarte con ella a negociar si lo reincorporan. Es una jugada pol\u00edtica\u00bb<\/em><\/strong>, explic\u00f3 una fuente legislativa.<\/p>\n<p class=\"\" data-start=\"3087\" data-end=\"3393\">En la Casa Rosada, no disimulan la preocupaci\u00f3n. <strong>Russo<\/strong> no solo se muestra como un actor con ascendencia sobre<strong> Villarruel<\/strong>, sino que tambi\u00e9n se reivindica como el \u201carquitecto\u201d de la f\u00f3rmula presidencial<strong> Milei-Villarruel<\/strong>. En una entrevista con <strong>Daniel Tognetti<\/strong>, afirm\u00f3 sin rodeos: <strong><em>\u201cYo dictamin\u00e9 que as\u00ed fuera\u201d.<\/em><\/strong><\/p>\n<blockquote>\n<h3 data-start=\"3395\" data-end=\"3679\">A eso se suma su v\u00ednculo con Guillermo Moreno, ahora devenido panelista y figura inc\u00f3moda para el gobierno libertario. <em>\u201cRusso es un punto de encuentro entre el peronismo cl\u00e1sico que representa a Moreno y el nacionalismo de derecha que encarna Villarruel\u201d<\/em>, reflexion\u00f3 desde el Senado.<\/h3>\n<\/blockquote>\n<p class=\"\" data-start=\"3681\" data-end=\"3883\">Por ahora, desde el entorno de la vicepresidenta niegan que haya un armado pol\u00edtico en marcha. Pero los movimientos \u2014y los silencios.<\/p>\n<p data-start=\"3681\" data-end=\"3883\">\n<p data-start=\"3681\" data-end=\"3883\">fuente e imagen: La Pol\u00edtica online<\/p>\n","protected":false},"excerpt":{"rendered":"<div class=\"mh-excerpt\"><p>Con la llegada de Mario \u00abPato\u00bb Russo, se reconfigura el poder en la C\u00e1mara Alta mientras crecen las sospechas en la Casa Rosada. 15 de Abril de 2025 Victoria Villarruel comenz\u00f3 a redibujar su entorno <a class=\"mh-excerpt-more\" href=\"https:\/\/larevistadigital.com.ar\/blog\/villarruel-mueve-fichas-en-el-senado-y-suma-a-un-viejo-conocido-de-milei\/\" title=\"Villarruel mueve fichas en el Senado y suma a un viejo conocido de Milei\">[Leer M\u00e1s]<\/a><\/p>\n<\/div>","protected":false},"author":3,"featured_media":39389,"comment_status":"open","ping_status":"open","sticky":false,"template":"","format":"standard","meta":{"_jetpack_memberships_contains_paid_content":false,"footnotes":"","jetpack_publicize_message":"","jetpack_publicize_feature_enabled":true,"jetpack_social_post_already_shared":true,"jetpack_social_options":{"image_generator_settings":{"template":"highway","default_image_id":0,"font":"","enabled":false},"version":2}},"categories":[50,12],"tags":[],"class_list":{"0":"post-39388","1":"post","2":"type-post","3":"status-publish","4":"format-standard","5":"has-post-thumbnail","7":"category-interes-general","8":"category-politica"},"jetpack_publicize_connections":[],"jetpack_featured_media_url":"https:\/\/i0.wp.com\/larevistadigital.com.ar\/blog\/wp-content\/uploads\/Captura-de-pantalla-2025-04-15-192058.jpg?fit=692%2C462&ssl=1","jetpack_sharing_enabled":true,"jetpack_shortlink":"https:\/\/wp.me\/p8qtrQ-afi","jetpack-related-posts":[{"id":35564,"url":"https:\/\/larevistadigital.com.ar\/blog\/amplio-rechazo-del-senado-al-dnu-de-milei\/","url_meta":{"origin":39388,"position":0},"title":"AMPLIO RECHAZO DEL SENADO AL DNU DE MILEI","author":"Alejandro Sosa Ruda","date":"15 marzo, 2024","format":false,"excerpt":"El proyecto obtuvo 25 votos a favor, 42 en contra y 4 abstenciones. 15 de marzo de 2024 BUENOS AIRES -\u00a0 El Decreto de Necesidad y Urgencia (DNU) 70\/2023 fue rechazado hoy por el Senado de la Naci\u00f3n por 42 votos negativos, 25 afirmativos y 4 abstenciones. De esta manera,\u2026","rel":"","context":"En \u00abDESTACADAS\u00bb","block_context":{"text":"DESTACADAS","link":"https:\/\/larevistadigital.com.ar\/blog\/category\/destacadas\/"},"img":{"alt_text":"","src":"https:\/\/i0.wp.com\/larevistadigital.com.ar\/blog\/wp-content\/uploads\/Captura-de-pantalla-2024-03-15-094940.png?fit=806%2C424&ssl=1&resize=350%2C200","width":350,"height":200,"srcset":"https:\/\/i0.wp.com\/larevistadigital.com.ar\/blog\/wp-content\/uploads\/Captura-de-pantalla-2024-03-15-094940.png?fit=806%2C424&ssl=1&resize=350%2C200 1x, https:\/\/i0.wp.com\/larevistadigital.com.ar\/blog\/wp-content\/uploads\/Captura-de-pantalla-2024-03-15-094940.png?fit=806%2C424&ssl=1&resize=525%2C300 1.5x, https:\/\/i0.wp.com\/larevistadigital.com.ar\/blog\/wp-content\/uploads\/Captura-de-pantalla-2024-03-15-094940.png?fit=806%2C424&ssl=1&resize=700%2C400 2x"},"classes":[]},{"id":34746,"url":"https:\/\/larevistadigital.com.ar\/blog\/furia-radical-contra-villarroel-traman-sacarle-las-secretarias-del-senado\/","url_meta":{"origin":39388,"position":1},"title":"FURIA RADICAL CONTRA VILLARROEL: TRAMAN SACARLE LAS SECRETAR\u00cdAS DEL SENADO","author":"Alejandro Sosa Ruda","date":"4 diciembre, 2023","format":false,"excerpt":"El radicalismo cree que la vicepresidenta electa es la \"m\u00e1s antirradical\" del movimiento de Milei. No descartan un acuerdo t\u00e1cito con el peronismo para quedarse con las secretar\u00edas administrativa y parlamentaria. 4 de Diciembre de 2023 La molestia entre los senadores radicales persiste debido a que la vicepresidenta electa, Victoria\u2026","rel":"","context":"En \u00abINTERES GENERAL\u00bb","block_context":{"text":"INTERES GENERAL","link":"https:\/\/larevistadigital.com.ar\/blog\/category\/interes-general\/"},"img":{"alt_text":"","src":"https:\/\/i0.wp.com\/larevistadigital.com.ar\/blog\/wp-content\/uploads\/Captura-de-pantalla-2023-12-04-174922.png?fit=962%2C543&ssl=1&resize=350%2C200","width":350,"height":200,"srcset":"https:\/\/i0.wp.com\/larevistadigital.com.ar\/blog\/wp-content\/uploads\/Captura-de-pantalla-2023-12-04-174922.png?fit=962%2C543&ssl=1&resize=350%2C200 1x, https:\/\/i0.wp.com\/larevistadigital.com.ar\/blog\/wp-content\/uploads\/Captura-de-pantalla-2023-12-04-174922.png?fit=962%2C543&ssl=1&resize=525%2C300 1.5x, https:\/\/i0.wp.com\/larevistadigital.com.ar\/blog\/wp-content\/uploads\/Captura-de-pantalla-2023-12-04-174922.png?fit=962%2C543&ssl=1&resize=700%2C400 2x"},"classes":[]},{"id":35617,"url":"https:\/\/larevistadigital.com.ar\/blog\/javier-milei-y-victoria-villarruel-participaron-del-acto-por-el-atentado-a-la-embajada-de-israel\/","url_meta":{"origin":39388,"position":2},"title":"JAVIER MILEI Y VICTORIA VILLARRUEL PARTICIPARON DEL ACTO POR EL ATENTADO A LA EMBAJADA DE ISRAEL","author":"Alejandro Sosa Ruda","date":"19 marzo, 2024","format":false,"excerpt":"\u00bfTambi\u00e9n fue una manera de \"mostrar\" que no est\u00e1n peleados?... 19 de marzo de 2024 El Presidente asisti\u00f3 a la conmemoraci\u00f3n junto a familiares de las v\u00edctimas. Lo acompa\u00f1aron la vicepresidente y miembros del gabinete. El mes pr\u00f3ximo, viajar\u00e1 a Miami para recibir una distinci\u00f3n de la comunidad jud\u00eda. Tambi\u00e9n\u2026","rel":"","context":"En \u00abINTERES GENERAL\u00bb","block_context":{"text":"INTERES GENERAL","link":"https:\/\/larevistadigital.com.ar\/blog\/category\/interes-general\/"},"img":{"alt_text":"","src":"https:\/\/i0.wp.com\/larevistadigital.com.ar\/blog\/wp-content\/uploads\/milei-y-villarroel-3-1024x576-1.jpg?fit=1024%2C576&ssl=1&resize=350%2C200","width":350,"height":200,"srcset":"https:\/\/i0.wp.com\/larevistadigital.com.ar\/blog\/wp-content\/uploads\/milei-y-villarroel-3-1024x576-1.jpg?fit=1024%2C576&ssl=1&resize=350%2C200 1x, https:\/\/i0.wp.com\/larevistadigital.com.ar\/blog\/wp-content\/uploads\/milei-y-villarroel-3-1024x576-1.jpg?fit=1024%2C576&ssl=1&resize=525%2C300 1.5x, https:\/\/i0.wp.com\/larevistadigital.com.ar\/blog\/wp-content\/uploads\/milei-y-villarroel-3-1024x576-1.jpg?fit=1024%2C576&ssl=1&resize=700%2C400 2x"},"classes":[]},{"id":45137,"url":"https:\/\/larevistadigital.com.ar\/blog\/tension-en-lla-villarruel-y-lemoine-protagonizaron-un-duro-intercambio-publico\/","url_meta":{"origin":39388,"position":3},"title":"Tensi\u00f3n en LLA: Villarruel y Lemoine protagonizaron un duro intercambio p\u00fablico","author":"Alejandro Sosa Ruda","date":"16 abril, 2026","format":false,"excerpt":"La vicepresidenta respondi\u00f3 con dureza a los cuestionamientos de la diputada, quien hab\u00eda planteado que deb\u00eda haber sido \u201cleal y humilde\u201d y \u201ccallarse por cuatro a\u00f1os\u201d. 16 de abril de 2026 La vicepresidenta\u00a0Victoria Villarruel\u00a0y la diputada de La Libertad Avanza\u00a0Lilia Lemoine\u00a0protagonizaron un fuerte cruce en redes sociales que dej\u00f3 al\u2026","rel":"","context":"En \u00abINTERES GENERAL\u00bb","block_context":{"text":"INTERES GENERAL","link":"https:\/\/larevistadigital.com.ar\/blog\/category\/interes-general\/"},"img":{"alt_text":"","src":"https:\/\/i0.wp.com\/larevistadigital.com.ar\/blog\/wp-content\/uploads\/Captura-de-pantalla-2026-04-16-183531.jpg?fit=866%2C482&ssl=1&resize=350%2C200","width":350,"height":200,"srcset":"https:\/\/i0.wp.com\/larevistadigital.com.ar\/blog\/wp-content\/uploads\/Captura-de-pantalla-2026-04-16-183531.jpg?fit=866%2C482&ssl=1&resize=350%2C200 1x, https:\/\/i0.wp.com\/larevistadigital.com.ar\/blog\/wp-content\/uploads\/Captura-de-pantalla-2026-04-16-183531.jpg?fit=866%2C482&ssl=1&resize=525%2C300 1.5x, https:\/\/i0.wp.com\/larevistadigital.com.ar\/blog\/wp-content\/uploads\/Captura-de-pantalla-2026-04-16-183531.jpg?fit=866%2C482&ssl=1&resize=700%2C400 2x"},"classes":[]},{"id":42490,"url":"https:\/\/larevistadigital.com.ar\/blog\/bullrich-critico-la-neutralidad-de-villarruel-y-sumo-ruido-politico-en-el-senado\/","url_meta":{"origin":39388,"position":4},"title":"Bullrich critic\u00f3 la neutralidad de Villarruel y sum\u00f3 ruido pol\u00edtico en el Senado","author":"Alejandro Sosa Ruda","date":"17 noviembre, 2025","format":false,"excerpt":"La ministra de Seguridad cuestion\u00f3 que la vicepresidenta no \u201ctome partido\u201d en la C\u00e1mara alta y reclam\u00f3 que empuje las iniciativas del Gobierno. Sus declaraciones reavivaron las tensiones internas y dejaron expuestas las diferencias en la conducci\u00f3n legislativa. 17 de Noviembre de 2025 La ministra de Seguridad Nacional,\u00a0Patricia Bullrich, se\u2026","rel":"","context":"En \u00abINTERES GENERAL\u00bb","block_context":{"text":"INTERES GENERAL","link":"https:\/\/larevistadigital.com.ar\/blog\/category\/interes-general\/"},"img":{"alt_text":"","src":"https:\/\/i0.wp.com\/larevistadigital.com.ar\/blog\/wp-content\/uploads\/Captura-de-pantalla-2025-11-17-215133.jpg?fit=790%2C402&ssl=1&resize=350%2C200","width":350,"height":200,"srcset":"https:\/\/i0.wp.com\/larevistadigital.com.ar\/blog\/wp-content\/uploads\/Captura-de-pantalla-2025-11-17-215133.jpg?fit=790%2C402&ssl=1&resize=350%2C200 1x, https:\/\/i0.wp.com\/larevistadigital.com.ar\/blog\/wp-content\/uploads\/Captura-de-pantalla-2025-11-17-215133.jpg?fit=790%2C402&ssl=1&resize=525%2C300 1.5x, https:\/\/i0.wp.com\/larevistadigital.com.ar\/blog\/wp-content\/uploads\/Captura-de-pantalla-2025-11-17-215133.jpg?fit=790%2C402&ssl=1&resize=700%2C400 2x"},"classes":[]},{"id":37085,"url":"https:\/\/larevistadigital.com.ar\/blog\/echaron-al-senador-paoltroni-del-bloque-de-la-libertad-avanza\/","url_meta":{"origin":39388,"position":5},"title":"ECHARON AL SENADOR PAOLTRONI DEL BLOQUE DE LA LIBERTAD AVANZA","author":"Alejandro Sosa Ruda","date":"28 agosto, 2024","format":false,"excerpt":"La nota tiene cuatro de las seis firmas, aunque dos legisladores convalidaron el escrito por mail. Se presentar\u00e1 en las pr\u00f3ximas horas. El motivo de la expulsi\u00f3n es la pelea del formose\u00f1o con Santiago Caputo. 28 de Agosto de 2024 El bloque libertario en el Senado, liderado por el juje\u00f1o\u2026","rel":"","context":"En \u00abDESTACADAS\u00bb","block_context":{"text":"DESTACADAS","link":"https:\/\/larevistadigital.com.ar\/blog\/category\/destacadas\/"},"img":{"alt_text":"","src":"https:\/\/i0.wp.com\/larevistadigital.com.ar\/blog\/wp-content\/uploads\/Captura-de-pantalla-2024-08-28-225024.png?fit=815%2C484&ssl=1&resize=350%2C200","width":350,"height":200,"srcset":"https:\/\/i0.wp.com\/larevistadigital.com.ar\/blog\/wp-content\/uploads\/Captura-de-pantalla-2024-08-28-225024.png?fit=815%2C484&ssl=1&resize=350%2C200 1x, https:\/\/i0.wp.com\/larevistadigital.com.ar\/blog\/wp-content\/uploads\/Captura-de-pantalla-2024-08-28-225024.png?fit=815%2C484&ssl=1&resize=525%2C300 1.5x, https:\/\/i0.wp.com\/larevistadigital.com.ar\/blog\/wp-content\/uploads\/Captura-de-pantalla-2024-08-28-225024.png?fit=815%2C484&ssl=1&resize=700%2C400 2x"},"classes":[]}],"_links":{"self":[{"href":"https:\/\/larevistadigital.com.ar\/blog\/wp-json\/wp\/v2\/posts\/39388","targetHints":{"allow":["GET"]}}],"collection":[{"href":"https:\/\/larevistadigital.com.ar\/blog\/wp-json\/wp\/v2\/posts"}],"about":[{"href":"https:\/\/larevistadigital.com.ar\/blog\/wp-json\/wp\/v2\/types\/post"}],"author":[{"embeddable":true,"href":"https:\/\/larevistadigital.com.ar\/blog\/wp-json\/wp\/v2\/users\/3"}],"replies":[{"embeddable":true,"href":"https:\/\/larevistadigital.com.ar\/blog\/wp-json\/wp\/v2\/comments?post=39388"}],"version-history":[{"count":3,"href":"https:\/\/larevistadigital.com.ar\/blog\/wp-json\/wp\/v2\/posts\/39388\/revisions"}],"predecessor-version":[{"id":39392,"href":"https:\/\/larevistadigital.com.ar\/blog\/wp-json\/wp\/v2\/posts\/39388\/revisions\/39392"}],"wp:featuredmedia":[{"embeddable":true,"href":"https:\/\/larevistadigital.com.ar\/blog\/wp-json\/wp\/v2\/media\/39389"}],"wp:attachment":[{"href":"https:\/\/larevistadigital.com.ar\/blog\/wp-json\/wp\/v2\/media?parent=39388"}],"wp:term":[{"taxonomy":"category","embeddable":true,"href":"https:\/\/larevistadigital.com.ar\/blog\/wp-json\/wp\/v2\/categories?post=39388"},{"taxonomy":"post_tag","embeddable":true,"href":"https:\/\/larevistadigital.com.ar\/blog\/wp-json\/wp\/v2\/tags?post=39388"}],"curies":[{"name":"wp","href":"https:\/\/api.w.org\/{rel}","templated":true}]}}