{"id":39394,"date":"2025-04-15T23:13:29","date_gmt":"2025-04-16T02:13:29","guid":{"rendered":"https:\/\/larevistadigital.com.ar\/blog\/?p=39394"},"modified":"2025-04-15T23:13:29","modified_gmt":"2025-04-16T02:13:29","slug":"derrota-libertaria-en-santa-fe-milei-se-despega-bullrich-festeja","status":"publish","type":"post","link":"https:\/\/larevistadigital.com.ar\/blog\/derrota-libertaria-en-santa-fe-milei-se-despega-bullrich-festeja\/","title":{"rendered":"Derrota libertaria en Santa Fe: Milei se despega, Bullrich festeja"},"content":{"rendered":"<h4 class=\"\" data-start=\"284\" data-end=\"474\"><span>La interna de La Libertad Avanza estall\u00f3 tras una elecci\u00f3n para el olvido. Karina Milei qued\u00f3 en el ojo de la tormenta y los \u00fanicos aplausos se los llev\u00f3 el equipo de Patricia Bullrich.<\/span><\/h4>\n<p>15 de Abril de 2025<\/p>\n<p class=\"\" data-start=\"476\" data-end=\"814\"><span><strong>SANTA FE &#8211;<\/strong>\u00a0 La elecci\u00f3n de La Libertad Avanza (LLA) en Santa Fe termin\u00f3 en un papel\u00f3n. La lista encabezada por <strong>Nicol\u00e1s Mayoraz<\/strong> no lleg\u00f3 al 15% de los votos y el oficialismo libertario intent\u00f3 esquivar el golpe abandonando a sus propios candidatos. <em><strong>\u201cNo mandaron ni un WhatsApp\u201d<\/strong><\/em>, se lamentaban desde el b\u00fanker libertario, donde el desconcierto reinaba.<\/span><\/p>\n<p class=\"\" data-start=\"816\" data-end=\"1202\"><span>En medio del derrumbe, los \u00fanicos que pudieron celebrar fueron los candidatos bendecidos por <strong>Patricia Bullrich<\/strong>. <strong>Juan Pedro Aleart<\/strong> se sorprendi\u00f3 al vencer al oficialista<strong> Ciro Seisas<\/strong> en Rosario, y <strong>Javier Meyer<\/strong> se impuso en el departamento de Belgrano. Ambos quedaron fuera del radar libertario oficial, pero se alzaron con triunfos clave que <strong>Bullrich<\/strong> aprovech\u00f3 para fortalecer su juego interno.<\/span><\/p>\n<h3 class=\"\" data-start=\"1204\" data-end=\"1249\"><span style=\"color: #ff0000\">La interna libertaria, una olla a presi\u00f3n<\/span><\/h3>\n<p class=\"\" data-start=\"1251\" data-end=\"1689\"><span>Desde el inicio de la campa\u00f1a, la interna libertaria en Santa Fe fue un hervidero. <strong>Karina Milei<\/strong> rechaz\u00f3 un acuerdo con<strong> Amalia Granata<\/strong> y apost\u00f3 por competir en solitario con el sello de LLA, sin aliados ni figuras provinciales de peso. A medida que la campa\u00f1a se desinflaba, se activ\u00f3 un plan de contingencia para desligar a la hermana presidencial del fracaso y poner la carga sobre <strong>Lule Menem<\/strong>, promotor de <strong>Mayoraz<\/strong> como cabeza de lista.<\/span><\/p>\n<p class=\"\" data-start=\"1691\" data-end=\"2036\"><span>En paralelo, la tensi\u00f3n entre la diputada <strong>Romina Diez<\/strong> \u2014cercana a <strong>Karina Milei<\/strong>\u2014 y <strong>Mayoraz<\/strong> lleg\u00f3 al l\u00edmite: casi no se dirigi\u00f3n la palabra. <strong>Diez<\/strong> denunciaba que le \u201cintervinieron\u201d la provincia e impusieron candidatos sin su consentimiento. El desembarco de <strong>Mayoraz<\/strong> fue, seg\u00fan fuentes de Casa Rosada, una imposici\u00f3n que no cay\u00f3 bien en ning\u00fan bando.<\/span><\/p>\n<h3 class=\"\" data-start=\"2038\" data-end=\"2079\"><span style=\"color: #ff0000\">Caputo se corre y Bullrich capitaliza<\/span><\/h3>\n<p class=\"\" data-start=\"2081\" data-end=\"2422\"><span><strong>Santiago Caputo<\/strong> tambi\u00e9n eligi\u00f3 desmarcarse del derrumbe. Mientras <strong>Mayoraz<\/strong> ca\u00eda, <strong>Caputo<\/strong> celebraba por lo bajo el desempe\u00f1o de <strong>Amalia Granata<\/strong>, quien estuvo a muy pocos votos de dejarlo fuera del podio. En las redes bajo el control del \u201cGordo Dan\u201d, los mensajes de celebraci\u00f3n fueron para <strong>Euge Rol\u00f3n<\/strong>, mientras reinaba el silencio sobre <strong>Mayoraz<\/strong>.<\/span><\/p>\n<p class=\"\" data-start=\"2424\" data-end=\"2591\"><span><em><strong>\u201cLe fue mal donde no hizo campa\u00f1a, en el norte de la provincia\u201d<\/strong><\/em>, intentaban justificar desde el entorno del candidato. Pero la paliza fue pareja en todo el territorio.<\/span><\/p>\n<h3 class=\"\" data-start=\"2593\" data-end=\"2633\"><span style=\"color: #ff0000\">Bullrich, silenciada pero satisfecha<\/span><\/h3>\n<p class=\"\" data-start=\"2635\" data-end=\"2943\"><span>En este tablero desordenado, <strong>Patricia Bullrich<\/strong> tuvo su revancha. Aunque desde el oficialismo le prohibieron p\u00fablicamente adjudicarse a <strong>Aleart y Meyer<\/strong>, su satisfacci\u00f3n fue evidente.<em><strong> \u201cNo sabe nada de pol\u00edtica<\/strong><\/em>\u201d, se la escuch\u00f3 decir en privado, en alusi\u00f3n a <strong>Karina Milei<\/strong>, con quien arrastra tensiones crecientes.<\/span><\/p>\n<p class=\"\" data-start=\"2945\" data-end=\"3211\"><span>Santa Fe se convirti\u00f3, as\u00ed, en un nuevo campo de batalla para un oficialismo que ya no puede ocultar las fracturas internas. La derrota dej\u00f3 heridos, pero tambi\u00e9n reposicion\u00f3 a<strong> Bullrich<\/strong> dentro del mapa libertario, mientras<strong> Karina Milei<\/strong> acumula reproches en silencio.<\/span><\/p>\n","protected":false},"excerpt":{"rendered":"<div class=\"mh-excerpt\"><p>La interna de La Libertad Avanza estall\u00f3 tras una elecci\u00f3n para el olvido. Karina Milei qued\u00f3 en el ojo de la tormenta y los \u00fanicos aplausos se los llev\u00f3 el equipo de Patricia Bullrich. 15 <a class=\"mh-excerpt-more\" href=\"https:\/\/larevistadigital.com.ar\/blog\/derrota-libertaria-en-santa-fe-milei-se-despega-bullrich-festeja\/\" title=\"Derrota libertaria en Santa Fe: Milei se despega, Bullrich festeja\">[Leer M\u00e1s]<\/a><\/p>\n<\/div>","protected":false},"author":3,"featured_media":39395,"comment_status":"open","ping_status":"open","sticky":false,"template":"","format":"standard","meta":{"_jetpack_memberships_contains_paid_content":false,"footnotes":"","jetpack_publicize_message":"","jetpack_publicize_feature_enabled":true,"jetpack_social_post_already_shared":true,"jetpack_social_options":{"image_generator_settings":{"template":"highway","default_image_id":0,"font":"","enabled":false},"version":2}},"categories":[50,12],"tags":[],"class_list":{"0":"post-39394","1":"post","2":"type-post","3":"status-publish","4":"format-standard","5":"has-post-thumbnail","7":"category-interes-general","8":"category-politica"},"jetpack_publicize_connections":[],"jetpack_featured_media_url":"https:\/\/i0.wp.com\/larevistadigital.com.ar\/blog\/wp-content\/uploads\/Captura-de-pantalla-2025-04-15-225506.jpg?fit=906%2C533&ssl=1","jetpack_sharing_enabled":true,"jetpack_shortlink":"https:\/\/wp.me\/p8qtrQ-afo","jetpack-related-posts":[{"id":42098,"url":"https:\/\/larevistadigital.com.ar\/blog\/campana-caliente-la-libertad-avanza-intimo-a-un-diputado-bullrichista-para-que-baje-su-lista\/","url_meta":{"origin":39394,"position":0},"title":"Campa\u00f1a caliente: La Libertad Avanza intim\u00f3 a un diputado bullrichista para que baje su lista","author":"Alejandro Sosa Ruda","date":"19 octubre, 2025","format":false,"excerpt":"A d\u00edas de las elecciones legislativas, apoderados libertarios denunciaron a Gabriel Chumpitaz por usar su imagen y colores en la campa\u00f1a. El legislador calific\u00f3 la medida como un \u201cintento de censura pol\u00edtica\u201d. 19 De Octubre de 2025 La Libertad Avanza (LLA) denunci\u00f3 al diputado\u00a0Gabriel Chumpitaz, ex PRO y hoy candidato\u2026","rel":"","context":"En \u00abINTERES GENERAL\u00bb","block_context":{"text":"INTERES GENERAL","link":"https:\/\/larevistadigital.com.ar\/blog\/category\/interes-general\/"},"img":{"alt_text":"","src":"https:\/\/i0.wp.com\/larevistadigital.com.ar\/blog\/wp-content\/uploads\/Captura-de-pantalla-2025-10-19-222454.jpg?fit=693%2C403&ssl=1&resize=350%2C200","width":350,"height":200,"srcset":"https:\/\/i0.wp.com\/larevistadigital.com.ar\/blog\/wp-content\/uploads\/Captura-de-pantalla-2025-10-19-222454.jpg?fit=693%2C403&ssl=1&resize=350%2C200 1x, https:\/\/i0.wp.com\/larevistadigital.com.ar\/blog\/wp-content\/uploads\/Captura-de-pantalla-2025-10-19-222454.jpg?fit=693%2C403&ssl=1&resize=525%2C300 1.5x"},"classes":[]},{"id":33248,"url":"https:\/\/larevistadigital.com.ar\/blog\/kicillof-ni-bullrich-ni-milei-van-a-resolver-un-solo-problema\/","url_meta":{"origin":39394,"position":1},"title":"KICILLOF: \u00abNI BULLRICH NI MILEI VAN A RESOLVER UN SOLO PROBLEMA\u00bb","author":"Alejandro Sosa Ruda","date":"3 septiembre, 2023","format":false,"excerpt":"\"La derecha tiene dos candidatos pero un solo proyecto, que es quitar derechos\", dijo el Gobernador a trav\u00e9s de\u00a0sus redes sociales. 03 de septiembre de 2023 El gobernador bonaerense,\u00a0Axel Kicillof, advirti\u00f3 este domingo que los candidatos presidenciales opositores,\u00a0Patricia Bullrich\u00a0y\u00a0Javier Milei,\u00a0\"no van a resolver un solo problema\", por lo que el\u2026","rel":"","context":"En \u00abPOLITICA PROVINCIAL\u00bb","block_context":{"text":"POLITICA PROVINCIAL","link":"https:\/\/larevistadigital.com.ar\/blog\/category\/politica\/politica-provincial\/"},"img":{"alt_text":"","src":"https:\/\/i0.wp.com\/larevistadigital.com.ar\/blog\/wp-content\/uploads\/1693770149328.jpeg?fit=1200%2C594&ssl=1&resize=350%2C200","width":350,"height":200,"srcset":"https:\/\/i0.wp.com\/larevistadigital.com.ar\/blog\/wp-content\/uploads\/1693770149328.jpeg?fit=1200%2C594&ssl=1&resize=350%2C200 1x, https:\/\/i0.wp.com\/larevistadigital.com.ar\/blog\/wp-content\/uploads\/1693770149328.jpeg?fit=1200%2C594&ssl=1&resize=525%2C300 1.5x, https:\/\/i0.wp.com\/larevistadigital.com.ar\/blog\/wp-content\/uploads\/1693770149328.jpeg?fit=1200%2C594&ssl=1&resize=700%2C400 2x, https:\/\/i0.wp.com\/larevistadigital.com.ar\/blog\/wp-content\/uploads\/1693770149328.jpeg?fit=1200%2C594&ssl=1&resize=1050%2C600 3x"},"classes":[]},{"id":33764,"url":"https:\/\/larevistadigital.com.ar\/blog\/bullrich-denunciara-penalmente-a-milei-por-llamarla-montonera-tira-bombas\/","url_meta":{"origin":39394,"position":2},"title":"BULLRICH DENUNCIAR\u00c1 PENALMENTE A MILEI POR LLAMARLA \u00abMONTONERA TIRA BOMBAS\u00bb","author":"Alejandro Sosa Ruda","date":"4 octubre, 2023","format":false,"excerpt":"El candidato liberal la acus\u00f3 en el debate de que \"ha puesto bombas en jardines de infantes\". La candidata de JxC respondi\u00f3 primero por las redes sociales y luego asegur\u00f3 que se presentar\u00e1 en el Justicia por esos dichos. 04 de Octubre de 2023 La candidata presidencial de Juntos por\u2026","rel":"","context":"En \u00abINTERES GENERAL\u00bb","block_context":{"text":"INTERES GENERAL","link":"https:\/\/larevistadigital.com.ar\/blog\/category\/interes-general\/"},"img":{"alt_text":"","src":"https:\/\/i0.wp.com\/larevistadigital.com.ar\/blog\/wp-content\/uploads\/651a2b6b05bc3_1200.jpg?fit=1200%2C675&ssl=1&resize=350%2C200","width":350,"height":200,"srcset":"https:\/\/i0.wp.com\/larevistadigital.com.ar\/blog\/wp-content\/uploads\/651a2b6b05bc3_1200.jpg?fit=1200%2C675&ssl=1&resize=350%2C200 1x, https:\/\/i0.wp.com\/larevistadigital.com.ar\/blog\/wp-content\/uploads\/651a2b6b05bc3_1200.jpg?fit=1200%2C675&ssl=1&resize=525%2C300 1.5x, https:\/\/i0.wp.com\/larevistadigital.com.ar\/blog\/wp-content\/uploads\/651a2b6b05bc3_1200.jpg?fit=1200%2C675&ssl=1&resize=700%2C400 2x, https:\/\/i0.wp.com\/larevistadigital.com.ar\/blog\/wp-content\/uploads\/651a2b6b05bc3_1200.jpg?fit=1200%2C675&ssl=1&resize=1050%2C600 3x"},"classes":[]},{"id":32962,"url":"https:\/\/larevistadigital.com.ar\/blog\/massa-convocara-a-un-gobierno-de-unidad-con-radicales-y-peronistas-que-estan-en-el-pro\/","url_meta":{"origin":39394,"position":3},"title":"MASSA CONVOCAR\u00c1 A UN GOBIERNO DE UNIDAD CON RADICALES Y PERONISTAS QUE EST\u00c1N EN EL PRO","author":"Alejandro Sosa Ruda","date":"21 agosto, 2023","format":false,"excerpt":"El candidato a presidente y ministro de Econom\u00eda advirti\u00f3 que \"cuando se vota a presidente se vota a personas, no a la suma de las fuerzas pol\u00edticas\" e invit\u00f3 a \"compartir el sue\u00f1o de los que votaron a Grabois, a Horacio y que no comparten la idea del todo o\u2026","rel":"","context":"En \u00abINTERES GENERAL\u00bb","block_context":{"text":"INTERES GENERAL","link":"https:\/\/larevistadigital.com.ar\/blog\/category\/interes-general\/"},"img":{"alt_text":"","src":"https:\/\/i0.wp.com\/larevistadigital.com.ar\/blog\/wp-content\/uploads\/64d3dbd66b37e_1200.jpg?fit=1200%2C675&ssl=1&resize=350%2C200","width":350,"height":200,"srcset":"https:\/\/i0.wp.com\/larevistadigital.com.ar\/blog\/wp-content\/uploads\/64d3dbd66b37e_1200.jpg?fit=1200%2C675&ssl=1&resize=350%2C200 1x, https:\/\/i0.wp.com\/larevistadigital.com.ar\/blog\/wp-content\/uploads\/64d3dbd66b37e_1200.jpg?fit=1200%2C675&ssl=1&resize=525%2C300 1.5x, https:\/\/i0.wp.com\/larevistadigital.com.ar\/blog\/wp-content\/uploads\/64d3dbd66b37e_1200.jpg?fit=1200%2C675&ssl=1&resize=700%2C400 2x, https:\/\/i0.wp.com\/larevistadigital.com.ar\/blog\/wp-content\/uploads\/64d3dbd66b37e_1200.jpg?fit=1200%2C675&ssl=1&resize=1050%2C600 3x"},"classes":[]},{"id":34280,"url":"https:\/\/larevistadigital.com.ar\/blog\/kicillof-puso-en-duda-la-credibilidad-de-milei-venia-a-terminar-con-la-castra-y-ahora-son-parte-de-su-acuerdo\/","url_meta":{"origin":39394,"position":4},"title":"KICILLOF PUSO EN DUDA LA CREDIBILIDAD DE MILEI: \u00abVEN\u00cdA A TERMINAR CON LA CASTRA Y AHORA SON PARTE DE SU ACUERDO\u00bb","author":"Alejandro Sosa Ruda","date":"31 octubre, 2023","format":false,"excerpt":"El gobernador bonaerense dio su opini\u00f3n sobre el pacto realizado por Mauricio Macri y el l\u00edder de La Libertad Avanza, donde destac\u00f3 que tienen \u201cun solo proyecto\u201d. Asimismo, destac\u00f3 que el triunfo de la oposici\u00f3n ser\u00eda \u201cmuy desfavorable\u201d para la producci\u00f3n de la Provincia. 31 De Octubre de 2023 El\u2026","rel":"","context":"En \u00abDESTACADAS\u00bb","block_context":{"text":"DESTACADAS","link":"https:\/\/larevistadigital.com.ar\/blog\/category\/destacadas\/"},"img":{"alt_text":"","src":"https:\/\/i0.wp.com\/larevistadigital.com.ar\/blog\/wp-content\/uploads\/Captura-de-pantalla-2023-10-31-141103.png?fit=643%2C338&ssl=1&resize=350%2C200","width":350,"height":200,"srcset":"https:\/\/i0.wp.com\/larevistadigital.com.ar\/blog\/wp-content\/uploads\/Captura-de-pantalla-2023-10-31-141103.png?fit=643%2C338&ssl=1&resize=350%2C200 1x, https:\/\/i0.wp.com\/larevistadigital.com.ar\/blog\/wp-content\/uploads\/Captura-de-pantalla-2023-10-31-141103.png?fit=643%2C338&ssl=1&resize=525%2C300 1.5x"},"classes":[]},{"id":34739,"url":"https:\/\/larevistadigital.com.ar\/blog\/luis-petri-sera-el-ministro-de-defensa-del-gobierno-de-milei\/","url_meta":{"origin":39394,"position":5},"title":"LUIS PETRI SER\u00c1 EL MINISTRO DE DEFENSA DEL GOBIERNO DE MILEI","author":"Alejandro Sosa Ruda","date":"4 diciembre, 2023","format":false,"excerpt":"El presidente electo confirm\u00f3 que el dirigente radical estar\u00e1 al frente de la cartera que hoy conduce Jorge Taiana. \u201cLa f\u00f3rmula completa de Juntos por el Cambio ha quedado integrada al gobierno\u201d, inform\u00f3 la oficina del presidente electo. 4 de Diciembre de 2023 La f\u00f3rmula presidencial de Juntos por el\u2026","rel":"","context":"En \u00abINTERES GENERAL\u00bb","block_context":{"text":"INTERES GENERAL","link":"https:\/\/larevistadigital.com.ar\/blog\/category\/interes-general\/"},"img":{"alt_text":"","src":"https:\/\/i0.wp.com\/larevistadigital.com.ar\/blog\/wp-content\/uploads\/Captura-de-pantalla-2023-12-04-170029.png?fit=800%2C511&ssl=1&resize=350%2C200","width":350,"height":200,"srcset":"https:\/\/i0.wp.com\/larevistadigital.com.ar\/blog\/wp-content\/uploads\/Captura-de-pantalla-2023-12-04-170029.png?fit=800%2C511&ssl=1&resize=350%2C200 1x, https:\/\/i0.wp.com\/larevistadigital.com.ar\/blog\/wp-content\/uploads\/Captura-de-pantalla-2023-12-04-170029.png?fit=800%2C511&ssl=1&resize=525%2C300 1.5x, https:\/\/i0.wp.com\/larevistadigital.com.ar\/blog\/wp-content\/uploads\/Captura-de-pantalla-2023-12-04-170029.png?fit=800%2C511&ssl=1&resize=700%2C400 2x"},"classes":[]}],"_links":{"self":[{"href":"https:\/\/larevistadigital.com.ar\/blog\/wp-json\/wp\/v2\/posts\/39394","targetHints":{"allow":["GET"]}}],"collection":[{"href":"https:\/\/larevistadigital.com.ar\/blog\/wp-json\/wp\/v2\/posts"}],"about":[{"href":"https:\/\/larevistadigital.com.ar\/blog\/wp-json\/wp\/v2\/types\/post"}],"author":[{"embeddable":true,"href":"https:\/\/larevistadigital.com.ar\/blog\/wp-json\/wp\/v2\/users\/3"}],"replies":[{"embeddable":true,"href":"https:\/\/larevistadigital.com.ar\/blog\/wp-json\/wp\/v2\/comments?post=39394"}],"version-history":[{"count":1,"href":"https:\/\/larevistadigital.com.ar\/blog\/wp-json\/wp\/v2\/posts\/39394\/revisions"}],"predecessor-version":[{"id":39396,"href":"https:\/\/larevistadigital.com.ar\/blog\/wp-json\/wp\/v2\/posts\/39394\/revisions\/39396"}],"wp:featuredmedia":[{"embeddable":true,"href":"https:\/\/larevistadigital.com.ar\/blog\/wp-json\/wp\/v2\/media\/39395"}],"wp:attachment":[{"href":"https:\/\/larevistadigital.com.ar\/blog\/wp-json\/wp\/v2\/media?parent=39394"}],"wp:term":[{"taxonomy":"category","embeddable":true,"href":"https:\/\/larevistadigital.com.ar\/blog\/wp-json\/wp\/v2\/categories?post=39394"},{"taxonomy":"post_tag","embeddable":true,"href":"https:\/\/larevistadigital.com.ar\/blog\/wp-json\/wp\/v2\/tags?post=39394"}],"curies":[{"name":"wp","href":"https:\/\/api.w.org\/{rel}","templated":true}]}}