{"id":39397,"date":"2025-04-16T12:54:43","date_gmt":"2025-04-16T15:54:43","guid":{"rendered":"https:\/\/larevistadigital.com.ar\/blog\/?p=39397"},"modified":"2025-04-16T12:54:43","modified_gmt":"2025-04-16T15:54:43","slug":"el-grupo-descartes-expreso-su-respaldo-al-gobernador-bonaerense","status":"publish","type":"post","link":"https:\/\/larevistadigital.com.ar\/blog\/el-grupo-descartes-expreso-su-respaldo-al-gobernador-bonaerense\/","title":{"rendered":"El Grupo Descartes expres\u00f3 su respaldo al gobernador bonaerense"},"content":{"rendered":"<h3 class=\"fparrafo ctext fz18 lh25\">A trav\u00e9s de un documento elaborado por el Grupo Descartes, dirigentes pol\u00edticos con trayectoria en el \u00e1mbito territorial, sindical y empresarial Pyme manifestaron su respaldo al gobernador bonaerense Axel Kicillof.\u00a0 \u201cTodo nuestro apoyo a Axel en su disputa con Milei: hechos contra relato\u201d<\/h3>\n<p>16 de Abril de 2025<\/p>\n<p><strong>BUENOS AIRES &#8211;\u00a0 <\/strong>Desde el espacio remarcaron la importancia de analizar, con datos concretos y verificables, las decisiones que toman quienes gobiernan, ya que estas influyen directamente en la vida cotidiana de las familias argentinas. En ese sentido, presentaron un an\u00e1lisis comparativo para evaluar el impacto de cada gesti\u00f3n en t\u00e9rminos econ\u00f3micos y sociales.<\/p>\n<p>Seg\u00fan cifras del INDEC, los salarios registrados del sector privado en diciembre de 2024 se encuentran un 22,5% por debajo de los niveles de noviembre de 2015, cuando Kicillof era ministro de Econom\u00eda. Desde el Grupo Descartes enfatizaron que la recomposici\u00f3n salarial real, es decir, aquella que permite recuperar el poder adquisitivo perdido, s\u00f3lo es posible si los salarios aumentan por encima de la inflaci\u00f3n. A su vez, defendieron el rol de las paritarias como herramienta leg\u00edtima y necesaria para proteger a los trabajadores, especialmente frente al actual contexto de ajuste.<\/p>\n<p>Tambi\u00e9n cuestionaron la pol\u00edtica del Gobierno Nacional encabezado por Javier Milei, a quien calificaron de <strong><em>\u201cintervencionista con los que menos tienen y liberal con los poderosos\u201d<\/em><\/strong>. Denunciaron los despidos masivos en el Estado y el vaciamiento de \u00e1reas clave, as\u00ed como la falta de transferencias de fondos a provincias y municipios, situaci\u00f3n que compromete seriamente el funcionamiento de los gobiernos locales y el pago de salarios p\u00fablicos.<\/p>\n<p><span style=\"color: #ff0000\"><b>Acuerdo con el FMI<\/b><\/span><\/p>\n<p>Respecto al acuerdo con el Fondo Monetario Internacional, se\u00f1alaron que las decisiones econ\u00f3micas de alto impacto est\u00e1n siendo condicionadas por los intereses de potencias extranjeras, y que la banda cambiaria impuesta funciona como una <em><strong>\u201cdevaluaci\u00f3n encubierta\u201d<\/strong><\/em> que afectar\u00e1 negativamente los precios internos.<\/p>\n<blockquote>\n<h3>En ese marco, el documento resalta el posicionamiento de Kicillof en el reciente acto por el 204\u00ba aniversario de la Provincia de Buenos Aires, donde inst\u00f3 a \u201cdefender lo que es nuestro\u201d y llam\u00f3 a empresarios y trabajadores a comprometerse con la industria nacional.<\/h3>\n<\/blockquote>\n<p>Adem\u00e1s, destac\u00f3 que, pese a quienes la consideran una provincia inviable, su gesti\u00f3n ha demostrado que, con un Estado activo, pol\u00edticas p\u00fablicas integradoras y planificaci\u00f3n se puede mejorar la calidad de vida de la ciudadan\u00eda.<\/p>\n<h3><span style=\"color: #ff0000\"><b>Como ministro y gobernador<\/b><\/span><\/h3>\n<p>Se record\u00f3 tambi\u00e9n la trayectoria de <strong>Kicillof<\/strong> en la gesti\u00f3n nacional, como impulsor del Plan PROCREAR, la recuperaci\u00f3n de YPF, y programas como Ahora 12, Precios Cuidados y Progresar, que promovieron el consumo, la producci\u00f3n y el empleo. Al finalizar su gesti\u00f3n como ministro de Econom\u00eda, dej\u00f3 m\u00e1s de 33 mil millones de d\u00f3lares en reservas del Banco Central.<\/p>\n<p>En el plano provincial, resaltaron obras como la construcci\u00f3n de 250 escuelas y la inauguraci\u00f3n de 157 Centros de Atenci\u00f3n Primaria de la Salud. Tambi\u00e9n se remarc\u00f3 la inversi\u00f3n de $273 mil millones para asistir a Bah\u00eda Blanca tras el temporal, la capacitaci\u00f3n de la polic\u00eda bonaerense y el impulso del Banco Provincia con herramientas como Cuenta DNI y cr\u00e9ditos para PyMEs y productores agropecuarios.<\/p>\n<h3><span style=\"color: #ff0000\"><b>Desaf\u00edos<\/b><\/span><\/h3>\n<p>A pesar de los desaf\u00edos que enfrenta por el ahogo financiero del Gobierno Nacional,<strong> Kicillof<\/strong> sigue apostando a una gesti\u00f3n con eje en el desarrollo productivo, el bienestar social y la justicia distributiva. El documento advierte que el gobernador no puede enfrentar solo el escenario que se avecina, por lo que llama a construir consensos y alianzas con gobernadores, intendentes y diversos sectores pol\u00edticos y sociales.<\/p>\n<p>Desde el Grupo Descartes, concluyen que, frente a un escenario nacional adverso, la Provincia de Buenos Aires representa el basti\u00f3n principal para enfrentar las pol\u00edticas regresivas del Gobierno libertario. Por ello, instan a redoblar el compromiso con la militancia, a defender lo conseguido, y a apoyar activamente a Axel Kicillof como referente de un proyecto que prioriza al pueblo argentino por sobre los intereses del mercado. \u00a0El documento concluye con una extens\u00edsima lista de firmantes de todo el pa\u00eds<\/p>\n","protected":false},"excerpt":{"rendered":"<div class=\"mh-excerpt\"><p>A trav\u00e9s de un documento elaborado por el Grupo Descartes, dirigentes pol\u00edticos con trayectoria en el \u00e1mbito territorial, sindical y empresarial Pyme manifestaron su respaldo al gobernador bonaerense Axel Kicillof.\u00a0 \u201cTodo nuestro apoyo a Axel <a class=\"mh-excerpt-more\" href=\"https:\/\/larevistadigital.com.ar\/blog\/el-grupo-descartes-expreso-su-respaldo-al-gobernador-bonaerense\/\" title=\"El Grupo Descartes expres\u00f3 su respaldo al gobernador bonaerense\">[Leer M\u00e1s]<\/a><\/p>\n<\/div>","protected":false},"author":3,"featured_media":39398,"comment_status":"open","ping_status":"open","sticky":false,"template":"","format":"standard","meta":{"_jetpack_memberships_contains_paid_content":false,"footnotes":"","jetpack_publicize_message":"","jetpack_publicize_feature_enabled":true,"jetpack_social_post_already_shared":true,"jetpack_social_options":{"image_generator_settings":{"template":"highway","default_image_id":0,"font":"","enabled":false},"version":2}},"categories":[24,51],"tags":[],"class_list":{"0":"post-39397","1":"post","2":"type-post","3":"status-publish","4":"format-standard","5":"has-post-thumbnail","7":"category-politica-provincial","8":"category-regionales"},"jetpack_publicize_connections":[],"jetpack_featured_media_url":"https:\/\/i0.wp.com\/larevistadigital.com.ar\/blog\/wp-content\/uploads\/20250415182722_grupo-descartes-respaldo-axel-kicillof.jpg?fit=880%2C512&ssl=1","jetpack_sharing_enabled":true,"jetpack_shortlink":"https:\/\/wp.me\/p8qtrQ-afr","jetpack-related-posts":[{"id":38589,"url":"https:\/\/larevistadigital.com.ar\/blog\/chascomus-con-axel-arranque-con-fuerte-respaldo-al-gobernador-kicillof\/","url_meta":{"origin":39397,"position":0},"title":"\u00abChascom\u00fas con Axel\u00bb: arranque con fuerte respaldo al gobernador Kicillof","author":"Alejandro Sosa Ruda","date":"4 febrero, 2025","format":false,"excerpt":"Un encuentro que deja entrever los actores que formar\u00e1n parte del armado que se encolumnar\u00e1 detr\u00e1s del gobernador de Buenos Aires. 02 de Febrero de 2025 CHASCOM\u00daS -\u00a0 Este jueves 30 de enero, en el SUM del Club Deportivo, se llev\u00f3 a cabo la primera reuni\u00f3n para conformar la mesa\u2026","rel":"","context":"En \u00abPOLITICA\u00bb","block_context":{"text":"POLITICA","link":"https:\/\/larevistadigital.com.ar\/blog\/category\/politica\/"},"img":{"alt_text":"","src":"https:\/\/i0.wp.com\/larevistadigital.com.ar\/blog\/wp-content\/uploads\/WhatsApp-Image-2025-02-02-at-14.01.02.jpeg?fit=1200%2C800&ssl=1&resize=350%2C200","width":350,"height":200,"srcset":"https:\/\/i0.wp.com\/larevistadigital.com.ar\/blog\/wp-content\/uploads\/WhatsApp-Image-2025-02-02-at-14.01.02.jpeg?fit=1200%2C800&ssl=1&resize=350%2C200 1x, https:\/\/i0.wp.com\/larevistadigital.com.ar\/blog\/wp-content\/uploads\/WhatsApp-Image-2025-02-02-at-14.01.02.jpeg?fit=1200%2C800&ssl=1&resize=525%2C300 1.5x, https:\/\/i0.wp.com\/larevistadigital.com.ar\/blog\/wp-content\/uploads\/WhatsApp-Image-2025-02-02-at-14.01.02.jpeg?fit=1200%2C800&ssl=1&resize=700%2C400 2x, https:\/\/i0.wp.com\/larevistadigital.com.ar\/blog\/wp-content\/uploads\/WhatsApp-Image-2025-02-02-at-14.01.02.jpeg?fit=1200%2C800&ssl=1&resize=1050%2C600 3x"},"classes":[]},{"id":34186,"url":"https:\/\/larevistadigital.com.ar\/blog\/axel-kicillof-vemos-este-triunfo-como-un-respaldo-por-lo-hecho-en-los-ultimos-cuatro-anos\/","url_meta":{"origin":39397,"position":1},"title":"AXEL KICILLOF: \u00abVEMOS ESTE TRI\u00daNFO COMO UN RESPALDO POR LO HECHO EN LOS \u00daLTIMOS CUATRO A\u00d1OS\u00bb","author":"Alejandro Sosa Ruda","date":"25 octubre, 2023","format":false,"excerpt":"El Gobernador encabez\u00f3 una conferencia de prensa tras haber sido reelecto con m\u00e1s del 44,80% de los votos. Fue junto a la vicegobernadora Ver\u00f3nica Magario. 25 de Octubre de 2023 BUENOS AIRES -\u00a0 \u00a0\u201cVemos este triunfo como un respaldo por todo lo hecho en estos cuatro a\u00f1os y, sobre todo,\u2026","rel":"","context":"En \u00abREGIONALES\u00bb","block_context":{"text":"REGIONALES","link":"https:\/\/larevistadigital.com.ar\/blog\/category\/regionales\/"},"img":{"alt_text":"","src":"https:\/\/i0.wp.com\/larevistadigital.com.ar\/blog\/wp-content\/uploads\/20231023151753_triunfo.jpg?fit=880%2C512&ssl=1&resize=350%2C200","width":350,"height":200,"srcset":"https:\/\/i0.wp.com\/larevistadigital.com.ar\/blog\/wp-content\/uploads\/20231023151753_triunfo.jpg?fit=880%2C512&ssl=1&resize=350%2C200 1x, https:\/\/i0.wp.com\/larevistadigital.com.ar\/blog\/wp-content\/uploads\/20231023151753_triunfo.jpg?fit=880%2C512&ssl=1&resize=525%2C300 1.5x, https:\/\/i0.wp.com\/larevistadigital.com.ar\/blog\/wp-content\/uploads\/20231023151753_triunfo.jpg?fit=880%2C512&ssl=1&resize=700%2C400 2x"},"classes":[]},{"id":43013,"url":"https:\/\/larevistadigital.com.ar\/blog\/comunicado-del-frente-grande-respaldando-al-gobernador-axelkicillof\/","url_meta":{"origin":39397,"position":2},"title":"Comunicado del Frente Grande respaldando al gobernador AxelKicillof","author":"Alejandro Sosa Ruda","date":"23 diciembre, 2025","format":false,"excerpt":"En un plenario marcado por el clima militante y el debate estrat\u00e9gico del peronismo, el gobernador bonaerense llam\u00f3 a construir una alternativa nacional. El Frente Grande expres\u00f3 su apoyo mediante un comunicado y particip\u00f3 del encuentro Juan Pablo \u201cPoli\u201d Odera, armador de ese espacio en la Quinta Secci\u00f3n Electoral. 23\u2026","rel":"","context":"En \u00abPOLITICA PROVINCIAL\u00bb","block_context":{"text":"POLITICA PROVINCIAL","link":"https:\/\/larevistadigital.com.ar\/blog\/category\/politica\/politica-provincial\/"},"img":{"alt_text":"","src":"https:\/\/i0.wp.com\/larevistadigital.com.ar\/blog\/wp-content\/uploads\/Captura-de-pantalla-2025-12-23-163021.jpg?fit=643%2C366&ssl=1&resize=350%2C200","width":350,"height":200,"srcset":"https:\/\/i0.wp.com\/larevistadigital.com.ar\/blog\/wp-content\/uploads\/Captura-de-pantalla-2025-12-23-163021.jpg?fit=643%2C366&ssl=1&resize=350%2C200 1x, https:\/\/i0.wp.com\/larevistadigital.com.ar\/blog\/wp-content\/uploads\/Captura-de-pantalla-2025-12-23-163021.jpg?fit=643%2C366&ssl=1&resize=525%2C300 1.5x"},"classes":[]},{"id":39563,"url":"https:\/\/larevistadigital.com.ar\/blog\/el-frente-grande-se-planta-apoya-a-kicillof-y-apuesta-a-ser-muralla-contra-milei\/","url_meta":{"origin":39397,"position":3},"title":"El Frente Grande se planta: apoya a Kicillof y apuesta a ser muralla contra Milei","author":"Alejandro Sosa Ruda","date":"26 abril, 2025","format":false,"excerpt":"En una asamblea con alta participaci\u00f3n, el partido bonaerense defini\u00f3 su rumbo electoral, con presencia activa de referentes como el Chascomunense\u00a0 Adrian Biain. 26 de Abril de 2025 LA PLATA\u00a0 -\u00a0 En un clima de definiciones pol\u00edticas fuertes, el Frente Grande celebr\u00f3 su Asamblea Provincial en su nueva sede de\u2026","rel":"","context":"En \u00abPOLITICA\u00bb","block_context":{"text":"POLITICA","link":"https:\/\/larevistadigital.com.ar\/blog\/category\/politica\/"},"img":{"alt_text":"","src":"https:\/\/i0.wp.com\/larevistadigital.com.ar\/blog\/wp-content\/uploads\/multimedia.normal.8a6a6fd412d366c9.bm9ybWFsLndlYnA-e1745764052641.webp?fit=589%2C464&ssl=1&resize=350%2C200","width":350,"height":200,"srcset":"https:\/\/i0.wp.com\/larevistadigital.com.ar\/blog\/wp-content\/uploads\/multimedia.normal.8a6a6fd412d366c9.bm9ybWFsLndlYnA-e1745764052641.webp?fit=589%2C464&ssl=1&resize=350%2C200 1x, https:\/\/i0.wp.com\/larevistadigital.com.ar\/blog\/wp-content\/uploads\/multimedia.normal.8a6a6fd412d366c9.bm9ybWFsLndlYnA-e1745764052641.webp?fit=589%2C464&ssl=1&resize=525%2C300 1.5x"},"classes":[]},{"id":43824,"url":"https:\/\/larevistadigital.com.ar\/blog\/encuesta-cual-es-la-imagen-de-axel-kicillof-y-javier-milei-en-cada-provincia\/","url_meta":{"origin":39397,"position":4},"title":"Encuesta: cu\u00e1l es la imagen de Axel Kicillof y Javier Milei en cada provincia","author":"Alejandro Sosa Ruda","date":"6 febrero, 2026","format":false,"excerpt":"Una nueva encuesta revela c\u00f3mo miden Javier Milei y Axel Kicillof en cada provincia. D\u00f3nde gana cada uno y qu\u00e9 distritos marcan la diferencia. 6 de febrero de 2026 Una nueva\u00a0encuesta nacional\u00a0volvi\u00f3 a poner el foco en el mapa pol\u00edtico argentino. La consultora\u00a0CG Global Data\u00a0present\u00f3 un estudio que midi\u00f3 la\u2026","rel":"","context":"En \u00abINTERES GENERAL\u00bb","block_context":{"text":"INTERES GENERAL","link":"https:\/\/larevistadigital.com.ar\/blog\/category\/interes-general\/"},"img":{"alt_text":"","src":"https:\/\/i0.wp.com\/larevistadigital.com.ar\/blog\/wp-content\/uploads\/Captura-de-pantalla-2026-02-06-141759.jpg?fit=802%2C530&ssl=1&resize=350%2C200","width":350,"height":200,"srcset":"https:\/\/i0.wp.com\/larevistadigital.com.ar\/blog\/wp-content\/uploads\/Captura-de-pantalla-2026-02-06-141759.jpg?fit=802%2C530&ssl=1&resize=350%2C200 1x, https:\/\/i0.wp.com\/larevistadigital.com.ar\/blog\/wp-content\/uploads\/Captura-de-pantalla-2026-02-06-141759.jpg?fit=802%2C530&ssl=1&resize=525%2C300 1.5x, https:\/\/i0.wp.com\/larevistadigital.com.ar\/blog\/wp-content\/uploads\/Captura-de-pantalla-2026-02-06-141759.jpg?fit=802%2C530&ssl=1&resize=700%2C400 2x"},"classes":[]},{"id":32885,"url":"https:\/\/larevistadigital.com.ar\/blog\/el-gobernador-kicillof-analizo-el-resultado-de-las-paso-con-su-gabinete\/","url_meta":{"origin":39397,"position":5},"title":"EL GOBERNADOR KICILLOF ANALIZ\u00d3 EL RESULTADO DE LAS PASO CON SU GABINETE","author":"Alejandro Sosa Ruda","date":"16 agosto, 2023","format":false,"excerpt":"El gobernador bonaerense repas\u00f3 los principales hitos de la gesti\u00f3n en cada municipio y analiz\u00f3 la agenda de trabajo del pr\u00f3ximo trimestre. 16 de agosto de 2023 El gobernador bonaerense,\u00a0Axel Kicillof, analiz\u00f3 este lunes con su gabinete el resultado de las elecciones PASO en la provincia de Buenos Aires, en\u2026","rel":"","context":"En \u00abDESTACADAS\u00bb","block_context":{"text":"DESTACADAS","link":"https:\/\/larevistadigital.com.ar\/blog\/category\/destacadas\/"},"img":{"alt_text":"","src":"https:\/\/i0.wp.com\/larevistadigital.com.ar\/blog\/wp-content\/uploads\/64dabd6c54003_1200.jpg?fit=1200%2C675&ssl=1&resize=350%2C200","width":350,"height":200,"srcset":"https:\/\/i0.wp.com\/larevistadigital.com.ar\/blog\/wp-content\/uploads\/64dabd6c54003_1200.jpg?fit=1200%2C675&ssl=1&resize=350%2C200 1x, https:\/\/i0.wp.com\/larevistadigital.com.ar\/blog\/wp-content\/uploads\/64dabd6c54003_1200.jpg?fit=1200%2C675&ssl=1&resize=525%2C300 1.5x, https:\/\/i0.wp.com\/larevistadigital.com.ar\/blog\/wp-content\/uploads\/64dabd6c54003_1200.jpg?fit=1200%2C675&ssl=1&resize=700%2C400 2x, https:\/\/i0.wp.com\/larevistadigital.com.ar\/blog\/wp-content\/uploads\/64dabd6c54003_1200.jpg?fit=1200%2C675&ssl=1&resize=1050%2C600 3x"},"classes":[]}],"_links":{"self":[{"href":"https:\/\/larevistadigital.com.ar\/blog\/wp-json\/wp\/v2\/posts\/39397","targetHints":{"allow":["GET"]}}],"collection":[{"href":"https:\/\/larevistadigital.com.ar\/blog\/wp-json\/wp\/v2\/posts"}],"about":[{"href":"https:\/\/larevistadigital.com.ar\/blog\/wp-json\/wp\/v2\/types\/post"}],"author":[{"embeddable":true,"href":"https:\/\/larevistadigital.com.ar\/blog\/wp-json\/wp\/v2\/users\/3"}],"replies":[{"embeddable":true,"href":"https:\/\/larevistadigital.com.ar\/blog\/wp-json\/wp\/v2\/comments?post=39397"}],"version-history":[{"count":1,"href":"https:\/\/larevistadigital.com.ar\/blog\/wp-json\/wp\/v2\/posts\/39397\/revisions"}],"predecessor-version":[{"id":39399,"href":"https:\/\/larevistadigital.com.ar\/blog\/wp-json\/wp\/v2\/posts\/39397\/revisions\/39399"}],"wp:featuredmedia":[{"embeddable":true,"href":"https:\/\/larevistadigital.com.ar\/blog\/wp-json\/wp\/v2\/media\/39398"}],"wp:attachment":[{"href":"https:\/\/larevistadigital.com.ar\/blog\/wp-json\/wp\/v2\/media?parent=39397"}],"wp:term":[{"taxonomy":"category","embeddable":true,"href":"https:\/\/larevistadigital.com.ar\/blog\/wp-json\/wp\/v2\/categories?post=39397"},{"taxonomy":"post_tag","embeddable":true,"href":"https:\/\/larevistadigital.com.ar\/blog\/wp-json\/wp\/v2\/tags?post=39397"}],"curies":[{"name":"wp","href":"https:\/\/api.w.org\/{rel}","templated":true}]}}