{"id":39400,"date":"2025-04-16T13:05:06","date_gmt":"2025-04-16T16:05:06","guid":{"rendered":"https:\/\/larevistadigital.com.ar\/blog\/?p=39400"},"modified":"2025-04-16T13:05:06","modified_gmt":"2025-04-16T16:05:06","slug":"tragedia-en-ruta-6-una-mujer-murio-y-varios-caballos-de-polo-fueron-embestidos-en-un-brutal-choque-multiple","status":"publish","type":"post","link":"https:\/\/larevistadigital.com.ar\/blog\/tragedia-en-ruta-6-una-mujer-murio-y-varios-caballos-de-polo-fueron-embestidos-en-un-brutal-choque-multiple\/","title":{"rendered":"Tragedia en Ruta 6: una mujer muri\u00f3 y varios caballos de polo fueron embestidos en un brutal choque m\u00faltiple"},"content":{"rendered":"<h2 data-start=\"368\" data-end=\"564\">Un accidente evitable: tres veh\u00edculos chocaron con una tropilla suelta frente a un reconocido club de polo en Ca\u00f1uelas. Hay una v\u00edctima fatal, un herido grave y al menos seis equinos muertos.<\/h2>\n<p>16 de Abril de 2025<\/p>\n<p class=\"\" data-start=\"566\" data-end=\"946\"><strong>Ca\u00f1uelas, BUENOS AIRES\u00a0 &#8211;\u00a0<\/strong> \u00a0Una noche tr\u00e1gica se vivi\u00f3 este domingo en el kil\u00f3metro 83 de la Ruta 6, a la altura de la localidad bonaerense de Ca\u00f1uelas, cuando una tropilla de caballos de polo que merodeaba sobre el asfalto provoc\u00f3 un accidente de tr\u00e1nsito m\u00faltiple con consecuencias fatales. Una mujer perdi\u00f3 la vida, su pareja qued\u00f3 gravemente herida y al menos seis animales murieron producto del impacto.<\/p>\n<blockquote>\n<h3 data-start=\"948\" data-end=\"1263\">El siniestro ocurri\u00f3 alrededor de las 21:00, justo frente al hotel y club de polo <strong data-start=\"1030\" data-end=\"1046\">Puesto Viejo<\/strong>, uno de los establecimientos m\u00e1s reconocidos de la zona. Seg\u00fan reconstruyeron fuentes oficiales citadas por el portal <em data-start=\"1165\" data-end=\"1179\">InfoCa\u00f1uelas<\/em>, los animales sueltos cruzaban descontroladamente la ruta al momento del accidente.<\/h3>\n<\/blockquote>\n<h3 class=\"\" data-start=\"1265\" data-end=\"1318\"><span style=\"color: #ff0000\">Tres veh\u00edculos involucrados y una estampida fatal<\/span><\/h3>\n<p class=\"\" data-start=\"1320\" data-end=\"1647\">El primer impacto fue protagonizado por una camioneta <strong data-start=\"1374\" data-end=\"1389\">Ford Ranger<\/strong>, que circulaba en sentido San Vicente &#8211; Ca\u00f1uelas. Al mando iba <strong data-start=\"1453\" data-end=\"1470\">Jes\u00fas Navarro<\/strong>, acompa\u00f1ado por su pareja <strong data-start=\"1497\" data-end=\"1522\">Mar\u00eda Andrea Billones<\/strong>, ambos oriundos de Ca\u00f1uelas. El veh\u00edculo embisti\u00f3 a cinco caballos, pero milagrosamente sus ocupantes no sufrieron lesiones.<\/p>\n<blockquote>\n<h3 data-start=\"1649\" data-end=\"1934\">Instantes despu\u00e9s, una <strong data-start=\"1672\" data-end=\"1688\">Toyota Hilux<\/strong>, tambi\u00e9n de Ca\u00f1uelas y conducida por <strong data-start=\"1726\" data-end=\"1740\">Luis Alves<\/strong>, impact\u00f3 contra otros equinos. El conductor tambi\u00e9n result\u00f3 ileso. Sin embargo, estos choques iniciales provocaron una estampida de los caballos restantes, que huyeron en distintas direcciones.<\/h3>\n<\/blockquote>\n<p class=\"\" data-start=\"1936\" data-end=\"2294\">Algunos de los animales cruzaron hacia los carriles opuestos, en sentido a La Plata, donde fueron embestidos por un <strong data-start=\"2052\" data-end=\"2067\">Seat Toledo<\/strong> proveniente de San Vicente, conducido por <strong data-start=\"2110\" data-end=\"2130\">Fernando Legname<\/strong>. El veh\u00edculo no logr\u00f3 esquivar a los caballos y el choque fue devastador: <strong data-start=\"2205\" data-end=\"2293\">Legname sufri\u00f3 heridas graves y su acompa\u00f1ante, Ver\u00f3nica Fejula, falleci\u00f3 en el acto<\/strong>.<\/p>\n<h3 class=\"\" data-start=\"2296\" data-end=\"2354\"><span style=\"color: #ff0000\">Caballos sin identificaci\u00f3n y b\u00fasqueda de responsables<\/span><\/h3>\n<p class=\"\" data-start=\"2356\" data-end=\"2703\">Una de las aristas m\u00e1s alarmantes del caso es que <strong data-start=\"2406\" data-end=\"2458\">los caballos carec\u00edan de marcas identificatorias<\/strong>, lo que hasta el momento impidi\u00f3 determinar a qui\u00e9n pertenecen. Esta situaci\u00f3n complica la investigaci\u00f3n judicial y abre un debate sobre la responsabilidad y control de animales sueltos en rutas cercanas a establecimientos rurales y deportivos.<\/p>\n<blockquote>\n<h3 data-start=\"2705\" data-end=\"2950\">La causa fue caratulada como <strong data-start=\"2734\" data-end=\"2777\">\u201clesiones culposas y homicidio culposo\u201d<\/strong> y qued\u00f3 en manos de la <strong data-start=\"2801\" data-end=\"2852\">Unidad Funcional de Instrucci\u00f3n N\u00b02 de Ca\u00f1uelas<\/strong>, que ya se encuentra investigando las circunstancias del hecho y el posible abandono de animales.<\/h3>\n<\/blockquote>\n<h3 class=\"\" data-start=\"2952\" data-end=\"3002\"><span style=\"color: #ff0000\">Un hecho evitable que expone fallas de control<\/span><\/h3>\n<p class=\"\" data-start=\"3004\" data-end=\"3260\">Vecinos y automovilistas frecuentes de la zona aseguran que <strong data-start=\"3064\" data-end=\"3114\">la presencia de animales sueltos no es inusual<\/strong> en ese tramo de la ruta, lo que reaviva el reclamo por mayores medidas de seguridad y controles m\u00e1s estrictos sobre los establecimientos rurales.<\/p>\n<p class=\"\" data-start=\"3262\" data-end=\"3583\">La tragedia de este domingo no solo deja una v\u00edctima fatal y m\u00faltiples heridos, sino que tambi\u00e9n pone en evidencia un problema estructural: la <strong data-start=\"3405\" data-end=\"3494\">falta de responsabilidad sobre la tenencia y cuidado de animales en zonas transitadas<\/strong>. Una situaci\u00f3n que, de haberse prevenido, podr\u00eda haber evitado una muerte y tanto dolor.<\/p>\n","protected":false},"excerpt":{"rendered":"<div class=\"mh-excerpt\"><p>Un accidente evitable: tres veh\u00edculos chocaron con una tropilla suelta frente a un reconocido club de polo en Ca\u00f1uelas. Hay una v\u00edctima fatal, un herido grave y al menos seis equinos muertos. 16 de Abril <a class=\"mh-excerpt-more\" href=\"https:\/\/larevistadigital.com.ar\/blog\/tragedia-en-ruta-6-una-mujer-murio-y-varios-caballos-de-polo-fueron-embestidos-en-un-brutal-choque-multiple\/\" title=\"Tragedia en Ruta 6: una mujer muri\u00f3 y varios caballos de polo fueron embestidos en un brutal choque m\u00faltiple\">[Leer M\u00e1s]<\/a><\/p>\n<\/div>","protected":false},"author":3,"featured_media":39401,"comment_status":"open","ping_status":"open","sticky":false,"template":"","format":"standard","meta":{"_jetpack_memberships_contains_paid_content":false,"footnotes":"","jetpack_publicize_message":"","jetpack_publicize_feature_enabled":true,"jetpack_social_post_already_shared":true,"jetpack_social_options":{"image_generator_settings":{"template":"highway","default_image_id":0,"font":"","enabled":false},"version":2}},"categories":[44,51],"tags":[],"class_list":{"0":"post-39400","1":"post","2":"type-post","3":"status-publish","4":"format-standard","5":"has-post-thumbnail","7":"category-policiales","8":"category-regionales"},"jetpack_publicize_connections":[],"jetpack_featured_media_url":"https:\/\/i0.wp.com\/larevistadigital.com.ar\/blog\/wp-content\/uploads\/3a3ef20ce83ccf4b199494ef6956ca532ae8b660.jpg?fit=1140%2C641&ssl=1","jetpack_sharing_enabled":true,"jetpack_shortlink":"https:\/\/wp.me\/p8qtrQ-afu","jetpack-related-posts":[{"id":9863,"url":"https:\/\/larevistadigital.com.ar\/blog\/monte-detienen-con-drogas-a-policias-de-canuelas-san-vicente-y-gonzalez-catan\/","url_meta":{"origin":39400,"position":0},"title":"MONTE: DETIENEN CON DROGAS A POLIC\u00cdAS DE CA\u00d1UELAS, SAN VICENTE Y GONZALEZ CAT\u00c1N","author":"Alejandro Sosa Ruda","date":"26 abril, 2019","format":false,"excerpt":"Ocurri\u00f3 en un control vehicular en la ruta 3. Los polic\u00edas, que estaban de civil, llevaban cigarrillos y frascos de marihuana. Fueron aprehendidos y posteriormente desafectados de la fuerza. En las \u00faltimas horas de este jueves 25 de abril, personal de la estaci\u00f3n de Polic\u00eda comunal Monte, que realizaba operativo\u2026","rel":"","context":"En \u00abPOLICIALES\u00bb","block_context":{"text":"POLICIALES","link":"https:\/\/larevistadigital.com.ar\/blog\/category\/policiales\/"},"img":{"alt_text":"","src":"https:\/\/i0.wp.com\/larevistadigital.com.ar\/blog\/wp-content\/uploads\/2019\/04\/1556248370025_wm.jpg?fit=1024%2C575&ssl=1&resize=350%2C200","width":350,"height":200,"srcset":"https:\/\/i0.wp.com\/larevistadigital.com.ar\/blog\/wp-content\/uploads\/2019\/04\/1556248370025_wm.jpg?fit=1024%2C575&ssl=1&resize=350%2C200 1x, https:\/\/i0.wp.com\/larevistadigital.com.ar\/blog\/wp-content\/uploads\/2019\/04\/1556248370025_wm.jpg?fit=1024%2C575&ssl=1&resize=525%2C300 1.5x, https:\/\/i0.wp.com\/larevistadigital.com.ar\/blog\/wp-content\/uploads\/2019\/04\/1556248370025_wm.jpg?fit=1024%2C575&ssl=1&resize=700%2C400 2x"},"classes":[]},{"id":34975,"url":"https:\/\/larevistadigital.com.ar\/blog\/terrible-choque-entre-una-camioneta-y-un-camion\/","url_meta":{"origin":39400,"position":1},"title":"TERRIBLE CHOQUE ENTRE UNA CAMIONETA Y UN CAMI\u00d3N","author":"Alejandro Sosa Ruda","date":"3 enero, 2024","format":false,"excerpt":"Sucedi\u00f3 en Ruta 3, a la altura de la ciudad de Ca\u00f1uelas. A\u00fan no se conocen mayores detalles del hecho, aunque otro involucrado termin\u00f3 herido. 3 de diciembre de 2023 CA\u00d1UELAS -\u00a0 \u00a0Un tr\u00e1gico choque se produjo en las \u00faltimas horas en plena Ruta 3, a la altura de la\u2026","rel":"","context":"En \u00abPOLICIALES\u00bb","block_context":{"text":"POLICIALES","link":"https:\/\/larevistadigital.com.ar\/blog\/category\/policiales\/"},"img":{"alt_text":"","src":"https:\/\/i0.wp.com\/larevistadigital.com.ar\/blog\/wp-content\/uploads\/Captura-de-pantalla-2024-01-03-122956.png?fit=890%2C514&ssl=1&resize=350%2C200","width":350,"height":200,"srcset":"https:\/\/i0.wp.com\/larevistadigital.com.ar\/blog\/wp-content\/uploads\/Captura-de-pantalla-2024-01-03-122956.png?fit=890%2C514&ssl=1&resize=350%2C200 1x, https:\/\/i0.wp.com\/larevistadigital.com.ar\/blog\/wp-content\/uploads\/Captura-de-pantalla-2024-01-03-122956.png?fit=890%2C514&ssl=1&resize=525%2C300 1.5x, https:\/\/i0.wp.com\/larevistadigital.com.ar\/blog\/wp-content\/uploads\/Captura-de-pantalla-2024-01-03-122956.png?fit=890%2C514&ssl=1&resize=700%2C400 2x"},"classes":[]},{"id":28676,"url":"https:\/\/larevistadigital.com.ar\/blog\/atencion-canuelas-pondran-reductores-de-velocidad-en-cinco-puntos-fijos-en-la-ruta-205\/","url_meta":{"origin":39400,"position":2},"title":"ATENCI\u00d3N CA\u00d1UELAS: PONDR\u00c1N REDUCTORES DE VELOCIDAD EN CINCO PUNTOS FIJOS EN LA RUTA 205","author":"Alejandro Sosa Ruda","date":"30 octubre, 2022","format":false,"excerpt":"La disposici\u00f3n fue firmada el 21 de octubre por el titular de la ANSV, Pablo Mart\u00ednez Carignano. Se sumar\u00e1n al radar m\u00f3vil que ya se encuentra operativo. Se estima que estos radares estar\u00e1n operativos antes de la finalizaci\u00f3n del verano. 30 de octubre de 2023 Mediante la disposici\u00f3n 779\/2022, la\u2026","rel":"","context":"En \u00abREGIONALES\u00bb","block_context":{"text":"REGIONALES","link":"https:\/\/larevistadigital.com.ar\/blog\/category\/regionales\/"},"img":{"alt_text":"","src":"https:\/\/i0.wp.com\/larevistadigital.com.ar\/blog\/wp-content\/uploads\/20221030130203_multa.jpg?fit=880%2C512&ssl=1&resize=350%2C200","width":350,"height":200,"srcset":"https:\/\/i0.wp.com\/larevistadigital.com.ar\/blog\/wp-content\/uploads\/20221030130203_multa.jpg?fit=880%2C512&ssl=1&resize=350%2C200 1x, https:\/\/i0.wp.com\/larevistadigital.com.ar\/blog\/wp-content\/uploads\/20221030130203_multa.jpg?fit=880%2C512&ssl=1&resize=525%2C300 1.5x, https:\/\/i0.wp.com\/larevistadigital.com.ar\/blog\/wp-content\/uploads\/20221030130203_multa.jpg?fit=880%2C512&ssl=1&resize=700%2C400 2x"},"classes":[]},{"id":23157,"url":"https:\/\/larevistadigital.com.ar\/blog\/qepd-fallece-joven-chascomunense-en-accidente-en-la-ruta\/","url_meta":{"origin":39400,"position":3},"title":"QEPD: FALLECE JOVEN CHASCOMUNENSE EN ACCIDENTE EN LA RUTA","author":"Alejandro Sosa Ruda","date":"2 enero, 2022","format":false,"excerpt":"CHASCOM\u00daS -\u00a0 Seg\u00fan inform\u00f3 el periodista Sergio Tony Peralta en su perfil de Facebook, la chascomunense Paola Gaillard de 38 a\u00f1os de edad falleci\u00f3 en la noche del 31\/12\/2021en un accidente en ruta 6 km 97. La Ford Ranger era conducida por el marido de la v\u00edctima y viajaban a\u2026","rel":"","context":"En \u00abDESTACADAS\u00bb","block_context":{"text":"DESTACADAS","link":"https:\/\/larevistadigital.com.ar\/blog\/category\/destacadas\/"},"img":{"alt_text":"","src":"https:\/\/i0.wp.com\/larevistadigital.com.ar\/blog\/wp-content\/uploads\/Captura-de-pantalla-2022-01-02-000844.jpg?fit=772%2C580&ssl=1&resize=350%2C200","width":350,"height":200,"srcset":"https:\/\/i0.wp.com\/larevistadigital.com.ar\/blog\/wp-content\/uploads\/Captura-de-pantalla-2022-01-02-000844.jpg?fit=772%2C580&ssl=1&resize=350%2C200 1x, https:\/\/i0.wp.com\/larevistadigital.com.ar\/blog\/wp-content\/uploads\/Captura-de-pantalla-2022-01-02-000844.jpg?fit=772%2C580&ssl=1&resize=525%2C300 1.5x, https:\/\/i0.wp.com\/larevistadigital.com.ar\/blog\/wp-content\/uploads\/Captura-de-pantalla-2022-01-02-000844.jpg?fit=772%2C580&ssl=1&resize=700%2C400 2x"},"classes":[]},{"id":31267,"url":"https:\/\/larevistadigital.com.ar\/blog\/canuelas-en-un-choque-multiple-en-la-ruta-6-cuatro-vehiculos-quedaron-apilados\/","url_meta":{"origin":39400,"position":4},"title":"CA\u00d1UELAS: EN UN CHOQUE M\u00daLTIPLE EN LA RUTA 6, CUATRO VEH\u00cdCULOS QUEDARON APILADOS","author":"Alejandro Sosa Ruda","date":"27 abril, 2023","format":false,"excerpt":"Luego de dos horas de trabajo, personal de Bomberos Voluntarios con la colaboraci\u00f3n de personal sanitario, policial, de Gendarmer\u00eda y de la Guardia Urbana logr\u00f3 extraer a todos los ocupantes que hab\u00edan quedado atrapados en los habit\u00e1culos. Se registraron varios heridos. 27 de abril de 2023 CA\u00d1UELAS -\u00a0 Un brutal\u2026","rel":"","context":"En \u00abINTERES GENERAL\u00bb","block_context":{"text":"INTERES GENERAL","link":"https:\/\/larevistadigital.com.ar\/blog\/category\/interes-general\/"},"img":{"alt_text":"","src":"https:\/\/i0.wp.com\/larevistadigital.com.ar\/blog\/wp-content\/uploads\/20230427140109_canu.jpg?fit=880%2C512&ssl=1&resize=350%2C200","width":350,"height":200,"srcset":"https:\/\/i0.wp.com\/larevistadigital.com.ar\/blog\/wp-content\/uploads\/20230427140109_canu.jpg?fit=880%2C512&ssl=1&resize=350%2C200 1x, https:\/\/i0.wp.com\/larevistadigital.com.ar\/blog\/wp-content\/uploads\/20230427140109_canu.jpg?fit=880%2C512&ssl=1&resize=525%2C300 1.5x, https:\/\/i0.wp.com\/larevistadigital.com.ar\/blog\/wp-content\/uploads\/20230427140109_canu.jpg?fit=880%2C512&ssl=1&resize=700%2C400 2x"},"classes":[]},{"id":10876,"url":"https:\/\/larevistadigital.com.ar\/blog\/canuelas-choque-entre-dos-motos-de-la-policia-muere-joven-de-22-anos\/","url_meta":{"origin":39400,"position":5},"title":"CA\u00d1UELAS: CHOQUE ENTRE DOS MOTOS DE LA POLIC\u00cdA. MUERE J\u00d3VEN DE 22 A\u00d1OS","author":"Alejandro Sosa Ruda","date":"28 junio, 2019","format":false,"excerpt":"El tr\u00e1gico accidente ocurri\u00f3 en el kilometro 32 de la autopista Ezeiza-Ca\u00f1uelas,\u00a0cuando dos motos del Grupo de Polic\u00eda Motorizado se rozaron entre s\u00ed .\u00a0 Muri\u00f3 un agente de 22 a\u00f1os, y su compa\u00f1ero sufri\u00f3 graves heridas. El uniformado es\u00a0Pablo Sella, quien muri\u00f3 de forma inmediata luego de que impact\u00f3 contra\u2026","rel":"","context":"En \u00abREGIONALES\u00bb","block_context":{"text":"REGIONALES","link":"https:\/\/larevistadigital.com.ar\/blog\/category\/regionales\/"},"img":{"alt_text":"","src":"https:\/\/i0.wp.com\/larevistadigital.com.ar\/blog\/wp-content\/uploads\/Screenshot_3-3.jpg?fit=1014%2C672&ssl=1&resize=350%2C200","width":350,"height":200,"srcset":"https:\/\/i0.wp.com\/larevistadigital.com.ar\/blog\/wp-content\/uploads\/Screenshot_3-3.jpg?fit=1014%2C672&ssl=1&resize=350%2C200 1x, https:\/\/i0.wp.com\/larevistadigital.com.ar\/blog\/wp-content\/uploads\/Screenshot_3-3.jpg?fit=1014%2C672&ssl=1&resize=525%2C300 1.5x, https:\/\/i0.wp.com\/larevistadigital.com.ar\/blog\/wp-content\/uploads\/Screenshot_3-3.jpg?fit=1014%2C672&ssl=1&resize=700%2C400 2x"},"classes":[]}],"_links":{"self":[{"href":"https:\/\/larevistadigital.com.ar\/blog\/wp-json\/wp\/v2\/posts\/39400","targetHints":{"allow":["GET"]}}],"collection":[{"href":"https:\/\/larevistadigital.com.ar\/blog\/wp-json\/wp\/v2\/posts"}],"about":[{"href":"https:\/\/larevistadigital.com.ar\/blog\/wp-json\/wp\/v2\/types\/post"}],"author":[{"embeddable":true,"href":"https:\/\/larevistadigital.com.ar\/blog\/wp-json\/wp\/v2\/users\/3"}],"replies":[{"embeddable":true,"href":"https:\/\/larevistadigital.com.ar\/blog\/wp-json\/wp\/v2\/comments?post=39400"}],"version-history":[{"count":1,"href":"https:\/\/larevistadigital.com.ar\/blog\/wp-json\/wp\/v2\/posts\/39400\/revisions"}],"predecessor-version":[{"id":39402,"href":"https:\/\/larevistadigital.com.ar\/blog\/wp-json\/wp\/v2\/posts\/39400\/revisions\/39402"}],"wp:featuredmedia":[{"embeddable":true,"href":"https:\/\/larevistadigital.com.ar\/blog\/wp-json\/wp\/v2\/media\/39401"}],"wp:attachment":[{"href":"https:\/\/larevistadigital.com.ar\/blog\/wp-json\/wp\/v2\/media?parent=39400"}],"wp:term":[{"taxonomy":"category","embeddable":true,"href":"https:\/\/larevistadigital.com.ar\/blog\/wp-json\/wp\/v2\/categories?post=39400"},{"taxonomy":"post_tag","embeddable":true,"href":"https:\/\/larevistadigital.com.ar\/blog\/wp-json\/wp\/v2\/tags?post=39400"}],"curies":[{"name":"wp","href":"https:\/\/api.w.org\/{rel}","templated":true}]}}