{"id":39407,"date":"2025-04-17T00:04:12","date_gmt":"2025-04-17T03:04:12","guid":{"rendered":"https:\/\/larevistadigital.com.ar\/blog\/?p=39407"},"modified":"2025-04-17T00:04:12","modified_gmt":"2025-04-17T03:04:12","slug":"cierran-oficinas-de-arca-en-dolores-chascomus-y-pinamar-ajuste-con-impacto-local","status":"publish","type":"post","link":"https:\/\/larevistadigital.com.ar\/blog\/cierran-oficinas-de-arca-en-dolores-chascomus-y-pinamar-ajuste-con-impacto-local\/","title":{"rendered":"Cierran oficinas de ARCA en Dolores, Chascom\u00fas y Pinamar: ajuste con impacto local"},"content":{"rendered":"<h2 data-start=\"364\" data-end=\"537\"><strong data-start=\"364\" data-end=\"537\">Con la reestructuraci\u00f3n del organismo de recaudaci\u00f3n, cierran varias sedes en todo el pa\u00eds. En la regi\u00f3n, empleados a\u00fan no saben con certeza a d\u00f3nde deber\u00e1n presentarse.<\/strong><\/h2>\n<p>16 de Abril de 2025<\/p>\n<p class=\"\" data-start=\"539\" data-end=\"945\"><strong>BUENOS AIRES &#8211;\u00a0<\/strong> En el marco de un fuerte ajuste en la estructura estatal, este viernes fue el \u00faltimo d\u00eda de funcionamiento para las oficinas de la Agencia de Recaudaci\u00f3n y Control Aduanero (ARCA) en <strong data-start=\"722\" data-end=\"733\">Dolores<\/strong>, <strong data-start=\"735\" data-end=\"748\">Chascom\u00fas<\/strong> y <strong data-start=\"751\" data-end=\"762\">Pinamar<\/strong>, entre otras de todo el pa\u00eds. La decisi\u00f3n fue oficializada por el Decreto N\u00ba 13 del 6 de enero de 2025, que dispuso una reducci\u00f3n del organigrama hasta nivel de Subdirecci\u00f3n General.<\/p>\n<p class=\"\" data-start=\"947\" data-end=\"1399\">A partir de ahora, muchos de los trabajadores de estas delegaciones deber\u00e1n ser reubicados en sedes que seguir\u00e1n operativas. En el caso de Dolores, por ejemplo, se habla de posibles traslados a <strong data-start=\"1141\" data-end=\"1153\">Ca\u00f1uelas<\/strong> o <strong data-start=\"1156\" data-end=\"1168\">La Plata<\/strong>, aunque <strong data-start=\"1177\" data-end=\"1237\">hasta el momento no han recibido una notificaci\u00f3n formal<\/strong>. Las tareas que desempe\u00f1ar\u00e1n tambi\u00e9n siguen siendo una inc\u00f3gnita: se espera que pasen a cumplir funciones en \u00e1reas externas de ARCA, pero reina la incertidumbre.<\/p>\n<p class=\"\" data-start=\"1401\" data-end=\"1673\">De acuerdo con el Bolet\u00edn Oficial publicado el 28 de febrero, <strong data-start=\"1463\" data-end=\"1518\">solo permanecer\u00e1n operativas algunas oficinas clave<\/strong> en la provincia de Buenos Aires: <strong data-start=\"1552\" data-end=\"1611\">La Plata, Jun\u00edn, Mercedes, Mar del Plata y Bah\u00eda Blanca<\/strong>, junto con dependencias menores en <strong data-start=\"1647\" data-end=\"1657\">Tandil<\/strong> y <strong data-start=\"1660\" data-end=\"1672\">Necochea<\/strong>.<\/p>\n<p class=\"\" data-start=\"1675\" data-end=\"1720\"><strong>En cuanto a la reorganizaci\u00f3n jurisdiccional:<\/strong><\/p>\n<ul data-start=\"1722\" data-end=\"2244\">\n<li class=\"\" data-start=\"1722\" data-end=\"1927\">\n<p class=\"\" data-start=\"1724\" data-end=\"1927\"><strong data-start=\"1724\" data-end=\"1747\">La agencia La Plata<\/strong> absorber\u00e1 a los distritos de Brandsen, Berisso, Ensenada, Punta Indio, Magdalena, Castelli, Dolores, Gral. Guido, Tordillo, Maip\u00fa, Pila, Chascom\u00fas, General Paz y General Belgrano.<\/p>\n<\/li>\n<li class=\"\" data-start=\"1928\" data-end=\"2090\">\n<p class=\"\" data-start=\"1930\" data-end=\"2090\"><strong data-start=\"1930\" data-end=\"1947\">Mar del Plata<\/strong> tomar\u00e1 el control de Mar Chiquita, General Alvarado, General Pueyrred\u00f3n, General Lavalle, General Madariaga, La Costa, Pinamar y Villa Gesell.<\/p>\n<\/li>\n<li class=\"\" data-start=\"2091\" data-end=\"2171\">\n<p class=\"\" data-start=\"2093\" data-end=\"2171\"><strong data-start=\"2093\" data-end=\"2103\">Tandil<\/strong> manejar\u00e1 Ayacucho, Balcarce, Benito Ju\u00e1rez, Rauch, Azul y Tapalqu\u00e9.<\/p>\n<\/li>\n<li class=\"\" data-start=\"2172\" data-end=\"2244\">\n<p class=\"\" data-start=\"2174\" data-end=\"2244\"><strong data-start=\"2174\" data-end=\"2186\">Necochea<\/strong> tendr\u00e1 bajo su \u00f3rbita a Lober\u00eda, Necochea y San Cayetano.<\/p>\n<\/li>\n<\/ul>\n<p class=\"\" data-start=\"2246\" data-end=\"2389\">Mientras tanto, <strong data-start=\"2262\" data-end=\"2323\">la incertidumbre y el malestar crecen entre los empleados<\/strong>, que todav\u00eda esperan definiciones claras sobre su futuro laboral.<\/p>\n","protected":false},"excerpt":{"rendered":"<div class=\"mh-excerpt\"><p>Con la reestructuraci\u00f3n del organismo de recaudaci\u00f3n, cierran varias sedes en todo el pa\u00eds. En la regi\u00f3n, empleados a\u00fan no saben con certeza a d\u00f3nde deber\u00e1n presentarse. 16 de Abril de 2025 BUENOS AIRES &#8211;\u00a0 <a class=\"mh-excerpt-more\" href=\"https:\/\/larevistadigital.com.ar\/blog\/cierran-oficinas-de-arca-en-dolores-chascomus-y-pinamar-ajuste-con-impacto-local\/\" title=\"Cierran oficinas de ARCA en Dolores, Chascom\u00fas y Pinamar: ajuste con impacto local\">[Leer M\u00e1s]<\/a><\/p>\n<\/div>","protected":false},"author":3,"featured_media":39410,"comment_status":"open","ping_status":"open","sticky":false,"template":"","format":"standard","meta":{"_jetpack_memberships_contains_paid_content":false,"footnotes":"","jetpack_publicize_message":"","jetpack_publicize_feature_enabled":true,"jetpack_social_post_already_shared":true,"jetpack_social_options":{"image_generator_settings":{"template":"highway","default_image_id":0,"font":"","enabled":false},"version":2}},"categories":[41],"tags":[],"class_list":{"0":"post-39407","1":"post","2":"type-post","3":"status-publish","4":"format-standard","5":"has-post-thumbnail","7":"category-destacadas"},"jetpack_publicize_connections":[],"jetpack_featured_media_url":"https:\/\/i0.wp.com\/larevistadigital.com.ar\/blog\/wp-content\/uploads\/35.jpg?fit=1920%2C1080&ssl=1","jetpack_sharing_enabled":true,"jetpack_shortlink":"https:\/\/wp.me\/p8qtrQ-afB","jetpack-related-posts":[{"id":38948,"url":"https:\/\/larevistadigital.com.ar\/blog\/cierres-y-despidos-en-arca-el-ajuste-que-golpea-a-trabajadores-y-municipios\/","url_meta":{"origin":39407,"position":0},"title":"Cierres y despidos en ARCA: el ajuste que golpea a trabajadores y municipios","author":"Alejandro Sosa Ruda","date":"8 marzo, 2025","format":false,"excerpt":"Un recorte que desmantela la recaudaci\u00f3n fiscal 08 de Marzo de 2025 El gobierno de Javier Milei avanza con una reestructuraci\u00f3n en la Agencia de Regulaci\u00f3n y Control Aduanero (ARCA), ex AFIP, que significar\u00e1 el despido de al menos 695 trabajadores y el cierre de oficinas clave en la provincia\u2026","rel":"","context":"En \u00abINTERES GENERAL\u00bb","block_context":{"text":"INTERES GENERAL","link":"https:\/\/larevistadigital.com.ar\/blog\/category\/interes-general\/"},"img":{"alt_text":"","src":"https:\/\/i0.wp.com\/larevistadigital.com.ar\/blog\/wp-content\/uploads\/Captura-de-pantalla-2025-03-08-110032.jpg?fit=794%2C439&ssl=1&resize=350%2C200","width":350,"height":200,"srcset":"https:\/\/i0.wp.com\/larevistadigital.com.ar\/blog\/wp-content\/uploads\/Captura-de-pantalla-2025-03-08-110032.jpg?fit=794%2C439&ssl=1&resize=350%2C200 1x, https:\/\/i0.wp.com\/larevistadigital.com.ar\/blog\/wp-content\/uploads\/Captura-de-pantalla-2025-03-08-110032.jpg?fit=794%2C439&ssl=1&resize=525%2C300 1.5x, https:\/\/i0.wp.com\/larevistadigital.com.ar\/blog\/wp-content\/uploads\/Captura-de-pantalla-2025-03-08-110032.jpg?fit=794%2C439&ssl=1&resize=700%2C400 2x"},"classes":[]},{"id":39760,"url":"https:\/\/larevistadigital.com.ar\/blog\/cierran-el-tren-a-pinamar-y-trasladan-a-los-trabajadores-sin-viaticos-ni-respuestas\/","url_meta":{"origin":39407,"position":1},"title":"Cierran el tren a Pinamar y trasladan a los trabajadores sin vi\u00e1ticos ni respuestas","author":"Alejandro Sosa Ruda","date":"15 mayo, 2025","format":false,"excerpt":"Ferrocarriles Argentinos anunci\u00f3 el cierre del ramal Constituci\u00f3n\u2013Divisadero de Pinamar a partir del 1 de junio. El personal ser\u00e1 reubicado sobre la Ruta 2, pero sin ayuda econ\u00f3mica para afrontar el traslado. Crece la incertidumbre. 15 de Mayo de 2025 BUENOS AIRES -\u00a0 El ramal ferroviario que une la Ciudad\u2026","rel":"","context":"En \u00abREGIONALES\u00bb","block_context":{"text":"REGIONALES","link":"https:\/\/larevistadigital.com.ar\/blog\/category\/regionales\/"},"img":{"alt_text":"","src":"https:\/\/i0.wp.com\/larevistadigital.com.ar\/blog\/wp-content\/uploads\/e7a5fce9be404ebd96899cec1884fcd4e182000e.jpg?fit=1140%2C593&ssl=1&resize=350%2C200","width":350,"height":200,"srcset":"https:\/\/i0.wp.com\/larevistadigital.com.ar\/blog\/wp-content\/uploads\/e7a5fce9be404ebd96899cec1884fcd4e182000e.jpg?fit=1140%2C593&ssl=1&resize=350%2C200 1x, https:\/\/i0.wp.com\/larevistadigital.com.ar\/blog\/wp-content\/uploads\/e7a5fce9be404ebd96899cec1884fcd4e182000e.jpg?fit=1140%2C593&ssl=1&resize=525%2C300 1.5x, https:\/\/i0.wp.com\/larevistadigital.com.ar\/blog\/wp-content\/uploads\/e7a5fce9be404ebd96899cec1884fcd4e182000e.jpg?fit=1140%2C593&ssl=1&resize=700%2C400 2x, https:\/\/i0.wp.com\/larevistadigital.com.ar\/blog\/wp-content\/uploads\/e7a5fce9be404ebd96899cec1884fcd4e182000e.jpg?fit=1140%2C593&ssl=1&resize=1050%2C600 3x"},"classes":[]},{"id":21408,"url":"https:\/\/larevistadigital.com.ar\/blog\/carrio-compro-quesos-en-chascomus-y-condimentos-en-dolores\/","url_meta":{"origin":39407,"position":2},"title":"CARRI\u00d3 COMPR\u00d3 QUESOS EN CHASCOM\u00daS Y CONDIMENTOS EN DOLORES","author":"Alejandro Sosa Ruda","date":"6 agosto, 2021","format":false,"excerpt":"De\u00a0camino a Pinamar\u00a0la exdiputada nacional por la Coalici\u00f3n C\u00edvica ARI,\u00a0Elisa Carri\u00f3, par\u00f3 en Chascom\u00fas y Dolores para comprar productos regionales.\u00a0 La dirigente opositora al Gobierno public\u00f3 un tuit con un v\u00eddeo en la que se la ve en su auto, sentada en el asiento del acompa\u00f1ante con un queso en\u2026","rel":"","context":"En \u00abINTERES GENERAL\u00bb","block_context":{"text":"INTERES GENERAL","link":"https:\/\/larevistadigital.com.ar\/blog\/category\/interes-general\/"},"img":{"alt_text":"","src":"https:\/\/i0.wp.com\/larevistadigital.com.ar\/blog\/wp-content\/uploads\/ce8af0c5440f4714bd8eba6db8de22cef672fcfe.jpg?fit=1140%2C759&ssl=1&resize=350%2C200","width":350,"height":200,"srcset":"https:\/\/i0.wp.com\/larevistadigital.com.ar\/blog\/wp-content\/uploads\/ce8af0c5440f4714bd8eba6db8de22cef672fcfe.jpg?fit=1140%2C759&ssl=1&resize=350%2C200 1x, https:\/\/i0.wp.com\/larevistadigital.com.ar\/blog\/wp-content\/uploads\/ce8af0c5440f4714bd8eba6db8de22cef672fcfe.jpg?fit=1140%2C759&ssl=1&resize=525%2C300 1.5x, https:\/\/i0.wp.com\/larevistadigital.com.ar\/blog\/wp-content\/uploads\/ce8af0c5440f4714bd8eba6db8de22cef672fcfe.jpg?fit=1140%2C759&ssl=1&resize=700%2C400 2x, https:\/\/i0.wp.com\/larevistadigital.com.ar\/blog\/wp-content\/uploads\/ce8af0c5440f4714bd8eba6db8de22cef672fcfe.jpg?fit=1140%2C759&ssl=1&resize=1050%2C600 3x"},"classes":[]},{"id":45225,"url":"https:\/\/larevistadigital.com.ar\/blog\/ganancias-arca-mete-cambios-para-personas-fisicas\/","url_meta":{"origin":39407,"position":3},"title":"Ganancias: ARCA mete cambios para personas f\u00edsicas","author":"Alejandro Sosa Ruda","date":"20 abril, 2026","format":false,"excerpt":"ARCA modific\u00f3 el r\u00e9gimen simplificado de Ganancias y cambi\u00f3 la forma en que miles de contribuyentes deber\u00e1n presentar su declaraci\u00f3n anual. 20 de abril de 2026 La Agencia de Recaudaci\u00f3n y Control Aduanero (ARCA) oficializ\u00f3 cambios en el r\u00e9gimen del Impuesto a las Ganancias para personas f\u00edsicas y sucesiones indivisas,\u2026","rel":"","context":"En \u00abINTERES GENERAL\u00bb","block_context":{"text":"INTERES GENERAL","link":"https:\/\/larevistadigital.com.ar\/blog\/category\/interes-general\/"},"img":{"alt_text":"","src":"https:\/\/i0.wp.com\/larevistadigital.com.ar\/blog\/wp-content\/uploads\/Captura-de-pantalla-2026-04-20-230548.jpg?fit=798%2C421&ssl=1&resize=350%2C200","width":350,"height":200,"srcset":"https:\/\/i0.wp.com\/larevistadigital.com.ar\/blog\/wp-content\/uploads\/Captura-de-pantalla-2026-04-20-230548.jpg?fit=798%2C421&ssl=1&resize=350%2C200 1x, https:\/\/i0.wp.com\/larevistadigital.com.ar\/blog\/wp-content\/uploads\/Captura-de-pantalla-2026-04-20-230548.jpg?fit=798%2C421&ssl=1&resize=525%2C300 1.5x, https:\/\/i0.wp.com\/larevistadigital.com.ar\/blog\/wp-content\/uploads\/Captura-de-pantalla-2026-04-20-230548.jpg?fit=798%2C421&ssl=1&resize=700%2C400 2x"},"classes":[]},{"id":35776,"url":"https:\/\/larevistadigital.com.ar\/blog\/cierran-oficinas-de-correo-argentino-en-san-nicolas-ramallo-y-zarate\/","url_meta":{"origin":39407,"position":4},"title":"CIERRAN OFICINAS DE CORREO ARGENTINO EN SAN NICOL\u00c1S, RAMALLO Y Z\u00c1RATE","author":"Alejandro Sosa Ruda","date":"7 abril, 2024","format":false,"excerpt":"El gobierno nacional ha procedido al cierre de varias sucursales del Correo Argentino en localidades de los partidos de San Nicol\u00e1s, Ramallo, Z\u00e1rate, San Pedro y San Fernando. Lamentablemente ahora, miles de vecinos que residen en los pueblos afectados por la medida, deber\u00e1n recorrer varios kil\u00f3metros para recibir o enviar\u2026","rel":"","context":"En \u00abREGIONALES\u00bb","block_context":{"text":"REGIONALES","link":"https:\/\/larevistadigital.com.ar\/blog\/category\/regionales\/"},"img":{"alt_text":"","src":"https:\/\/i0.wp.com\/larevistadigital.com.ar\/blog\/wp-content\/uploads\/20240406121139_correo-argentino-logo.jpg?fit=880%2C512&ssl=1&resize=350%2C200","width":350,"height":200,"srcset":"https:\/\/i0.wp.com\/larevistadigital.com.ar\/blog\/wp-content\/uploads\/20240406121139_correo-argentino-logo.jpg?fit=880%2C512&ssl=1&resize=350%2C200 1x, https:\/\/i0.wp.com\/larevistadigital.com.ar\/blog\/wp-content\/uploads\/20240406121139_correo-argentino-logo.jpg?fit=880%2C512&ssl=1&resize=525%2C300 1.5x, https:\/\/i0.wp.com\/larevistadigital.com.ar\/blog\/wp-content\/uploads\/20240406121139_correo-argentino-logo.jpg?fit=880%2C512&ssl=1&resize=700%2C400 2x"},"classes":[]},{"id":41271,"url":"https:\/\/larevistadigital.com.ar\/blog\/alerto-la-municipalidad-por-estafas-virtuales\/","url_meta":{"origin":39407,"position":5},"title":"Alert\u00f3 la municipalidad por estafas virtuales","author":"Alejandro Sosa Ruda","date":"3 septiembre, 2025","format":false,"excerpt":"La Municipalidad de Chascom\u00fas advirti\u00f3 sobre nuevos intentos de estafas virtuales, conocidos como \u201cestafa ARCA\u201d, que utilizan correos electr\u00f3nicos falsos para enga\u00f1ar a los contribuyentes. 03 de Septiembre de 2025 CHASCOM\u00daS -\u00a0 \u00a0Seg\u00fan se inform\u00f3, el mecanismo consiste en mensajes que aparentan provenir de la Agencia de Recaudaci\u00f3n y Control\u2026","rel":"","context":"En \u00abINTERES GENERAL\u00bb","block_context":{"text":"INTERES GENERAL","link":"https:\/\/larevistadigital.com.ar\/blog\/category\/interes-general\/"},"img":{"alt_text":"","src":"https:\/\/i0.wp.com\/larevistadigital.com.ar\/blog\/wp-content\/uploads\/68b71d82a1052.png?fit=668%2C445&ssl=1&resize=350%2C200","width":350,"height":200,"srcset":"https:\/\/i0.wp.com\/larevistadigital.com.ar\/blog\/wp-content\/uploads\/68b71d82a1052.png?fit=668%2C445&ssl=1&resize=350%2C200 1x, https:\/\/i0.wp.com\/larevistadigital.com.ar\/blog\/wp-content\/uploads\/68b71d82a1052.png?fit=668%2C445&ssl=1&resize=525%2C300 1.5x"},"classes":[]}],"_links":{"self":[{"href":"https:\/\/larevistadigital.com.ar\/blog\/wp-json\/wp\/v2\/posts\/39407","targetHints":{"allow":["GET"]}}],"collection":[{"href":"https:\/\/larevistadigital.com.ar\/blog\/wp-json\/wp\/v2\/posts"}],"about":[{"href":"https:\/\/larevistadigital.com.ar\/blog\/wp-json\/wp\/v2\/types\/post"}],"author":[{"embeddable":true,"href":"https:\/\/larevistadigital.com.ar\/blog\/wp-json\/wp\/v2\/users\/3"}],"replies":[{"embeddable":true,"href":"https:\/\/larevistadigital.com.ar\/blog\/wp-json\/wp\/v2\/comments?post=39407"}],"version-history":[{"count":1,"href":"https:\/\/larevistadigital.com.ar\/blog\/wp-json\/wp\/v2\/posts\/39407\/revisions"}],"predecessor-version":[{"id":39411,"href":"https:\/\/larevistadigital.com.ar\/blog\/wp-json\/wp\/v2\/posts\/39407\/revisions\/39411"}],"wp:featuredmedia":[{"embeddable":true,"href":"https:\/\/larevistadigital.com.ar\/blog\/wp-json\/wp\/v2\/media\/39410"}],"wp:attachment":[{"href":"https:\/\/larevistadigital.com.ar\/blog\/wp-json\/wp\/v2\/media?parent=39407"}],"wp:term":[{"taxonomy":"category","embeddable":true,"href":"https:\/\/larevistadigital.com.ar\/blog\/wp-json\/wp\/v2\/categories?post=39407"},{"taxonomy":"post_tag","embeddable":true,"href":"https:\/\/larevistadigital.com.ar\/blog\/wp-json\/wp\/v2\/tags?post=39407"}],"curies":[{"name":"wp","href":"https:\/\/api.w.org\/{rel}","templated":true}]}}