{"id":39412,"date":"2025-04-18T12:00:53","date_gmt":"2025-04-18T15:00:53","guid":{"rendered":"https:\/\/larevistadigital.com.ar\/blog\/?p=39412"},"modified":"2025-04-18T12:00:53","modified_gmt":"2025-04-18T15:00:53","slug":"el-significado-de-la-semana-santa-y-sus-tradiciones-entre-la-fe-la-reflexion-y-la-celebracion","status":"publish","type":"post","link":"https:\/\/larevistadigital.com.ar\/blog\/el-significado-de-la-semana-santa-y-sus-tradiciones-entre-la-fe-la-reflexion-y-la-celebracion\/","title":{"rendered":"El significado de la Semana Santa y sus tradiciones: entre la fe, la reflexi\u00f3n y la celebraci\u00f3n"},"content":{"rendered":"<p class=\"\" data-start=\"304\" data-end=\"623\">La Semana Santa es una de las conmemoraciones m\u00e1s importantes para el cristianismo, ya que recuerda los \u00faltimos d\u00edas de <strong>Jesucristo<\/strong> en la Tierra: su pasi\u00f3n, muerte y resurrecci\u00f3n. Es un tiempo de reflexi\u00f3n espiritual, recogimiento y celebraci\u00f3n que comienza el <strong data-start=\"564\" data-end=\"584\">Domingo de Ramos<\/strong> y culmina en el <strong data-start=\"601\" data-end=\"622\">Domingo de Pascua<\/strong>.<\/p>\n<p class=\"\" data-start=\"625\" data-end=\"766\">Durante esta semana se reviven los momentos m\u00e1s intensos de la vida de <strong>Jes\u00fas<\/strong>, y cada d\u00eda tiene un profundo significado simb\u00f3lico y religioso.<\/p>\n<h3 class=\"\" data-start=\"773\" data-end=\"805\"><span style=\"color: #ff0000\">\u00a0\u00bfQu\u00e9 representa cada d\u00eda?<\/span><\/h3>\n<h4 class=\"\" data-start=\"807\" data-end=\"830\"><strong data-start=\"812\" data-end=\"828\">Jueves Santo<\/strong><\/h4>\n<p class=\"\" data-start=\"831\" data-end=\"1162\">Conmemora la <strong data-start=\"844\" data-end=\"859\">\u00daltima Cena<\/strong> de Jes\u00fas con sus disc\u00edpulos, donde instituy\u00f3 la <strong data-start=\"908\" data-end=\"922\">Eucarist\u00eda<\/strong> y el <strong data-start=\"928\" data-end=\"942\">sacerdocio<\/strong>. Tambi\u00e9n se recuerda el gesto de humildad de Jes\u00fas al lavar los pies de sus ap\u00f3stoles. En muchas iglesias se realiza la tradicional misa con el lavatorio de pies, y es una jornada dedicada a la reflexi\u00f3n y a la oraci\u00f3n.<\/p>\n<h4 class=\"\" data-start=\"1164\" data-end=\"1188\"><strong data-start=\"1169\" data-end=\"1186\">Viernes Santo<\/strong><\/h4>\n<p class=\"\" data-start=\"1189\" data-end=\"1508\">Es el d\u00eda m\u00e1s solemne. Se recuerda la <strong data-start=\"1227\" data-end=\"1266\">Pasi\u00f3n y Muerte de Jes\u00fas en la cruz<\/strong>. Es un d\u00eda de luto, silencio y ayuno para los creyentes. No se celebra misa, pero se realizan <strong data-start=\"1361\" data-end=\"1376\">v\u00edas crucis<\/strong>, liturgias de la pasi\u00f3n y momentos de recogimiento. La cruz, el sufrimiento y el sacrificio de Jes\u00fas son el centro de esta jornada.<\/p>\n<h4 class=\"\" data-start=\"1510\" data-end=\"1533\"><strong data-start=\"1515\" data-end=\"1531\">S\u00e1bado Santo<\/strong><\/h4>\n<p class=\"\" data-start=\"1534\" data-end=\"1806\">Es un d\u00eda de espera y silencio. Jes\u00fas ha sido sepultado, y sus seguidores viven el duelo. Por la noche se celebra la <strong data-start=\"1651\" data-end=\"1670\">Vigilia Pascual<\/strong>, una ceremonia cargada de s\u00edmbolos (el fuego, el agua, la luz) que representa el paso de la oscuridad a la luz, de la muerte a la vida.<\/p>\n<h4 class=\"\" data-start=\"1808\" data-end=\"1836\"><strong data-start=\"1813\" data-end=\"1834\">Domingo de Pascua<\/strong><\/h4>\n<p class=\"\" data-start=\"1837\" data-end=\"2083\">Es el d\u00eda m\u00e1s importante para los cristianos: <strong data-start=\"1883\" data-end=\"1901\">Jes\u00fas resucita<\/strong>, venciendo la muerte y el pecado. Es una fiesta de alegr\u00eda, esperanza y renovaci\u00f3n espiritual. Se celebra con misas, c\u00e1nticos y manifestaciones de j\u00fabilo en todo el mundo cristiano.<\/p>\n<h3 class=\"\" data-start=\"2090\" data-end=\"2150\"><span style=\"color: #ff0000\">\u00bfPor qu\u00e9 se regalan huevos de Pascua y se come rosca?<\/span><\/h3>\n<h4 class=\"\" data-start=\"2152\" data-end=\"2181\"><strong data-start=\"2157\" data-end=\"2179\">El huevo de Pascua<\/strong><\/h4>\n<p class=\"\" data-start=\"2182\" data-end=\"2511\">Desde la antig\u00fcedad, el huevo simboliza el inicio de la vida. En la Pascua cristiana, representa la <strong data-start=\"2282\" data-end=\"2307\">resurrecci\u00f3n de Jes\u00fas<\/strong> y el renacer espiritual. La costumbre de regalar huevos decorados, y luego de chocolate, se fue extendiendo en Europa y Am\u00e9rica. Hoy es una de las tradiciones m\u00e1s populares, especialmente para los ni\u00f1os.<\/p>\n<h4 class=\"\" data-start=\"2513\" data-end=\"2542\"><strong data-start=\"2518\" data-end=\"2540\">La rosca de Pascua<\/strong><\/h4>\n<p class=\"\" data-start=\"2543\" data-end=\"2824\">La <strong data-start=\"2546\" data-end=\"2555\">rosca<\/strong>, generalmente con forma circular (s\u00edmbolo del ciclo eterno de la vida), decorada con frutas abrillantadas, crema pastelera o huevos, es un cl\u00e1sico en muchas mesas durante el Domingo de Pascua. Se comparte en familia como s\u00edmbolo de uni\u00f3n y alegr\u00eda por la resurrecci\u00f3n.<\/p>\n<h3 class=\"\" data-start=\"2831\" data-end=\"2861\">M\u00e1s all\u00e1 de lo religioso<\/h3>\n<p class=\"\" data-start=\"2863\" data-end=\"3223\">Para muchos, la Semana Santa tambi\u00e9n es un momento de <strong data-start=\"2917\" data-end=\"2941\">reencuentro familiar<\/strong>, de descanso y reflexi\u00f3n, sin importar cu\u00e1n religiosa sea su pr\u00e1ctica. Las tradiciones como no comer carne los viernes, visitar siete iglesias o participar en celebraciones lit\u00fargicas, se entrelazan con la cultura popular y forman parte del patrimonio espiritual de muchos pueblos.<\/p>\n","protected":false},"excerpt":{"rendered":"<div class=\"mh-excerpt\"><p>La Semana Santa es una de las conmemoraciones m\u00e1s importantes para el cristianismo, ya que recuerda los \u00faltimos d\u00edas de Jesucristo en la Tierra: su pasi\u00f3n, muerte y resurrecci\u00f3n. Es un tiempo de reflexi\u00f3n espiritual, <a class=\"mh-excerpt-more\" href=\"https:\/\/larevistadigital.com.ar\/blog\/el-significado-de-la-semana-santa-y-sus-tradiciones-entre-la-fe-la-reflexion-y-la-celebracion\/\" title=\"El significado de la Semana Santa y sus tradiciones: entre la fe, la reflexi\u00f3n y la celebraci\u00f3n\">[Leer M\u00e1s]<\/a><\/p>\n<\/div>","protected":false},"author":3,"featured_media":39415,"comment_status":"open","ping_status":"open","sticky":false,"template":"","format":"standard","meta":{"_jetpack_memberships_contains_paid_content":false,"footnotes":"","jetpack_publicize_message":"","jetpack_publicize_feature_enabled":true,"jetpack_social_post_already_shared":true,"jetpack_social_options":{"image_generator_settings":{"template":"highway","default_image_id":0,"font":"","enabled":false},"version":2}},"categories":[41],"tags":[],"class_list":{"0":"post-39412","1":"post","2":"type-post","3":"status-publish","4":"format-standard","5":"has-post-thumbnail","7":"category-destacadas"},"jetpack_publicize_connections":[],"jetpack_featured_media_url":"https:\/\/i0.wp.com\/larevistadigital.com.ar\/blog\/wp-content\/uploads\/ChatGPT-Image-18-abr-2025-12_00_05-p.m.png?fit=1024%2C1024&ssl=1","jetpack_sharing_enabled":true,"jetpack_shortlink":"https:\/\/wp.me\/p8qtrQ-afG","jetpack-related-posts":[{"id":5287,"url":"https:\/\/larevistadigital.com.ar\/blog\/eventos-programados-para-la-semana-santa\/","url_meta":{"origin":39412,"position":0},"title":"Eventos programados para la Semana Santa","author":"admin","date":"29 marzo, 2018","format":false,"excerpt":"Los siguientes son los eventos programados para esta Semana Santa, que presidir\u00e1 nuestro P\u00e1rroco el Padre Claudio Munilla. Hoy, lunes 26, a las 18 horas habr\u00e1 confesiones en el templo, a las 19 celebraci\u00f3n de la Santa Misa y a las 19,30 meditaci\u00f3n \u201cRito del fuego y de la Luz\u201d.\u2026","rel":"","context":"En \u00abPILA\u00bb","block_context":{"text":"PILA","link":"https:\/\/larevistadigital.com.ar\/blog\/category\/pila\/"},"img":{"alt_text":"","src":"https:\/\/i0.wp.com\/larevistadigital.com.ar\/blog\/wp-content\/uploads\/2018\/03\/pila2_26demarzode2108_elfuerte.jpg?fit=737%2C415&ssl=1&resize=350%2C200","width":350,"height":200,"srcset":"https:\/\/i0.wp.com\/larevistadigital.com.ar\/blog\/wp-content\/uploads\/2018\/03\/pila2_26demarzode2108_elfuerte.jpg?fit=737%2C415&ssl=1&resize=350%2C200 1x, https:\/\/i0.wp.com\/larevistadigital.com.ar\/blog\/wp-content\/uploads\/2018\/03\/pila2_26demarzode2108_elfuerte.jpg?fit=737%2C415&ssl=1&resize=525%2C300 1.5x, https:\/\/i0.wp.com\/larevistadigital.com.ar\/blog\/wp-content\/uploads\/2018\/03\/pila2_26demarzode2108_elfuerte.jpg?fit=737%2C415&ssl=1&resize=700%2C400 2x"},"classes":[]},{"id":29123,"url":"https:\/\/larevistadigital.com.ar\/blog\/confirman-un-aumento-del-50-en-los-casos-de-covid-en-argentina-en-la-ultima-semana\/","url_meta":{"origin":39412,"position":1},"title":"CONFIRMAN UN AUMENTO DEL 50% EN LOS CASOS DE COVID EN ARGENTINA EN LA \u00daLTIMA SEMANA","author":"Alejandro Sosa Ruda","date":"27 noviembre, 2022","format":false,"excerpt":"Este domingo se informaron 3.323 nuevos contagios de coronavirus y seis muertes en todo el territorio nacional. 27 de noviembre de 2022 El Ministerio de Salud report\u00f3 este domingo\u00a0ocho muertes por coronavirus y 3.323 contagios\u00a0en la \u00faltima semana en\u00a0Argentina, lo que representa\u00a0un 50% m\u00e1s de casos que el domingo pasado\u2026","rel":"","context":"En \u00abINTERES GENERAL\u00bb","block_context":{"text":"INTERES GENERAL","link":"https:\/\/larevistadigital.com.ar\/blog\/category\/interes-general\/"},"img":{"alt_text":"","src":"https:\/\/i0.wp.com\/larevistadigital.com.ar\/blog\/wp-content\/uploads\/1643629303592.jpg?fit=1200%2C594&ssl=1&resize=350%2C200","width":350,"height":200,"srcset":"https:\/\/i0.wp.com\/larevistadigital.com.ar\/blog\/wp-content\/uploads\/1643629303592.jpg?fit=1200%2C594&ssl=1&resize=350%2C200 1x, https:\/\/i0.wp.com\/larevistadigital.com.ar\/blog\/wp-content\/uploads\/1643629303592.jpg?fit=1200%2C594&ssl=1&resize=525%2C300 1.5x, https:\/\/i0.wp.com\/larevistadigital.com.ar\/blog\/wp-content\/uploads\/1643629303592.jpg?fit=1200%2C594&ssl=1&resize=700%2C400 2x, https:\/\/i0.wp.com\/larevistadigital.com.ar\/blog\/wp-content\/uploads\/1643629303592.jpg?fit=1200%2C594&ssl=1&resize=1050%2C600 3x"},"classes":[]},{"id":9765,"url":"https:\/\/larevistadigital.com.ar\/blog\/chascomus-variadas-e-interesantes-propuestas-para-semana-santa\/","url_meta":{"origin":39412,"position":2},"title":"CHASCOM\u00daS: VARIADAS E INTERESANTES PROPUESTAS PARA SEMANA SANTA","author":"Alejandro Sosa Ruda","date":"18 abril, 2019","format":false,"excerpt":"En el marco de lo que ser\u00e1 el fin de semana largo de Semana Santa, desde la Secretar\u00eda de Planificaci\u00f3n y Turismo en conjunto con todas las dependencias municipales se organizaron diferentes alternativas para ofrecer a vecinos, turistas y visitantes gran cantidad de propuestas. Visitas guiadas dramatizadas en Casa de\u2026","rel":"","context":"En \u00abCHASCOM\u00daS\u00bb","block_context":{"text":"CHASCOM\u00daS","link":"https:\/\/larevistadigital.com.ar\/blog\/category\/chascomus\/"},"img":{"alt_text":"","src":"https:\/\/i0.wp.com\/larevistadigital.com.ar\/blog\/wp-content\/uploads\/2019\/04\/57503733_2387622537925284_6439676554040573952_n.jpg?fit=600%2C400&ssl=1&resize=350%2C200","width":350,"height":200,"srcset":"https:\/\/i0.wp.com\/larevistadigital.com.ar\/blog\/wp-content\/uploads\/2019\/04\/57503733_2387622537925284_6439676554040573952_n.jpg?fit=600%2C400&ssl=1&resize=350%2C200 1x, https:\/\/i0.wp.com\/larevistadigital.com.ar\/blog\/wp-content\/uploads\/2019\/04\/57503733_2387622537925284_6439676554040573952_n.jpg?fit=600%2C400&ssl=1&resize=525%2C300 1.5x"},"classes":[]},{"id":39155,"url":"https:\/\/larevistadigital.com.ar\/blog\/chascomus-nace-renacer-peronista-un-nuevo-espacio-de-reflexion-y-propuesta\/","url_meta":{"origin":39412,"position":3},"title":"Chascom\u00fas: Nace \u00abRenacer Peronista\u00bb. Un nuevo espacio de reflexi\u00f3n y propuesta","author":"Alejandro Sosa Ruda","date":"27 marzo, 2025","format":false,"excerpt":"Militantes autoconvocados buscan recuperar las ideas fundantes del movimiento y el \u201cRenacer Peronista\u201d. 27 de Marzo de 2025 COMUNICADO: CHASCOM\u00daS -\u00a0 Un grupo de peronistas autoconvocados que ha ocupado cargos partidarios, deliberativos, gremiales y militantes se reunieron para conversar y analizar la situaci\u00f3n pol\u00edtica nacional, provincial y municipal, Y\u00a0 constituir\u2026","rel":"","context":"En \u00abCHASCOM\u00daS\u00bb","block_context":{"text":"CHASCOM\u00daS","link":"https:\/\/larevistadigital.com.ar\/blog\/category\/chascomus\/"},"img":{"alt_text":"","src":"https:\/\/i0.wp.com\/larevistadigital.com.ar\/blog\/wp-content\/uploads\/WhatsApp-Image-2025-03-27-at-15.06.22.jpeg?fit=1200%2C784&ssl=1&resize=350%2C200","width":350,"height":200,"srcset":"https:\/\/i0.wp.com\/larevistadigital.com.ar\/blog\/wp-content\/uploads\/WhatsApp-Image-2025-03-27-at-15.06.22.jpeg?fit=1200%2C784&ssl=1&resize=350%2C200 1x, https:\/\/i0.wp.com\/larevistadigital.com.ar\/blog\/wp-content\/uploads\/WhatsApp-Image-2025-03-27-at-15.06.22.jpeg?fit=1200%2C784&ssl=1&resize=525%2C300 1.5x, https:\/\/i0.wp.com\/larevistadigital.com.ar\/blog\/wp-content\/uploads\/WhatsApp-Image-2025-03-27-at-15.06.22.jpeg?fit=1200%2C784&ssl=1&resize=700%2C400 2x, https:\/\/i0.wp.com\/larevistadigital.com.ar\/blog\/wp-content\/uploads\/WhatsApp-Image-2025-03-27-at-15.06.22.jpeg?fit=1200%2C784&ssl=1&resize=1050%2C600 3x"},"classes":[]},{"id":2944,"url":"https:\/\/larevistadigital.com.ar\/blog\/el-126-aniversario-lo-festejamos-juntos\/","url_meta":{"origin":39412,"position":4},"title":"EL 126\u00b0 ANIVERSARIO LO FESTEJAMOS JUNTOS","author":"admin","date":"4 agosto, 2017","format":false,"excerpt":"El municipio de General Belgrano esta invitando el pr\u00f3ximo Domingo 6 de Agosto a partir de las 12 Hs. a la celebraci\u00f3n de sus 126\u00ba Aniversario. donde habr\u00e1 entre otras cosas, Desfile, Locro, Chocolate, Torta y diferentes Shows en el transcurso de la jornada. El Intendente Osvaldo Dinapoli decidi\u00f3 postergar\u2026","rel":"","context":"En \u00abGENERAL BELGRANO\u00bb","block_context":{"text":"GENERAL BELGRANO","link":"https:\/\/larevistadigital.com.ar\/blog\/category\/general-belgrano\/"},"img":{"alt_text":"","src":"https:\/\/i0.wp.com\/larevistadigital.com.ar\/blog\/wp-content\/uploads\/2017\/08\/20597256_866931530127886_3968720181710173499_n.jpg?fit=457%2C320&ssl=1&resize=350%2C200","width":350,"height":200},"classes":[]},{"id":9771,"url":"https:\/\/larevistadigital.com.ar\/blog\/semana-santa-como-reconocer-si-el-pescado-es-fresco\/","url_meta":{"origin":39412,"position":5},"title":"SEMANA SANTA: COMO RECONOCER SI EL PESCADO ES FRESCO","author":"Alejandro Sosa Ruda","date":"18 abril, 2019","format":false,"excerpt":"En v\u00edsperas de Semana Santa, el Servicio Nacional de Sanidad y Calidad Agroalimentaria (Senasa) brinda una serie de consejos para que los consumidores reconozcan el\u00a0pescado fresco\u00a0en el marco de su campa\u00f1a \u201cAlimentos saludables\u201c. A trav\u00e9s de un video descriptivo publicado por el Senasa en las redes sociales, se puede observar\u2026","rel":"","context":"En \u00abCOCINA\u00bb","block_context":{"text":"COCINA","link":"https:\/\/larevistadigital.com.ar\/blog\/category\/suplementos\/cocina\/"},"img":{"alt_text":"","src":"https:\/\/i0.wp.com\/larevistadigital.com.ar\/blog\/wp-content\/uploads\/2019\/04\/Screenshot_1-7.jpg?fit=1015%2C689&ssl=1&resize=350%2C200","width":350,"height":200,"srcset":"https:\/\/i0.wp.com\/larevistadigital.com.ar\/blog\/wp-content\/uploads\/2019\/04\/Screenshot_1-7.jpg?fit=1015%2C689&ssl=1&resize=350%2C200 1x, https:\/\/i0.wp.com\/larevistadigital.com.ar\/blog\/wp-content\/uploads\/2019\/04\/Screenshot_1-7.jpg?fit=1015%2C689&ssl=1&resize=525%2C300 1.5x, https:\/\/i0.wp.com\/larevistadigital.com.ar\/blog\/wp-content\/uploads\/2019\/04\/Screenshot_1-7.jpg?fit=1015%2C689&ssl=1&resize=700%2C400 2x"},"classes":[]}],"_links":{"self":[{"href":"https:\/\/larevistadigital.com.ar\/blog\/wp-json\/wp\/v2\/posts\/39412","targetHints":{"allow":["GET"]}}],"collection":[{"href":"https:\/\/larevistadigital.com.ar\/blog\/wp-json\/wp\/v2\/posts"}],"about":[{"href":"https:\/\/larevistadigital.com.ar\/blog\/wp-json\/wp\/v2\/types\/post"}],"author":[{"embeddable":true,"href":"https:\/\/larevistadigital.com.ar\/blog\/wp-json\/wp\/v2\/users\/3"}],"replies":[{"embeddable":true,"href":"https:\/\/larevistadigital.com.ar\/blog\/wp-json\/wp\/v2\/comments?post=39412"}],"version-history":[{"count":1,"href":"https:\/\/larevistadigital.com.ar\/blog\/wp-json\/wp\/v2\/posts\/39412\/revisions"}],"predecessor-version":[{"id":39414,"href":"https:\/\/larevistadigital.com.ar\/blog\/wp-json\/wp\/v2\/posts\/39412\/revisions\/39414"}],"wp:featuredmedia":[{"embeddable":true,"href":"https:\/\/larevistadigital.com.ar\/blog\/wp-json\/wp\/v2\/media\/39415"}],"wp:attachment":[{"href":"https:\/\/larevistadigital.com.ar\/blog\/wp-json\/wp\/v2\/media?parent=39412"}],"wp:term":[{"taxonomy":"category","embeddable":true,"href":"https:\/\/larevistadigital.com.ar\/blog\/wp-json\/wp\/v2\/categories?post=39412"},{"taxonomy":"post_tag","embeddable":true,"href":"https:\/\/larevistadigital.com.ar\/blog\/wp-json\/wp\/v2\/tags?post=39412"}],"curies":[{"name":"wp","href":"https:\/\/api.w.org\/{rel}","templated":true}]}}