{"id":39416,"date":"2025-04-18T13:09:54","date_gmt":"2025-04-18T16:09:54","guid":{"rendered":"https:\/\/larevistadigital.com.ar\/blog\/?p=39416"},"modified":"2025-04-18T13:09:54","modified_gmt":"2025-04-18T16:09:54","slug":"cadam-cuestiona-aumentos-de-precios-injustificados-tras-la-apertura-del-cepo-cambiario","status":"publish","type":"post","link":"https:\/\/larevistadigital.com.ar\/blog\/cadam-cuestiona-aumentos-de-precios-injustificados-tras-la-apertura-del-cepo-cambiario\/","title":{"rendered":"CADAM cuestiona aumentos de precios \u201cinjustificados\u201d tras la apertura del cepo cambiario"},"content":{"rendered":"<h2 data-start=\"312\" data-end=\"451\">La C\u00e1mara de Distribuidores y Mayoristas advirti\u00f3 sobre remarcaciones sin sustento y pidi\u00f3 responsabilidad a las empresas proveedoras.<\/h2>\n<p>18 de Abril de 2025<\/p>\n<p class=\"\" data-start=\"453\" data-end=\"742\"><strong>MAR DEL PLATA &#8211;\u00a0<\/strong> La C\u00e1mara Argentina de Distribuidores y Autoservicios Mayoristas (CADAM) expres\u00f3 su rechazo ante el incremento de precios que algunas empresas proveedoras comenzaron a aplicar tras la reciente apertura del cepo cambiario, al considerarlos \u201cinjustificados\u201d y perjudiciales para el comercio.<\/p>\n<blockquote>\n<h3 data-start=\"744\" data-end=\"1062\"><em>\u201cDesde el sector mayorista expresamos nuestro rechazo a las listas de precios que est\u00e1n llegando con aumentos injustificados\u201d<\/em>, manifest\u00f3 la entidad a trav\u00e9s de un comunicado. En ese sentido, se\u00f1alaron que la medida del gobierno <strong data-start=\"972\" data-end=\"1002\">no implica una devaluaci\u00f3n<\/strong>, sino que representa <strong data-start=\"1024\" data-end=\"1061\">una apertura positiva del mercado<\/strong>.<\/h3>\n<\/blockquote>\n<p class=\"\" data-start=\"1064\" data-end=\"1341\">CADAM remarc\u00f3 que las compa\u00f1\u00edas ya operaban previamente con tipos de cambio como el d\u00f3lar MEP o el Contado con Liquidaci\u00f3n, los cuales incluso mostraron una baja tras la apertura del d\u00f3lar oficial, lo que refuerza su postura sobre la falta de fundamentos para remarcar precios.<\/p>\n<blockquote>\n<h3 data-start=\"1343\" data-end=\"1554\">En su mensaje, la C\u00e1mara hizo un llamado a la <strong data-start=\"1389\" data-end=\"1427\">responsabilidad de los proveedores<\/strong> y pidi\u00f3 evitar <em>\u201cdistorsiones y especulaciones que s\u00f3lo generan incertidumbre y afectan el normal funcionamiento del comercio\u201d.<\/em><\/h3>\n<\/blockquote>\n<p class=\"\" data-start=\"1556\" data-end=\"1943\">Adem\u00e1s, desde CADAM apuntaron al verdadero problema estructural de la econom\u00eda: <strong data-start=\"1636\" data-end=\"1678\">la presi\u00f3n fiscal y los costos ocultos<\/strong>. <em><strong>\u201cLos impuestos distorsivos como los Ingresos Brutos y las tasas municipales, junto con los m\u00faltiples aportes solidarios obligatorios que se acumulan a lo largo de toda la cadena comercial, son los que realmente encarecen el precio final al consumidor\u201d<\/strong><\/em>, afirmaron.<\/p>\n<blockquote>\n<h3 data-start=\"1945\" data-end=\"2219\">Con un ejemplo concreto, se\u00f1alaron que cuando un consumidor compra una botella de vino o un corte de carne, el valor final incluye una larga lista de cargas impositivas que vienen arrastr\u00e1ndose desde hace d\u00e9cadas y afectan tanto a los productores como a los puntos de venta.<\/h3>\n<\/blockquote>\n<p class=\"\" data-start=\"2221\" data-end=\"2400\">Desde CADAM, concluyeron: <strong data-start=\"2247\" data-end=\"2399\">\u201cLa competitividad no se logra con ajustes injustificados, sino con reglas claras, transparencia en la cadena y una estructura tributaria razonable\u201d<\/strong>.<\/p>\n<p data-start=\"2221\" data-end=\"2400\">fuente e imagen: diario La Capital<\/p>\n","protected":false},"excerpt":{"rendered":"<div class=\"mh-excerpt\"><p>La C\u00e1mara de Distribuidores y Mayoristas advirti\u00f3 sobre remarcaciones sin sustento y pidi\u00f3 responsabilidad a las empresas proveedoras. 18 de Abril de 2025 MAR DEL PLATA &#8211;\u00a0 La C\u00e1mara Argentina de Distribuidores y Autoservicios Mayoristas <a class=\"mh-excerpt-more\" href=\"https:\/\/larevistadigital.com.ar\/blog\/cadam-cuestiona-aumentos-de-precios-injustificados-tras-la-apertura-del-cepo-cambiario\/\" title=\"CADAM cuestiona aumentos de precios \u201cinjustificados\u201d tras la apertura del cepo cambiario\">[Leer M\u00e1s]<\/a><\/p>\n<\/div>","protected":false},"author":3,"featured_media":39417,"comment_status":"open","ping_status":"open","sticky":false,"template":"","format":"standard","meta":{"_jetpack_memberships_contains_paid_content":false,"footnotes":"","jetpack_publicize_message":"","jetpack_publicize_feature_enabled":true,"jetpack_social_post_already_shared":true,"jetpack_social_options":{"image_generator_settings":{"template":"highway","default_image_id":0,"font":"","enabled":false},"version":2}},"categories":[51],"tags":[],"class_list":{"0":"post-39416","1":"post","2":"type-post","3":"status-publish","4":"format-standard","5":"has-post-thumbnail","7":"category-regionales"},"jetpack_publicize_connections":[],"jetpack_featured_media_url":"https:\/\/i0.wp.com\/larevistadigital.com.ar\/blog\/wp-content\/uploads\/Captura-de-pantalla-2025-04-18-130658.jpg?fit=770%2C504&ssl=1","jetpack_sharing_enabled":true,"jetpack_shortlink":"https:\/\/wp.me\/p8qtrQ-afK","jetpack-related-posts":[{"id":41608,"url":"https:\/\/larevistadigital.com.ar\/blog\/acusan-a-grandes-alimenticias-de-remarcar-sin-justificacion-y-apuestan-a-las-pymes-como-alternativa\/","url_meta":{"origin":39416,"position":0},"title":"Acusan a grandes alimenticias de remarcar sin justificaci\u00f3n y apuestan a las PYMES como alternativa","author":"Alejandro Sosa Ruda","date":"23 septiembre, 2025","format":false,"excerpt":"La Federaci\u00f3n de Almaceneros de la Provincia de Buenos Aires (FABA), lanz\u00f3 una advertencia contra las grandes empresas alimenticias, a las que acusan de aplicar subas de hasta 9% luego del reciente incremento del d\u00f3lar. Seg\u00fan su presidente, Fernando Savore, estas remarcaciones responden a pr\u00e1cticas especulativas y no a un\u2026","rel":"","context":"En \u00abINTERES GENERAL\u00bb","block_context":{"text":"INTERES GENERAL","link":"https:\/\/larevistadigital.com.ar\/blog\/category\/interes-general\/"},"img":{"alt_text":"","src":"https:\/\/i0.wp.com\/larevistadigital.com.ar\/blog\/wp-content\/uploads\/20250923163707_fernando-savore-faba-almaceneros.jpg?fit=880%2C512&ssl=1&resize=350%2C200","width":350,"height":200,"srcset":"https:\/\/i0.wp.com\/larevistadigital.com.ar\/blog\/wp-content\/uploads\/20250923163707_fernando-savore-faba-almaceneros.jpg?fit=880%2C512&ssl=1&resize=350%2C200 1x, https:\/\/i0.wp.com\/larevistadigital.com.ar\/blog\/wp-content\/uploads\/20250923163707_fernando-savore-faba-almaceneros.jpg?fit=880%2C512&ssl=1&resize=525%2C300 1.5x, https:\/\/i0.wp.com\/larevistadigital.com.ar\/blog\/wp-content\/uploads\/20250923163707_fernando-savore-faba-almaceneros.jpg?fit=880%2C512&ssl=1&resize=700%2C400 2x"},"classes":[]},{"id":12868,"url":"https:\/\/larevistadigital.com.ar\/blog\/habria-inminentes-anuncios-sobre-el-dolar-se-reune-el-directorio-del-central\/","url_meta":{"origin":39416,"position":1},"title":"HABR\u00cdA INMINENTES ANUNCIOS SOBRE EL DOLAR: SE REUNE EL DIRECTORIO DEL CENTRAL","author":"Alejandro Sosa Ruda","date":"27 octubre, 2019","format":false,"excerpt":"Estiman que despu\u00e9s de que se oficialice una derrota de Mauricio Macri dar\u00e1n a conocer medidas para contener la devaluaci\u00f3n del peso. El Directorio del Banco Central se reunir\u00e1 esta noche para analizar el resultado de las elecciones y\u00a0el impacto que puede tener sobre la apertura del mercado cambiario este\u2026","rel":"","context":"En \u00abDESTACADAS\u00bb","block_context":{"text":"DESTACADAS","link":"https:\/\/larevistadigital.com.ar\/blog\/category\/destacadas\/"},"img":{"alt_text":"","src":"https:\/\/i0.wp.com\/larevistadigital.com.ar\/blog\/wp-content\/uploads\/0036897715.jpg?fit=1140%2C640&ssl=1&resize=350%2C200","width":350,"height":200,"srcset":"https:\/\/i0.wp.com\/larevistadigital.com.ar\/blog\/wp-content\/uploads\/0036897715.jpg?fit=1140%2C640&ssl=1&resize=350%2C200 1x, https:\/\/i0.wp.com\/larevistadigital.com.ar\/blog\/wp-content\/uploads\/0036897715.jpg?fit=1140%2C640&ssl=1&resize=525%2C300 1.5x, https:\/\/i0.wp.com\/larevistadigital.com.ar\/blog\/wp-content\/uploads\/0036897715.jpg?fit=1140%2C640&ssl=1&resize=700%2C400 2x, https:\/\/i0.wp.com\/larevistadigital.com.ar\/blog\/wp-content\/uploads\/0036897715.jpg?fit=1140%2C640&ssl=1&resize=1050%2C600 3x"},"classes":[]},{"id":31500,"url":"https:\/\/larevistadigital.com.ar\/blog\/hasta-cuando-otro-aumento-ahora-el-gas-envasado\/","url_meta":{"origin":39416,"position":2},"title":"\u00bfHASTA CUANDO? OTRO AUMENTO&#8230; AHORA EL GAS ENVASADO.","author":"Alejandro Sosa Ruda","date":"11 mayo, 2023","format":false,"excerpt":"La suba en los precios tambi\u00e9n alcanza a la cadena productiva y comercial. Asimismo, se autoriz\u00f3 una asistencia para empresas productoras. 11 de mayo de 2023 El Gobierno nacional ha anunciado un aumento del 8,54% en los precios m\u00e1ximos de referencia de las garrafas de 10, 12 y 15 kilos\u2026","rel":"","context":"En \u00abINTERES GENERAL\u00bb","block_context":{"text":"INTERES GENERAL","link":"https:\/\/larevistadigital.com.ar\/blog\/category\/interes-general\/"},"img":{"alt_text":"","src":"https:\/\/i0.wp.com\/larevistadigital.com.ar\/blog\/wp-content\/uploads\/md.jpg?fit=992%2C660&ssl=1&resize=350%2C200","width":350,"height":200,"srcset":"https:\/\/i0.wp.com\/larevistadigital.com.ar\/blog\/wp-content\/uploads\/md.jpg?fit=992%2C660&ssl=1&resize=350%2C200 1x, https:\/\/i0.wp.com\/larevistadigital.com.ar\/blog\/wp-content\/uploads\/md.jpg?fit=992%2C660&ssl=1&resize=525%2C300 1.5x, https:\/\/i0.wp.com\/larevistadigital.com.ar\/blog\/wp-content\/uploads\/md.jpg?fit=992%2C660&ssl=1&resize=700%2C400 2x"},"classes":[]},{"id":29129,"url":"https:\/\/larevistadigital.com.ar\/blog\/los-combustibles-se-sumaran-al-programa-de-precios-justos-y-habra-tope-para-los-aumentos\/","url_meta":{"origin":39416,"position":3},"title":"LOS COMBUSTIBLES SE SUMAR\u00c1N AL PROGRAMA DE \u00abPRECIOS JUSTOS\u00bb Y HABR\u00c1 TOPE PARA LOS AUMENTOS","author":"Alejandro Sosa Ruda","date":"28 noviembre, 2022","format":false,"excerpt":"Lo anunciar\u00e1 este lunes el ministro de Econom\u00eda, Sergio Massa. Durante cuatro meses el valor no podr\u00e1 incrementarse m\u00e1s del 4% para poder reducir la inflaci\u00f3n. 27 de noviembre de 2022 El ministro de Econom\u00eda, Sergio Massa, anunciar\u00e1\u00a0este lunes que\u00a0los combustibles integrar\u00e1n el programa de Precios Justos durante cuatro meses\u2026","rel":"","context":"En \u00abECONOMIA\u00bb","block_context":{"text":"ECONOMIA","link":"https:\/\/larevistadigital.com.ar\/blog\/category\/economia\/"},"img":{"alt_text":"","src":"https:\/\/i0.wp.com\/larevistadigital.com.ar\/blog\/wp-content\/uploads\/6002366297621.jpg?fit=1004%2C565&ssl=1&resize=350%2C200","width":350,"height":200,"srcset":"https:\/\/i0.wp.com\/larevistadigital.com.ar\/blog\/wp-content\/uploads\/6002366297621.jpg?fit=1004%2C565&ssl=1&resize=350%2C200 1x, https:\/\/i0.wp.com\/larevistadigital.com.ar\/blog\/wp-content\/uploads\/6002366297621.jpg?fit=1004%2C565&ssl=1&resize=525%2C300 1.5x, https:\/\/i0.wp.com\/larevistadigital.com.ar\/blog\/wp-content\/uploads\/6002366297621.jpg?fit=1004%2C565&ssl=1&resize=700%2C400 2x"},"classes":[]},{"id":5454,"url":"https:\/\/larevistadigital.com.ar\/blog\/ypf-aumento-las-naftas-un-3-en-todo-el-pais\/","url_meta":{"origin":39416,"position":4},"title":"YPF aument\u00f3 las naftas un 3% en todo el pa\u00eds","author":"admin","date":"11 abril, 2018","format":false,"excerpt":"La petrolera dio a conocer nuevos aumentos en nafta y di\u00e9sel Luego de los aumentos de la semana pasada en Axion y Shell, 4,5% para las naftas y de 6% para el di\u00e9sel, ahora\u00a0YPF, el jugador m\u00e1s grande del sector, aplic\u00f3 un 3% de incremento promedio en todo el pa\u00eds.\u2026","rel":"","context":"En \u00abDESTACADAS\u00bb","block_context":{"text":"DESTACADAS","link":"https:\/\/larevistadigital.com.ar\/blog\/category\/destacadas\/"},"img":{"alt_text":"","src":"https:\/\/i0.wp.com\/larevistadigital.com.ar\/blog\/wp-content\/uploads\/2018\/04\/ypf-660x330.jpg?fit=660%2C330&ssl=1&resize=350%2C200","width":350,"height":200,"srcset":"https:\/\/i0.wp.com\/larevistadigital.com.ar\/blog\/wp-content\/uploads\/2018\/04\/ypf-660x330.jpg?fit=660%2C330&ssl=1&resize=350%2C200 1x, https:\/\/i0.wp.com\/larevistadigital.com.ar\/blog\/wp-content\/uploads\/2018\/04\/ypf-660x330.jpg?fit=660%2C330&ssl=1&resize=525%2C300 1.5x"},"classes":[]},{"id":38028,"url":"https:\/\/larevistadigital.com.ar\/blog\/la-vtv-vuelve-a-aumentar-en-diciembre-a-casi-54-mil-pesos\/","url_meta":{"origin":39416,"position":5},"title":"La VTV vuelve a aumentar en diciembre a casi 54 mil pesos","author":"Alejandro Sosa Ruda","date":"30 noviembre, 2024","format":false,"excerpt":"La Verificaci\u00f3n T\u00e9cnica Vehicular tendr\u00e1 otro incremento desde febrero del 2025. C\u00f3mo quedaron las tarifas. El siguiente aumento ser\u00e1 en febrero de 2025, 30 de Noviembre de 2024 El costo del tr\u00e1mite por la Verificaci\u00f3n T\u00e9cnica Vehicular (VTV) vuelve a aumentar desde el 1\u00b0 de diciembre un 21,83% y el\u2026","rel":"","context":"En \u00abINTERES GENERAL\u00bb","block_context":{"text":"INTERES GENERAL","link":"https:\/\/larevistadigital.com.ar\/blog\/category\/interes-general\/"},"img":{"alt_text":"","src":"https:\/\/i0.wp.com\/larevistadigital.com.ar\/blog\/wp-content\/uploads\/20241129200132_vtv-en-la-provincia-de-buenos-aires.jpg?fit=880%2C512&ssl=1&resize=350%2C200","width":350,"height":200,"srcset":"https:\/\/i0.wp.com\/larevistadigital.com.ar\/blog\/wp-content\/uploads\/20241129200132_vtv-en-la-provincia-de-buenos-aires.jpg?fit=880%2C512&ssl=1&resize=350%2C200 1x, https:\/\/i0.wp.com\/larevistadigital.com.ar\/blog\/wp-content\/uploads\/20241129200132_vtv-en-la-provincia-de-buenos-aires.jpg?fit=880%2C512&ssl=1&resize=525%2C300 1.5x, https:\/\/i0.wp.com\/larevistadigital.com.ar\/blog\/wp-content\/uploads\/20241129200132_vtv-en-la-provincia-de-buenos-aires.jpg?fit=880%2C512&ssl=1&resize=700%2C400 2x"},"classes":[]}],"_links":{"self":[{"href":"https:\/\/larevistadigital.com.ar\/blog\/wp-json\/wp\/v2\/posts\/39416","targetHints":{"allow":["GET"]}}],"collection":[{"href":"https:\/\/larevistadigital.com.ar\/blog\/wp-json\/wp\/v2\/posts"}],"about":[{"href":"https:\/\/larevistadigital.com.ar\/blog\/wp-json\/wp\/v2\/types\/post"}],"author":[{"embeddable":true,"href":"https:\/\/larevistadigital.com.ar\/blog\/wp-json\/wp\/v2\/users\/3"}],"replies":[{"embeddable":true,"href":"https:\/\/larevistadigital.com.ar\/blog\/wp-json\/wp\/v2\/comments?post=39416"}],"version-history":[{"count":1,"href":"https:\/\/larevistadigital.com.ar\/blog\/wp-json\/wp\/v2\/posts\/39416\/revisions"}],"predecessor-version":[{"id":39418,"href":"https:\/\/larevistadigital.com.ar\/blog\/wp-json\/wp\/v2\/posts\/39416\/revisions\/39418"}],"wp:featuredmedia":[{"embeddable":true,"href":"https:\/\/larevistadigital.com.ar\/blog\/wp-json\/wp\/v2\/media\/39417"}],"wp:attachment":[{"href":"https:\/\/larevistadigital.com.ar\/blog\/wp-json\/wp\/v2\/media?parent=39416"}],"wp:term":[{"taxonomy":"category","embeddable":true,"href":"https:\/\/larevistadigital.com.ar\/blog\/wp-json\/wp\/v2\/categories?post=39416"},{"taxonomy":"post_tag","embeddable":true,"href":"https:\/\/larevistadigital.com.ar\/blog\/wp-json\/wp\/v2\/tags?post=39416"}],"curies":[{"name":"wp","href":"https:\/\/api.w.org\/{rel}","templated":true}]}}