{"id":39419,"date":"2025-04-18T22:18:33","date_gmt":"2025-04-19T01:18:33","guid":{"rendered":"https:\/\/larevistadigital.com.ar\/blog\/?p=39419"},"modified":"2025-04-18T22:38:32","modified_gmt":"2025-04-19T01:38:32","slug":"kicillof-encabezo-el-acto-de-adhesion-de-19-municipios-al-fondo-de-fortalecimiento-de-la-seguridad","status":"publish","type":"post","link":"https:\/\/larevistadigital.com.ar\/blog\/kicillof-encabezo-el-acto-de-adhesion-de-19-municipios-al-fondo-de-fortalecimiento-de-la-seguridad\/","title":{"rendered":"Kicillof encabez\u00f3 el acto de adhesi\u00f3n de 19 municipios al Fondo de Fortalecimiento de la Seguridad"},"content":{"rendered":"<h2>Prev\u00e9 la compra de patrulleros, infraestructura y equipamiento en los municipios con m\u00e1s de 70.000 habitantes, y la triplicaci\u00f3n de los recursos para las polic\u00edas comunales en los distritos con menos habitantes.<\/h2>\n<p>18 de Abril de 2025<\/p>\n<p><strong>BUENOS AIRES\u00a0 &#8211;<\/strong>\u00a0 El gobernador de la provincia de Buenos Aires, <strong>Axel Kicillof<\/strong>, encabez\u00f3 este mi\u00e9rcoles junto al ministro de Seguridad, <strong>Javier Alonso<\/strong>, el acto en el que 19 intendentes bonaerenses firmaron su adhesi\u00f3n al Fondo de Fortalecimiento de la Seguridad.<\/p>\n<p>En ese marco, <strong>Kicillof<\/strong> afirm\u00f3: <strong><em>\u201cEsta es una inversi\u00f3n provincial que ejecutar\u00e1n cada uno de los distritos: trabajamos de forma coordinada porque nos votaron para que el Estado funcione mejor y brinde respuestas a las necesidades de nuestro pueblo\u201d. \u201cEste gran esfuerzo, con el que vamos a seguir sumando patrulleros, equipamiento y tecnolog\u00eda en los 135 municipios, no implica que dejemos de reclamar ante la Corte Suprema los recursos que la Naci\u00f3n les quit\u00f3 a los y las bonaerenses de manera ilegal\u201d<\/em><\/strong>, a\u00f1adi\u00f3.<\/p>\n<blockquote><p>Durante el acto llevado a cabo en el Sal\u00f3n Dorado de la Casa de Gobierno, <strong>Kicillof<\/strong> se\u00f1al\u00f3: <strong><em>\u201cDicen expl\u00edcitamente que quieren fundir a las provincias pero esos recursos son el fruto del esfuerzo de los trabajadores bonaerenses y deben ser utilizados por el Estado nacional para cumplir con sus obligaciones\u201d. \u201cDesde la Provincia podemos trabajar todos los d\u00edas para compensar esta situaci\u00f3n, pero un pa\u00eds federal no puede prescindir del Gobierno nacional\u201d<\/em><\/strong>, agreg\u00f3.<\/p><\/blockquote>\n<p>Presentado el pasado 26 de marzo en la Escuela de la Polic\u00eda \u201cJuan Vucetich\u201d, el fondo implica una inversi\u00f3n de $170.000 millones para fortalecer la seguridad en los 135 distritos. Prev\u00e9 la compra de veh\u00edculos policiales, infraestructura, equipamiento y otros gastos en los municipios con m\u00e1s de 70.000 habitantes, y la triplicaci\u00f3n de los recursos para las polic\u00edas comunales en los distritos con menos habitantes. Asimismo, se adquirieron 750 nuevos patrulleros y 700 motos para la Polic\u00eda provincial.<\/p>\n<blockquote>\n<h3>Por su parte, Alonso subray\u00f3: <em>\u201cEste amplio fondo forma parte de una pol\u00edtica de seguridad que se lleva adelante con los 135 intendentes, teniendo en cuenta las caracter\u00edsticas y los tratamientos de los municipios: lo hacemos sin ning\u00fan tipo de distinci\u00f3n pol\u00edtica, pensando \u00fanicamente en seguir llevando m\u00e1s tranquilidad a cada barrio bonaerense\u201d<\/em>.<\/h3>\n<\/blockquote>\n<p>Por \u00faltimo, <strong>Kicillof<\/strong> subray\u00f3: <strong><em>\u201cNuestro mandato no es destruir el Estado, al contrario, es ampliarlo para seguir otorgando derechos y trabajando para que nuestra sociedad tenga m\u00e1s trabajo, salud, educaci\u00f3n y seguridad\u201d.<\/em><\/strong><\/p>\n<p>En esta oportunidad, suscribieron el convenio las y los intendentes de <strong>Ayacucho, Emilio Cordonnier<\/strong>; de <strong>Balcarce, Esteban Reino<\/strong>; de <strong>Bol\u00edvar, Marcos Pisano<\/strong>; de <strong>Campana, Sebasti\u00e1n Abella<\/strong>; de <strong>Capit\u00e1n Sarmiento, Fernanda Astorino Hurtado<\/strong>; de <strong>Castelli, Francisco Echarren<\/strong>; de <strong>Coronel Pringles, Lisandro Matzkin<\/strong>; de <strong>General Alvarado, Sebasti\u00e1n Ianantuony<\/strong>; de <strong>General Guido, Carlos Rocha<\/strong>; de <strong>General Pinto, Alfredo Zavatarelli<\/strong>; de <strong>Hurlingham, Dami\u00e1n Selci<\/strong>; de <strong>Jun\u00edn, Pablo Petrecca<\/strong>; de <strong>Olavarr\u00eda, Maximiliano Wesner<\/strong>; de <strong>Ramallo, Mauro Poletti<\/strong>; de <strong>Saavedra, Mat\u00edas Nebot<\/strong>; de <strong>Tordillo, H\u00e9ctor Olivera<\/strong>; de <strong>Tres de Febrero, Diego Valenzuela<\/strong>; de <strong>Veinticinco de Mayo, Ramiro Eg\u00fcen<\/strong>; y de <strong>Vicente L\u00f3pez, Soledad Mart\u00ednez<\/strong>.<\/p>\n<p>Estuvieron presentes la jefa de Asesores del Gobernador, Cristina \u00c1lvarez Rodr\u00edguez; el ministro de Econom\u00eda, Pablo L\u00f3pez; el jefe de la Polic\u00eda provincial, Javier Villar; funcionarios y funcionarias provinciales.<\/p>\n","protected":false},"excerpt":{"rendered":"<div class=\"mh-excerpt\"><p>Prev\u00e9 la compra de patrulleros, infraestructura y equipamiento en los municipios con m\u00e1s de 70.000 habitantes, y la triplicaci\u00f3n de los recursos para las polic\u00edas comunales en los distritos con menos habitantes. 18 de Abril <a class=\"mh-excerpt-more\" href=\"https:\/\/larevistadigital.com.ar\/blog\/kicillof-encabezo-el-acto-de-adhesion-de-19-municipios-al-fondo-de-fortalecimiento-de-la-seguridad\/\" title=\"Kicillof encabez\u00f3 el acto de adhesi\u00f3n de 19 municipios al Fondo de Fortalecimiento de la Seguridad\">[Leer M\u00e1s]<\/a><\/p>\n<\/div>","protected":false},"author":3,"featured_media":39420,"comment_status":"open","ping_status":"open","sticky":false,"template":"","format":"standard","meta":{"_jetpack_memberships_contains_paid_content":false,"footnotes":"","jetpack_publicize_message":"","jetpack_publicize_feature_enabled":true,"jetpack_social_post_already_shared":true,"jetpack_social_options":{"image_generator_settings":{"template":"highway","default_image_id":0,"font":"","enabled":false},"version":2}},"categories":[24,51],"tags":[],"class_list":{"0":"post-39419","1":"post","2":"type-post","3":"status-publish","4":"format-standard","5":"has-post-thumbnail","7":"category-politica-provincial","8":"category-regionales"},"jetpack_publicize_connections":[],"jetpack_featured_media_url":"https:\/\/i0.wp.com\/larevistadigital.com.ar\/blog\/wp-content\/uploads\/axel-firma-de-seguridad.jpg?fit=743%2C530&ssl=1","jetpack_sharing_enabled":true,"jetpack_shortlink":"https:\/\/wp.me\/p8qtrQ-afN","jetpack-related-posts":[{"id":39356,"url":"https:\/\/larevistadigital.com.ar\/blog\/kicillof-puso-en-funcionamiento-nuevos-patrulleros-en-la-plata\/","url_meta":{"origin":39419,"position":0},"title":"Kicillof puso en funcionamiento nuevos patrulleros en La Plata","author":"Alejandro Sosa Ruda","date":"9 abril, 2025","format":false,"excerpt":"Los m\u00f3viles est\u00e1n\u00a0equipados con GPS para su monitoreo en tiempo real y fortalecer\u00e1n el Comando de Patrullas en el distrito. 09 de Abril de 2025 BUENOS AIRES -\u00a0 El gobernador de la provincia de Buenos Aires, Axel Kicillof, encabez\u00f3 este martes la puesta en funcionamiento de 10 patrulleros y 40\u2026","rel":"","context":"En \u00abINTERES GENERAL\u00bb","block_context":{"text":"INTERES GENERAL","link":"https:\/\/larevistadigital.com.ar\/blog\/category\/interes-general\/"},"img":{"alt_text":"","src":"https:\/\/i0.wp.com\/larevistadigital.com.ar\/blog\/wp-content\/uploads\/DAE4941.jpg?fit=743%2C530&ssl=1&resize=350%2C200","width":350,"height":200,"srcset":"https:\/\/i0.wp.com\/larevistadigital.com.ar\/blog\/wp-content\/uploads\/DAE4941.jpg?fit=743%2C530&ssl=1&resize=350%2C200 1x, https:\/\/i0.wp.com\/larevistadigital.com.ar\/blog\/wp-content\/uploads\/DAE4941.jpg?fit=743%2C530&ssl=1&resize=525%2C300 1.5x, https:\/\/i0.wp.com\/larevistadigital.com.ar\/blog\/wp-content\/uploads\/DAE4941.jpg?fit=743%2C530&ssl=1&resize=700%2C400 2x"},"classes":[]},{"id":36099,"url":"https:\/\/larevistadigital.com.ar\/blog\/axel-kicillof-avanza-con-la-formalizacion-del-pago-del-fonde-de-fortalecimiento-fiscal-municipal\/","url_meta":{"origin":39419,"position":1},"title":"AXEL KICILLOF AVANZA CON LA FORMALIZACI\u00d3N DEL PAGO DEL FONDE DE FORTALECIMIENTO FISCAL MUNICIPAL","author":"Alejandro Sosa Ruda","date":"21 mayo, 2024","format":false,"excerpt":"Empez\u00f3 con los municipios de Coronel Pringles, San Isidro y Capit\u00e1n Sarmiento. 21 de Mayo de 2024 El gobernador de la provincia de Buenos Aires, Axel Kicillof, y el ministro de Econom\u00eda, Pablo L\u00f3pez, encabezaron este lunes las firmas de convenio con los intendentes de Coronel Pringles, Lizandro Matzkin y\u2026","rel":"","context":"En \u00abDESTACADAS\u00bb","block_context":{"text":"DESTACADAS","link":"https:\/\/larevistadigital.com.ar\/blog\/category\/destacadas\/"},"img":{"alt_text":"","src":"https:\/\/i0.wp.com\/larevistadigital.com.ar\/blog\/wp-content\/uploads\/WhatsApp-Image-2024-05-21-at-10.49.04.jpeg?fit=700%2C466&ssl=1&resize=350%2C200","width":350,"height":200,"srcset":"https:\/\/i0.wp.com\/larevistadigital.com.ar\/blog\/wp-content\/uploads\/WhatsApp-Image-2024-05-21-at-10.49.04.jpeg?fit=700%2C466&ssl=1&resize=350%2C200 1x, https:\/\/i0.wp.com\/larevistadigital.com.ar\/blog\/wp-content\/uploads\/WhatsApp-Image-2024-05-21-at-10.49.04.jpeg?fit=700%2C466&ssl=1&resize=525%2C300 1.5x, https:\/\/i0.wp.com\/larevistadigital.com.ar\/blog\/wp-content\/uploads\/WhatsApp-Image-2024-05-21-at-10.49.04.jpeg?fit=700%2C466&ssl=1&resize=700%2C400 2x"},"classes":[]},{"id":38269,"url":"https:\/\/larevistadigital.com.ar\/blog\/kicillof-encabezo-el-acto-por-el-dia-de-la-policia-de-la-provincia\/","url_meta":{"origin":39419,"position":2},"title":"Kicillof encabez\u00f3 el acto por el D\u00eda de la Polic\u00eda de la Provincia","author":"Alejandro Sosa Ruda","date":"14 diciembre, 2024","format":false,"excerpt":"Se entregaron reconocimientos y distinciones al personal policial que se destac\u00f3 por su labor en el derrumbe del Hotel Dubrovnik, en Villa Gesell, y a 18 miembros de la fuerza. 14 de Diciembre de 2024 BUENOS AIRES -\u00a0 El gobernador Axel Kicillof encabez\u00f3 este viernes junto al ministro de Seguridad,\u2026","rel":"","context":"En \u00abDESTACADAS\u00bb","block_context":{"text":"DESTACADAS","link":"https:\/\/larevistadigital.com.ar\/blog\/category\/destacadas\/"},"img":{"alt_text":"","src":"https:\/\/i0.wp.com\/larevistadigital.com.ar\/blog\/wp-content\/uploads\/Axel-Kicillof_78.jpg?fit=743%2C530&ssl=1&resize=350%2C200","width":350,"height":200,"srcset":"https:\/\/i0.wp.com\/larevistadigital.com.ar\/blog\/wp-content\/uploads\/Axel-Kicillof_78.jpg?fit=743%2C530&ssl=1&resize=350%2C200 1x, https:\/\/i0.wp.com\/larevistadigital.com.ar\/blog\/wp-content\/uploads\/Axel-Kicillof_78.jpg?fit=743%2C530&ssl=1&resize=525%2C300 1.5x, https:\/\/i0.wp.com\/larevistadigital.com.ar\/blog\/wp-content\/uploads\/Axel-Kicillof_78.jpg?fit=743%2C530&ssl=1&resize=700%2C400 2x"},"classes":[]},{"id":36044,"url":"https:\/\/larevistadigital.com.ar\/blog\/el-gobernador-kicillof-transfirio-37-549-millones-para-los-135-partidos-de-la-pcia-de-bs-as\/","url_meta":{"origin":39419,"position":3},"title":"EL GOBERNADOR KICILLOF TRANSFIRI\u00d3 $37.549.- MILLONES PARA LOS 135 PARTIDOS DE LA PCIA. DE BS.AS.","author":"Alejandro Sosa Ruda","date":"14 mayo, 2024","format":false,"excerpt":"Este desembolso se da en el marco de un in\u00e9dito ajuste del Gobierno nacional que est\u00e1 afectando la recaudaci\u00f3n de la provincia y los municipios. 13 de mayo de 2024 BUENOS AIRES -\u00a0 El gobernador de la provincia de Buenos Aires, Axel Kicillof, encabez\u00f3 este lunes el acto en el\u2026","rel":"","context":"En \u00abDESTACADAS\u00bb","block_context":{"text":"DESTACADAS","link":"https:\/\/larevistadigital.com.ar\/blog\/category\/destacadas\/"},"img":{"alt_text":"","src":"https:\/\/i0.wp.com\/larevistadigital.com.ar\/blog\/wp-content\/uploads\/Axel-Kicillof_26.jpg?fit=743%2C530&ssl=1&resize=350%2C200","width":350,"height":200,"srcset":"https:\/\/i0.wp.com\/larevistadigital.com.ar\/blog\/wp-content\/uploads\/Axel-Kicillof_26.jpg?fit=743%2C530&ssl=1&resize=350%2C200 1x, https:\/\/i0.wp.com\/larevistadigital.com.ar\/blog\/wp-content\/uploads\/Axel-Kicillof_26.jpg?fit=743%2C530&ssl=1&resize=525%2C300 1.5x, https:\/\/i0.wp.com\/larevistadigital.com.ar\/blog\/wp-content\/uploads\/Axel-Kicillof_26.jpg?fit=743%2C530&ssl=1&resize=700%2C400 2x"},"classes":[]},{"id":39353,"url":"https:\/\/larevistadigital.com.ar\/blog\/kicillof-entrego-nuevas-motos-para-fortalecer-la-seguridad\/","url_meta":{"origin":39419,"position":4},"title":"Kicillof entreg\u00f3 nuevas motos para fortalecer la seguridad","author":"Alejandro Sosa Ruda","date":"9 abril, 2025","format":false,"excerpt":"Adem\u00e1s, el Gobernador particip\u00f3 del cierre del Congreso Nacional de la Uni\u00f3n Obrera Metal\u00fargica. 9 de Abril de 2025 BUENOS AIRES -\u00a0 El gobernador de la provincia de Buenos Aires, Axel Kicillof, encabez\u00f3 este mi\u00e9rcoles el acto de entrega de nuevas motos destinadas a fortalecer las tareas de patrullaje y\u2026","rel":"","context":"En \u00abDESTACADAS\u00bb","block_context":{"text":"DESTACADAS","link":"https:\/\/larevistadigital.com.ar\/blog\/category\/destacadas\/"},"img":{"alt_text":"","src":"https:\/\/i0.wp.com\/larevistadigital.com.ar\/blog\/wp-content\/uploads\/DON8108.jpg?fit=743%2C530&ssl=1&resize=350%2C200","width":350,"height":200,"srcset":"https:\/\/i0.wp.com\/larevistadigital.com.ar\/blog\/wp-content\/uploads\/DON8108.jpg?fit=743%2C530&ssl=1&resize=350%2C200 1x, https:\/\/i0.wp.com\/larevistadigital.com.ar\/blog\/wp-content\/uploads\/DON8108.jpg?fit=743%2C530&ssl=1&resize=525%2C300 1.5x, https:\/\/i0.wp.com\/larevistadigital.com.ar\/blog\/wp-content\/uploads\/DON8108.jpg?fit=743%2C530&ssl=1&resize=700%2C400 2x"},"classes":[]},{"id":36312,"url":"https:\/\/larevistadigital.com.ar\/blog\/avier-gaston-firmo-el-petitorio-presentado-ayer-en-el-ministerio-de-economia\/","url_meta":{"origin":39419,"position":5},"title":"JAVIER GAST\u00d3N FIRM\u00d3 EL PETITORIO PRESENTADO AYER EN EL MINISTERIO DE ECONOM\u00cdA","author":"Alejandro Sosa Ruda","date":"13 junio, 2024","format":false,"excerpt":"El intendente asegur\u00f3 que: \u201cqueremos que los recursos que aportan los chascomunenses vuelvan en obras y en fondos para llevar adelante distintos programas de trabajo con nuestra comunidad\u201d 13 de junio de 2024 BUENOS AIRES -\u00a0 El intendente Chascomunense, Javier Gast\u00f3n integr\u00f3 la comitiva bonaerense encabezada por los ministros Carlos\u2026","rel":"","context":"En \u00abPOLITICA\u00bb","block_context":{"text":"POLITICA","link":"https:\/\/larevistadigital.com.ar\/blog\/category\/politica\/"},"img":{"alt_text":"","src":"https:\/\/i0.wp.com\/larevistadigital.com.ar\/blog\/wp-content\/uploads\/2024_06_13_02_18_40_4400679.jpg?fit=600%2C400&ssl=1&resize=350%2C200","width":350,"height":200,"srcset":"https:\/\/i0.wp.com\/larevistadigital.com.ar\/blog\/wp-content\/uploads\/2024_06_13_02_18_40_4400679.jpg?fit=600%2C400&ssl=1&resize=350%2C200 1x, https:\/\/i0.wp.com\/larevistadigital.com.ar\/blog\/wp-content\/uploads\/2024_06_13_02_18_40_4400679.jpg?fit=600%2C400&ssl=1&resize=525%2C300 1.5x"},"classes":[]}],"_links":{"self":[{"href":"https:\/\/larevistadigital.com.ar\/blog\/wp-json\/wp\/v2\/posts\/39419","targetHints":{"allow":["GET"]}}],"collection":[{"href":"https:\/\/larevistadigital.com.ar\/blog\/wp-json\/wp\/v2\/posts"}],"about":[{"href":"https:\/\/larevistadigital.com.ar\/blog\/wp-json\/wp\/v2\/types\/post"}],"author":[{"embeddable":true,"href":"https:\/\/larevistadigital.com.ar\/blog\/wp-json\/wp\/v2\/users\/3"}],"replies":[{"embeddable":true,"href":"https:\/\/larevistadigital.com.ar\/blog\/wp-json\/wp\/v2\/comments?post=39419"}],"version-history":[{"count":4,"href":"https:\/\/larevistadigital.com.ar\/blog\/wp-json\/wp\/v2\/posts\/39419\/revisions"}],"predecessor-version":[{"id":39424,"href":"https:\/\/larevistadigital.com.ar\/blog\/wp-json\/wp\/v2\/posts\/39419\/revisions\/39424"}],"wp:featuredmedia":[{"embeddable":true,"href":"https:\/\/larevistadigital.com.ar\/blog\/wp-json\/wp\/v2\/media\/39420"}],"wp:attachment":[{"href":"https:\/\/larevistadigital.com.ar\/blog\/wp-json\/wp\/v2\/media?parent=39419"}],"wp:term":[{"taxonomy":"category","embeddable":true,"href":"https:\/\/larevistadigital.com.ar\/blog\/wp-json\/wp\/v2\/categories?post=39419"},{"taxonomy":"post_tag","embeddable":true,"href":"https:\/\/larevistadigital.com.ar\/blog\/wp-json\/wp\/v2\/tags?post=39419"}],"curies":[{"name":"wp","href":"https:\/\/api.w.org\/{rel}","templated":true}]}}