{"id":39442,"date":"2025-04-19T16:48:47","date_gmt":"2025-04-19T19:48:47","guid":{"rendered":"https:\/\/larevistadigital.com.ar\/blog\/?p=39442"},"modified":"2025-04-19T16:48:47","modified_gmt":"2025-04-19T19:48:47","slug":"hallan-una-capsula-del-tiempo-de-1900-bajo-una-escuela-demolida","status":"publish","type":"post","link":"https:\/\/larevistadigital.com.ar\/blog\/hallan-una-capsula-del-tiempo-de-1900-bajo-una-escuela-demolida\/","title":{"rendered":"Hallan una c\u00e1psula del tiempo de 1900 bajo una escuela demolida"},"content":{"rendered":"<h2 data-start=\"217\" data-end=\"348\"><strong data-start=\"221\" data-end=\"348\"><span>Entre cuadernos centenarios, cartas manuscritas y objetos escolares, se abre una ventana al pasado que emociona y sorprende.<\/span><\/strong><\/h2>\n<p>19 de Abril de 2025<\/p>\n<p class=\"\" data-start=\"350\" data-end=\"781\"><span>Durante la demolici\u00f3n de una antigua escuela primaria en un peque\u00f1o pueblo del interior bonaerense, los trabajadores se toparon con algo que ninguno esperaba: una caja met\u00e1lica cuidadosamente enterrada bajo los cimientos del edificio. Al abrirla, descubri\u00f3 que no era una simple caja olvidada, sino una verdadera <\/span><strong data-start=\"666\" data-end=\"688\"><span>c\u00e1psula del tiempo<\/span><\/strong><span> fechada en el a\u00f1o <\/span><strong data-start=\"707\" data-end=\"715\"><span>1900<\/span><\/strong><span> , repleta de recuerdos que parec\u00edan haber sido detenidos en el tiempo.<\/span><\/p>\n<p class=\"\" data-start=\"783\" data-end=\"1211\"><span>El hallazgo, que ya est\u00e1 siendo estudiado por historiadores locales, incluye <\/span><strong data-start=\"860\" data-end=\"917\"><span>fotograf\u00edas en blanco y negro de los primeros alumnos<\/span><\/strong><span> , <\/span><strong data-start=\"919\" data-end=\"945\"><span>cartas escritas a mano<\/span><\/strong><span> , un cuaderno con caligraf\u00eda impecable, <\/span><strong data-start=\"985\" data-end=\"1007\"><span>una pluma de tinta<\/span><\/strong><span> , y hasta <\/span><strong data-start=\"1017\" data-end=\"1064\"><span>una lista de precios de almac\u00e9n de la \u00e9poca<\/span><\/strong><span> . Todo ello cuidadosamente envuelto y protegido con telas y papeles encerados, como si sus creadores supieran que alg\u00fan d\u00eda alguien lo encontrar\u00eda.<\/span><\/p>\n<h3 class=\"\" data-start=\"1213\" data-end=\"1236\"><span style=\"color: #ff0000\">Una carta al futuro<\/span><\/h3>\n<p class=\"\" data-start=\"1238\" data-end=\"1600\"><span>Uno de los elementos m\u00e1s emotivos fue una carta firmada por la directora de la escuela, fechada en marzo de 1900, dirigida a \u00ablos ni\u00f1os y ni\u00f1as del siglo venidero\u00bb. En ella se expresaba el deseo de que la educaci\u00f3n siguiera siendo \u00abel faro de las sociedades justas\u00bb, y que la escuela p\u00fablica \u00abnunca deje de ser el lugar donde se siembra el futuro de una Naci\u00f3n\u00bb.<\/span><\/p>\n<p class=\"\" data-start=\"1602\" data-end=\"1852\"><span>La carta finalizaba con una frase que conmovi\u00f3 a quienes participaron del hallazgo: <\/span><br data-start=\"1685\" data-end=\"1688\" \/><em><strong>\u00abTal vez ustedes vivan entre maravillas que nosotros no podemos imaginar. Solo deseamos que sigamos so\u00f1ando, aprendiendo y cuidando los valores que aqu\u00ed sembramos\u00bb<\/strong><span>.<\/span><\/em><\/p>\n<h3 class=\"\" data-start=\"1854\" data-end=\"1889\"><span style=\"color: #ff0000\">\u00bfQu\u00e9 es una c\u00e1psula del tiempo?<\/span><\/h3>\n<p class=\"\" data-start=\"1891\" data-end=\"2283\"><span>Una c\u00e1psula del tiempo es un contenedor que guarda objetos, mensajes y recuerdos de una \u00e9poca determinada, con la intenci\u00f3n de que sean descubiertos en el futuro. Suele enterrarse o sellarse en un lugar espec\u00edfico, con la esperanza de que al ser encontrado, ofrezca un testimonio v\u00edvido del pasado. Se utilizan mucho en aniversarios de instituciones, escuelas, gobiernos o eventos hist\u00f3ricos.<\/span><\/p>\n<h3 class=\"\" data-start=\"2285\" data-end=\"2315\"><span style=\"color: #ff0000\">Un viaje directo al pasado<\/span><\/h3>\n<p class=\"\" data-start=\"2317\" data-end=\"2665\"><span>Entre los objetos hallados tambi\u00e9n hab\u00eda una regla de madera con inscripciones talladas, un tintero de cer\u00e1mica, monedas del siglo XIX, y una miniatura de la escuela hecha en madera, con nombres grabados de los alumnos fundadores. Un aut\u00e9ntico tesoro para historiadores y docentes, que ahora planean exponer los elementos en un peque\u00f1o museo local.<\/span><\/p>\n<h3 class=\"\" data-start=\"2667\" data-end=\"2688\"><span style=\"color: #ff0000\">Emoci\u00f3n colectiva<\/span><\/h3>\n<p class=\"\" data-start=\"2690\" data-end=\"2982\"><span>La noticia se viraliz\u00f3 r\u00e1pidamente y no tardaron en aparecer descendientes de antiguos alumnos o vecinos con an\u00e9cdotas e historias familiares relacionadas con la vieja escuela. Incluso algunos mayores del pueblo recordaban haber o\u00eddo hablar de una \u00abcaja misteriosa\u00bb enterrada por sus abuelos.<\/span><\/p>\n<h3 class=\"\" data-start=\"2984\" data-end=\"3016\"><span style=\"color: #ff0000\">Una costumbre que sigue viva<\/span><\/h3>\n<p class=\"\" data-start=\"3018\" data-end=\"3284\"><span>Aunque no tan com\u00fan hoy en d\u00eda, muchas escuelas y comunidades a\u00fan eligen dejar su huella para el futuro con c\u00e1psulas del tiempo. Se trata de una hermosa forma de conectar generaciones, preservar la memoria colectiva y hacer historia de una manera tangible y emotiva.<\/span><\/p>\n<h2 class=\"\" data-start=\"3291\" data-end=\"3342\"><span style=\"color: #ff0000\">\u00bfY si hacemos nuestra propia c\u00e1psula del tiempo?<\/span><\/h2>\n<p class=\"\" data-start=\"3344\" data-end=\"3533\"><span>Este hallazgo invita a reflexionar: \u00bfQu\u00e9 objetos incluir\u00edamos hoy en una c\u00e1psula del tiempo para ser descubierta dentro de 100 a\u00f1os? \u00bfQu\u00e9 mensajes dejar\u00edamos para quienes a\u00fan no han nacido?<\/span><\/p>\n<p class=\"\" data-start=\"3535\" data-end=\"3662\"><span>&#x1f4ac; <\/span><strong data-start=\"3538\" data-end=\"3662\"><span>Contanos en los comentarios qu\u00e9 pondr\u00edas vos en una c\u00e1psula del tiempo. \u00bfFotos, un celular, una carta? \u00a1Queremos leerte!<\/span><\/strong><\/p>\n","protected":false},"excerpt":{"rendered":"<div class=\"mh-excerpt\"><p>Entre cuadernos centenarios, cartas manuscritas y objetos escolares, se abre una ventana al pasado que emociona y sorprende. 19 de Abril de 2025 Durante la demolici\u00f3n de una antigua escuela primaria en un peque\u00f1o pueblo <a class=\"mh-excerpt-more\" href=\"https:\/\/larevistadigital.com.ar\/blog\/hallan-una-capsula-del-tiempo-de-1900-bajo-una-escuela-demolida\/\" title=\"Hallan una c\u00e1psula del tiempo de 1900 bajo una escuela demolida\">[Leer M\u00e1s]<\/a><\/p>\n<\/div>","protected":false},"author":3,"featured_media":39443,"comment_status":"open","ping_status":"open","sticky":false,"template":"","format":"standard","meta":{"_jetpack_memberships_contains_paid_content":false,"footnotes":"","jetpack_publicize_message":"","jetpack_publicize_feature_enabled":true,"jetpack_social_post_already_shared":true,"jetpack_social_options":{"image_generator_settings":{"template":"highway","default_image_id":0,"font":"","enabled":false},"version":2}},"categories":[11,50],"tags":[],"class_list":{"0":"post-39442","1":"post","2":"type-post","3":"status-publish","4":"format-standard","5":"has-post-thumbnail","7":"category-curiosas","8":"category-interes-general"},"jetpack_publicize_connections":[],"jetpack_featured_media_url":"https:\/\/i0.wp.com\/larevistadigital.com.ar\/blog\/wp-content\/uploads\/ChatGPT-Image-19-abr-2025-04_47_52-p.m.png?fit=1024%2C1024&ssl=1","jetpack_sharing_enabled":true,"jetpack_shortlink":"https:\/\/wp.me\/p8qtrQ-aga","jetpack-related-posts":[{"id":15991,"url":"https:\/\/larevistadigital.com.ar\/blog\/video-misterioso-objeto-metalico-bajo-la-antartida-argentina\/","url_meta":{"origin":39442,"position":0},"title":"[VIDEO] MISTERIOSO OBJETO MET\u00c1LICO BAJO LA ANT\u00c1RTIDA ARGENTINA","author":"Alejandro Sosa Ruda","date":"12 agosto, 2020","format":false,"excerpt":"La Ant\u00e1rtida siempre ha tenido una gran cantidad de misterios y secretos, desde albergar la supuesta entrada a la Tierra hueca, a formar parte de una \u201cbarrera\u201d que delimitar\u00eda la supuesta Tierra plana.. Hoy por hoy todos sus secretos est\u00e1n bajo el hielo, aunque empieza a dejar al descubierto algunas\u2026","rel":"","context":"En \u00abCURIOSAS\u00bb","block_context":{"text":"CURIOSAS","link":"https:\/\/larevistadigital.com.ar\/blog\/category\/curiosas\/"},"img":{"alt_text":"","src":"https:\/\/i0.wp.com\/larevistadigital.com.ar\/blog\/wp-content\/uploads\/Screenshot_1-129.jpg?fit=1000%2C497&ssl=1&resize=350%2C200","width":350,"height":200,"srcset":"https:\/\/i0.wp.com\/larevistadigital.com.ar\/blog\/wp-content\/uploads\/Screenshot_1-129.jpg?fit=1000%2C497&ssl=1&resize=350%2C200 1x, https:\/\/i0.wp.com\/larevistadigital.com.ar\/blog\/wp-content\/uploads\/Screenshot_1-129.jpg?fit=1000%2C497&ssl=1&resize=525%2C300 1.5x, https:\/\/i0.wp.com\/larevistadigital.com.ar\/blog\/wp-content\/uploads\/Screenshot_1-129.jpg?fit=1000%2C497&ssl=1&resize=700%2C400 2x"},"classes":[]},{"id":20181,"url":"https:\/\/larevistadigital.com.ar\/blog\/lanzaron-dos-nuevos-modelos-de-carga-del-auto-electrico-argentino\/","url_meta":{"origin":39442,"position":1},"title":"LANZARON DOS NUEVOS MODELOS DE CARGA DEL AUTO EL\u00c9CTRICO ARGENTINO","author":"Alejandro Sosa Ruda","date":"10 mayo, 2021","format":false,"excerpt":"La empresa nacional Sero Electric lanz\u00f3 dos nuevas versiones de carga del primer auto el\u00e9ctrico fabricado en Argentina. Se trata de Sero Electric Cargo Bajo y Furg\u00f3n producidos en la planta bonaerense de Mor\u00f3n. Sero Electric es el primer veh\u00edculo el\u00e9ctrico desarrollado, producido y homologado en Argentina para circular por\u2026","rel":"","context":"En \u00abINTERES GENERAL\u00bb","block_context":{"text":"INTERES GENERAL","link":"https:\/\/larevistadigital.com.ar\/blog\/category\/interes-general\/"},"img":{"alt_text":"","src":"https:\/\/i0.wp.com\/larevistadigital.com.ar\/blog\/wp-content\/uploads\/auto-electrico-sero-mayo-2021.jpg?fit=880%2C512&ssl=1&resize=350%2C200","width":350,"height":200,"srcset":"https:\/\/i0.wp.com\/larevistadigital.com.ar\/blog\/wp-content\/uploads\/auto-electrico-sero-mayo-2021.jpg?fit=880%2C512&ssl=1&resize=350%2C200 1x, https:\/\/i0.wp.com\/larevistadigital.com.ar\/blog\/wp-content\/uploads\/auto-electrico-sero-mayo-2021.jpg?fit=880%2C512&ssl=1&resize=525%2C300 1.5x, https:\/\/i0.wp.com\/larevistadigital.com.ar\/blog\/wp-content\/uploads\/auto-electrico-sero-mayo-2021.jpg?fit=880%2C512&ssl=1&resize=700%2C400 2x"},"classes":[]},{"id":27370,"url":"https:\/\/larevistadigital.com.ar\/blog\/tendencias-como-son-los-entierros-ecologicos\/","url_meta":{"origin":39442,"position":2},"title":"TENDENCIAS: \u00bfC\u00d3MO SON LOS ENTIERROS ECOL\u00d3GICOS?","author":"Alejandro Sosa Ruda","date":"29 agosto, 2022","format":false,"excerpt":"Varios emprendedores comenzaron a estudiar c\u00f3mo generar un entierro amigable con el ambiente y que no permita que una persona siga contaminando luego de morir. Aunque los seres humanos formamos parte del proceso natural, una vez concluida la vida tenemos entierros no son ecol\u00f3gicos o amigables con el ambiente. En\u2026","rel":"","context":"En \u00abINTERES GENERAL\u00bb","block_context":{"text":"INTERES GENERAL","link":"https:\/\/larevistadigital.com.ar\/blog\/category\/interes-general\/"},"img":{"alt_text":"","src":"https:\/\/i0.wp.com\/larevistadigital.com.ar\/blog\/wp-content\/uploads\/20220829110709_62ff9657f3690.png?fit=880%2C512&ssl=1&resize=350%2C200","width":350,"height":200,"srcset":"https:\/\/i0.wp.com\/larevistadigital.com.ar\/blog\/wp-content\/uploads\/20220829110709_62ff9657f3690.png?fit=880%2C512&ssl=1&resize=350%2C200 1x, https:\/\/i0.wp.com\/larevistadigital.com.ar\/blog\/wp-content\/uploads\/20220829110709_62ff9657f3690.png?fit=880%2C512&ssl=1&resize=525%2C300 1.5x, https:\/\/i0.wp.com\/larevistadigital.com.ar\/blog\/wp-content\/uploads\/20220829110709_62ff9657f3690.png?fit=880%2C512&ssl=1&resize=700%2C400 2x"},"classes":[]},{"id":18290,"url":"https:\/\/larevistadigital.com.ar\/blog\/la-plata-hicieron-un-boquete-y-saquearon-la-caja-fuerte-de-un-supermercado\/","url_meta":{"origin":39442,"position":3},"title":"LA PLATA: HICIERON UN BOQUETE Y SAQUEARON LA CAJA FUERTE DE UN SUPERMERCADO","author":"Alejandro Sosa Ruda","date":"22 diciembre, 2020","format":false,"excerpt":"Ocurri\u00f3 en el Super Naty de 13 entre 34 y 35. Los implicados arrancaron uno de los dos cofres que hab\u00eda empotrados y se lo llevaron. Est\u00e1n pr\u00f3fugos. Un grupo de delincuentes ingres\u00f3 durante las \u00faltimas horas a un supermercado de La Plata y se apoder\u00f3 de una caja fuerte\u2026","rel":"","context":"En \u00abPOLICIALES\u00bb","block_context":{"text":"POLICIALES","link":"https:\/\/larevistadigital.com.ar\/blog\/category\/policiales\/"},"img":{"alt_text":"","src":"https:\/\/i0.wp.com\/larevistadigital.com.ar\/blog\/wp-content\/uploads\/Polic%C3%ADa-Bonaerense-Patrulleros-3.jpg?fit=772%2C434&ssl=1&resize=350%2C200","width":350,"height":200,"srcset":"https:\/\/i0.wp.com\/larevistadigital.com.ar\/blog\/wp-content\/uploads\/Polic%C3%ADa-Bonaerense-Patrulleros-3.jpg?fit=772%2C434&ssl=1&resize=350%2C200 1x, https:\/\/i0.wp.com\/larevistadigital.com.ar\/blog\/wp-content\/uploads\/Polic%C3%ADa-Bonaerense-Patrulleros-3.jpg?fit=772%2C434&ssl=1&resize=525%2C300 1.5x, https:\/\/i0.wp.com\/larevistadigital.com.ar\/blog\/wp-content\/uploads\/Polic%C3%ADa-Bonaerense-Patrulleros-3.jpg?fit=772%2C434&ssl=1&resize=700%2C400 2x"},"classes":[]},{"id":22897,"url":"https:\/\/larevistadigital.com.ar\/blog\/sarco-como-es-la-capsula-aprobada-en-suiza-para-suicidarse-sin-asistencia\/","url_meta":{"origin":39442,"position":4},"title":"SARCO: COMO ES LA C\u00c1PSULA APROBADA EN SUIZA PARA SUICIDARSE SIN ASISTENCIA","author":"Alejandro Sosa Ruda","date":"8 diciembre, 2021","format":false,"excerpt":"Los planos se pueden descargar por internet, imprimir en una impresora 3D y se puede instalar en cualquier lugar. Todo est\u00e1 en manos del usuario que s\u00f3lo debe comprobar que est\u00e1 mentalmente apto para decidir morir Las autoridades en Suiza aprobaron este marte el uso de Sarco, una c\u00e1psula de\u2026","rel":"","context":"En \u00abINTERES GENERAL\u00bb","block_context":{"text":"INTERES GENERAL","link":"https:\/\/larevistadigital.com.ar\/blog\/category\/interes-general\/"},"img":{"alt_text":"","src":"https:\/\/i0.wp.com\/larevistadigital.com.ar\/blog\/wp-content\/uploads\/Captura-de-pantalla-2021-12-08-003859.jpg?fit=996%2C557&ssl=1&resize=350%2C200","width":350,"height":200,"srcset":"https:\/\/i0.wp.com\/larevistadigital.com.ar\/blog\/wp-content\/uploads\/Captura-de-pantalla-2021-12-08-003859.jpg?fit=996%2C557&ssl=1&resize=350%2C200 1x, https:\/\/i0.wp.com\/larevistadigital.com.ar\/blog\/wp-content\/uploads\/Captura-de-pantalla-2021-12-08-003859.jpg?fit=996%2C557&ssl=1&resize=525%2C300 1.5x, https:\/\/i0.wp.com\/larevistadigital.com.ar\/blog\/wp-content\/uploads\/Captura-de-pantalla-2021-12-08-003859.jpg?fit=996%2C557&ssl=1&resize=700%2C400 2x"},"classes":[]},{"id":4972,"url":"https:\/\/larevistadigital.com.ar\/blog\/maipu-cerraron-la-escuela-14\/","url_meta":{"origin":39442,"position":5},"title":"MAIPU: CERRARON LA ESCUELA 14","author":"Alejandro Sosa Ruda","date":"23 febrero, 2018","format":false,"excerpt":"De acuerdo a lo publicado por el portal Infozona, en la tarde de ayer y confirmado por la Inspectora Jefe Distrital de Maip\u00fa, Prof. Mar\u00eda Marta Vargas; se cerr\u00f3 la Escuela N1 14 de dicho Distrito por determinaci\u00f3n tomada por Inspecci\u00f3n General dependiente del Ministerio General de Educaci\u00f3n de la\u2026","rel":"","context":"En \u00abSOCIEDAD\u00bb","block_context":{"text":"SOCIEDAD","link":"https:\/\/larevistadigital.com.ar\/blog\/category\/sociedad\/"},"img":{"alt_text":"","src":"https:\/\/i0.wp.com\/larevistadigital.com.ar\/blog\/wp-content\/uploads\/2018\/02\/escuela-Mataderos-inseguridad-Gustavo-Ortiz_CLAIMA20140919_0265_29.jpg?fit=1200%2C675&ssl=1&resize=350%2C200","width":350,"height":200,"srcset":"https:\/\/i0.wp.com\/larevistadigital.com.ar\/blog\/wp-content\/uploads\/2018\/02\/escuela-Mataderos-inseguridad-Gustavo-Ortiz_CLAIMA20140919_0265_29.jpg?fit=1200%2C675&ssl=1&resize=350%2C200 1x, https:\/\/i0.wp.com\/larevistadigital.com.ar\/blog\/wp-content\/uploads\/2018\/02\/escuela-Mataderos-inseguridad-Gustavo-Ortiz_CLAIMA20140919_0265_29.jpg?fit=1200%2C675&ssl=1&resize=525%2C300 1.5x, https:\/\/i0.wp.com\/larevistadigital.com.ar\/blog\/wp-content\/uploads\/2018\/02\/escuela-Mataderos-inseguridad-Gustavo-Ortiz_CLAIMA20140919_0265_29.jpg?fit=1200%2C675&ssl=1&resize=700%2C400 2x, https:\/\/i0.wp.com\/larevistadigital.com.ar\/blog\/wp-content\/uploads\/2018\/02\/escuela-Mataderos-inseguridad-Gustavo-Ortiz_CLAIMA20140919_0265_29.jpg?fit=1200%2C675&ssl=1&resize=1050%2C600 3x"},"classes":[]}],"_links":{"self":[{"href":"https:\/\/larevistadigital.com.ar\/blog\/wp-json\/wp\/v2\/posts\/39442","targetHints":{"allow":["GET"]}}],"collection":[{"href":"https:\/\/larevistadigital.com.ar\/blog\/wp-json\/wp\/v2\/posts"}],"about":[{"href":"https:\/\/larevistadigital.com.ar\/blog\/wp-json\/wp\/v2\/types\/post"}],"author":[{"embeddable":true,"href":"https:\/\/larevistadigital.com.ar\/blog\/wp-json\/wp\/v2\/users\/3"}],"replies":[{"embeddable":true,"href":"https:\/\/larevistadigital.com.ar\/blog\/wp-json\/wp\/v2\/comments?post=39442"}],"version-history":[{"count":1,"href":"https:\/\/larevistadigital.com.ar\/blog\/wp-json\/wp\/v2\/posts\/39442\/revisions"}],"predecessor-version":[{"id":39444,"href":"https:\/\/larevistadigital.com.ar\/blog\/wp-json\/wp\/v2\/posts\/39442\/revisions\/39444"}],"wp:featuredmedia":[{"embeddable":true,"href":"https:\/\/larevistadigital.com.ar\/blog\/wp-json\/wp\/v2\/media\/39443"}],"wp:attachment":[{"href":"https:\/\/larevistadigital.com.ar\/blog\/wp-json\/wp\/v2\/media?parent=39442"}],"wp:term":[{"taxonomy":"category","embeddable":true,"href":"https:\/\/larevistadigital.com.ar\/blog\/wp-json\/wp\/v2\/categories?post=39442"},{"taxonomy":"post_tag","embeddable":true,"href":"https:\/\/larevistadigital.com.ar\/blog\/wp-json\/wp\/v2\/tags?post=39442"}],"curies":[{"name":"wp","href":"https:\/\/api.w.org\/{rel}","templated":true}]}}