{"id":39446,"date":"2025-04-19T20:10:15","date_gmt":"2025-04-19T23:10:15","guid":{"rendered":"https:\/\/larevistadigital.com.ar\/blog\/?p=39446"},"modified":"2025-04-19T20:10:15","modified_gmt":"2025-04-19T23:10:15","slug":"chascomus-durante-operativos-de-prevencion-la-policia-incauto-marihuana","status":"publish","type":"post","link":"https:\/\/larevistadigital.com.ar\/blog\/chascomus-durante-operativos-de-prevencion-la-policia-incauto-marihuana\/","title":{"rendered":"Chascom\u00fas: durante operativos de prevenci\u00f3n, la polic\u00eda incaut\u00f3 marihuana"},"content":{"rendered":"<h2>Durante un operativo de prevenci\u00f3n en el marco de Semana Santa, las fuerzas de seguridad lograron incautar sustancias ilegales.<\/h2>\n<p>19 de Abril de 2025<\/p>\n<p class=\"\" data-start=\"537\" data-end=\"833\"><strong>CHASCOM\u00daS &#8211;\u00a0<\/strong> En el marco del dispositivo especial de seguridad por el fin de semana largo, personal de la Polic\u00eda Vial y efectivos de la Comisar\u00eda Primera de Chascom\u00fas desplegaron un operativo en la Ruta Provincial 2, a la altura del kil\u00f3metro 121, y km. 125 respectivamente.<\/p>\n<blockquote>\n<h3 data-start=\"835\" data-end=\"1141\">Los procedimientos, enmarcados en la Orden de Servicio 1595\/25, conocida como \u201cOperativo Prevenci\u00f3n y Faltas en General \u2013 Semana Santa 2025\u201d, tuvieron por objetivo principal reforzar los controles para garantizar la seguridad ciudadana y prevenir delitos o infracciones en una fecha de alta circulaci\u00f3n tur\u00edstica.<\/h3>\n<\/blockquote>\n<p class=\"\" data-start=\"1143\" data-end=\"1447\">Durante uno de los controles vehiculares, se intercept\u00f3 un autom\u00f3vil marca Mercedes Benz, modelo 320, de color gris. Al realizar la correspondiente requisa al conductor \u2014un hombre de 32 a\u00f1os\u2014 los agentes constataron que entre sus pertenencias portaba flores de marihuana, con un peso total de 5,3 gramos.<\/p>\n<p class=\"\" data-start=\"1449\" data-end=\"1732\">Ante el hallazgo, se dio inmediata intervenci\u00f3n a la Ayudant\u00eda Fiscal de Estupefacientes de Dolores, inici\u00e1ndose las actuaciones correspondientes por infracci\u00f3n a la Ley de Drogas. El procedimiento fue instruido por el personal interviniente, respetando todos los protocolos legales.<\/p>\n<h3 class=\"\" data-start=\"1739\" data-end=\"1777\"><span style=\"color: #ff0000\"><strong data-start=\"1743\" data-end=\"1777\">La prevenci\u00f3n como eje central<\/strong><\/span><\/h3>\n<p class=\"\" data-start=\"1779\" data-end=\"2056\">Este tipo de operativos, planificados estrat\u00e9gicamente en fechas claves del calendario, tienen como fin desalentar el transporte de sustancias ilegales, el uso indebido del espacio p\u00fablico, y garantizar la tranquilidad tanto de los residentes como de quienes visitan la ciudad.<\/p>\n<blockquote>\n<h3 data-start=\"2058\" data-end=\"2316\">Desde las fuerzas de seguridad remarcaron que estos controles no solo buscan detectar infracciones, sino tambi\u00e9n generar una presencia activa del Estado en las rutas y accesos, promoviendo conductas responsables y fortaleciendo la seguridad vial y ciudadana.<\/h3>\n<\/blockquote>\n<h3 class=\"\" data-start=\"2323\" data-end=\"2367\"><span style=\"color: #ff0000\"><strong data-start=\"2327\" data-end=\"2367\">Un llamado a la conciencia colectiva<\/strong><\/span><\/h3>\n<p class=\"\" data-start=\"2369\" data-end=\"2669\">Este procedimiento es un ejemplo claro de c\u00f3mo los operativos preventivos permiten actuar antes de que ocurran situaciones de mayor gravedad. La presencia policial, los controles aleatorios y la cooperaci\u00f3n entre distintas \u00e1reas son herramientas fundamentales para construir una comunidad m\u00e1s segura.<\/p>\n<p class=\"\" data-start=\"2671\" data-end=\"2916\">\n","protected":false},"excerpt":{"rendered":"<div class=\"mh-excerpt\"><p>Durante un operativo de prevenci\u00f3n en el marco de Semana Santa, las fuerzas de seguridad lograron incautar sustancias ilegales. 19 de Abril de 2025 CHASCOM\u00daS &#8211;\u00a0 En el marco del dispositivo especial de seguridad por <a class=\"mh-excerpt-more\" href=\"https:\/\/larevistadigital.com.ar\/blog\/chascomus-durante-operativos-de-prevencion-la-policia-incauto-marihuana\/\" title=\"Chascom\u00fas: durante operativos de prevenci\u00f3n, la polic\u00eda incaut\u00f3 marihuana\">[Leer M\u00e1s]<\/a><\/p>\n<\/div>","protected":false},"author":3,"featured_media":15712,"comment_status":"open","ping_status":"open","sticky":false,"template":"","format":"standard","meta":{"_jetpack_memberships_contains_paid_content":false,"footnotes":"","jetpack_publicize_message":"","jetpack_publicize_feature_enabled":true,"jetpack_social_post_already_shared":true,"jetpack_social_options":{"image_generator_settings":{"template":"highway","default_image_id":0,"font":"","enabled":false},"version":2}},"categories":[41,44],"tags":[],"class_list":{"0":"post-39446","1":"post","2":"type-post","3":"status-publish","4":"format-standard","5":"has-post-thumbnail","7":"category-destacadas","8":"category-policiales"},"jetpack_publicize_connections":[],"jetpack_featured_media_url":"https:\/\/i0.wp.com\/larevistadigital.com.ar\/blog\/wp-content\/uploads\/Screenshot_1-121.jpg?fit=1007%2C565&ssl=1","jetpack_sharing_enabled":true,"jetpack_shortlink":"https:\/\/wp.me\/p8qtrQ-age","jetpack-related-posts":[{"id":39478,"url":"https:\/\/larevistadigital.com.ar\/blog\/amplio-operativo-de-seguridad-durante-semana-santa\/","url_meta":{"origin":39446,"position":0},"title":"Amplio operativo de seguridad durante Semana Santa","author":"Alejandro Sosa Ruda","date":"22 abril, 2025","format":false,"excerpt":"Con alta ocupaci\u00f3n tur\u00edstica, se desarrollaron controles y operativos preventivos sin mayores incidentes. 22 de Abril de 2025 CHASCOM\u00daS -\u00a0 Durante los d\u00edas de Semana Santa, Chascom\u00fas registr\u00f3 una ocupaci\u00f3n tur\u00edstica que super\u00f3 el 92%, lo que motiv\u00f3 un importante operativo de seguridad y prevenci\u00f3n en distintos puntos de la\u2026","rel":"","context":"En \u00abCHASCOM\u00daS\u00bb","block_context":{"text":"CHASCOM\u00daS","link":"https:\/\/larevistadigital.com.ar\/blog\/category\/chascomus\/"},"img":{"alt_text":"","src":"https:\/\/i0.wp.com\/larevistadigital.com.ar\/blog\/wp-content\/uploads\/68067a4e03161.png?fit=668%2C445&ssl=1&resize=350%2C200","width":350,"height":200,"srcset":"https:\/\/i0.wp.com\/larevistadigital.com.ar\/blog\/wp-content\/uploads\/68067a4e03161.png?fit=668%2C445&ssl=1&resize=350%2C200 1x, https:\/\/i0.wp.com\/larevistadigital.com.ar\/blog\/wp-content\/uploads\/68067a4e03161.png?fit=668%2C445&ssl=1&resize=525%2C300 1.5x"},"classes":[]},{"id":36414,"url":"https:\/\/larevistadigital.com.ar\/blog\/operativos-especiales-de-prevencion-con-drones-en-chascomus-durante-el-fin-de-semana-largo\/","url_meta":{"origin":39446,"position":1},"title":"OPERATIVOS ESPECIALES DE PREVENCI\u00d3N CON DRONES EN CHASCOM\u00daS DURANTE EL FIN DE SEMANA LARGO","author":"Alejandro Sosa Ruda","date":"24 junio, 2024","format":false,"excerpt":"La Municipalidad de Chascom\u00fas, en conjunto con las fuerzas policiales descentralizadas de la provincia de Buenos Aires, realiz\u00f3 una serie de operativos preventivos de seguridad durante el pasado fin de semana largo, con el uso de drones para la vigilancia a\u00e9rea. 24 de Junio de 2024 CHASCOM\u00daS\u00a0 -\u00a0 La Subsecretar\u00eda\u2026","rel":"","context":"En \u00abINTERES GENERAL\u00bb","block_context":{"text":"INTERES GENERAL","link":"https:\/\/larevistadigital.com.ar\/blog\/category\/interes-general\/"},"img":{"alt_text":"","src":"https:\/\/i0.wp.com\/larevistadigital.com.ar\/blog\/wp-content\/uploads\/2024_06_25_00_58_17_824511.jpg?fit=600%2C377&ssl=1&resize=350%2C200","width":350,"height":200,"srcset":"https:\/\/i0.wp.com\/larevistadigital.com.ar\/blog\/wp-content\/uploads\/2024_06_25_00_58_17_824511.jpg?fit=600%2C377&ssl=1&resize=350%2C200 1x, https:\/\/i0.wp.com\/larevistadigital.com.ar\/blog\/wp-content\/uploads\/2024_06_25_00_58_17_824511.jpg?fit=600%2C377&ssl=1&resize=525%2C300 1.5x"},"classes":[]},{"id":41448,"url":"https:\/\/larevistadigital.com.ar\/blog\/chascomus-operativos-de-seguridad-durante-el-fin-de-semana\/","url_meta":{"origin":39446,"position":2},"title":"Chascom\u00fas: Operativos de seguridad durante el fin de semana","author":"Alejandro Sosa Ruda","date":"15 septiembre, 2025","format":false,"excerpt":"Se llevaron a cabo controles en accesos y en la zona rural. 15 de Septiembre de 2025 CHASCOM\u00daS -\u00a0 \u00a0En el marco de las continuas acciones preventivas que lleva adelante la Municipalidad, personal de la Estaci\u00f3n de Polic\u00eda Comunal (EPC) y de la Patrulla de Prevenci\u00f3n Municipal realizaron durante el\u2026","rel":"","context":"En \u00abSin categor\u00eda\u00bb","block_context":{"text":"Sin categor\u00eda","link":"https:\/\/larevistadigital.com.ar\/blog\/category\/sin-categoria\/"},"img":{"alt_text":"","src":"https:\/\/i0.wp.com\/larevistadigital.com.ar\/blog\/wp-content\/uploads\/68c847f4ce660.png?fit=668%2C445&ssl=1&resize=350%2C200","width":350,"height":200,"srcset":"https:\/\/i0.wp.com\/larevistadigital.com.ar\/blog\/wp-content\/uploads\/68c847f4ce660.png?fit=668%2C445&ssl=1&resize=350%2C200 1x, https:\/\/i0.wp.com\/larevistadigital.com.ar\/blog\/wp-content\/uploads\/68c847f4ce660.png?fit=668%2C445&ssl=1&resize=525%2C300 1.5x"},"classes":[]},{"id":43151,"url":"https:\/\/larevistadigital.com.ar\/blog\/chascomus-el-intendente-javier-gaston-visito-a-los-agentes-que-participan-del-operativo-de-sol-a-sol-en-chascomus\/","url_meta":{"origin":39446,"position":3},"title":"Chascom\u00fas: El intendente Javier Gast\u00f3n visit\u00f3 a los agentes que participan del Operativo de Sol a Sol en Chascom\u00fas","author":"Alejandro Sosa Ruda","date":"5 enero, 2026","format":false,"excerpt":"El jefe comunal, junto a la secretar\u00eda de Seguridad, Mariela Moscarella, dio la bienvenida a los 20 agentes y 4 coordinadores que refuerzan las tareas de prevenci\u00f3n y cuidado durante la temporada de verano en el marco del Operativo de Sol a El intendente Javier Gast\u00f3n visit\u00f3 a los 20\u2026","rel":"","context":"En \u00abCHASCOM\u00daS\u00bb","block_context":{"text":"CHASCOM\u00daS","link":"https:\/\/larevistadigital.com.ar\/blog\/category\/chascomus\/"},"img":{"alt_text":"","src":"https:\/\/i0.wp.com\/larevistadigital.com.ar\/blog\/wp-content\/uploads\/695bf5450baf3.png?fit=668%2C445&ssl=1&resize=350%2C200","width":350,"height":200,"srcset":"https:\/\/i0.wp.com\/larevistadigital.com.ar\/blog\/wp-content\/uploads\/695bf5450baf3.png?fit=668%2C445&ssl=1&resize=350%2C200 1x, https:\/\/i0.wp.com\/larevistadigital.com.ar\/blog\/wp-content\/uploads\/695bf5450baf3.png?fit=668%2C445&ssl=1&resize=525%2C300 1.5x"},"classes":[]},{"id":44094,"url":"https:\/\/larevistadigital.com.ar\/blog\/chascomus-el-intendente-recibio-a-nuevas-cadetes-del-operativo-sol-a-sol\/","url_meta":{"origin":39446,"position":4},"title":"Chascom\u00fas: El Intendente recibi\u00f3 a nuevas cadetes del Operativo Sol a Sol","author":"Alejandro Sosa Ruda","date":"20 febrero, 2026","format":false,"excerpt":"Dos j\u00f3venes polic\u00edas chascomunenses se incorporaron al refuerzo de seguridad para la temporada de verano. 20 de febrero de 2026 CHASCOM\u00daS -\u00a0 \u00a0El intendente Javier Gast\u00f3n recibi\u00f3 en su despacho a dos nuevas cadetes de polic\u00eda chascomunenses que forman parte del Operativo Sol a Sol, el dispositivo que refuerza la\u2026","rel":"","context":"En \u00abCHASCOM\u00daS\u00bb","block_context":{"text":"CHASCOM\u00daS","link":"https:\/\/larevistadigital.com.ar\/blog\/category\/chascomus\/"},"img":{"alt_text":"","src":"https:\/\/i0.wp.com\/larevistadigital.com.ar\/blog\/wp-content\/uploads\/6998938fe9b37.png?fit=668%2C445&ssl=1&resize=350%2C200","width":350,"height":200,"srcset":"https:\/\/i0.wp.com\/larevistadigital.com.ar\/blog\/wp-content\/uploads\/6998938fe9b37.png?fit=668%2C445&ssl=1&resize=350%2C200 1x, https:\/\/i0.wp.com\/larevistadigital.com.ar\/blog\/wp-content\/uploads\/6998938fe9b37.png?fit=668%2C445&ssl=1&resize=525%2C300 1.5x"},"classes":[]},{"id":37472,"url":"https:\/\/larevistadigital.com.ar\/blog\/chascomus-operativos-preventivos-de-seguridad-para-el-fin-de-semana-largo\/","url_meta":{"origin":39446,"position":5},"title":"CHASCOM\u00daS: Operativos preventivos de seguridad para el fin de semana largo","author":"Alejandro Sosa Ruda","date":"9 octubre, 2024","format":false,"excerpt":"Autoridades municipales y policiales se reunieron para coordinar acciones durante el pr\u00f3ximo fin de semana largo para el que se espera una masiva llegada de turistas y visitantes a la ciudad. 9 de octubre de 2024 CHASCOM\u00daS -\u00a0 La secretaria de Seguridad Ciudadana, Mariela Moscarella, se reuni\u00f3 con autoridades policiales\u2026","rel":"","context":"En \u00abDESTACADAS\u00bb","block_context":{"text":"DESTACADAS","link":"https:\/\/larevistadigital.com.ar\/blog\/category\/destacadas\/"},"img":{"alt_text":"","src":"https:\/\/i0.wp.com\/larevistadigital.com.ar\/blog\/wp-content\/uploads\/6706b8c682e43.png?fit=668%2C445&ssl=1&resize=350%2C200","width":350,"height":200,"srcset":"https:\/\/i0.wp.com\/larevistadigital.com.ar\/blog\/wp-content\/uploads\/6706b8c682e43.png?fit=668%2C445&ssl=1&resize=350%2C200 1x, https:\/\/i0.wp.com\/larevistadigital.com.ar\/blog\/wp-content\/uploads\/6706b8c682e43.png?fit=668%2C445&ssl=1&resize=525%2C300 1.5x"},"classes":[]}],"_links":{"self":[{"href":"https:\/\/larevistadigital.com.ar\/blog\/wp-json\/wp\/v2\/posts\/39446","targetHints":{"allow":["GET"]}}],"collection":[{"href":"https:\/\/larevistadigital.com.ar\/blog\/wp-json\/wp\/v2\/posts"}],"about":[{"href":"https:\/\/larevistadigital.com.ar\/blog\/wp-json\/wp\/v2\/types\/post"}],"author":[{"embeddable":true,"href":"https:\/\/larevistadigital.com.ar\/blog\/wp-json\/wp\/v2\/users\/3"}],"replies":[{"embeddable":true,"href":"https:\/\/larevistadigital.com.ar\/blog\/wp-json\/wp\/v2\/comments?post=39446"}],"version-history":[{"count":1,"href":"https:\/\/larevistadigital.com.ar\/blog\/wp-json\/wp\/v2\/posts\/39446\/revisions"}],"predecessor-version":[{"id":39447,"href":"https:\/\/larevistadigital.com.ar\/blog\/wp-json\/wp\/v2\/posts\/39446\/revisions\/39447"}],"wp:featuredmedia":[{"embeddable":true,"href":"https:\/\/larevistadigital.com.ar\/blog\/wp-json\/wp\/v2\/media\/15712"}],"wp:attachment":[{"href":"https:\/\/larevistadigital.com.ar\/blog\/wp-json\/wp\/v2\/media?parent=39446"}],"wp:term":[{"taxonomy":"category","embeddable":true,"href":"https:\/\/larevistadigital.com.ar\/blog\/wp-json\/wp\/v2\/categories?post=39446"},{"taxonomy":"post_tag","embeddable":true,"href":"https:\/\/larevistadigital.com.ar\/blog\/wp-json\/wp\/v2\/tags?post=39446"}],"curies":[{"name":"wp","href":"https:\/\/api.w.org\/{rel}","templated":true}]}}