{"id":39449,"date":"2025-04-20T11:18:47","date_gmt":"2025-04-20T14:18:47","guid":{"rendered":"https:\/\/larevistadigital.com.ar\/blog\/?p=39449"},"modified":"2025-04-20T11:18:47","modified_gmt":"2025-04-20T14:18:47","slug":"ricardo-caruso-lombardi-propone-construir-una-carcel-en-el-agua-y-endurecer-penas-contra-el-delito","status":"publish","type":"post","link":"https:\/\/larevistadigital.com.ar\/blog\/ricardo-caruso-lombardi-propone-construir-una-carcel-en-el-agua-y-endurecer-penas-contra-el-delito\/","title":{"rendered":"Ricardo Caruso Lombardi propone construir una c\u00e1rcel en el agua y endurecer penas contra el delito"},"content":{"rendered":"<p class=\"\" data-start=\"292\" data-end=\"725\">El entrenador de f\u00fatbol y actual candidato a legislador porte\u00f1o por el Movimiento de Integraci\u00f3n y Desarrollo (MID), <strong data-start=\"409\" data-end=\"436\">Ricardo Caruso Lombardi<\/strong>, present\u00f3 una serie de propuestas que no pasaron desapercibidas. Entre ellas, se destaca un ambicioso proyecto: <strong data-start=\"549\" data-end=\"630\">construir una c\u00e1rcel para 2.000 personas en el agua, sobre el R\u00edo de la Plata<\/strong>, a fin de evitar conflictos con los vecinos y resolver el problema de hacinamiento carcelario.<\/p>\n<blockquote>\n<h3 data-start=\"727\" data-end=\"1034\"><em>\u201cQueremos hacer una prisi\u00f3n en el agua. Est\u00e1s a 500 metros de la playa, no molest\u00e1s a nadie y hac\u00e9s un camino para que la gente pueda ir a visitar a sus familiares. Los presos van a hacer su vida ah\u00ed adentro, no molestan a nadie\u201d<\/em>, declar\u00f3 Caruso en el programa \u201cTiempo de Policiales\u201d, emitido por ATP Radio.<\/h3>\n<\/blockquote>\n<p class=\"\" data-start=\"1036\" data-end=\"1265\">La c\u00e1rcel \u2014seg\u00fan detall\u00f3\u2014 no ser\u00eda flotante, sino construida sobre una s\u00f3lida base de cemento, como ya ocurre en pa\u00edses como Alemania, Brasil y Colombia. <em><strong>\u201cEs un lugar que no se usa para nada y armarlo ah\u00ed ser\u00eda perfecto\u201d<\/strong><\/em>, agreg\u00f3.<\/p>\n<h3 class=\"\" data-start=\"1267\" data-end=\"1320\"><span style=\"color: #ff0000\">Seguridad y prevenci\u00f3n: propuestas con mano firme<\/span><\/h3>\n<p class=\"\" data-start=\"1322\" data-end=\"1545\">El ex entrenador tambi\u00e9n se mostr\u00f3 cr\u00edtico respecto al funcionamiento actual del sistema penitenciario.<strong><em> \u201cNo se puede tener una comisar\u00eda con capacidad para 10 personas y que haya 50, porque despu\u00e9s se escapan 20\u201d<\/em><\/strong>, advirti\u00f3.<\/p>\n<p class=\"\" data-start=\"1547\" data-end=\"1951\">En su plataforma legislativa, Caruso propone <strong data-start=\"1592\" data-end=\"1635\">endurecer las penas para delitos graves<\/strong>, aplicar <strong data-start=\"1645\" data-end=\"1706\">condenas de prisi\u00f3n perpetua cuando haya pruebas directas<\/strong>, y <strong data-start=\"1710\" data-end=\"1744\">bajar la edad de imputabilidad<\/strong> para menores que cometan cr\u00edmenes violentos. <strong><em>\u201cA delito grave, pena de adulto. No pod\u00e9s permitir que todos digan que mataron porque se les escap\u00f3 el tiro. As\u00ed salen con buena conducta en tres a\u00f1os\u201d<\/em><\/strong>, sostuvo.<\/p>\n<blockquote>\n<h3 data-start=\"1953\" data-end=\"2245\">Otra de sus propuestas busca combatir el accionar de los motochorros, prohibiendo que circulen <strong data-start=\"2048\" data-end=\"2076\">dos personas en una moto<\/strong>. \u201cSi ves a dos en moto, que dejen la moto y se vayan. La mayor\u00eda de esas motos son robadas. Si ten\u00e9s novia y quer\u00e9s salir con ella, comprale una moto\u201d, dijo sin rodeos.<\/h3>\n<\/blockquote>\n<h3 class=\"\" data-start=\"2247\" data-end=\"2293\"><span style=\"color: #ff0000\">Beneficios fiscales y acceso a la vivienda<\/span><\/h3>\n<p class=\"\" data-start=\"2295\" data-end=\"2609\">M\u00e1s all\u00e1 de la seguridad, Caruso Lombardi propuso <strong data-start=\"2345\" data-end=\"2377\">subsidiar a clubes de barrio<\/strong> con la condici\u00f3n de que permitan el uso de sus instalaciones por parte de las escuelas hasta las 16:00. <strong><em>\u201cAs\u00ed los chicos van a estar contenidos, con educaci\u00f3n y formaci\u00f3n deportiva. Van a criarse bien y no terminan robando\u201d<\/em><\/strong>, se\u00f1al\u00f3.<\/p>\n<blockquote>\n<h3 data-start=\"2611\" data-end=\"2835\">Tambi\u00e9n aboga por <strong data-start=\"2629\" data-end=\"2672\">eximir del pago del ABL a los jubilados<\/strong>, como su propia madre, que \u2014seg\u00fan relat\u00f3\u2014 paga 60 mil pesos de ABL con una jubilaci\u00f3n de 340 mil. <em>\u201cYa que no les aumentan, al menos bajen los impuestos\u201d<\/em>, reclam\u00f3.<\/h3>\n<\/blockquote>\n<p class=\"\" data-start=\"2837\" data-end=\"3027\">Entre sus ideas, incluye una <strong data-start=\"2866\" data-end=\"2911\">ley para desalojar usurpadores en 30 d\u00edas<\/strong>, y <strong data-start=\"2915\" data-end=\"3025\">planes de cr\u00e9ditos hipotecarios para polic\u00edas, personal de salud y vecinos que quieran salir de las villas<\/strong>.<\/p>\n<p class=\"\" data-start=\"3029\" data-end=\"3272\">Adem\u00e1s, propuso <strong data-start=\"3045\" data-end=\"3088\">bajar el impuesto a los Ingresos Brutos<\/strong> para pymes, a cambio de que incorporen m\u00e1s empleados, y eliminar el Impuesto al Cheque. <em><strong>\u201cLas pymes est\u00e1n asfixiadas. Con un peque\u00f1o incentivo pueden tomar entre 20 y 30 personas m\u00e1s\u201d.<\/strong><\/em><\/p>\n<h3 class=\"\" data-start=\"3274\" data-end=\"3311\"><span style=\"color: #ff0000\">Un candidato con discurso directo<\/span><\/h3>\n<p class=\"\" data-start=\"3313\" data-end=\"3612\"><strong>Caruso Lombardi<\/strong> dej\u00f3 en claro que, de ser elegido, <strong data-start=\"3364\" data-end=\"3423\">votar\u00e1 cualquier proyecto que beneficie a la ciudadan\u00eda<\/strong>, sin importar el partido que lo proponga. <strong><em>\u201cNo me importa qui\u00e9n lo presenta. Si es bueno para la gente, lo voy a apoyar. No me interesa vivir del Estado ni hacer negocios raros\u201d<\/em><\/strong>, sentenci\u00f3.<\/p>\n<blockquote>\n<h3 data-start=\"3614\" data-end=\"3815\">Tambi\u00e9n asegur\u00f3 que tiene una gran aceptaci\u00f3n en la calle. \u201cSi me vota toda la gente que me saluda, que los dem\u00e1s ni se presenten. Me gusta ayudar y comprometerme, por eso no me quedo en casa\u201d, afirm\u00f3.<\/h3>\n<\/blockquote>\n<p class=\"\" data-start=\"3817\" data-end=\"3996\">Finalmente, defendi\u00f3 su honestidad: <strong><em>\u201cNo tengo causas, no estoy en nada turbio. Soy un tipo libre de polvo y paja. Por eso la gente me ve como algo diferente. No les puedo fallar\u201d.<\/em><\/strong><\/p>\n","protected":false},"excerpt":{"rendered":"<div class=\"mh-excerpt\"><p>El entrenador de f\u00fatbol y actual candidato a legislador porte\u00f1o por el Movimiento de Integraci\u00f3n y Desarrollo (MID), Ricardo Caruso Lombardi, present\u00f3 una serie de propuestas que no pasaron desapercibidas. Entre ellas, se destaca un <a class=\"mh-excerpt-more\" href=\"https:\/\/larevistadigital.com.ar\/blog\/ricardo-caruso-lombardi-propone-construir-una-carcel-en-el-agua-y-endurecer-penas-contra-el-delito\/\" title=\"Ricardo Caruso Lombardi propone construir una c\u00e1rcel en el agua y endurecer penas contra el delito\">[Leer M\u00e1s]<\/a><\/p>\n<\/div>","protected":false},"author":3,"featured_media":39450,"comment_status":"open","ping_status":"open","sticky":false,"template":"","format":"standard","meta":{"_jetpack_memberships_contains_paid_content":false,"footnotes":"","jetpack_publicize_message":"","jetpack_publicize_feature_enabled":true,"jetpack_social_post_already_shared":true,"jetpack_social_options":{"image_generator_settings":{"template":"highway","default_image_id":0,"font":"","enabled":false},"version":2}},"categories":[50,12],"tags":[],"class_list":{"0":"post-39449","1":"post","2":"type-post","3":"status-publish","4":"format-standard","5":"has-post-thumbnail","7":"category-interes-general","8":"category-politica"},"jetpack_publicize_connections":[],"jetpack_featured_media_url":"https:\/\/i0.wp.com\/larevistadigital.com.ar\/blog\/wp-content\/uploads\/99905.webp?fit=960%2C720&ssl=1","jetpack_sharing_enabled":true,"jetpack_shortlink":"https:\/\/wp.me\/p8qtrQ-agh","jetpack-related-posts":[{"id":5787,"url":"https:\/\/larevistadigital.com.ar\/blog\/mascherano-le-contesto-a-caruso-lombardi-es-una-persona-nefasta\/","url_meta":{"origin":39449,"position":0},"title":"MASCHERANO LE CONTEST\u00d3 A CARUSO LOMBARDI: \u00abES UNA PERSONA NEFASTA\u00bb","author":"Alejandro Sosa Ruda","date":"24 junio, 2018","format":false,"excerpt":"El mediocampista de la selecci\u00f3n, respondi\u00f3 con dureza a\u00a0\u00a0Ricardo Caruso Lombardi\u00a0luego de que se filtrara un video en el que se ve al entrenador argentino lanzando\u00a0acusaciones graves contra algunos integrantes del plantel argentino.\u00a0\"Es nefasto\",\u00a0consider\u00f3. Mascherano, que se mostr\u00f3 calmo a pesar de los \u00faltimos hechos, dijo que\u00a0\"Hay un video con\u2026","rel":"","context":"En \u00abDEPORTES\u00bb","block_context":{"text":"DEPORTES","link":"https:\/\/larevistadigital.com.ar\/blog\/category\/deportes\/"},"img":{"alt_text":"","src":"https:\/\/i0.wp.com\/larevistadigital.com.ar\/blog\/wp-content\/uploads\/2018\/06\/mascherano-kjqD-620x349%40abc.jpg?fit=619%2C349&ssl=1&resize=350%2C200","width":350,"height":200,"srcset":"https:\/\/i0.wp.com\/larevistadigital.com.ar\/blog\/wp-content\/uploads\/2018\/06\/mascherano-kjqD-620x349%40abc.jpg?fit=619%2C349&ssl=1&resize=350%2C200 1x, https:\/\/i0.wp.com\/larevistadigital.com.ar\/blog\/wp-content\/uploads\/2018\/06\/mascherano-kjqD-620x349%40abc.jpg?fit=619%2C349&ssl=1&resize=525%2C300 1.5x"},"classes":[]},{"id":42751,"url":"https:\/\/larevistadigital.com.ar\/blog\/cruce-caliente-en-el-futbol-argentino-insua-respondio-a-caruso-lombardi-y-lo-desafio-a-arreglarlo-personalmente\/","url_meta":{"origin":39449,"position":1},"title":"Cruce caliente en el f\u00fatbol argentino: Ins\u00faa respondi\u00f3 a Caruso Lombardi y lo desafi\u00f3 a \u201carreglarlo personalmente\u201d","author":"Alejandro Sosa Ruda","date":"3 diciembre, 2025","format":false,"excerpt":"Las tensiones dentro del f\u00fatbol argentino volvieron a quedar expuestas en las \u00faltimas semanas, luego de que Ricardo Caruso Lombardi denunciara p\u00fablicamente en TN Deportivo que los arbitrajes de los torneos nacionales estaban \u201carreglados\u201d. Sus declaraciones no solo generaron ruido en el ambiente, sino que incluso derivaron en amenazas que\u2026","rel":"","context":"En \u00abDEPORTES\u00bb","block_context":{"text":"DEPORTES","link":"https:\/\/larevistadigital.com.ar\/blog\/category\/deportes\/"},"img":{"alt_text":"","src":"https:\/\/i0.wp.com\/larevistadigital.com.ar\/blog\/wp-content\/uploads\/Captura-de-pantalla-2025-12-03-234406.jpg?fit=725%2C402&ssl=1&resize=350%2C200","width":350,"height":200,"srcset":"https:\/\/i0.wp.com\/larevistadigital.com.ar\/blog\/wp-content\/uploads\/Captura-de-pantalla-2025-12-03-234406.jpg?fit=725%2C402&ssl=1&resize=350%2C200 1x, https:\/\/i0.wp.com\/larevistadigital.com.ar\/blog\/wp-content\/uploads\/Captura-de-pantalla-2025-12-03-234406.jpg?fit=725%2C402&ssl=1&resize=525%2C300 1.5x, https:\/\/i0.wp.com\/larevistadigital.com.ar\/blog\/wp-content\/uploads\/Captura-de-pantalla-2025-12-03-234406.jpg?fit=725%2C402&ssl=1&resize=700%2C400 2x"},"classes":[]},{"id":5782,"url":"https:\/\/larevistadigital.com.ar\/blog\/caruso-lombardi-pavon-le-pego-a-mascherano-y-burruchaga-esta-con-el-serrucho-para-liquidar-a-sampaoli\/","url_meta":{"origin":39449,"position":2},"title":"CARUSO LOMBARDI: \u00abPAVON LE PEG\u00d3 A MASCHERANO Y BURRUCHAGA EST\u00c1 CON EL SERRUCHO PARA LIQUIDAR A SAMPAOLI\u00bb","author":"Alejandro Sosa Ruda","date":"24 junio, 2018","format":false,"excerpt":"Se filtr\u00f3 un video por distintos grupos de Whatsapp, que luego se hizo viral, en donde el director t\u00e9cnico Caruso Lombardi hace graves acusaciones en donde entre otras cosas dice que\"Pav\u00f3n le peg\u00f3 una pi\u00f1a a Mascherano\", adem\u00e1s de acusar al campe\u00f3n del mundo del 86, Jorge Burruchaga de estar\u2026","rel":"","context":"En \u00abDEPORTES\u00bb","block_context":{"text":"DEPORTES","link":"https:\/\/larevistadigital.com.ar\/blog\/category\/deportes\/"},"img":{"alt_text":"","src":"https:\/\/i0.wp.com\/larevistadigital.com.ar\/blog\/wp-content\/uploads\/2018\/06\/caruso_lombardi_opina.jpg_525981578.jpg?fit=790%2C440&ssl=1&resize=350%2C200","width":350,"height":200,"srcset":"https:\/\/i0.wp.com\/larevistadigital.com.ar\/blog\/wp-content\/uploads\/2018\/06\/caruso_lombardi_opina.jpg_525981578.jpg?fit=790%2C440&ssl=1&resize=350%2C200 1x, https:\/\/i0.wp.com\/larevistadigital.com.ar\/blog\/wp-content\/uploads\/2018\/06\/caruso_lombardi_opina.jpg_525981578.jpg?fit=790%2C440&ssl=1&resize=525%2C300 1.5x, https:\/\/i0.wp.com\/larevistadigital.com.ar\/blog\/wp-content\/uploads\/2018\/06\/caruso_lombardi_opina.jpg_525981578.jpg?fit=790%2C440&ssl=1&resize=700%2C400 2x"},"classes":[]},{"id":42871,"url":"https:\/\/larevistadigital.com.ar\/blog\/tension-empate-y-quiebre-politico-asi-quedo-conformado-el-nuevo-concejo-deliberante-de-la-costa\/","url_meta":{"origin":39449,"position":3},"title":"Tensi\u00f3n, empate y quiebre pol\u00edtico: as\u00ed qued\u00f3 conformado el nuevo Concejo Deliberante de La Costa","author":"Alejandro Sosa Ruda","date":"12 diciembre, 2025","format":false,"excerpt":"La sesi\u00f3n especial dej\u00f3 continuidad en la presidencia, una inesperada fractura en La Libertad Avanza y un mapa legislativo sin mayor\u00edas autom\u00e1ticas para el per\u00edodo que comienza. 12 de Diciembre de 2025 El Honorable Concejo Deliberante del Partido de La Costa vivi\u00f3 este jueves 11 de diciembre una jornada cargada\u2026","rel":"","context":"En \u00abPOLITICA PROVINCIAL\u00bb","block_context":{"text":"POLITICA PROVINCIAL","link":"https:\/\/larevistadigital.com.ar\/blog\/category\/politica\/politica-provincial\/"},"img":{"alt_text":"","src":"https:\/\/i0.wp.com\/larevistadigital.com.ar\/blog\/wp-content\/uploads\/e56748c2090c1dc18cb4299b44015630bfbb0c5d.jpeg?fit=1140%2C664&ssl=1&resize=350%2C200","width":350,"height":200,"srcset":"https:\/\/i0.wp.com\/larevistadigital.com.ar\/blog\/wp-content\/uploads\/e56748c2090c1dc18cb4299b44015630bfbb0c5d.jpeg?fit=1140%2C664&ssl=1&resize=350%2C200 1x, https:\/\/i0.wp.com\/larevistadigital.com.ar\/blog\/wp-content\/uploads\/e56748c2090c1dc18cb4299b44015630bfbb0c5d.jpeg?fit=1140%2C664&ssl=1&resize=525%2C300 1.5x, https:\/\/i0.wp.com\/larevistadigital.com.ar\/blog\/wp-content\/uploads\/e56748c2090c1dc18cb4299b44015630bfbb0c5d.jpeg?fit=1140%2C664&ssl=1&resize=700%2C400 2x, https:\/\/i0.wp.com\/larevistadigital.com.ar\/blog\/wp-content\/uploads\/e56748c2090c1dc18cb4299b44015630bfbb0c5d.jpeg?fit=1140%2C664&ssl=1&resize=1050%2C600 3x"},"classes":[]},{"id":35923,"url":"https:\/\/larevistadigital.com.ar\/blog\/se-viene-el-spin-off-de-el-marginal-pero-ahora-en-la-carcel-de-mujeres\/","url_meta":{"origin":39449,"position":4},"title":"SE VIENE EL \u00abSPIN OFF\u00bb DE \u00abEL MARGINAL\u00bb PERO AHORA EN LA CARCEL DE MUJERES","author":"Alejandro Sosa Ruda","date":"26 abril, 2024","format":false,"excerpt":"Ahora la nueva versi\u00f3n protagonizada por quien fuera \"la mujer de Mario Borges\" en la carcel de mujeres. El m\u00edtico Ant\u00edn ser\u00e1 de la partida. 26 de abril de 2024 El Marginal ha sido indudablemente una de las series m\u00e1s exitosas de Argentina en los \u00faltimos a\u00f1os. Comenz\u00f3 en la\u2026","rel":"","context":"En \u00abINTERES GENERAL\u00bb","block_context":{"text":"INTERES GENERAL","link":"https:\/\/larevistadigital.com.ar\/blog\/category\/interes-general\/"},"img":{"alt_text":"","src":"https:\/\/i0.wp.com\/larevistadigital.com.ar\/blog\/wp-content\/uploads\/439197071_983202157141007_6678397167974142434_n.jpg?fit=1023%2C1021&ssl=1&resize=350%2C200","width":350,"height":200,"srcset":"https:\/\/i0.wp.com\/larevistadigital.com.ar\/blog\/wp-content\/uploads\/439197071_983202157141007_6678397167974142434_n.jpg?fit=1023%2C1021&ssl=1&resize=350%2C200 1x, https:\/\/i0.wp.com\/larevistadigital.com.ar\/blog\/wp-content\/uploads\/439197071_983202157141007_6678397167974142434_n.jpg?fit=1023%2C1021&ssl=1&resize=525%2C300 1.5x, https:\/\/i0.wp.com\/larevistadigital.com.ar\/blog\/wp-content\/uploads\/439197071_983202157141007_6678397167974142434_n.jpg?fit=1023%2C1021&ssl=1&resize=700%2C400 2x"},"classes":[]},{"id":9664,"url":"https:\/\/larevistadigital.com.ar\/blog\/inventor-del-motor-de-agua-para-vehiculos-muere-gritando-me-envenenaron\/","url_meta":{"origin":39449,"position":5},"title":"INVENTOR DEL MOTOR DE AGUA PARA VEH\u00cdCULOS MUERE GRITANDO: \u00a1ME ENVENENARON!","author":"Alejandro Sosa Ruda","date":"12 abril, 2019","format":false,"excerpt":"Numerosos inventores de la \u00e9poca moderna han puesto en rid\u00edculo al actual modelo energ\u00e9tico del petr\u00f3leo al demostrar que podemos vivir sin petr\u00f3leo obteniendo toda la energ\u00eda que necesitamos de otras fuentes que nos ocultan como agua, aire o imanes. Desafortunadamente, la mayor\u00eda de dichos inventores han cometido inoc\u00e9ntemente los\u2026","rel":"","context":"En \u00abPOLITICA\u00bb","block_context":{"text":"POLITICA","link":"https:\/\/larevistadigital.com.ar\/blog\/category\/politica\/"},"img":{"alt_text":"","src":"https:\/\/i0.wp.com\/larevistadigital.com.ar\/blog\/wp-content\/uploads\/2019\/04\/Screenshot_1.jpg?fit=1200%2C564&ssl=1&resize=350%2C200","width":350,"height":200,"srcset":"https:\/\/i0.wp.com\/larevistadigital.com.ar\/blog\/wp-content\/uploads\/2019\/04\/Screenshot_1.jpg?fit=1200%2C564&ssl=1&resize=350%2C200 1x, https:\/\/i0.wp.com\/larevistadigital.com.ar\/blog\/wp-content\/uploads\/2019\/04\/Screenshot_1.jpg?fit=1200%2C564&ssl=1&resize=525%2C300 1.5x, https:\/\/i0.wp.com\/larevistadigital.com.ar\/blog\/wp-content\/uploads\/2019\/04\/Screenshot_1.jpg?fit=1200%2C564&ssl=1&resize=700%2C400 2x, https:\/\/i0.wp.com\/larevistadigital.com.ar\/blog\/wp-content\/uploads\/2019\/04\/Screenshot_1.jpg?fit=1200%2C564&ssl=1&resize=1050%2C600 3x"},"classes":[]}],"_links":{"self":[{"href":"https:\/\/larevistadigital.com.ar\/blog\/wp-json\/wp\/v2\/posts\/39449","targetHints":{"allow":["GET"]}}],"collection":[{"href":"https:\/\/larevistadigital.com.ar\/blog\/wp-json\/wp\/v2\/posts"}],"about":[{"href":"https:\/\/larevistadigital.com.ar\/blog\/wp-json\/wp\/v2\/types\/post"}],"author":[{"embeddable":true,"href":"https:\/\/larevistadigital.com.ar\/blog\/wp-json\/wp\/v2\/users\/3"}],"replies":[{"embeddable":true,"href":"https:\/\/larevistadigital.com.ar\/blog\/wp-json\/wp\/v2\/comments?post=39449"}],"version-history":[{"count":1,"href":"https:\/\/larevistadigital.com.ar\/blog\/wp-json\/wp\/v2\/posts\/39449\/revisions"}],"predecessor-version":[{"id":39451,"href":"https:\/\/larevistadigital.com.ar\/blog\/wp-json\/wp\/v2\/posts\/39449\/revisions\/39451"}],"wp:featuredmedia":[{"embeddable":true,"href":"https:\/\/larevistadigital.com.ar\/blog\/wp-json\/wp\/v2\/media\/39450"}],"wp:attachment":[{"href":"https:\/\/larevistadigital.com.ar\/blog\/wp-json\/wp\/v2\/media?parent=39449"}],"wp:term":[{"taxonomy":"category","embeddable":true,"href":"https:\/\/larevistadigital.com.ar\/blog\/wp-json\/wp\/v2\/categories?post=39449"},{"taxonomy":"post_tag","embeddable":true,"href":"https:\/\/larevistadigital.com.ar\/blog\/wp-json\/wp\/v2\/tags?post=39449"}],"curies":[{"name":"wp","href":"https:\/\/api.w.org\/{rel}","templated":true}]}}