{"id":39452,"date":"2025-04-20T11:29:28","date_gmt":"2025-04-20T14:29:28","guid":{"rendered":"https:\/\/larevistadigital.com.ar\/blog\/?p=39452"},"modified":"2025-04-20T11:29:28","modified_gmt":"2025-04-20T14:29:28","slug":"choque-en-la-ruta-205-con-cuatro-heridos-dos-de-gravedad","status":"publish","type":"post","link":"https:\/\/larevistadigital.com.ar\/blog\/choque-en-la-ruta-205-con-cuatro-heridos-dos-de-gravedad\/","title":{"rendered":"Choque en la ruta 205 con cuatro heridos, dos de gravedad"},"content":{"rendered":"<h2>El accidente ocurri\u00f3 sobre el puente del R\u00edo Salado.<\/h2>\n<p>20 de Abril de 2025<\/p>\n<p><strong>BUENOS AIRES &#8211;<\/strong>\u00a0 Cuatro veinticinque\u00f1os sufrieron lesiones graves al colisionar frontalmente hoy pasado el mediod\u00eda la utilitaria Reanult Kangoo en la que viajaban en direcci\u00f3n a Lobos y una camioneta Toyota Hillux, con cinco ocupantes, en Ruta Nacional 205, a la altura del puente sobre el r\u00edo Salado.<\/p>\n<blockquote>\n<h3>Interrumpido el tr\u00e1nsito, Bomberos Voluntarios de Roque P\u00e9rez trabajaron en el rescate, cortando hierros, de dos de los ocupantes de la Renault. Todos los involucrados en el siniestro fueron trasladados en ambulancias al Hospital Ram\u00f3n Carrillo.<\/h3>\n<\/blockquote>\n<p>El conductor de la Kangoo, <strong>Lucas Ricardo Enrique<\/strong> y <strong>Rodolfo Giancreco<\/strong> fueron intervenidos quir\u00fargicamente y se encuentran en estado reservado, en tanto <strong>Nahuel P\u00e9rez<\/strong> y <strong>Natalia Lister<\/strong> sufrieron lesiones de car\u00e1cter grave.<\/p>\n<p>En tanto, padecen lesiones de consideraci\u00f3n pero est\u00e1n fuera el conductor de la pick up <strong>Facundo Arteaga<\/strong>, su esposa <strong>Mar\u00eda Guillermina Bilbao<\/strong> y sus tres hijos menores. Domiciliados en la ciudad pampeana de Alvear, iban con destino a la costa atl\u00e1ntica.<\/p>\n","protected":false},"excerpt":{"rendered":"<div class=\"mh-excerpt\"><p>El accidente ocurri\u00f3 sobre el puente del R\u00edo Salado. 20 de Abril de 2025 BUENOS AIRES &#8211;\u00a0 Cuatro veinticinque\u00f1os sufrieron lesiones graves al colisionar frontalmente hoy pasado el mediod\u00eda la utilitaria Reanult Kangoo en la <a class=\"mh-excerpt-more\" href=\"https:\/\/larevistadigital.com.ar\/blog\/choque-en-la-ruta-205-con-cuatro-heridos-dos-de-gravedad\/\" title=\"Choque en la ruta 205 con cuatro heridos, dos de gravedad\">[Leer M\u00e1s]<\/a><\/p>\n<\/div>","protected":false},"author":3,"featured_media":39453,"comment_status":"open","ping_status":"open","sticky":false,"template":"","format":"standard","meta":{"_jetpack_memberships_contains_paid_content":false,"footnotes":"","jetpack_publicize_message":"","jetpack_publicize_feature_enabled":true,"jetpack_social_post_already_shared":true,"jetpack_social_options":{"image_generator_settings":{"template":"highway","default_image_id":0,"font":"","enabled":false},"version":2}},"categories":[44,51],"tags":[],"class_list":{"0":"post-39452","1":"post","2":"type-post","3":"status-publish","4":"format-standard","5":"has-post-thumbnail","7":"category-policiales","8":"category-regionales"},"jetpack_publicize_connections":[],"jetpack_featured_media_url":"https:\/\/i0.wp.com\/larevistadigital.com.ar\/blog\/wp-content\/uploads\/Choque-696x354-1.jpg?fit=696%2C354&ssl=1","jetpack_sharing_enabled":true,"jetpack_shortlink":"https:\/\/wp.me\/p8qtrQ-agk","jetpack-related-posts":[{"id":41191,"url":"https:\/\/larevistadigital.com.ar\/blog\/despistes-en-ruta-2-y-ruta-11-dos-camionetas-cayeron-a-zanjones-con-agua-pero-no-hubo-heridos-de-gravedad\/","url_meta":{"origin":39452,"position":0},"title":"Despistes en ruta 2 y ruta 11: dos camionetas cayeron a zanjones con agua, pero no hubo heridos de gravedad","author":"Alejandro Sosa Ruda","date":"1 septiembre, 2025","format":false,"excerpt":"Un accidente en la Ruta 11 y otro en la Ruta 2 obligaron a operativos de rescate durante la ma\u00f1ana del domingo. En ambos casos, los ocupantes resultaron ilesos. 01 de septiembre de 2025 BUENOS AIRES -\u00a0 \u00a0La ma\u00f1ana del domingo dej\u00f3 dos accidentes viales en rutas de la provincia\u2026","rel":"","context":"En \u00abPOLICIALES\u00bb","block_context":{"text":"POLICIALES","link":"https:\/\/larevistadigital.com.ar\/blog\/category\/policiales\/"},"img":{"alt_text":"","src":"https:\/\/i0.wp.com\/larevistadigital.com.ar\/blog\/wp-content\/uploads\/e8464ea6770c33b2c36726326b7e216f53bdba99.jpg?fit=1140%2C726&ssl=1&resize=350%2C200","width":350,"height":200,"srcset":"https:\/\/i0.wp.com\/larevistadigital.com.ar\/blog\/wp-content\/uploads\/e8464ea6770c33b2c36726326b7e216f53bdba99.jpg?fit=1140%2C726&ssl=1&resize=350%2C200 1x, https:\/\/i0.wp.com\/larevistadigital.com.ar\/blog\/wp-content\/uploads\/e8464ea6770c33b2c36726326b7e216f53bdba99.jpg?fit=1140%2C726&ssl=1&resize=525%2C300 1.5x, https:\/\/i0.wp.com\/larevistadigital.com.ar\/blog\/wp-content\/uploads\/e8464ea6770c33b2c36726326b7e216f53bdba99.jpg?fit=1140%2C726&ssl=1&resize=700%2C400 2x, https:\/\/i0.wp.com\/larevistadigital.com.ar\/blog\/wp-content\/uploads\/e8464ea6770c33b2c36726326b7e216f53bdba99.jpg?fit=1140%2C726&ssl=1&resize=1050%2C600 3x"},"classes":[]},{"id":43594,"url":"https:\/\/larevistadigital.com.ar\/blog\/ruta2-vuelco-con-tres-personas-heridas\/","url_meta":{"origin":39452,"position":1},"title":"Ruta2: Vuelco con tres personas heridas","author":"Alejandro Sosa Ruda","date":"26 enero, 2026","format":false,"excerpt":"El accidente ocurri\u00f3 a la altura del kil\u00f3metro 236, en el carril ascendente. Los ocupantes llevaban cintur\u00f3n y no sufrieron lesiones de gravedad. 26 de enero de 2026 Tres personas oriundas de la ciudad de Dolores resultaron heridas este mi\u00e9rcoles por la ma\u00f1ana luego de protagonizar un accidente de tr\u00e1nsito\u2026","rel":"","context":"En \u00abPOLICIALES\u00bb","block_context":{"text":"POLICIALES","link":"https:\/\/larevistadigital.com.ar\/blog\/category\/policiales\/"},"img":{"alt_text":"","src":"https:\/\/i0.wp.com\/larevistadigital.com.ar\/blog\/wp-content\/uploads\/b2264f9ee8f2b866d8e436cffafeda0e6604f625.jpg?fit=1140%2C641&ssl=1&resize=350%2C200","width":350,"height":200,"srcset":"https:\/\/i0.wp.com\/larevistadigital.com.ar\/blog\/wp-content\/uploads\/b2264f9ee8f2b866d8e436cffafeda0e6604f625.jpg?fit=1140%2C641&ssl=1&resize=350%2C200 1x, https:\/\/i0.wp.com\/larevistadigital.com.ar\/blog\/wp-content\/uploads\/b2264f9ee8f2b866d8e436cffafeda0e6604f625.jpg?fit=1140%2C641&ssl=1&resize=525%2C300 1.5x, https:\/\/i0.wp.com\/larevistadigital.com.ar\/blog\/wp-content\/uploads\/b2264f9ee8f2b866d8e436cffafeda0e6604f625.jpg?fit=1140%2C641&ssl=1&resize=700%2C400 2x, https:\/\/i0.wp.com\/larevistadigital.com.ar\/blog\/wp-content\/uploads\/b2264f9ee8f2b866d8e436cffafeda0e6604f625.jpg?fit=1140%2C641&ssl=1&resize=1050%2C600 3x"},"classes":[]},{"id":39681,"url":"https:\/\/larevistadigital.com.ar\/blog\/drama-en-el-rio-salado-un-hombre-desaparecio-mientras-pescaba-y-su-primo-esta-internado\/","url_meta":{"origin":39452,"position":2},"title":"Drama en el r\u00edo Salado: un hombre desapareci\u00f3 mientras pescaba y su primo est\u00e1 internado","author":"Alejandro Sosa Ruda","date":"5 mayo, 2025","format":false,"excerpt":"Una jornada de pesca en Roque P\u00e9rez termin\u00f3 en tragedia: un joven de 34 a\u00f1os fue arrastrado por la corriente y sigue siendo intensamente buscado. Su primo, de 43, fue rescatado inconsciente y permanece internado. 05 de Mayo de 2025 ROQUE PEREZ -\u00a0 Lo que comenz\u00f3 como una tarde tranquila\u2026","rel":"","context":"En \u00abPOLICIALES\u00bb","block_context":{"text":"POLICIALES","link":"https:\/\/larevistadigital.com.ar\/blog\/category\/policiales\/"},"img":{"alt_text":"","src":"https:\/\/i0.wp.com\/larevistadigital.com.ar\/blog\/wp-content\/uploads\/Captura-de-pantalla-2025-05-05-230643.jpg?fit=657%2C438&ssl=1&resize=350%2C200","width":350,"height":200,"srcset":"https:\/\/i0.wp.com\/larevistadigital.com.ar\/blog\/wp-content\/uploads\/Captura-de-pantalla-2025-05-05-230643.jpg?fit=657%2C438&ssl=1&resize=350%2C200 1x, https:\/\/i0.wp.com\/larevistadigital.com.ar\/blog\/wp-content\/uploads\/Captura-de-pantalla-2025-05-05-230643.jpg?fit=657%2C438&ssl=1&resize=525%2C300 1.5x"},"classes":[]},{"id":8864,"url":"https:\/\/larevistadigital.com.ar\/blog\/despiste-y-caida-sobre-el-puente-distribuidor-de-autovia-2-y-ruta-63\/","url_meta":{"origin":39452,"position":3},"title":"DESPISTE Y CA\u00cdDA SOBRE EL PUENTE DISTRIBUIDOR DE AUTOV\u00cdA 2 Y RUTA 63","author":"Alejandro Sosa Ruda","date":"3 marzo, 2019","format":false,"excerpt":"El hecho ocurri\u00f3 este domingo, poco despu\u00e9s de las 14:30 hs. en el puente distribuidor de la autov\u00eda 2 y la ruta 63. Una moto marca Zanella Patagonian Eagle 150 en la que viajaban dos j\u00f3venes (masculino y femenina) por motivos que se desconocen, el conductor pierde el control del\u2026","rel":"","context":"En \u00abDOLORES\u00bb","block_context":{"text":"DOLORES","link":"https:\/\/larevistadigital.com.ar\/blog\/category\/dolores\/"},"img":{"alt_text":"","src":"https:\/\/i0.wp.com\/larevistadigital.com.ar\/blog\/wp-content\/uploads\/2019\/03\/Screenshot_1-2.jpg?fit=863%2C581&ssl=1&resize=350%2C200","width":350,"height":200,"srcset":"https:\/\/i0.wp.com\/larevistadigital.com.ar\/blog\/wp-content\/uploads\/2019\/03\/Screenshot_1-2.jpg?fit=863%2C581&ssl=1&resize=350%2C200 1x, https:\/\/i0.wp.com\/larevistadigital.com.ar\/blog\/wp-content\/uploads\/2019\/03\/Screenshot_1-2.jpg?fit=863%2C581&ssl=1&resize=525%2C300 1.5x, https:\/\/i0.wp.com\/larevistadigital.com.ar\/blog\/wp-content\/uploads\/2019\/03\/Screenshot_1-2.jpg?fit=863%2C581&ssl=1&resize=700%2C400 2x"},"classes":[]},{"id":40629,"url":"https:\/\/larevistadigital.com.ar\/blog\/tragedia-en-ruta-29-una-mujer-fallecida-y-varios-heridos-tras-un-violento-choque-frontal-cerca-de-villanueva\/","url_meta":{"origin":39452,"position":4},"title":"Tragedia en Ruta 29: una mujer fallecida y varios heridos tras un violento choque frontal cerca de Villanueva","author":"Alejandro Sosa Ruda","date":"26 julio, 2025","format":false,"excerpt":"El accidente ocurri\u00f3 pasadas las 20 en un tramo cercano al acceso a Villanueva. La v\u00edctima fatal falleci\u00f3 en el acto y entre los heridos hay dos menores. Todos fueron trasladados al Hospital de Ranchos. 26 de Julio de 225 VILLANUEVA -\u00a0 \u00a0Un tr\u00e1gico accidente de tr\u00e1nsito se produjo en\u2026","rel":"","context":"En \u00abPOLICIALES\u00bb","block_context":{"text":"POLICIALES","link":"https:\/\/larevistadigital.com.ar\/blog\/category\/policiales\/"},"img":{"alt_text":"","src":"https:\/\/i0.wp.com\/larevistadigital.com.ar\/blog\/wp-content\/uploads\/istockphoto-1446474143-612x612-1.jpg?fit=612%2C344&ssl=1&resize=350%2C200","width":350,"height":200,"srcset":"https:\/\/i0.wp.com\/larevistadigital.com.ar\/blog\/wp-content\/uploads\/istockphoto-1446474143-612x612-1.jpg?fit=612%2C344&ssl=1&resize=350%2C200 1x, https:\/\/i0.wp.com\/larevistadigital.com.ar\/blog\/wp-content\/uploads\/istockphoto-1446474143-612x612-1.jpg?fit=612%2C344&ssl=1&resize=525%2C300 1.5x"},"classes":[]},{"id":2846,"url":"https:\/\/larevistadigital.com.ar\/blog\/en-tragico-accidente-fallecio-una-policia-que-se-desempenaba-en-el-destacamento-el-salado\/","url_meta":{"origin":39452,"position":5},"title":"En tr\u00e1gico accidente falleci\u00f3 una Polic\u00eda que se desempe\u00f1aba en el Destacamento El Salado","author":"admin","date":"1 agosto, 2017","format":false,"excerpt":"El pasado s\u00e1bado a la ma\u00f1ana, alrededor de las 7 horas, se produjo una colisi\u00f3n frontal entre una camioneta y un auto, dejando el saldo de una mujer fallecida. El hecho ocurri\u00f3 en la Ruta Nacional 205 entre el acceso a Caz\u00f3n y la estaci\u00f3n de Peaje, inform\u00f3 InfoSaladillo. Se\u2026","rel":"","context":"En \u00abGENERAL BELGRANO\u00bb","block_context":{"text":"GENERAL BELGRANO","link":"https:\/\/larevistadigital.com.ar\/blog\/category\/general-belgrano\/"},"img":{"alt_text":"","src":"https:\/\/i0.wp.com\/larevistadigital.com.ar\/blog\/wp-content\/uploads\/2017\/08\/belgrano_01deagostode2017_elfuerte.jpg?fit=737%2C415&ssl=1&resize=350%2C200","width":350,"height":200,"srcset":"https:\/\/i0.wp.com\/larevistadigital.com.ar\/blog\/wp-content\/uploads\/2017\/08\/belgrano_01deagostode2017_elfuerte.jpg?fit=737%2C415&ssl=1&resize=350%2C200 1x, https:\/\/i0.wp.com\/larevistadigital.com.ar\/blog\/wp-content\/uploads\/2017\/08\/belgrano_01deagostode2017_elfuerte.jpg?fit=737%2C415&ssl=1&resize=525%2C300 1.5x, https:\/\/i0.wp.com\/larevistadigital.com.ar\/blog\/wp-content\/uploads\/2017\/08\/belgrano_01deagostode2017_elfuerte.jpg?fit=737%2C415&ssl=1&resize=700%2C400 2x"},"classes":[]}],"_links":{"self":[{"href":"https:\/\/larevistadigital.com.ar\/blog\/wp-json\/wp\/v2\/posts\/39452","targetHints":{"allow":["GET"]}}],"collection":[{"href":"https:\/\/larevistadigital.com.ar\/blog\/wp-json\/wp\/v2\/posts"}],"about":[{"href":"https:\/\/larevistadigital.com.ar\/blog\/wp-json\/wp\/v2\/types\/post"}],"author":[{"embeddable":true,"href":"https:\/\/larevistadigital.com.ar\/blog\/wp-json\/wp\/v2\/users\/3"}],"replies":[{"embeddable":true,"href":"https:\/\/larevistadigital.com.ar\/blog\/wp-json\/wp\/v2\/comments?post=39452"}],"version-history":[{"count":1,"href":"https:\/\/larevistadigital.com.ar\/blog\/wp-json\/wp\/v2\/posts\/39452\/revisions"}],"predecessor-version":[{"id":39454,"href":"https:\/\/larevistadigital.com.ar\/blog\/wp-json\/wp\/v2\/posts\/39452\/revisions\/39454"}],"wp:featuredmedia":[{"embeddable":true,"href":"https:\/\/larevistadigital.com.ar\/blog\/wp-json\/wp\/v2\/media\/39453"}],"wp:attachment":[{"href":"https:\/\/larevistadigital.com.ar\/blog\/wp-json\/wp\/v2\/media?parent=39452"}],"wp:term":[{"taxonomy":"category","embeddable":true,"href":"https:\/\/larevistadigital.com.ar\/blog\/wp-json\/wp\/v2\/categories?post=39452"},{"taxonomy":"post_tag","embeddable":true,"href":"https:\/\/larevistadigital.com.ar\/blog\/wp-json\/wp\/v2\/tags?post=39452"}],"curies":[{"name":"wp","href":"https:\/\/api.w.org\/{rel}","templated":true}]}}