{"id":39456,"date":"2025-04-20T12:24:14","date_gmt":"2025-04-20T15:24:14","guid":{"rendered":"https:\/\/larevistadigital.com.ar\/blog\/?p=39456"},"modified":"2025-04-20T12:24:14","modified_gmt":"2025-04-20T15:24:14","slug":"tandil-cayo-de-la-moto-y-se-fracturo-la-pierna-y-las-costillas","status":"publish","type":"post","link":"https:\/\/larevistadigital.com.ar\/blog\/tandil-cayo-de-la-moto-y-se-fracturo-la-pierna-y-las-costillas\/","title":{"rendered":"Tandil: Cay\u00f3 de la moto y se fractur\u00f3 la pierna y las costillas"},"content":{"rendered":"<h2>Ocurri\u00f3 la madrugada del domingo, entre Lober\u00eda y Larrea.<\/h2>\n<p>20 de Abril de 2025<\/p>\n<p><strong>TANDIL &#8211;\u00a0 <\/strong>Era la madrugada y un hombre circulaba en una moto marca Motomel Skua, acompa\u00f1ado de otro, cuando tras perder el control del veh\u00edculo, impactaron contra la carteler\u00eda y cayendo ambos sobre el asfalto en el bulevar. Qui\u00e9n conduc\u00eda el veh\u00edculo era Miguel Molina de 49 a\u00f1os de edad.<\/p>\n<blockquote>\n<h3>Este, fue el segundo accidente en la ciudad en 24 hs, dejando en claro que el tema es un problema de dif\u00edcil soluci\u00f3n&#8230; Motos, e inseguridad vial.<\/h3>\n<\/blockquote>\n<p>En la madrugada del s\u00e1bado, falleci\u00f3 un joven de 25 a\u00f1os de edad, identificado como<strong> Juan Alexander Fern\u00e1ndez Lhomy<\/strong>, luego de protagonizar un accidente con su moto en la Avenida Eva Duarte y Beltr\u00e1n. <strong>Tom\u00e1s Molina<\/strong>, otro involucrado en el siniestro, se encuentra internado y en grave estado.<\/p>\n<p>Fuentes policiales indicaron que todo sucedi\u00f3 en esas esquinas, en momentos que circulaban gran cantidad de motos en el lugar.<\/p>\n","protected":false},"excerpt":{"rendered":"<div class=\"mh-excerpt\"><p>Ocurri\u00f3 la madrugada del domingo, entre Lober\u00eda y Larrea. 20 de Abril de 2025 TANDIL &#8211;\u00a0 Era la madrugada y un hombre circulaba en una moto marca Motomel Skua, acompa\u00f1ado de otro, cuando tras perder <a class=\"mh-excerpt-more\" href=\"https:\/\/larevistadigital.com.ar\/blog\/tandil-cayo-de-la-moto-y-se-fracturo-la-pierna-y-las-costillas\/\" title=\"Tandil: Cay\u00f3 de la moto y se fractur\u00f3 la pierna y las costillas\">[Leer M\u00e1s]<\/a><\/p>\n<\/div>","protected":false},"author":3,"featured_media":39457,"comment_status":"open","ping_status":"open","sticky":false,"template":"","format":"standard","meta":{"_jetpack_memberships_contains_paid_content":false,"footnotes":"","jetpack_publicize_message":"","jetpack_publicize_feature_enabled":true,"jetpack_social_post_already_shared":true,"jetpack_social_options":{"image_generator_settings":{"template":"highway","default_image_id":0,"font":"","enabled":false},"version":2}},"categories":[44,51],"tags":[],"class_list":{"0":"post-39456","1":"post","2":"type-post","3":"status-publish","4":"format-standard","5":"has-post-thumbnail","7":"category-policiales","8":"category-regionales"},"jetpack_publicize_connections":[],"jetpack_featured_media_url":"https:\/\/i0.wp.com\/larevistadigital.com.ar\/blog\/wp-content\/uploads\/accidente_alvear.jpg?fit=768%2C590&ssl=1","jetpack_sharing_enabled":true,"jetpack_shortlink":"https:\/\/wp.me\/p8qtrQ-ago","jetpack-related-posts":[{"id":27090,"url":"https:\/\/larevistadigital.com.ar\/blog\/chascomus-fotos-fatal-accidente-en-la-costanera-con-una-joven-fallecida\/","url_meta":{"origin":39456,"position":0},"title":"CHASCOM\u00daS: [fotos] FATAL ACCIDENTE EN LA COSTANERA, CON UNA JOVEN FALLECIDA","author":"Alejandro Sosa Ruda","date":"13 agosto, 2022","format":false,"excerpt":"Fue por la madrugada, en Costanera entre Lastra y Mu\u00f1iz, donde la v\u00edctima de 17 a\u00f1os circulaba como acompa\u00f1ante en la parte trasera de una moto y colision\u00f3 con un autom\u00f3vil. 13 de agosto de 2022 CHASCOM\u00daS - Durante la madrugada, se produjo un lamentable y luctuoso accidente entre una\u2026","rel":"","context":"En \u00abDESTACADAS\u00bb","block_context":{"text":"DESTACADAS","link":"https:\/\/larevistadigital.com.ar\/blog\/category\/destacadas\/"},"img":{"alt_text":"","src":"https:\/\/i0.wp.com\/larevistadigital.com.ar\/blog\/wp-content\/uploads\/298835278_10227570230776448_3294696304837466845_n.jpg?fit=1200%2C900&ssl=1&resize=350%2C200","width":350,"height":200,"srcset":"https:\/\/i0.wp.com\/larevistadigital.com.ar\/blog\/wp-content\/uploads\/298835278_10227570230776448_3294696304837466845_n.jpg?fit=1200%2C900&ssl=1&resize=350%2C200 1x, https:\/\/i0.wp.com\/larevistadigital.com.ar\/blog\/wp-content\/uploads\/298835278_10227570230776448_3294696304837466845_n.jpg?fit=1200%2C900&ssl=1&resize=525%2C300 1.5x, https:\/\/i0.wp.com\/larevistadigital.com.ar\/blog\/wp-content\/uploads\/298835278_10227570230776448_3294696304837466845_n.jpg?fit=1200%2C900&ssl=1&resize=700%2C400 2x, https:\/\/i0.wp.com\/larevistadigital.com.ar\/blog\/wp-content\/uploads\/298835278_10227570230776448_3294696304837466845_n.jpg?fit=1200%2C900&ssl=1&resize=1050%2C600 3x"},"classes":[]},{"id":24056,"url":"https:\/\/larevistadigital.com.ar\/blog\/rauch-vuelco-en-la-ruta-30\/","url_meta":{"origin":39456,"position":1},"title":"RAUCH: VUELCO EN LA RUTA 30","author":"Alejandro Sosa Ruda","date":"17 febrero, 2022","format":false,"excerpt":"Un autom\u00f3vil que se dirig\u00eda hacia Tandil volc\u00f3 en la Ruta 30, a cercan\u00edas a la rotonda que une con la Ruta 50. La conductora, domiciliada en CABA, result\u00f3 ilesa. En la ma\u00f1ana del mi\u00e9rcoles, aproximadamente a las\u00a09 horas, los Bomberos Voluntarios de Rauch acudieron por un llamado telef\u00f3nico a\u2026","rel":"","context":"En \u00abREGIONALES\u00bb","block_context":{"text":"REGIONALES","link":"https:\/\/larevistadigital.com.ar\/blog\/category\/regionales\/"},"img":{"alt_text":"","src":"https:\/\/i0.wp.com\/larevistadigital.com.ar\/blog\/wp-content\/uploads\/vuelco-sandero-rauch-16-2-2022.jpg?fit=800%2C600&ssl=1&resize=350%2C200","width":350,"height":200,"srcset":"https:\/\/i0.wp.com\/larevistadigital.com.ar\/blog\/wp-content\/uploads\/vuelco-sandero-rauch-16-2-2022.jpg?fit=800%2C600&ssl=1&resize=350%2C200 1x, https:\/\/i0.wp.com\/larevistadigital.com.ar\/blog\/wp-content\/uploads\/vuelco-sandero-rauch-16-2-2022.jpg?fit=800%2C600&ssl=1&resize=525%2C300 1.5x, https:\/\/i0.wp.com\/larevistadigital.com.ar\/blog\/wp-content\/uploads\/vuelco-sandero-rauch-16-2-2022.jpg?fit=800%2C600&ssl=1&resize=700%2C400 2x"},"classes":[]},{"id":34627,"url":"https:\/\/larevistadigital.com.ar\/blog\/dolores-un-herido-en-un-accidente-en-la-ruta-63\/","url_meta":{"origin":39456,"position":2},"title":"DOLORES: UN HERIDO EN UN ACCIDENTE EN LA RUTA 63","author":"Alejandro Sosa Ruda","date":"26 noviembre, 2023","format":false,"excerpt":"Se trata de una persona de sexo masculino, de 50 a\u00f1os de edad. 26 de Noviembre de 2023 DOLORES -\u00a0 Ayer por la tarde se produjo un fuerte accidente de tr\u00e1nsito\u00a0en la zona de parrillas de la ruta 63, jurisdicci\u00f3n de Dolores. El choque fue precisamente en el kil\u00f3metro 1,\u2026","rel":"","context":"En \u00abPOLICIALES\u00bb","block_context":{"text":"POLICIALES","link":"https:\/\/larevistadigital.com.ar\/blog\/category\/policiales\/"},"img":{"alt_text":"","src":"https:\/\/i0.wp.com\/larevistadigital.com.ar\/blog\/wp-content\/uploads\/834d4b46f04eca326b30e510d773b3846fd9ecb2.jpg?fit=1140%2C760&ssl=1&resize=350%2C200","width":350,"height":200,"srcset":"https:\/\/i0.wp.com\/larevistadigital.com.ar\/blog\/wp-content\/uploads\/834d4b46f04eca326b30e510d773b3846fd9ecb2.jpg?fit=1140%2C760&ssl=1&resize=350%2C200 1x, https:\/\/i0.wp.com\/larevistadigital.com.ar\/blog\/wp-content\/uploads\/834d4b46f04eca326b30e510d773b3846fd9ecb2.jpg?fit=1140%2C760&ssl=1&resize=525%2C300 1.5x, https:\/\/i0.wp.com\/larevistadigital.com.ar\/blog\/wp-content\/uploads\/834d4b46f04eca326b30e510d773b3846fd9ecb2.jpg?fit=1140%2C760&ssl=1&resize=700%2C400 2x, https:\/\/i0.wp.com\/larevistadigital.com.ar\/blog\/wp-content\/uploads\/834d4b46f04eca326b30e510d773b3846fd9ecb2.jpg?fit=1140%2C760&ssl=1&resize=1050%2C600 3x"},"classes":[]},{"id":23169,"url":"https:\/\/larevistadigital.com.ar\/blog\/muere-hombre-de-39-anos-tras-vuelco-en-la-ruta-226\/","url_meta":{"origin":39456,"position":3},"title":"MUERE HOMBRE DE 39 A\u00d1OS TRAS VUELCO EN LA RUTA 226","author":"Alejandro Sosa Ruda","date":"2 enero, 2022","format":false,"excerpt":"Ocurri\u00f3 este viernes, en horas de la madrugada, por causas que se tratan de establecer. En el veh\u00edculo siniestrado viajaban dos hombres y quien iba como acompa\u00f1ante, perdi\u00f3 la vida, en tanto el conductor fue hospitalizado. Alrededor de las 3 de la ma\u00f1ana de este viernes, Pedro Jos\u00e9 P\u00e9rez, de\u2026","rel":"","context":"En \u00abPOLICIALES\u00bb","block_context":{"text":"POLICIALES","link":"https:\/\/larevistadigital.com.ar\/blog\/category\/policiales\/"},"img":{"alt_text":"","src":"https:\/\/i0.wp.com\/larevistadigital.com.ar\/blog\/wp-content\/uploads\/fiat-uno-vuelco-30-12-2021.jpg?fit=1024%2C576&ssl=1&resize=350%2C200","width":350,"height":200,"srcset":"https:\/\/i0.wp.com\/larevistadigital.com.ar\/blog\/wp-content\/uploads\/fiat-uno-vuelco-30-12-2021.jpg?fit=1024%2C576&ssl=1&resize=350%2C200 1x, https:\/\/i0.wp.com\/larevistadigital.com.ar\/blog\/wp-content\/uploads\/fiat-uno-vuelco-30-12-2021.jpg?fit=1024%2C576&ssl=1&resize=525%2C300 1.5x, https:\/\/i0.wp.com\/larevistadigital.com.ar\/blog\/wp-content\/uploads\/fiat-uno-vuelco-30-12-2021.jpg?fit=1024%2C576&ssl=1&resize=700%2C400 2x"},"classes":[]},{"id":6495,"url":"https:\/\/larevistadigital.com.ar\/blog\/dolores-dos-accidentes-de-transito-se-registraron-durante-la-madrugada\/","url_meta":{"origin":39456,"position":4},"title":"DOLORES: DOS ACCIDENTES DE TR\u00c1NSITO SE REGISTRARON DURANTE LA MADRUGADA","author":"Alejandro Sosa Ruda","date":"16 septiembre, 2018","format":false,"excerpt":"Un accidente de tr\u00e1nsito protagonizado por un autom\u00f3vil y una moto se registr\u00f3 durante la madrugada en la intersecci\u00f3n de las calles Buenos Aires y Vucetich. A ra\u00edz del siniestro, cuyas causas a\u00fan se intentan determinar, uno de los ocupantes del motoveh\u00edculo fue trasladado al hospital, no as\u00ed su acompa\u00f1ante.\u2026","rel":"","context":"En \u00abDOLORES\u00bb","block_context":{"text":"DOLORES","link":"https:\/\/larevistadigital.com.ar\/blog\/category\/dolores\/"},"img":{"alt_text":"","src":"https:\/\/i0.wp.com\/larevistadigital.com.ar\/blog\/wp-content\/uploads\/2018\/09\/Screenshot_4.jpg?fit=865%2C519&ssl=1&resize=350%2C200","width":350,"height":200,"srcset":"https:\/\/i0.wp.com\/larevistadigital.com.ar\/blog\/wp-content\/uploads\/2018\/09\/Screenshot_4.jpg?fit=865%2C519&ssl=1&resize=350%2C200 1x, https:\/\/i0.wp.com\/larevistadigital.com.ar\/blog\/wp-content\/uploads\/2018\/09\/Screenshot_4.jpg?fit=865%2C519&ssl=1&resize=525%2C300 1.5x, https:\/\/i0.wp.com\/larevistadigital.com.ar\/blog\/wp-content\/uploads\/2018\/09\/Screenshot_4.jpg?fit=865%2C519&ssl=1&resize=700%2C400 2x"},"classes":[]},{"id":22891,"url":"https:\/\/larevistadigital.com.ar\/blog\/tandil-desplazan-a-funcionario-que-atropello-mato-a-un-joven-y-se-fugo\/","url_meta":{"origin":39456,"position":5},"title":"TANDIL: DESPLAZAN A FUNCIONARIO QUE ATROPELL\u00d3, MAT\u00d3 A UN JOVEN Y SE FUGO","author":"Alejandro Sosa Ruda","date":"8 diciembre, 2021","format":false,"excerpt":"Se trata del hasta ahora director de Espacios Verdes P\u00fablicos, Luciano Jaureguiber. La v\u00edctima ten\u00eda 19 a\u00f1os. TANDIL -\u00a0 La municipalidad de Tandil inform\u00f3 que fue desplazado de su cargo el director de Espacios Verdes P\u00fablicos, Luciano Jaureguiber, luego de que se conociera que\u00a0se dio a la fuga tras atropellar\u2026","rel":"","context":"En \u00abINTERES GENERAL\u00bb","block_context":{"text":"INTERES GENERAL","link":"https:\/\/larevistadigital.com.ar\/blog\/category\/interes-general\/"},"img":{"alt_text":"","src":"https:\/\/i0.wp.com\/larevistadigital.com.ar\/blog\/wp-content\/uploads\/9d331ecdf10d7ed76b389b577e482c09dba48d55.jpeg?fit=1140%2C641&ssl=1&resize=350%2C200","width":350,"height":200,"srcset":"https:\/\/i0.wp.com\/larevistadigital.com.ar\/blog\/wp-content\/uploads\/9d331ecdf10d7ed76b389b577e482c09dba48d55.jpeg?fit=1140%2C641&ssl=1&resize=350%2C200 1x, https:\/\/i0.wp.com\/larevistadigital.com.ar\/blog\/wp-content\/uploads\/9d331ecdf10d7ed76b389b577e482c09dba48d55.jpeg?fit=1140%2C641&ssl=1&resize=525%2C300 1.5x, https:\/\/i0.wp.com\/larevistadigital.com.ar\/blog\/wp-content\/uploads\/9d331ecdf10d7ed76b389b577e482c09dba48d55.jpeg?fit=1140%2C641&ssl=1&resize=700%2C400 2x, https:\/\/i0.wp.com\/larevistadigital.com.ar\/blog\/wp-content\/uploads\/9d331ecdf10d7ed76b389b577e482c09dba48d55.jpeg?fit=1140%2C641&ssl=1&resize=1050%2C600 3x"},"classes":[]}],"_links":{"self":[{"href":"https:\/\/larevistadigital.com.ar\/blog\/wp-json\/wp\/v2\/posts\/39456","targetHints":{"allow":["GET"]}}],"collection":[{"href":"https:\/\/larevistadigital.com.ar\/blog\/wp-json\/wp\/v2\/posts"}],"about":[{"href":"https:\/\/larevistadigital.com.ar\/blog\/wp-json\/wp\/v2\/types\/post"}],"author":[{"embeddable":true,"href":"https:\/\/larevistadigital.com.ar\/blog\/wp-json\/wp\/v2\/users\/3"}],"replies":[{"embeddable":true,"href":"https:\/\/larevistadigital.com.ar\/blog\/wp-json\/wp\/v2\/comments?post=39456"}],"version-history":[{"count":1,"href":"https:\/\/larevistadigital.com.ar\/blog\/wp-json\/wp\/v2\/posts\/39456\/revisions"}],"predecessor-version":[{"id":39458,"href":"https:\/\/larevistadigital.com.ar\/blog\/wp-json\/wp\/v2\/posts\/39456\/revisions\/39458"}],"wp:featuredmedia":[{"embeddable":true,"href":"https:\/\/larevistadigital.com.ar\/blog\/wp-json\/wp\/v2\/media\/39457"}],"wp:attachment":[{"href":"https:\/\/larevistadigital.com.ar\/blog\/wp-json\/wp\/v2\/media?parent=39456"}],"wp:term":[{"taxonomy":"category","embeddable":true,"href":"https:\/\/larevistadigital.com.ar\/blog\/wp-json\/wp\/v2\/categories?post=39456"},{"taxonomy":"post_tag","embeddable":true,"href":"https:\/\/larevistadigital.com.ar\/blog\/wp-json\/wp\/v2\/tags?post=39456"}],"curies":[{"name":"wp","href":"https:\/\/api.w.org\/{rel}","templated":true}]}}