{"id":39459,"date":"2025-04-20T12:48:33","date_gmt":"2025-04-20T15:48:33","guid":{"rendered":"https:\/\/larevistadigital.com.ar\/blog\/?p=39459"},"modified":"2025-04-20T12:48:33","modified_gmt":"2025-04-20T15:48:33","slug":"abrio-el-primer-desarmadero-habilitado-oficialmente-en-quequen","status":"publish","type":"post","link":"https:\/\/larevistadigital.com.ar\/blog\/abrio-el-primer-desarmadero-habilitado-oficialmente-en-quequen\/","title":{"rendered":"Abri\u00f3 el primer desarmadero habilitado oficialmente en Quequ\u00e9n"},"content":{"rendered":"<h2 data-start=\"222\" data-end=\"332\">Una nueva alternativa para conseguir repuestos en buen estado, con garant\u00eda y asesoramiento personalizado.<\/h2>\n<p>20 de Abril de 2025<\/p>\n<p class=\"\" data-start=\"334\" data-end=\"696\"><strong>QUEQU\u00c9N &#8211;<\/strong>\u00a0 Por primera vez, la ciudad de Quequ\u00e9n cuenta con un <strong data-start=\"386\" data-end=\"425\">desarmadero habilitado oficialmente<\/strong>, ubicado en la intersecci\u00f3n de Almirante Brown y calle 546. El establecimiento ofrece una <strong data-start=\"516\" data-end=\"555\">soluci\u00f3n r\u00e1pida, econ\u00f3mica y segura<\/strong> para quienes necesitan repuestos usados en buen estado, con el respaldo de una normativa vigente que garantiza un proceso legal y confiable.<\/p>\n<p class=\"\" data-start=\"698\" data-end=\"1040\">El lugar ya se posiciona como una <strong data-start=\"732\" data-end=\"795\">alternativa clave para mec\u00e1nicos, talleres y automovilistas<\/strong>, no solo de Quequ\u00e9n, sino tambi\u00e9n de Necochea y localidades cercanas. Cuenta con un amplio predio en el que se almacenan <strong data-start=\"917\" data-end=\"961\">veh\u00edculos de diferentes marcas y modelos<\/strong>, lo que permite una gran variedad de piezas disponibles para su reutilizaci\u00f3n.<\/p>\n<blockquote>\n<h3 data-start=\"1042\" data-end=\"1282\">Adem\u00e1s de ofrecer un extenso stock, el desarmadero se destaca por su <strong data-start=\"1111\" data-end=\"1137\">atenci\u00f3n personalizada<\/strong> y su <strong data-start=\"1143\" data-end=\"1168\">asesoramiento t\u00e9cnico<\/strong>, orientado a ayudar a los clientes a encontrar el repuesto adecuado y asegurar la compatibilidad con su veh\u00edculo.<\/h3>\n<\/blockquote>\n<p class=\"\" data-start=\"1284\" data-end=\"1579\">&#x1f4cd; <span style=\"color: #ff0000\"><strong data-start=\"1287\" data-end=\"1316\">Ubicaci\u00f3n de f\u00e1cil acceso<\/strong><\/span><br data-start=\"1316\" data-end=\"1319\" \/>Situado estrat\u00e9gicamente en una zona accesible, el nuevo espacio est\u00e1 pensado para facilitar tanto la consulta como la compra. Todo el proceso est\u00e1 organizado de manera eficiente, con sectores bien se\u00f1alizados y personal capacitado para guiar a los visitantes.<\/p>\n<p class=\"\" data-start=\"1581\" data-end=\"1760\">&#x1f4f1; <span style=\"color: #ff0000\"><strong data-start=\"1584\" data-end=\"1615\">Consultas y atenci\u00f3n online<\/strong><\/span><br data-start=\"1615\" data-end=\"1618\" \/>Para mayor comodidad, quienes deseen realizar consultas o coordinar una visita pueden comunicarse directamente por <strong data-start=\"1733\" data-end=\"1745\">WhatsApp<\/strong> a los n\u00fameros:<\/p>\n<ul data-start=\"1762\" data-end=\"1799\">\n<li class=\"\" data-start=\"1762\" data-end=\"1780\">\n<p class=\"\" data-start=\"1764\" data-end=\"1780\">&#x1f4de; 2262 413797<\/p>\n<\/li>\n<li class=\"\" data-start=\"1781\" data-end=\"1799\">\n<p class=\"\" data-start=\"1783\" data-end=\"1799\">&#x1f4de; 2262 628055<\/p>\n<\/li>\n<\/ul>\n<p class=\"\" data-start=\"1801\" data-end=\"1919\">Desde all\u00ed, el equipo responde de forma \u00e1gil con informaci\u00f3n sobre <strong data-start=\"1868\" data-end=\"1918\">disponibilidad, precios y condiciones de venta<\/strong>.<\/p>\n<p class=\"\" data-start=\"1921\" data-end=\"2186\">Con esta nueva propuesta, Quequ\u00e9n da un paso m\u00e1s hacia la formalizaci\u00f3n del sector automotor, ofreciendo una alternativa sustentable que promueve la reutilizaci\u00f3n de piezas, <strong data-start=\"2095\" data-end=\"2128\">favorece la econom\u00eda circular<\/strong> y brinda seguridad tanto a compradores como a vendedores.<\/p>\n<p data-start=\"1921\" data-end=\"2186\">fuente e imagen: diarionecochea<\/p>\n","protected":false},"excerpt":{"rendered":"<div class=\"mh-excerpt\"><p>Una nueva alternativa para conseguir repuestos en buen estado, con garant\u00eda y asesoramiento personalizado. 20 de Abril de 2025 QUEQU\u00c9N &#8211;\u00a0 Por primera vez, la ciudad de Quequ\u00e9n cuenta con un desarmadero habilitado oficialmente, ubicado <a class=\"mh-excerpt-more\" href=\"https:\/\/larevistadigital.com.ar\/blog\/abrio-el-primer-desarmadero-habilitado-oficialmente-en-quequen\/\" title=\"Abri\u00f3 el primer desarmadero habilitado oficialmente en Quequ\u00e9n\">[Leer M\u00e1s]<\/a><\/p>\n<\/div>","protected":false},"author":3,"featured_media":39460,"comment_status":"open","ping_status":"open","sticky":false,"template":"","format":"standard","meta":{"_jetpack_memberships_contains_paid_content":false,"footnotes":"","jetpack_publicize_message":"","jetpack_publicize_feature_enabled":true,"jetpack_social_post_already_shared":true,"jetpack_social_options":{"image_generator_settings":{"template":"highway","default_image_id":0,"font":"","enabled":false},"version":2}},"categories":[51],"tags":[],"class_list":{"0":"post-39459","1":"post","2":"type-post","3":"status-publish","4":"format-standard","5":"has-post-thumbnail","7":"category-regionales"},"jetpack_publicize_connections":[],"jetpack_featured_media_url":"https:\/\/i0.wp.com\/larevistadigital.com.ar\/blog\/wp-content\/uploads\/primer-desarmadero.jpg?fit=713%2C390&ssl=1","jetpack_sharing_enabled":true,"jetpack_shortlink":"https:\/\/wp.me\/p8qtrQ-agr","jetpack-related-posts":[{"id":33770,"url":"https:\/\/larevistadigital.com.ar\/blog\/hallan-200-kg-de-cocaina-en-un-barco-que-zarpo-de-quequen-a-australia\/","url_meta":{"origin":39459,"position":0},"title":"HALLAN 200 KG. DE COCA\u00cdNA EN UN BARCO QUE ZARP\u00d3 DE QUEQU\u00c9N A AUSTRALIA","author":"Alejandro Sosa Ruda","date":"4 octubre, 2023","format":false,"excerpt":"Se trata de un buque aceitero. Descubrieron el cargamento escondido en el casco, un lugar de dif\u00edcil acceso. 04 de Octubre de 2023 El barco\u00a0Chemstar Sapphire, procedente de Necochea, fue detenido en el Puerto de Melbourne, encontrando 200 kilogramos de coca\u00edna\u00a0en un compartimento del casco, con un valor estimado en\u2026","rel":"","context":"En \u00abINTERES GENERAL\u00bb","block_context":{"text":"INTERES GENERAL","link":"https:\/\/larevistadigital.com.ar\/blog\/category\/interes-general\/"},"img":{"alt_text":"","src":"https:\/\/i0.wp.com\/larevistadigital.com.ar\/blog\/wp-content\/uploads\/Captura-de-pantalla-2023-10-04-011621.png?fit=1048%2C509&ssl=1&resize=350%2C200","width":350,"height":200,"srcset":"https:\/\/i0.wp.com\/larevistadigital.com.ar\/blog\/wp-content\/uploads\/Captura-de-pantalla-2023-10-04-011621.png?fit=1048%2C509&ssl=1&resize=350%2C200 1x, https:\/\/i0.wp.com\/larevistadigital.com.ar\/blog\/wp-content\/uploads\/Captura-de-pantalla-2023-10-04-011621.png?fit=1048%2C509&ssl=1&resize=525%2C300 1.5x, https:\/\/i0.wp.com\/larevistadigital.com.ar\/blog\/wp-content\/uploads\/Captura-de-pantalla-2023-10-04-011621.png?fit=1048%2C509&ssl=1&resize=700%2C400 2x"},"classes":[]},{"id":30604,"url":"https:\/\/larevistadigital.com.ar\/blog\/accidente-fatal-en-la-ruta-88-murio-una-mujer-en-accidente-entre-camion-y-auto\/","url_meta":{"origin":39459,"position":1},"title":"ACCIDENTE FATAL EN LA RUTA 88: MURI\u00d3 UNA MUJER EN ACCIDENTE ENTRE CAMI\u00d3N Y AUTO","author":"Alejandro Sosa Ruda","date":"15 marzo, 2023","format":false,"excerpt":"La mujer ten\u00eda 69 a\u00f1os, y el camionero sali\u00f3 ileso. Sucedi\u00f3 en el km. 106 de la ruta que une Mar del Plata con Necochea. 15 de marzo de 2023 QUEQUEN -\u00a0 Ayer por la tarde, sucedi\u00f3 un grave accidente entre un autom\u00f3vil y un cami\u00f3n Dimex con acoplado y\u2026","rel":"","context":"En \u00abPOLICIALES\u00bb","block_context":{"text":"POLICIALES","link":"https:\/\/larevistadigital.com.ar\/blog\/category\/policiales\/"},"img":{"alt_text":"","src":"https:\/\/i0.wp.com\/larevistadigital.com.ar\/blog\/wp-content\/uploads\/0bea1e187568c0af4b2b76bab0b7884af95d3bd7.jpg?fit=1140%2C605&ssl=1&resize=350%2C200","width":350,"height":200,"srcset":"https:\/\/i0.wp.com\/larevistadigital.com.ar\/blog\/wp-content\/uploads\/0bea1e187568c0af4b2b76bab0b7884af95d3bd7.jpg?fit=1140%2C605&ssl=1&resize=350%2C200 1x, https:\/\/i0.wp.com\/larevistadigital.com.ar\/blog\/wp-content\/uploads\/0bea1e187568c0af4b2b76bab0b7884af95d3bd7.jpg?fit=1140%2C605&ssl=1&resize=525%2C300 1.5x, https:\/\/i0.wp.com\/larevistadigital.com.ar\/blog\/wp-content\/uploads\/0bea1e187568c0af4b2b76bab0b7884af95d3bd7.jpg?fit=1140%2C605&ssl=1&resize=700%2C400 2x, https:\/\/i0.wp.com\/larevistadigital.com.ar\/blog\/wp-content\/uploads\/0bea1e187568c0af4b2b76bab0b7884af95d3bd7.jpg?fit=1140%2C605&ssl=1&resize=1050%2C600 3x"},"classes":[]},{"id":42632,"url":"https:\/\/larevistadigital.com.ar\/blog\/necochea-kicillof-inauguro-el-nuevo-jardin-de-infantes-n-919\/","url_meta":{"origin":39459,"position":2},"title":"Necochea: Kicillof inaugur\u00f3 el nuevo jard\u00edn de infantes N\u00b0 919","author":"Alejandro Sosa Ruda","date":"25 noviembre, 2025","format":false,"excerpt":"Adem\u00e1s, el Gobernador puso en funcionamiento la Comisar\u00eda 2\u00aa de Quequ\u00e9n, recorri\u00f3 el Centro de Integraci\u00f3n Municipal y entreg\u00f3 una ambulancia de alta complejidad. 25 de Noviembre de 2025 El gobernador de la provincia de Buenos Aires, Axel Kicillof, encabez\u00f3 este martes la inauguraci\u00f3n formal del Jard\u00edn de Infantes N\u00ba\u2026","rel":"","context":"En \u00abPOLITICA PROVINCIAL\u00bb","block_context":{"text":"POLITICA PROVINCIAL","link":"https:\/\/larevistadigital.com.ar\/blog\/category\/politica\/politica-provincial\/"},"img":{"alt_text":"","src":"https:\/\/i0.wp.com\/larevistadigital.com.ar\/blog\/wp-content\/uploads\/DON4585-scaled.jpg?fit=1200%2C800&ssl=1&resize=350%2C200","width":350,"height":200,"srcset":"https:\/\/i0.wp.com\/larevistadigital.com.ar\/blog\/wp-content\/uploads\/DON4585-scaled.jpg?fit=1200%2C800&ssl=1&resize=350%2C200 1x, https:\/\/i0.wp.com\/larevistadigital.com.ar\/blog\/wp-content\/uploads\/DON4585-scaled.jpg?fit=1200%2C800&ssl=1&resize=525%2C300 1.5x, https:\/\/i0.wp.com\/larevistadigital.com.ar\/blog\/wp-content\/uploads\/DON4585-scaled.jpg?fit=1200%2C800&ssl=1&resize=700%2C400 2x, https:\/\/i0.wp.com\/larevistadigital.com.ar\/blog\/wp-content\/uploads\/DON4585-scaled.jpg?fit=1200%2C800&ssl=1&resize=1050%2C600 3x"},"classes":[]},{"id":34465,"url":"https:\/\/larevistadigital.com.ar\/blog\/necochea-detienen-en-un-asalto-a-un-homicida-oriundo-de-mar-del-plata\/","url_meta":{"origin":39459,"position":3},"title":"NECOCHEA: DETIENEN EN UN ASALTO A UN HOMICIDA ORIUNDO DE MAR DEL PLATA","author":"Alejandro Sosa Ruda","date":"8 noviembre, 2023","format":false,"excerpt":"Se le hab\u00eda concedido el beneficio de la libertad asistida en el marco de una condena a 9 a\u00f1os por el asesinato de Mat\u00edas Garc\u00eda en 2015. 8 de noviembre de 2023 NECOCHEA-\u00a0 Nicol\u00e1s Ontivero, de 29 a\u00f1os, quien a\u00fan cumpl\u00eda con la pena impuesta por la Justicia de Mar\u2026","rel":"","context":"En \u00abPOLICIALES\u00bb","block_context":{"text":"POLICIALES","link":"https:\/\/larevistadigital.com.ar\/blog\/category\/policiales\/"},"img":{"alt_text":"","src":"https:\/\/i0.wp.com\/larevistadigital.com.ar\/blog\/wp-content\/uploads\/Captura-de-pantalla-2023-11-08-220047.png?fit=808%2C477&ssl=1&resize=350%2C200","width":350,"height":200,"srcset":"https:\/\/i0.wp.com\/larevistadigital.com.ar\/blog\/wp-content\/uploads\/Captura-de-pantalla-2023-11-08-220047.png?fit=808%2C477&ssl=1&resize=350%2C200 1x, https:\/\/i0.wp.com\/larevistadigital.com.ar\/blog\/wp-content\/uploads\/Captura-de-pantalla-2023-11-08-220047.png?fit=808%2C477&ssl=1&resize=525%2C300 1.5x, https:\/\/i0.wp.com\/larevistadigital.com.ar\/blog\/wp-content\/uploads\/Captura-de-pantalla-2023-11-08-220047.png?fit=808%2C477&ssl=1&resize=700%2C400 2x"},"classes":[]},{"id":27597,"url":"https:\/\/larevistadigital.com.ar\/blog\/mar-del-plata-allanan-desarmadero-y-secuestran-mas-de-5-millones-de-pesos-en-neumaticos\/","url_meta":{"origin":39459,"position":4},"title":"MAR DEL PLATA: ALLANAN DESARMADERO Y SECUESTRAN M\u00c1S DE 5 MILLONES DE PESOS EN NEUM\u00c1TICOS","author":"Alejandro Sosa Ruda","date":"7 septiembre, 2022","format":false,"excerpt":"El operativo se realiz\u00f3 este mi\u00e9rcoles en una vivienda del barrio Cerrito Sur. Adem\u00e1s, en el lugar se incautaron \"gran cantidad\" de marihuana, por lo que el responsable del lugar qued\u00f3 imputado y detenido. 07 de septiembre de 2022 MAR DEL PLATA -\u00a0 Inform\u00f3 el diario La Capital que un\u00a0desarmadero\u2026","rel":"","context":"En \u00abPOLICIALES\u00bb","block_context":{"text":"POLICIALES","link":"https:\/\/larevistadigital.com.ar\/blog\/category\/policiales\/"},"img":{"alt_text":"","src":"https:\/\/i0.wp.com\/larevistadigital.com.ar\/blog\/wp-content\/uploads\/SECUESTRO-NEUMATICOS.png?fit=808%2C462&ssl=1&resize=350%2C200","width":350,"height":200,"srcset":"https:\/\/i0.wp.com\/larevistadigital.com.ar\/blog\/wp-content\/uploads\/SECUESTRO-NEUMATICOS.png?fit=808%2C462&ssl=1&resize=350%2C200 1x, https:\/\/i0.wp.com\/larevistadigital.com.ar\/blog\/wp-content\/uploads\/SECUESTRO-NEUMATICOS.png?fit=808%2C462&ssl=1&resize=525%2C300 1.5x, https:\/\/i0.wp.com\/larevistadigital.com.ar\/blog\/wp-content\/uploads\/SECUESTRO-NEUMATICOS.png?fit=808%2C462&ssl=1&resize=700%2C400 2x"},"classes":[]},{"id":18645,"url":"https:\/\/larevistadigital.com.ar\/blog\/desbaratan-encuentros-clandestinos-en-necochea\/","url_meta":{"origin":39459,"position":5},"title":"DESBARATAN ENCUENTROS CLANDESTINOS EN NECOCHEA","author":"Alejandro Sosa Ruda","date":"15 enero, 2021","format":false,"excerpt":"Personal municipal y policial debi\u00f3 intervenir en\u00a0tres encuentros clandestinos, dos en domicilios y el\u00a0restante en una cancha de p\u00e1del, donde las personas reunidas se hallaban escuchando m\u00fasica a alto volumen. NECOCHEA - Personal de Control Urbano de la municipalidad de Necochea, junto a miembros de fuerzas policiales, desbarataron este viernes\u2026","rel":"","context":"En \u00abPOLICIALES\u00bb","block_context":{"text":"POLICIALES","link":"https:\/\/larevistadigital.com.ar\/blog\/category\/policiales\/"},"img":{"alt_text":"","src":"https:\/\/i0.wp.com\/larevistadigital.com.ar\/blog\/wp-content\/uploads\/Screenshot_2-128.jpg?fit=1004%2C564&ssl=1&resize=350%2C200","width":350,"height":200,"srcset":"https:\/\/i0.wp.com\/larevistadigital.com.ar\/blog\/wp-content\/uploads\/Screenshot_2-128.jpg?fit=1004%2C564&ssl=1&resize=350%2C200 1x, https:\/\/i0.wp.com\/larevistadigital.com.ar\/blog\/wp-content\/uploads\/Screenshot_2-128.jpg?fit=1004%2C564&ssl=1&resize=525%2C300 1.5x, https:\/\/i0.wp.com\/larevistadigital.com.ar\/blog\/wp-content\/uploads\/Screenshot_2-128.jpg?fit=1004%2C564&ssl=1&resize=700%2C400 2x"},"classes":[]}],"_links":{"self":[{"href":"https:\/\/larevistadigital.com.ar\/blog\/wp-json\/wp\/v2\/posts\/39459","targetHints":{"allow":["GET"]}}],"collection":[{"href":"https:\/\/larevistadigital.com.ar\/blog\/wp-json\/wp\/v2\/posts"}],"about":[{"href":"https:\/\/larevistadigital.com.ar\/blog\/wp-json\/wp\/v2\/types\/post"}],"author":[{"embeddable":true,"href":"https:\/\/larevistadigital.com.ar\/blog\/wp-json\/wp\/v2\/users\/3"}],"replies":[{"embeddable":true,"href":"https:\/\/larevistadigital.com.ar\/blog\/wp-json\/wp\/v2\/comments?post=39459"}],"version-history":[{"count":1,"href":"https:\/\/larevistadigital.com.ar\/blog\/wp-json\/wp\/v2\/posts\/39459\/revisions"}],"predecessor-version":[{"id":39461,"href":"https:\/\/larevistadigital.com.ar\/blog\/wp-json\/wp\/v2\/posts\/39459\/revisions\/39461"}],"wp:featuredmedia":[{"embeddable":true,"href":"https:\/\/larevistadigital.com.ar\/blog\/wp-json\/wp\/v2\/media\/39460"}],"wp:attachment":[{"href":"https:\/\/larevistadigital.com.ar\/blog\/wp-json\/wp\/v2\/media?parent=39459"}],"wp:term":[{"taxonomy":"category","embeddable":true,"href":"https:\/\/larevistadigital.com.ar\/blog\/wp-json\/wp\/v2\/categories?post=39459"},{"taxonomy":"post_tag","embeddable":true,"href":"https:\/\/larevistadigital.com.ar\/blog\/wp-json\/wp\/v2\/tags?post=39459"}],"curies":[{"name":"wp","href":"https:\/\/api.w.org\/{rel}","templated":true}]}}