{"id":39463,"date":"2025-04-20T19:57:22","date_gmt":"2025-04-20T22:57:22","guid":{"rendered":"https:\/\/larevistadigital.com.ar\/blog\/?p=39463"},"modified":"2025-04-20T19:57:22","modified_gmt":"2025-04-20T22:57:22","slug":"murio-el-loco-hugo-orlando-gatti","status":"publish","type":"post","link":"https:\/\/larevistadigital.com.ar\/blog\/murio-el-loco-hugo-orlando-gatti\/","title":{"rendered":"Muri\u00f3 \u00abEl Loco\u00bb Hugo Orlando Gatti"},"content":{"rendered":"<h2>Ten\u00eda 80 a\u00f1os y dej\u00f3 un legado que lo ubica como uno de los grandes de la historia del f\u00fatbol argentino.<\/h2>\n<p>20 de Abril de 2025<\/p>\n<p><strong>BUENOS AIRES &#8211;\u00a0 \u00a0<\/strong>El legendario arquero Hugo Orlando \u00abEl Loco\u00bb Gatti falleci\u00f3 hoy, a los 80 a\u00f1os de edad, dejando un imborrable legado en la historia del f\u00fatbol.<\/p>\n<p>La noticia,\u00a0fue confirmada desde el <b>hospital Pirovano,\u00a0<\/b>donde el ex futbolista permanec\u00eda internado en terapia intensiva desde hace m\u00e1s de dos meses habiendo ingresado luego de una rotura de cadera provocada por una ca\u00edda, y que lamentablemente deriv\u00f3 en un \u00abvirus intrahospitalario\u00bb del que\u00a0 no pudo recuperarse.<\/p>\n<blockquote>\n<h3>\u201cEl Loco\u201d se encontraba en\u00a0<b>coma farmacol\u00f3gico<\/b>\u00a0y fue diagnosticado con\u00a0<b>neumon\u00eda<\/b>,\u00a0<b>insuficiencia card\u00edaca<\/b>\u00a0e\u00a0<b>insuficiencia renal<\/b>.<\/h3>\n<\/blockquote>\n<p>En las primeras horas de este domingo, la familia de <strong>Hugo Gatti<\/strong> hab\u00eda informado la decisi\u00f3n de retirar la asistencia de ventilaci\u00f3n mec\u00e1nica debido al estado \u201cirreversible\u201d de salud.\u00a0<i><strong>\u201cEn virtud a su estado de salud irreversible, sin posibilidad de recuperaci\u00f3n, proceder\u00e1n al retiro de ventilaci\u00f3n mec\u00e1nica, en el transcurso del d\u00eda\u201d<\/strong>,\u00a0<\/i>fue el parte m\u00e9dico difundido.<\/p>\n<blockquote>\n<h3>Gatti, supo darle felicidad al puesto m\u00e1s ingrato. El que sinti\u00f3 que cada partido deb\u00eda ser una fiesta. El de la vincha y los buzos coloridos. El que logr\u00f3 ser \u00eddolo incluso de aquellos pibes que no eran del cuadro donde \u00e9l atajaba.<\/h3>\n<\/blockquote>\n<p>Criado en los campos de su Carlos Tejedor natal -lleg\u00f3 al mundo el 19 de agosto de 1944-, que se asombr\u00f3 apenas pis\u00f3 la gran ciudad, llenando sus ojos de cada novedad que aparec\u00eda a su paso. La pensi\u00f3n que le asign\u00f3 Atlanta para pasar los primeros tiempos lejos de los afectos, donde fueron fundamentales las manos amigas de <b>Carlos Griguol y Luis Artime<\/b>\u00a0para contenerlo y no desanimarlo.<\/p>\n<p>El 5 de agosto de 1962, con apenas 17 a\u00f1os, debut\u00f3 en primera divisi\u00f3n. Atlanta perdi\u00f3 en su visita a Gimnasia por 2-0 y\u00a0<b>nadie pod\u00eda suponer que all\u00ed comenzaba a escribirse esta leyenda<\/b>, con miles de condimentos y una longevidad incre\u00edble, ya que su \u00faltimo partido ser\u00eda 26 a\u00f1os despu\u00e9s.<\/p>\n","protected":false},"excerpt":{"rendered":"<div class=\"mh-excerpt\"><p>Ten\u00eda 80 a\u00f1os y dej\u00f3 un legado que lo ubica como uno de los grandes de la historia del f\u00fatbol argentino. 20 de Abril de 2025 BUENOS AIRES &#8211;\u00a0 \u00a0El legendario arquero Hugo Orlando \u00abEl <a class=\"mh-excerpt-more\" href=\"https:\/\/larevistadigital.com.ar\/blog\/murio-el-loco-hugo-orlando-gatti\/\" title=\"Muri\u00f3 \u00abEl Loco\u00bb Hugo Orlando Gatti\">[Leer M\u00e1s]<\/a><\/p>\n<\/div>","protected":false},"author":3,"featured_media":39465,"comment_status":"open","ping_status":"open","sticky":false,"template":"","format":"standard","meta":{"_jetpack_memberships_contains_paid_content":false,"footnotes":"","jetpack_publicize_message":"","jetpack_publicize_feature_enabled":true,"jetpack_social_post_already_shared":true,"jetpack_social_options":{"image_generator_settings":{"template":"highway","default_image_id":0,"font":"","enabled":false},"version":2}},"categories":[50],"tags":[],"class_list":{"0":"post-39463","1":"post","2":"type-post","3":"status-publish","4":"format-standard","5":"has-post-thumbnail","7":"category-interes-general"},"jetpack_publicize_connections":[],"jetpack_featured_media_url":"https:\/\/i0.wp.com\/larevistadigital.com.ar\/blog\/wp-content\/uploads\/HUGO-GATTI.jpg?fit=800%2C661&ssl=1","jetpack_sharing_enabled":true,"jetpack_shortlink":"https:\/\/wp.me\/p8qtrQ-agv","jetpack-related-posts":[{"id":41827,"url":"https:\/\/larevistadigital.com.ar\/blog\/dolor-en-el-futbol-argentino-a-los-69-anos-fallecio-miguel-angel-russo\/","url_meta":{"origin":39463,"position":0},"title":"Dolor en el f\u00fatbol argentino: a los 69 a\u00f1os falleci\u00f3 Miguel \u00c1ngel Russo","author":"Alejandro Sosa Ruda","date":"8 octubre, 2025","format":false,"excerpt":"El hist\u00f3rico entrenador de Boca Juniors y referente del f\u00fatbol sudamericano muri\u00f3 este lunes, tras enfrentar una larga enfermedad. Su legado, su ejemplo y su pasi\u00f3n por el f\u00fatbol marcaron a generaciones. 08 de Octubre de 2025 El mundo del f\u00fatbol despide con profundo dolor a Miguel \u00c1ngel Russo, quien\u2026","rel":"","context":"En \u00abDEPORTES\u00bb","block_context":{"text":"DEPORTES","link":"https:\/\/larevistadigital.com.ar\/blog\/category\/deportes\/"},"img":{"alt_text":"","src":"https:\/\/i0.wp.com\/larevistadigital.com.ar\/blog\/wp-content\/uploads\/Captura-de-pantalla-2025-10-08-200648.jpg?fit=703%2C412&ssl=1&resize=350%2C200","width":350,"height":200,"srcset":"https:\/\/i0.wp.com\/larevistadigital.com.ar\/blog\/wp-content\/uploads\/Captura-de-pantalla-2025-10-08-200648.jpg?fit=703%2C412&ssl=1&resize=350%2C200 1x, https:\/\/i0.wp.com\/larevistadigital.com.ar\/blog\/wp-content\/uploads\/Captura-de-pantalla-2025-10-08-200648.jpg?fit=703%2C412&ssl=1&resize=525%2C300 1.5x, https:\/\/i0.wp.com\/larevistadigital.com.ar\/blog\/wp-content\/uploads\/Captura-de-pantalla-2025-10-08-200648.jpg?fit=703%2C412&ssl=1&resize=700%2C400 2x"},"classes":[]},{"id":19518,"url":"https:\/\/larevistadigital.com.ar\/blog\/murio-el-astrologo-horangel-a-los-93-anos\/","url_meta":{"origin":39463,"position":1},"title":"MURI\u00d3 EL ASTR\u00d3LOGO HORANGEL, A LOS 93 A\u00d1OS","author":"Alejandro Sosa Ruda","date":"29 marzo, 2021","format":false,"excerpt":"Horacio Germ\u00e1n Tirigall, m\u00e1s conocido como Horangel, muri\u00f3 este viernes a los 93 a\u00f1os. Desde hac\u00eda una d\u00e9cada viv\u00eda en el Apart hotel Trian\u00f3n, ubicado en Recoleta. La noticia fue confirmada por Clar\u00edn que adem\u00e1s inform\u00f3 que esta ma\u00f1ana hab\u00eda recibido la unci\u00f3n de los enfermos. El reconocido astr\u00f3logo padec\u00eda\u2026","rel":"","context":"En \u00abINTERES GENERAL\u00bb","block_context":{"text":"INTERES GENERAL","link":"https:\/\/larevistadigital.com.ar\/blog\/category\/interes-general\/"},"img":{"alt_text":"","src":"https:\/\/i0.wp.com\/larevistadigital.com.ar\/blog\/wp-content\/uploads\/21-03-27-mqs-horangel-cronicajpg.jpg?fit=1200%2C675&ssl=1&resize=350%2C200","width":350,"height":200,"srcset":"https:\/\/i0.wp.com\/larevistadigital.com.ar\/blog\/wp-content\/uploads\/21-03-27-mqs-horangel-cronicajpg.jpg?fit=1200%2C675&ssl=1&resize=350%2C200 1x, https:\/\/i0.wp.com\/larevistadigital.com.ar\/blog\/wp-content\/uploads\/21-03-27-mqs-horangel-cronicajpg.jpg?fit=1200%2C675&ssl=1&resize=525%2C300 1.5x, https:\/\/i0.wp.com\/larevistadigital.com.ar\/blog\/wp-content\/uploads\/21-03-27-mqs-horangel-cronicajpg.jpg?fit=1200%2C675&ssl=1&resize=700%2C400 2x, https:\/\/i0.wp.com\/larevistadigital.com.ar\/blog\/wp-content\/uploads\/21-03-27-mqs-horangel-cronicajpg.jpg?fit=1200%2C675&ssl=1&resize=1050%2C600 3x"},"classes":[]},{"id":44542,"url":"https:\/\/larevistadigital.com.ar\/blog\/murio-marcelo-araujo-historica-voz-del-futbol-argentino-en-la-television\/","url_meta":{"origin":39463,"position":2},"title":"Muri\u00f3 Marcelo Araujo, hist\u00f3rica voz del f\u00fatbol argentino en la televisi\u00f3n","author":"Alejandro Sosa Ruda","date":"16 marzo, 2026","format":false,"excerpt":"Ten\u00eda 78 a\u00f1os y durante m\u00e1s de tres d\u00e9cadas fue uno de los relatores m\u00e1s influyentes del pa\u00eds. Su voz qued\u00f3 ligada a algunos de los momentos m\u00e1s recordados del f\u00fatbol argentino. 16 de marzo de 2026 Muri\u00f3 Marcelo Araujo, uno de los relatores m\u00e1s reconocidos de la televisi\u00f3n argentina\u2026","rel":"","context":"En \u00abINTERES GENERAL\u00bb","block_context":{"text":"INTERES GENERAL","link":"https:\/\/larevistadigital.com.ar\/blog\/category\/interes-general\/"},"img":{"alt_text":"","src":"https:\/\/i0.wp.com\/larevistadigital.com.ar\/blog\/wp-content\/uploads\/Captura-de-pantalla-2026-03-16-212727.jpg?fit=629%2C405&ssl=1&resize=350%2C200","width":350,"height":200,"srcset":"https:\/\/i0.wp.com\/larevistadigital.com.ar\/blog\/wp-content\/uploads\/Captura-de-pantalla-2026-03-16-212727.jpg?fit=629%2C405&ssl=1&resize=350%2C200 1x, https:\/\/i0.wp.com\/larevistadigital.com.ar\/blog\/wp-content\/uploads\/Captura-de-pantalla-2026-03-16-212727.jpg?fit=629%2C405&ssl=1&resize=525%2C300 1.5x"},"classes":[]},{"id":20115,"url":"https:\/\/larevistadigital.com.ar\/blog\/profundo-pesar-murio-timoteo-griguol-a-los-86-anos\/","url_meta":{"origin":39463,"position":3},"title":"PROFUNDO PESAR: MURI\u00d3 TIMOTEO GRIGUOL A LOS 86 A\u00d1OS","author":"Alejandro Sosa Ruda","date":"6 mayo, 2021","format":false,"excerpt":"El ex entrenador de Gimnasia falleci\u00f3 a los 86 a\u00f1os. Se encontraba internado desde hace varios d\u00edas atr\u00e1s en estado cr\u00edtico, tras luchar contra el COVID. Carlos Timoteo Griguol muri\u00f3 este jueves en el Sanatorio Los Arcos, donde estaba internado hac\u00eda varias semanas, con un estado de salud cr\u00edtico y\u2026","rel":"","context":"En \u00abINTERES GENERAL\u00bb","block_context":{"text":"INTERES GENERAL","link":"https:\/\/larevistadigital.com.ar\/blog\/category\/interes-general\/"},"img":{"alt_text":"","src":"https:\/\/i0.wp.com\/larevistadigital.com.ar\/blog\/wp-content\/uploads\/GRIGUOL.jpeg?fit=1200%2C814&ssl=1&resize=350%2C200","width":350,"height":200,"srcset":"https:\/\/i0.wp.com\/larevistadigital.com.ar\/blog\/wp-content\/uploads\/GRIGUOL.jpeg?fit=1200%2C814&ssl=1&resize=350%2C200 1x, https:\/\/i0.wp.com\/larevistadigital.com.ar\/blog\/wp-content\/uploads\/GRIGUOL.jpeg?fit=1200%2C814&ssl=1&resize=525%2C300 1.5x, https:\/\/i0.wp.com\/larevistadigital.com.ar\/blog\/wp-content\/uploads\/GRIGUOL.jpeg?fit=1200%2C814&ssl=1&resize=700%2C400 2x, https:\/\/i0.wp.com\/larevistadigital.com.ar\/blog\/wp-content\/uploads\/GRIGUOL.jpeg?fit=1200%2C814&ssl=1&resize=1050%2C600 3x"},"classes":[]},{"id":10683,"url":"https:\/\/larevistadigital.com.ar\/blog\/dolor-en-el-futbol-y-luto-en-boca-murio-ruben-sune\/","url_meta":{"origin":39463,"position":4},"title":"DOLOR EN EL F\u00daTBOL Y LUTO EN BOCA: MURI\u00d3 RUBEN SU\u00d1\u00c9","author":"Alejandro Sosa Ruda","date":"21 junio, 2019","format":false,"excerpt":"Uno de los grandes \u00eddolos\u00a0xeneizes, campe\u00f3n en ocho oportunidades,\u00a0muri\u00f3 a los 72 a\u00f1os.\u00a0 Rub\u00e9n \"El Chapa\" Su\u00f1\u00e9, una de las glorias de Boca J\u00faniors falleci\u00f3 este jueves a los 72 a\u00f1os, seg\u00fan dieron a conocer medios cercanos al club xeneize. Su\u00f1\u00e9, considerado un \u00eddolo por los hinchas de Boca, se\u2026","rel":"","context":"En \u00abDEPORTES\u00bb","block_context":{"text":"DEPORTES","link":"https:\/\/larevistadigital.com.ar\/blog\/category\/deportes\/"},"img":{"alt_text":"","src":"https:\/\/i0.wp.com\/larevistadigital.com.ar\/blog\/wp-content\/uploads\/sune_g.jpg?fit=650%2C446&ssl=1&resize=350%2C200","width":350,"height":200,"srcset":"https:\/\/i0.wp.com\/larevistadigital.com.ar\/blog\/wp-content\/uploads\/sune_g.jpg?fit=650%2C446&ssl=1&resize=350%2C200 1x, https:\/\/i0.wp.com\/larevistadigital.com.ar\/blog\/wp-content\/uploads\/sune_g.jpg?fit=650%2C446&ssl=1&resize=525%2C300 1.5x"},"classes":[]},{"id":18351,"url":"https:\/\/larevistadigital.com.ar\/blog\/todo-esto-paso-un-dia-como-hoy26-de-diciembre\/","url_meta":{"origin":39463,"position":5},"title":"TODO ESTO PAS\u00d3, UN D\u00cdA COMO HOY:26 DE DICIEMBRE&#8230;","author":"Alejandro Sosa Ruda","date":"26 diciembre, 2020","format":false,"excerpt":"Jos\u00e9 Mar\u00eda Guti\u00e9rrez: vida dedicada a la pol\u00edtica 1903 - Muri\u00f3\u00a0Jos\u00e9 Mar\u00eda Guti\u00e9rrez, quien fue un educador, editor y pol\u00edtico que lleg\u00f3 a ser Ministro de Justicia e Instrucci\u00f3n P\u00fablica de la Naci\u00f3n durante las presidencias de\u00a0Nicol\u00e1s Avellaneda\u00a0y\u00a0Carlos Pellegrini. Adem\u00e1s, se desempe\u00f1\u00f3 como diputado nacional durante la presidencia de\u00a0Domingo Faustino\u2026","rel":"","context":"En \u00abSOCIEDAD\u00bb","block_context":{"text":"SOCIEDAD","link":"https:\/\/larevistadigital.com.ar\/blog\/category\/sociedad\/"},"img":{"alt_text":"","src":"https:\/\/i0.wp.com\/larevistadigital.com.ar\/blog\/wp-content\/uploads\/LOGO-EFEMERIDES.jpg?fit=1200%2C628&ssl=1&resize=350%2C200","width":350,"height":200,"srcset":"https:\/\/i0.wp.com\/larevistadigital.com.ar\/blog\/wp-content\/uploads\/LOGO-EFEMERIDES.jpg?fit=1200%2C628&ssl=1&resize=350%2C200 1x, https:\/\/i0.wp.com\/larevistadigital.com.ar\/blog\/wp-content\/uploads\/LOGO-EFEMERIDES.jpg?fit=1200%2C628&ssl=1&resize=525%2C300 1.5x, https:\/\/i0.wp.com\/larevistadigital.com.ar\/blog\/wp-content\/uploads\/LOGO-EFEMERIDES.jpg?fit=1200%2C628&ssl=1&resize=700%2C400 2x, https:\/\/i0.wp.com\/larevistadigital.com.ar\/blog\/wp-content\/uploads\/LOGO-EFEMERIDES.jpg?fit=1200%2C628&ssl=1&resize=1050%2C600 3x"},"classes":[]}],"_links":{"self":[{"href":"https:\/\/larevistadigital.com.ar\/blog\/wp-json\/wp\/v2\/posts\/39463","targetHints":{"allow":["GET"]}}],"collection":[{"href":"https:\/\/larevistadigital.com.ar\/blog\/wp-json\/wp\/v2\/posts"}],"about":[{"href":"https:\/\/larevistadigital.com.ar\/blog\/wp-json\/wp\/v2\/types\/post"}],"author":[{"embeddable":true,"href":"https:\/\/larevistadigital.com.ar\/blog\/wp-json\/wp\/v2\/users\/3"}],"replies":[{"embeddable":true,"href":"https:\/\/larevistadigital.com.ar\/blog\/wp-json\/wp\/v2\/comments?post=39463"}],"version-history":[{"count":1,"href":"https:\/\/larevistadigital.com.ar\/blog\/wp-json\/wp\/v2\/posts\/39463\/revisions"}],"predecessor-version":[{"id":39466,"href":"https:\/\/larevistadigital.com.ar\/blog\/wp-json\/wp\/v2\/posts\/39463\/revisions\/39466"}],"wp:featuredmedia":[{"embeddable":true,"href":"https:\/\/larevistadigital.com.ar\/blog\/wp-json\/wp\/v2\/media\/39465"}],"wp:attachment":[{"href":"https:\/\/larevistadigital.com.ar\/blog\/wp-json\/wp\/v2\/media?parent=39463"}],"wp:term":[{"taxonomy":"category","embeddable":true,"href":"https:\/\/larevistadigital.com.ar\/blog\/wp-json\/wp\/v2\/categories?post=39463"},{"taxonomy":"post_tag","embeddable":true,"href":"https:\/\/larevistadigital.com.ar\/blog\/wp-json\/wp\/v2\/tags?post=39463"}],"curies":[{"name":"wp","href":"https:\/\/api.w.org\/{rel}","templated":true}]}}