{"id":39469,"date":"2025-04-21T07:54:22","date_gmt":"2025-04-21T10:54:22","guid":{"rendered":"https:\/\/larevistadigital.com.ar\/blog\/?p=39469"},"modified":"2025-04-21T07:54:22","modified_gmt":"2025-04-21T10:54:22","slug":"murio-el-papa-francisco","status":"publish","type":"post","link":"https:\/\/larevistadigital.com.ar\/blog\/murio-el-papa-francisco\/","title":{"rendered":"MURI\u00d3 EL PAPA FRANC\u00cdSCO"},"content":{"rendered":"<h2 class=\"nota-bajada\">A los 88 a\u00f1os de edad, muri\u00f3 el primer Papa latinoamericano de la historia. Su deseo de acercar la Iglesia a las personas, lo ha marcado como un hombre que despert\u00f3 admiraci\u00f3n y cr\u00edticas en el mundo entero.<\/h2>\n<p>21 de Marzo de 2025<\/p>\n<p>El<strong>\u00a0papa Francisco falleci\u00f3 este lunes a la edad de 88 a\u00f1os<\/strong>, seg\u00fan lo confirm\u00f3 el Vaticano en un comunicado difundido a trav\u00e9s de su canal oficial en Telegram.<strong>\u00a0<\/strong>El Sumo Pont\u00edfice sufri\u00f3 varios problemas de salud a lo largo de su vida que deterioraron su integridad f\u00edsica con el correr de los a\u00f1os, y m\u00e1s a\u00fan los \u00faltimos meses y en avanzada edad.<\/p>\n<blockquote>\n<h3>Hoy temprano, Franc\u00edsco no se present\u00f3 donde deb\u00eda y cuando fueron a buscarlo, lo encontraron muerto en su habitaci\u00f3n.<\/h3>\n<\/blockquote>\n<p>De nombre secular\u00a0<strong>Jorge Mario Bergoglio,\u00a0<\/strong>naci\u00f3 un\u00a0<strong>17 de diciembre del a\u00f1o 1936<\/strong>. Junto a sus padres\u00a0<strong>Regina Mar\u00eda S\u00edvori<\/strong>\u00a0y\u00a0<strong>Mario Jos\u00e9 Bergoglio<\/strong>; y sus hermanos\u00a0<strong>Mar\u00eda Elena, Oscar Adrian, Marta Regina y Alberto<\/strong>; vivi\u00f3 dentro de una t\u00edpica familia de clase media baja en una casa ubicada en Membrillar al 500, en el barrio porte\u00f1o de\u00a0<strong>Flores<\/strong>.<\/p>\n<p>&nbsp;<\/p>\n","protected":false},"excerpt":{"rendered":"<div class=\"mh-excerpt\"><p>A los 88 a\u00f1os de edad, muri\u00f3 el primer Papa latinoamericano de la historia. Su deseo de acercar la Iglesia a las personas, lo ha marcado como un hombre que despert\u00f3 admiraci\u00f3n y cr\u00edticas en <a class=\"mh-excerpt-more\" href=\"https:\/\/larevistadigital.com.ar\/blog\/murio-el-papa-francisco\/\" title=\"MURI\u00d3 EL PAPA FRANC\u00cdSCO\">[Leer M\u00e1s]<\/a><\/p>\n<\/div>","protected":false},"author":3,"featured_media":39470,"comment_status":"open","ping_status":"open","sticky":false,"template":"","format":"standard","meta":{"_jetpack_memberships_contains_paid_content":false,"footnotes":"","jetpack_publicize_message":"","jetpack_publicize_feature_enabled":true,"jetpack_social_post_already_shared":true,"jetpack_social_options":{"image_generator_settings":{"template":"highway","default_image_id":0,"font":"","enabled":false},"version":2}},"categories":[41],"tags":[],"class_list":{"0":"post-39469","1":"post","2":"type-post","3":"status-publish","4":"format-standard","5":"has-post-thumbnail","7":"category-destacadas"},"jetpack_publicize_connections":[],"jetpack_featured_media_url":"https:\/\/i0.wp.com\/larevistadigital.com.ar\/blog\/wp-content\/uploads\/top-view-of-black-bow-as-mourning-symbol-on-dark-wall-1.jpg?fit=2000%2C1335&ssl=1","jetpack_sharing_enabled":true,"jetpack_shortlink":"https:\/\/wp.me\/p8qtrQ-agB","jetpack-related-posts":[{"id":29658,"url":"https:\/\/larevistadigital.com.ar\/blog\/29658-2\/","url_meta":{"origin":39469,"position":0},"title":"EL PAPA FRANCISCO PIDI\u00d3 QUE RECEN POR LA SALUD DE BENEDICTO YA QUE \u00abEST\u00c1 MUY ENFERMO\u00bb","author":"Alejandro Sosa Ruda","date":"28 diciembre, 2022","format":false,"excerpt":"El Sumo Pont\u00edfice llam\u00f3 a rezar este martes por el papa em\u00e9rito \"para que el Se\u00f1or lo consuele y lo sostenga en este testimonio de amor a la Iglesia hasta el final\". 28 de diciembre de 2022 Este mi\u00e9rcoles 28 de diciembre, el papa Francisco\u00a0pidi\u00f3 al final de la audiencia\u2026","rel":"","context":"En \u00abREGIONALES\u00bb","block_context":{"text":"REGIONALES","link":"https:\/\/larevistadigital.com.ar\/blog\/category\/regionales\/"},"img":{"alt_text":"","src":"https:\/\/i0.wp.com\/larevistadigital.com.ar\/blog\/wp-content\/uploads\/francisco-y-benedicto.jpg?fit=953%2C528&ssl=1&resize=350%2C200","width":350,"height":200,"srcset":"https:\/\/i0.wp.com\/larevistadigital.com.ar\/blog\/wp-content\/uploads\/francisco-y-benedicto.jpg?fit=953%2C528&ssl=1&resize=350%2C200 1x, https:\/\/i0.wp.com\/larevistadigital.com.ar\/blog\/wp-content\/uploads\/francisco-y-benedicto.jpg?fit=953%2C528&ssl=1&resize=525%2C300 1.5x, https:\/\/i0.wp.com\/larevistadigital.com.ar\/blog\/wp-content\/uploads\/francisco-y-benedicto.jpg?fit=953%2C528&ssl=1&resize=700%2C400 2x"},"classes":[]},{"id":39547,"url":"https:\/\/larevistadigital.com.ar\/blog\/rito-de-cierre-del-feretro-del-papa-francisco-en-la-basilica-de-san-pedro\/","url_meta":{"origin":39469,"position":1},"title":"Rito de cierre del f\u00e9retro del Papa Francisco en la Bas\u00edlica de San Pedro","author":"Alejandro Sosa Ruda","date":"26 abril, 2025","format":false,"excerpt":"Este jueves por la tarde, a las 20:00 horas, se realiz\u00f3 en el Altar de la Confesi\u00f3n de la Bas\u00edlica de San Pedro la ceremonia de clausura del ata\u00fad del Papa Francisco, en un acto reservado y solemne presidido por el cardenal camarlengo Kevin Joseph Farrell. Asistieron al momento algunos\u2026","rel":"","context":"En \u00abINTERES GENERAL\u00bb","block_context":{"text":"INTERES GENERAL","link":"https:\/\/larevistadigital.com.ar\/blog\/category\/interes-general\/"},"img":{"alt_text":"","src":"https:\/\/i0.wp.com\/larevistadigital.com.ar\/blog\/wp-content\/uploads\/20250425185028_rito-cierre-feretro-papa-francisco.jpg?fit=880%2C512&ssl=1&resize=350%2C200","width":350,"height":200,"srcset":"https:\/\/i0.wp.com\/larevistadigital.com.ar\/blog\/wp-content\/uploads\/20250425185028_rito-cierre-feretro-papa-francisco.jpg?fit=880%2C512&ssl=1&resize=350%2C200 1x, https:\/\/i0.wp.com\/larevistadigital.com.ar\/blog\/wp-content\/uploads\/20250425185028_rito-cierre-feretro-papa-francisco.jpg?fit=880%2C512&ssl=1&resize=525%2C300 1.5x, https:\/\/i0.wp.com\/larevistadigital.com.ar\/blog\/wp-content\/uploads\/20250425185028_rito-cierre-feretro-papa-francisco.jpg?fit=880%2C512&ssl=1&resize=700%2C400 2x"},"classes":[]},{"id":9528,"url":"https:\/\/larevistadigital.com.ar\/blog\/murio-alberto-cortez-a-los-79-anos-de-edad\/","url_meta":{"origin":39469,"position":2},"title":"MURI\u00d3 ALBERTO CORTEZ A LOS 79 A\u00d1OS DE EDAD","author":"Alejandro Sosa Ruda","date":"4 abril, 2019","format":false,"excerpt":"El cantante se encontraba internado en Madrid, por problemas g\u00e1stricos que se fueron empeorando. Cort\u00e9z sin dudas fue uno de los m\u00e1s importantes cantautores de habla hispana, radicado hace a\u00f1os en Espa\u00f1a y muy respetado a nivel mundial. As\u00f3 lo confirm\u00f3 Yolanda D\u00edaz, productora del concierto que iba a dar\u2026","rel":"","context":"En \u00abSin categor\u00eda\u00bb","block_context":{"text":"Sin categor\u00eda","link":"https:\/\/larevistadigital.com.ar\/blog\/category\/sin-categoria\/"},"img":{"alt_text":"","src":"https:\/\/i0.wp.com\/larevistadigital.com.ar\/blog\/wp-content\/uploads\/2019\/04\/alberto-cortez.jpg?fit=900%2C789&ssl=1&resize=350%2C200","width":350,"height":200,"srcset":"https:\/\/i0.wp.com\/larevistadigital.com.ar\/blog\/wp-content\/uploads\/2019\/04\/alberto-cortez.jpg?fit=900%2C789&ssl=1&resize=350%2C200 1x, https:\/\/i0.wp.com\/larevistadigital.com.ar\/blog\/wp-content\/uploads\/2019\/04\/alberto-cortez.jpg?fit=900%2C789&ssl=1&resize=525%2C300 1.5x, https:\/\/i0.wp.com\/larevistadigital.com.ar\/blog\/wp-content\/uploads\/2019\/04\/alberto-cortez.jpg?fit=900%2C789&ssl=1&resize=700%2C400 2x"},"classes":[]},{"id":13561,"url":"https:\/\/larevistadigital.com.ar\/blog\/a-los-83-anos-de-edad-murio-santiago-bal\/","url_meta":{"origin":39469,"position":3},"title":"A LOS 83 A\u00d1OS DE EDAD, MURI\u00d3 SANTIAGO BAL","author":"Alejandro Sosa Ruda","date":"9 diciembre, 2019","format":false,"excerpt":"El actor de larga trayectoria en la comedia falleci\u00f3 esta ma\u00f1ana en el Instituto M\u00e9dico de Alta Complejidad. Desde principios de julio se encontraba internado en distintos centros especializados. Entre otras complicaciones, sufr\u00eda de EPOC, como consecuencia de sus a\u00f1os de fumador. El actor Santiago Bal falleci\u00f3 esta lunes en\u2026","rel":"","context":"En \u00abINTERES GENERAL\u00bb","block_context":{"text":"INTERES GENERAL","link":"https:\/\/larevistadigital.com.ar\/blog\/category\/interes-general\/"},"img":{"alt_text":"","src":"https:\/\/i0.wp.com\/larevistadigital.com.ar\/blog\/wp-content\/uploads\/Screenshot_1-68.jpg?fit=807%2C450&ssl=1&resize=350%2C200","width":350,"height":200,"srcset":"https:\/\/i0.wp.com\/larevistadigital.com.ar\/blog\/wp-content\/uploads\/Screenshot_1-68.jpg?fit=807%2C450&ssl=1&resize=350%2C200 1x, https:\/\/i0.wp.com\/larevistadigital.com.ar\/blog\/wp-content\/uploads\/Screenshot_1-68.jpg?fit=807%2C450&ssl=1&resize=525%2C300 1.5x, https:\/\/i0.wp.com\/larevistadigital.com.ar\/blog\/wp-content\/uploads\/Screenshot_1-68.jpg?fit=807%2C450&ssl=1&resize=700%2C400 2x"},"classes":[]},{"id":39621,"url":"https:\/\/larevistadigital.com.ar\/blog\/el-cardenal-fernandez-cuestiono-a-quienes-tergiversaron-el-mensaje-del-papa-francisco\/","url_meta":{"origin":39469,"position":4},"title":"El cardenal Fern\u00e1ndez cuestion\u00f3 a quienes tergiversaron el mensaje del papa Francisco","author":"Alejandro Sosa Ruda","date":"2 mayo, 2025","format":false,"excerpt":"Durante una misa en homenaje al fallecido papa Francisco, el cardenal argentino V\u00edctor Manuel \u201cTucho\u201d Fern\u00e1ndez, critic\u00f3 a quienes distorsionaron el mensaje del pont\u00edfice, acus\u00e1ndolo err\u00f3neamente de defender a \u201cvagos\u201d y \u201cdelincuentes\u201d. Fern\u00e1ndez, uno de sus m\u00e1s cercanos colaboradores y actual prefecto de la Doctrina de la Fe, record\u00f3 que\u2026","rel":"","context":"En \u00abINTERES GENERAL\u00bb","block_context":{"text":"INTERES GENERAL","link":"https:\/\/larevistadigital.com.ar\/blog\/category\/interes-general\/"},"img":{"alt_text":"","src":"https:\/\/i0.wp.com\/larevistadigital.com.ar\/blog\/wp-content\/uploads\/20250502151629_cardenal-fernandez-critica-deshonestos.jpg?fit=880%2C512&ssl=1&resize=350%2C200","width":350,"height":200,"srcset":"https:\/\/i0.wp.com\/larevistadigital.com.ar\/blog\/wp-content\/uploads\/20250502151629_cardenal-fernandez-critica-deshonestos.jpg?fit=880%2C512&ssl=1&resize=350%2C200 1x, https:\/\/i0.wp.com\/larevistadigital.com.ar\/blog\/wp-content\/uploads\/20250502151629_cardenal-fernandez-critica-deshonestos.jpg?fit=880%2C512&ssl=1&resize=525%2C300 1.5x, https:\/\/i0.wp.com\/larevistadigital.com.ar\/blog\/wp-content\/uploads\/20250502151629_cardenal-fernandez-critica-deshonestos.jpg?fit=880%2C512&ssl=1&resize=700%2C400 2x"},"classes":[]},{"id":44551,"url":"https:\/\/larevistadigital.com.ar\/blog\/chascomus-es-sede-de-una-muestra-fotografica-sobre-el-papa-francisco-en-la-casa-de-la-provincia\/","url_meta":{"origin":39469,"position":5},"title":"Chascom\u00fas es sede de una muestra fotogr\u00e1fica sobre el Papa Francisco en la Casa de la Provincia","author":"Alejandro Sosa Ruda","date":"17 marzo, 2026","format":false,"excerpt":"El intendente Javier Gast\u00f3n y la jefa de Asesores del gobernador bonaerense, Cristina \u00c1lvarez Rodr\u00edguez, inauguraron la exposici\u00f3n que propone un recorrido por la vida y el legado de Jorge Bergoglio a trav\u00e9s de im\u00e1genes hist\u00f3ricas. 17 de marzo de 2026 CHASCOM\u00daS -\u00a0 \u00a0La muestra, de acceso libre y gratuito,\u2026","rel":"","context":"En \u00abCHASCOM\u00daS\u00bb","block_context":{"text":"CHASCOM\u00daS","link":"https:\/\/larevistadigital.com.ar\/blog\/category\/chascomus\/"},"img":{"alt_text":"","src":"https:\/\/i0.wp.com\/larevistadigital.com.ar\/blog\/wp-content\/uploads\/69b983e3ee445.png?fit=668%2C445&ssl=1&resize=350%2C200","width":350,"height":200,"srcset":"https:\/\/i0.wp.com\/larevistadigital.com.ar\/blog\/wp-content\/uploads\/69b983e3ee445.png?fit=668%2C445&ssl=1&resize=350%2C200 1x, https:\/\/i0.wp.com\/larevistadigital.com.ar\/blog\/wp-content\/uploads\/69b983e3ee445.png?fit=668%2C445&ssl=1&resize=525%2C300 1.5x"},"classes":[]}],"_links":{"self":[{"href":"https:\/\/larevistadigital.com.ar\/blog\/wp-json\/wp\/v2\/posts\/39469","targetHints":{"allow":["GET"]}}],"collection":[{"href":"https:\/\/larevistadigital.com.ar\/blog\/wp-json\/wp\/v2\/posts"}],"about":[{"href":"https:\/\/larevistadigital.com.ar\/blog\/wp-json\/wp\/v2\/types\/post"}],"author":[{"embeddable":true,"href":"https:\/\/larevistadigital.com.ar\/blog\/wp-json\/wp\/v2\/users\/3"}],"replies":[{"embeddable":true,"href":"https:\/\/larevistadigital.com.ar\/blog\/wp-json\/wp\/v2\/comments?post=39469"}],"version-history":[{"count":1,"href":"https:\/\/larevistadigital.com.ar\/blog\/wp-json\/wp\/v2\/posts\/39469\/revisions"}],"predecessor-version":[{"id":39471,"href":"https:\/\/larevistadigital.com.ar\/blog\/wp-json\/wp\/v2\/posts\/39469\/revisions\/39471"}],"wp:featuredmedia":[{"embeddable":true,"href":"https:\/\/larevistadigital.com.ar\/blog\/wp-json\/wp\/v2\/media\/39470"}],"wp:attachment":[{"href":"https:\/\/larevistadigital.com.ar\/blog\/wp-json\/wp\/v2\/media?parent=39469"}],"wp:term":[{"taxonomy":"category","embeddable":true,"href":"https:\/\/larevistadigital.com.ar\/blog\/wp-json\/wp\/v2\/categories?post=39469"},{"taxonomy":"post_tag","embeddable":true,"href":"https:\/\/larevistadigital.com.ar\/blog\/wp-json\/wp\/v2\/tags?post=39469"}],"curies":[{"name":"wp","href":"https:\/\/api.w.org\/{rel}","templated":true}]}}