{"id":39472,"date":"2025-04-21T08:57:34","date_gmt":"2025-04-21T11:57:34","guid":{"rendered":"https:\/\/larevistadigital.com.ar\/blog\/?p=39472"},"modified":"2025-04-21T08:57:34","modified_gmt":"2025-04-21T11:57:34","slug":"se-viene-el-congreso-libertario-bonaerense","status":"publish","type":"post","link":"https:\/\/larevistadigital.com.ar\/blog\/se-viene-el-congreso-libertario-bonaerense\/","title":{"rendered":"Se viene el Congreso Libertario Bonaerense"},"content":{"rendered":"<h2>Lo organiza Sebasti\u00e1n Pareja, y se har\u00e1 ma\u00f1ana.<\/h2>\n<p>21 de Abril de 2025<\/p>\n<p>El Congreso Libertario Bonaerense, organizado por <strong>Sebasti\u00e1n Pareja<\/strong>, se llevar\u00e1 a cabo el 22 de abril en La Plata. Este evento ser\u00e1 un espacio clave para debatir sobre los principales problemas que afectan a los bonaerenses, como la inseguridad, la econom\u00eda, la salud y la educaci\u00f3n.<\/p>\n<p>Varios Chascomunences participar\u00e1n del mismo, entre ellos \u2014<strong>Fernandez Antonio &#8211; Javier Hartmann , Silvio Peralta, Alejandro Mart\u00ednez y Gabriel Lopez, <\/strong>\u00a0donde se afinar\u00e1n propuestas y soluciones libertarias para la provincia de Buenos Aires, con la participaci\u00f3n de importantes figuras provinciales y nacionales del partido.<\/p>\n<p>El evento se desarrollar\u00e1 en la ciudad de La Plata a partir de las 8 de la ma\u00f1ana, donde se dar\u00e1 comienzo a distintas mesas de trabajo y actividades.<\/p>\n<p>&nbsp;<\/p>\n","protected":false},"excerpt":{"rendered":"<div class=\"mh-excerpt\"><p>Lo organiza Sebasti\u00e1n Pareja, y se har\u00e1 ma\u00f1ana. 21 de Abril de 2025 El Congreso Libertario Bonaerense, organizado por Sebasti\u00e1n Pareja, se llevar\u00e1 a cabo el 22 de abril en La Plata. Este evento ser\u00e1 <a class=\"mh-excerpt-more\" href=\"https:\/\/larevistadigital.com.ar\/blog\/se-viene-el-congreso-libertario-bonaerense\/\" title=\"Se viene el Congreso Libertario Bonaerense\">[Leer M\u00e1s]<\/a><\/p>\n<\/div>","protected":false},"author":3,"featured_media":39473,"comment_status":"open","ping_status":"open","sticky":false,"template":"","format":"standard","meta":{"_jetpack_memberships_contains_paid_content":false,"footnotes":"","jetpack_publicize_message":"","jetpack_publicize_feature_enabled":true,"jetpack_social_post_already_shared":true,"jetpack_social_options":{"image_generator_settings":{"template":"highway","default_image_id":0,"font":"","enabled":false},"version":2}},"categories":[1],"tags":[],"class_list":{"0":"post-39472","1":"post","2":"type-post","3":"status-publish","4":"format-standard","5":"has-post-thumbnail","7":"category-sin-categoria"},"jetpack_publicize_connections":[],"jetpack_featured_media_url":"https:\/\/i0.wp.com\/larevistadigital.com.ar\/blog\/wp-content\/uploads\/WhatsApp-Image-2025-04-18-at-20.16.47.jpeg?fit=1204%2C1600&ssl=1","jetpack_sharing_enabled":true,"jetpack_shortlink":"https:\/\/wp.me\/p8qtrQ-agE","jetpack-related-posts":[{"id":27001,"url":"https:\/\/larevistadigital.com.ar\/blog\/la-plata-milei-recorrio-calle-12-y-se-saco-selfies-con-los-vecinos\/","url_meta":{"origin":39472,"position":0},"title":"LA PLATA: MILEI RECORRI\u00d3 CALLE 12 Y SE SAC\u00d3 SELFIES CON LOS VECINOS","author":"Alejandro Sosa Ruda","date":"5 agosto, 2022","format":false,"excerpt":"El economista libertario camin\u00f3 las calles del centro comercial platense de cara a su futura candidatura presidencial. LA PLATA -\u00a0 El diputado nacional de Avanza Libertad, Javier Milei, lleg\u00f3 este jueves a La Plata y recorri\u00f3 la calle 12 con el objetivo de medir su popularidad entre los platenses, de\u2026","rel":"","context":"En \u00abPOLITICA\u00bb","block_context":{"text":"POLITICA","link":"https:\/\/larevistadigital.com.ar\/blog\/category\/politica\/"},"img":{"alt_text":"","src":"https:\/\/i0.wp.com\/larevistadigital.com.ar\/blog\/wp-content\/uploads\/1659657616621.jpeg?fit=1200%2C594&ssl=1&resize=350%2C200","width":350,"height":200,"srcset":"https:\/\/i0.wp.com\/larevistadigital.com.ar\/blog\/wp-content\/uploads\/1659657616621.jpeg?fit=1200%2C594&ssl=1&resize=350%2C200 1x, https:\/\/i0.wp.com\/larevistadigital.com.ar\/blog\/wp-content\/uploads\/1659657616621.jpeg?fit=1200%2C594&ssl=1&resize=525%2C300 1.5x, https:\/\/i0.wp.com\/larevistadigital.com.ar\/blog\/wp-content\/uploads\/1659657616621.jpeg?fit=1200%2C594&ssl=1&resize=700%2C400 2x, https:\/\/i0.wp.com\/larevistadigital.com.ar\/blog\/wp-content\/uploads\/1659657616621.jpeg?fit=1200%2C594&ssl=1&resize=1050%2C600 3x"},"classes":[]},{"id":39587,"url":"https:\/\/larevistadigital.com.ar\/blog\/javier-gaston-participo-del-congreso-provincial-de-salud-junto-a-autoridades-bonaerenses-en-salud30-04-2025-134343-javier-gaston-participo-del-congreso-provincial-de-salud-junto-a-autoridades-bonaer\/","url_meta":{"origin":39472,"position":1},"title":"Javier Gast\u00f3n particip\u00f3 del Congreso Provincial de Salud junto a autoridades bonaerenses En Salud30\/04\/2025 13:43:43 Javier Gast\u00f3n particip\u00f3 del Congreso Provincial de Salud junto a autoridades bonaerensesJavier Gast\u00f3n particip\u00f3 del Congreso Provincial de Salud junto a autoridades bonaerensesJavier Gast\u00f3n particip\u00f3 del Congreso Provincial de Salud junto a autoridades bonaerenses Javier Gast\u00f3n particip\u00f3 del Congreso Provincial de Salud junto a autoridades bonaerensesJavier Gast\u00f3n particip\u00f3 del Congreso Provincial de Salud junto a autoridades bonaerensesJavier Gast\u00f3n particip\u00f3 del Congreso Provincial de Salud junto a autoridades bonaerenses El intendente de Chascom\u00fas form\u00f3 parte del encuentro encabezado por el gobernador Axel Kicillof en Mar del Plata, acompa\u00f1ado por la secretaria de Salud P\u00fablica, Marcela Arias. El intendente Javier Gast\u00f3n particip\u00f3 este martes de la cuarta edici\u00f3n del Congreso Provincial de Salud (CO.SA.PRO), un espacio de encuentro e intercambio entre trabajadores del sistema sanitario, que tuvo lugar en el Gran Hotel Provincial de Mar del Plata.  El evento fue encabezado por el gobernador Axel Kicillof y el ministro de Salud bonaerense, Nicol\u00e1s Kreplak, quienes destacaron la importancia de sostener y fortalecer el sistema de salud p\u00fablico en un contexto de dificultades econ\u00f3micas y recorte de fondos nacionales.  En la oportunidad, Javier Gast\u00f3n estuvo acompa\u00f1ado por la secretaria de Salud P\u00fablica municipal, Marcela Arias, en una jornada que reuni\u00f3 a intendentes, secretarios de salud y funcionarios provinciales, con el objetivo de debatir pol\u00edticas p\u00fablicas en torno al sistema de salud.  El congreso es un espacio de discusi\u00f3n e intercambio entre trabajadores del sistema de salud donde se desarrollan paneles, rondas de debate y exposici\u00f3n de trabajos cient\u00edficos que se realiza todos los a\u00f1os desde 2022. En esta cuarta edici\u00f3n participan m\u00e1s de 12.000 profesionales provenientes de los 135 municipios bonaerenses y de 16 provincias del pa\u00eds, transform\u00e1ndolo en un encuentro federal.  Durante la jornada, Kicillof tambi\u00e9n particip\u00f3 de la Asamblea anual de la que formaron parte intendentes y secretarios de Salud de los 135 municipios as\u00ed como tambi\u00e9n autoridades provinciales de la cartera sanitaria, con el objetivo de debatir los lineamientos pol\u00edticos y de gesti\u00f3n del sistema sanitario y la implementaci\u00f3n del Plan Quinquenal de Salud provincial.  Escuchar Compartir:     Salud Destacadas","author":"Alejandro Sosa Ruda","date":"30 abril, 2025","format":false,"excerpt":"El intendente de Chascom\u00fas form\u00f3 parte del encuentro encabezado por el gobernador Axel Kicillof en Mar del Plata, acompa\u00f1ado por la secretaria de Salud P\u00fablica, Marcela Arias. 30 de Abril de 2025 CHASCOM\u00daS -\u00a0 El intendente Javier Gast\u00f3n particip\u00f3 este martes de la cuarta edici\u00f3n del Congreso Provincial de Salud\u2026","rel":"","context":"En \u00abINTERES GENERAL\u00bb","block_context":{"text":"INTERES GENERAL","link":"https:\/\/larevistadigital.com.ar\/blog\/category\/interes-general\/"},"img":{"alt_text":"","src":"https:\/\/i0.wp.com\/larevistadigital.com.ar\/blog\/wp-content\/uploads\/6812533fdd195.png?fit=668%2C445&ssl=1&resize=350%2C200","width":350,"height":200,"srcset":"https:\/\/i0.wp.com\/larevistadigital.com.ar\/blog\/wp-content\/uploads\/6812533fdd195.png?fit=668%2C445&ssl=1&resize=350%2C200 1x, https:\/\/i0.wp.com\/larevistadigital.com.ar\/blog\/wp-content\/uploads\/6812533fdd195.png?fit=668%2C445&ssl=1&resize=525%2C300 1.5x"},"classes":[]},{"id":45201,"url":"https:\/\/larevistadigital.com.ar\/blog\/de-la-mano-de-macri-el-pro-toma-distancia-de-milei-y-ya-analiza-romper-en-el-congreso\/","url_meta":{"origin":39472,"position":2},"title":"De la mano de Macri, el PRO toma distancia de Milei y ya analiza romper en el Congreso","author":"Alejandro Sosa Ruda","date":"19 abril, 2026","format":false,"excerpt":"\u00a0de Referentes del macrismo comenzaron a marcar diferencias con el modelo libertario y eval\u00faan un quiebre pol\u00edtico que podr\u00eda impactar en el equilibrio parlamentario. 19 de abril de 2026 El v\u00ednculo entre el PRO y el gobierno de Javier Milei atraviesa su momento m\u00e1s tenso. Lo que durante meses fue\u2026","rel":"","context":"En \u00abINTERES GENERAL\u00bb","block_context":{"text":"INTERES GENERAL","link":"https:\/\/larevistadigital.com.ar\/blog\/category\/interes-general\/"},"img":{"alt_text":"","src":"https:\/\/i0.wp.com\/larevistadigital.com.ar\/blog\/wp-content\/uploads\/Captura-de-pantalla-2026-04-19-223733.jpg?fit=925%2C410&ssl=1&resize=350%2C200","width":350,"height":200,"srcset":"https:\/\/i0.wp.com\/larevistadigital.com.ar\/blog\/wp-content\/uploads\/Captura-de-pantalla-2026-04-19-223733.jpg?fit=925%2C410&ssl=1&resize=350%2C200 1x, https:\/\/i0.wp.com\/larevistadigital.com.ar\/blog\/wp-content\/uploads\/Captura-de-pantalla-2026-04-19-223733.jpg?fit=925%2C410&ssl=1&resize=525%2C300 1.5x, https:\/\/i0.wp.com\/larevistadigital.com.ar\/blog\/wp-content\/uploads\/Captura-de-pantalla-2026-04-19-223733.jpg?fit=925%2C410&ssl=1&resize=700%2C400 2x"},"classes":[]},{"id":40507,"url":"https:\/\/larevistadigital.com.ar\/blog\/chascomus-presente-en-el-congreso-productivo-bonaerense\/","url_meta":{"origin":39472,"position":3},"title":"Chascom\u00fas presente en el Congreso Productivo Bonaerense","author":"Alejandro Sosa Ruda","date":"18 julio, 2025","format":false,"excerpt":"Se abordaron pol\u00edticas p\u00fablicas fundamentales para el fortalecimiento de las econom\u00edas locales y regionales 18 De Julio de 2025 CHASCOM\u00daS\u00a0 -\u00a0 \u00a0La Municipalidad de Chascom\u00fas particip\u00f3 activamente del Congreso Productivo Bonaerense, realizado en la ciudad de Mar del Plata, un espacio clave de articulaci\u00f3n entre el Estado provincial, los municipios,\u2026","rel":"","context":"En \u00abCHASCOM\u00daS\u00bb","block_context":{"text":"CHASCOM\u00daS","link":"https:\/\/larevistadigital.com.ar\/blog\/category\/chascomus\/"},"img":{"alt_text":"","src":"https:\/\/i0.wp.com\/larevistadigital.com.ar\/blog\/wp-content\/uploads\/68792992d1a8d.png?fit=668%2C445&ssl=1&resize=350%2C200","width":350,"height":200,"srcset":"https:\/\/i0.wp.com\/larevistadigital.com.ar\/blog\/wp-content\/uploads\/68792992d1a8d.png?fit=668%2C445&ssl=1&resize=350%2C200 1x, https:\/\/i0.wp.com\/larevistadigital.com.ar\/blog\/wp-content\/uploads\/68792992d1a8d.png?fit=668%2C445&ssl=1&resize=525%2C300 1.5x"},"classes":[]},{"id":38518,"url":"https:\/\/larevistadigital.com.ar\/blog\/chascomus-lito-fernandez-referente-de-lla-mantuvo-una-importante-reunion-con-los-mas-destacados-dirigentes-del-partido-libertario\/","url_meta":{"origin":39472,"position":4},"title":"Chascom\u00fas: Lito Fern\u00e1ndez, referente de LLA, mantuvo una importante reuni\u00f3n con los m\u00e1s destacados dirigentes del partido libertario","author":"Alejandro Sosa Ruda","date":"23 enero, 2025","format":false,"excerpt":"Se abordaron temas de inter\u00e9s para Chascom\u00fas y la zona, adem\u00e1s de estrat\u00e9gias pol\u00edticas para el a\u00f1o electoral. 23 de Enero de 2024 BUENOS AIRES -\u00a0 El titular de Anses y coordinador de la Libertad Avanza en Chascom\u00fas Antonio Lito Fernandez, mantuvo una reuni\u00f3n de la que participaron: Karina Milei,\u2026","rel":"","context":"En \u00abINTERES GENERAL\u00bb","block_context":{"text":"INTERES GENERAL","link":"https:\/\/larevistadigital.com.ar\/blog\/category\/interes-general\/"},"img":{"alt_text":"","src":"https:\/\/i0.wp.com\/larevistadigital.com.ar\/blog\/wp-content\/uploads\/WhatsApp_Image_2025-01-23_at_10.16.50-q6Yuknf09-transformed.jpeg?fit=960%2C1200&ssl=1&resize=350%2C200","width":350,"height":200,"srcset":"https:\/\/i0.wp.com\/larevistadigital.com.ar\/blog\/wp-content\/uploads\/WhatsApp_Image_2025-01-23_at_10.16.50-q6Yuknf09-transformed.jpeg?fit=960%2C1200&ssl=1&resize=350%2C200 1x, https:\/\/i0.wp.com\/larevistadigital.com.ar\/blog\/wp-content\/uploads\/WhatsApp_Image_2025-01-23_at_10.16.50-q6Yuknf09-transformed.jpeg?fit=960%2C1200&ssl=1&resize=525%2C300 1.5x, https:\/\/i0.wp.com\/larevistadigital.com.ar\/blog\/wp-content\/uploads\/WhatsApp_Image_2025-01-23_at_10.16.50-q6Yuknf09-transformed.jpeg?fit=960%2C1200&ssl=1&resize=700%2C400 2x"},"classes":[]},{"id":32184,"url":"https:\/\/larevistadigital.com.ar\/blog\/policia-bonaerense-mato-a-su-ex-pareja-y-su-ex-cunada-a-balazos\/","url_meta":{"origin":39472,"position":5},"title":"POLIC\u00cdA BONAERENSE MAT\u00d3 A SU EX PAREJA Y SU EX CU\u00d1ADA A BALAZOS.","author":"Alejandro Sosa Ruda","date":"30 junio, 2023","format":false,"excerpt":"Una mujer y su hermana fueron asesinadas a balazos por un polic\u00eda bonaerense, expareja de una de ellas y sobre quien pesaban denuncias por violencia de g\u00e9nero. 30 de junio de 2023 LA PLATA -\u00a0 En la localidad bonaerense de Arturo Segu\u00ed, partido de La Plata, se produjo un tr\u00e1gico\u2026","rel":"","context":"En \u00abINTERES GENERAL\u00bb","block_context":{"text":"INTERES GENERAL","link":"https:\/\/larevistadigital.com.ar\/blog\/category\/interes-general\/"},"img":{"alt_text":"","src":"https:\/\/i0.wp.com\/larevistadigital.com.ar\/blog\/wp-content\/uploads\/20230313183828_patrullero2-1.jpg?fit=880%2C512&ssl=1&resize=350%2C200","width":350,"height":200,"srcset":"https:\/\/i0.wp.com\/larevistadigital.com.ar\/blog\/wp-content\/uploads\/20230313183828_patrullero2-1.jpg?fit=880%2C512&ssl=1&resize=350%2C200 1x, https:\/\/i0.wp.com\/larevistadigital.com.ar\/blog\/wp-content\/uploads\/20230313183828_patrullero2-1.jpg?fit=880%2C512&ssl=1&resize=525%2C300 1.5x, https:\/\/i0.wp.com\/larevistadigital.com.ar\/blog\/wp-content\/uploads\/20230313183828_patrullero2-1.jpg?fit=880%2C512&ssl=1&resize=700%2C400 2x"},"classes":[]}],"_links":{"self":[{"href":"https:\/\/larevistadigital.com.ar\/blog\/wp-json\/wp\/v2\/posts\/39472","targetHints":{"allow":["GET"]}}],"collection":[{"href":"https:\/\/larevistadigital.com.ar\/blog\/wp-json\/wp\/v2\/posts"}],"about":[{"href":"https:\/\/larevistadigital.com.ar\/blog\/wp-json\/wp\/v2\/types\/post"}],"author":[{"embeddable":true,"href":"https:\/\/larevistadigital.com.ar\/blog\/wp-json\/wp\/v2\/users\/3"}],"replies":[{"embeddable":true,"href":"https:\/\/larevistadigital.com.ar\/blog\/wp-json\/wp\/v2\/comments?post=39472"}],"version-history":[{"count":1,"href":"https:\/\/larevistadigital.com.ar\/blog\/wp-json\/wp\/v2\/posts\/39472\/revisions"}],"predecessor-version":[{"id":39474,"href":"https:\/\/larevistadigital.com.ar\/blog\/wp-json\/wp\/v2\/posts\/39472\/revisions\/39474"}],"wp:featuredmedia":[{"embeddable":true,"href":"https:\/\/larevistadigital.com.ar\/blog\/wp-json\/wp\/v2\/media\/39473"}],"wp:attachment":[{"href":"https:\/\/larevistadigital.com.ar\/blog\/wp-json\/wp\/v2\/media?parent=39472"}],"wp:term":[{"taxonomy":"category","embeddable":true,"href":"https:\/\/larevistadigital.com.ar\/blog\/wp-json\/wp\/v2\/categories?post=39472"},{"taxonomy":"post_tag","embeddable":true,"href":"https:\/\/larevistadigital.com.ar\/blog\/wp-json\/wp\/v2\/tags?post=39472"}],"curies":[{"name":"wp","href":"https:\/\/api.w.org\/{rel}","templated":true}]}}