{"id":39475,"date":"2025-04-21T09:31:06","date_gmt":"2025-04-21T12:31:06","guid":{"rendered":"https:\/\/larevistadigital.com.ar\/blog\/?p=39475"},"modified":"2025-04-21T09:31:06","modified_gmt":"2025-04-21T12:31:06","slug":"familia-agradece-el-rapido-accionar-policial-tras-una-falsa-alarma","status":"publish","type":"post","link":"https:\/\/larevistadigital.com.ar\/blog\/familia-agradece-el-rapido-accionar-policial-tras-una-falsa-alarma\/","title":{"rendered":"Familia agradece el r\u00e1pido accionar policial tras una falsa alarma"},"content":{"rendered":"<h2 data-start=\"382\" data-end=\"802\">Destac\u00f3 la importancia del compromiso del 911 y el personal policial, y la necesidad de reconocer tambi\u00e9n lo que se hace bien.<\/h2>\n<p>21 de Abril de 2025<\/p>\n<p class=\"\" data-start=\"382\" data-end=\"802\"><strong>CHASCOM\u00daS &#8211;<\/strong>\u00a0 En tiempos donde muchas veces se se\u00f1alan errores o demoras en los servicios p\u00fablicos, tambi\u00e9n es justo destacar cuando las cosas funcionan como deber\u00edan. As\u00ed lo hizo Ra\u00fal Osvaldo Rodriguez desde su cuenta de Facebook, vecino de la zona de Diaguitas y C. Baigorria, en Chascom\u00fas, quien agradeci\u00f3 p\u00fablicamente el accionar del servicio de emergencias 911 y del personal policial que respondi\u00f3 con rapidez ante un llamado por movimientos sospechosos en su propiedad.<\/p>\n<blockquote>\n<h3 data-start=\"804\" data-end=\"1089\">El hecho ocurri\u00f3 recientemente en una chacra de la mencionada intersecci\u00f3n, cuando los due\u00f1os notaron situaciones inusuales en las inmediaciones de su vivienda. De inmediato, se comunicaron con el 911, y seg\u00fan relataron, en pocos minutos un m\u00f3vil policial se hizo presente en el lugar.<\/h3>\n<\/blockquote>\n<p class=\"\" data-start=\"1091\" data-end=\"1391\">Tras una inspecci\u00f3n minuciosa, se determin\u00f3 que se trataba de una falsa alarma, sin embargo, los vecinos no dejaron pasar la oportunidad para expresar su reconocimiento: <strong><em>\u201cQueremos destacar la celeridad del servicio prestado, y expresar nuestro agradecimiento por la atenci\u00f3n concedida\u201d<\/em><\/strong>, manifestaron.<\/p>\n<blockquote>\n<h3 data-start=\"1393\" data-end=\"1704\">Este tipo de gestos no solo refuerza la confianza entre los ciudadanos y las fuerzas de seguridad, sino que tambi\u00e9n pone de relieve la importancia de valorar el trabajo bien hecho. Tal como se suele se\u00f1alar lo que no funciona, tambi\u00e9n es positivo visibilizar cuando las instituciones responden como corresponde.<\/h3>\n<\/blockquote>\n<p class=\"\" data-start=\"1706\" data-end=\"1978\">Acciones como esta fortalecen el v\u00ednculo con la comunidad y motivan al personal policial a seguir trabajando con profesionalismo y compromiso. Un recordatorio de que la seguridad es una tarea compartida, donde la colaboraci\u00f3n y el reconocimiento mutuo hacen la diferencia.<\/p>\n","protected":false},"excerpt":{"rendered":"<div class=\"mh-excerpt\"><p>Destac\u00f3 la importancia del compromiso del 911 y el personal policial, y la necesidad de reconocer tambi\u00e9n lo que se hace bien. 21 de Abril de 2025 CHASCOM\u00daS &#8211;\u00a0 En tiempos donde muchas veces se <a class=\"mh-excerpt-more\" href=\"https:\/\/larevistadigital.com.ar\/blog\/familia-agradece-el-rapido-accionar-policial-tras-una-falsa-alarma\/\" title=\"Familia agradece el r\u00e1pido accionar policial tras una falsa alarma\">[Leer M\u00e1s]<\/a><\/p>\n<\/div>","protected":false},"author":3,"featured_media":39476,"comment_status":"open","ping_status":"open","sticky":false,"template":"","format":"standard","meta":{"_jetpack_memberships_contains_paid_content":false,"footnotes":"","jetpack_publicize_message":"","jetpack_publicize_feature_enabled":true,"jetpack_social_post_already_shared":true,"jetpack_social_options":{"image_generator_settings":{"template":"highway","default_image_id":0,"font":"","enabled":false},"version":2}},"categories":[6,44],"tags":[],"class_list":{"0":"post-39475","1":"post","2":"type-post","3":"status-publish","4":"format-standard","5":"has-post-thumbnail","7":"category-chascomus","8":"category-policiales"},"jetpack_publicize_connections":[],"jetpack_featured_media_url":"https:\/\/i0.wp.com\/larevistadigital.com.ar\/blog\/wp-content\/uploads\/492739033_9570391873008459_7459536980377824769_n.jpg?fit=1280%2C963&ssl=1","jetpack_sharing_enabled":true,"jetpack_shortlink":"https:\/\/wp.me\/p8qtrQ-agH","jetpack-related-posts":[{"id":35752,"url":"https:\/\/larevistadigital.com.ar\/blog\/chascomus-la-policia-detuvo-a-un-violento-sujeto-que-golpeo-a-su-pareja-y-luego-destruyo-el-movil-policial\/","url_meta":{"origin":39475,"position":0},"title":"CHASCOM\u00daS: LA POLIC\u00cdA DETUVO A UN VIOLENTO SUJETO QUE GOLPE\u00d3 A SU PAREJA Y LUEGO DESTRUY\u00d3 EL M\u00d3VIL POLICIAL","author":"Alejandro Sosa Ruda","date":"3 abril, 2024","format":false,"excerpt":"Luego de trenzarse en lucha con los oficiales, el violento result\u00f3 detenido y la emprendi\u00f3 contra el m\u00f3vil policial, logrando destru\u00edr los vidrios. 3 de abril de 2024 CHASCOM\u00daS -\u00a0 Pasado el mediod\u00eda de hoy, personal policial se traslado hasta un domicilio de calle Brasil ya que en el lugar\u2026","rel":"","context":"En \u00abDESTACADAS\u00bb","block_context":{"text":"DESTACADAS","link":"https:\/\/larevistadigital.com.ar\/blog\/category\/destacadas\/"},"img":{"alt_text":"","src":"https:\/\/i0.wp.com\/larevistadigital.com.ar\/blog\/wp-content\/uploads\/Patrullero-La-Plata-Berisso-Policia.jpg?fit=882%2C492&ssl=1&resize=350%2C200","width":350,"height":200,"srcset":"https:\/\/i0.wp.com\/larevistadigital.com.ar\/blog\/wp-content\/uploads\/Patrullero-La-Plata-Berisso-Policia.jpg?fit=882%2C492&ssl=1&resize=350%2C200 1x, https:\/\/i0.wp.com\/larevistadigital.com.ar\/blog\/wp-content\/uploads\/Patrullero-La-Plata-Berisso-Policia.jpg?fit=882%2C492&ssl=1&resize=525%2C300 1.5x, https:\/\/i0.wp.com\/larevistadigital.com.ar\/blog\/wp-content\/uploads\/Patrullero-La-Plata-Berisso-Policia.jpg?fit=882%2C492&ssl=1&resize=700%2C400 2x"},"classes":[]},{"id":42303,"url":"https:\/\/larevistadigital.com.ar\/blog\/chascomus-el-parte-policial-sobre-los-graves-incidentes-en-el-barrio-30-de-mayo\/","url_meta":{"origin":39475,"position":1},"title":"Chascom\u00fas: El parte policial sobre los graves incidentes en el barrio 30 de Mayo","author":"Alejandro Sosa Ruda","date":"31 octubre, 2025","format":false,"excerpt":"Luego de una noche con un allanamiento, disparos, piedras, balas de goma, drogas y detenidos, la polic\u00eda hizo llegar el p\u00e1rte policial, que describe las actuaciones en una noche que agit\u00f3 la tranquilidad de Chascom\u00fas. PARTE DE PRENSA Autoridades policiales informaron que \u00e9ste Jueves 30, en horas de la tarde-noche,\u2026","rel":"","context":"En \u00abDESTACADAS\u00bb","block_context":{"text":"DESTACADAS","link":"https:\/\/larevistadigital.com.ar\/blog\/category\/destacadas\/"},"img":{"alt_text":"","src":"https:\/\/i0.wp.com\/larevistadigital.com.ar\/blog\/wp-content\/uploads\/Captura-de-pantalla-2025-10-31-105055.jpg?fit=800%2C774&ssl=1&resize=350%2C200","width":350,"height":200,"srcset":"https:\/\/i0.wp.com\/larevistadigital.com.ar\/blog\/wp-content\/uploads\/Captura-de-pantalla-2025-10-31-105055.jpg?fit=800%2C774&ssl=1&resize=350%2C200 1x, https:\/\/i0.wp.com\/larevistadigital.com.ar\/blog\/wp-content\/uploads\/Captura-de-pantalla-2025-10-31-105055.jpg?fit=800%2C774&ssl=1&resize=525%2C300 1.5x, https:\/\/i0.wp.com\/larevistadigital.com.ar\/blog\/wp-content\/uploads\/Captura-de-pantalla-2025-10-31-105055.jpg?fit=800%2C774&ssl=1&resize=700%2C400 2x"},"classes":[]},{"id":32235,"url":"https:\/\/larevistadigital.com.ar\/blog\/chascomus-la-policia-comunal-detuvo-a-un-sujeto-que-cuando-intento-robar-se-disparo-la-alarma\/","url_meta":{"origin":39475,"position":2},"title":"CHASCOM\u00daS: LA POLIC\u00cdA COMUNAL DETUVO A UN SUJETO QUE CUANDO INTENT\u00d3 ROBAR, SE DISPAR\u00d3 LA ALARMA","author":"Alejandro Sosa Ruda","date":"3 julio, 2023","format":false,"excerpt":"Lo atraparon cuando pretend\u00eda robar una casa ya que se activ\u00f3 la alarma cuando los due\u00f1os se encontraban de viaje, y estos dieron aviso a la polic\u00eda. 3 de julio de 2023 CHASCOM\u00daS -\u00a0 En las \u00faltimas horas del d\u00eda ayer, 911 de emergencias policiales requiri\u00f3 se traslade personal policial\u2026","rel":"","context":"En \u00abDESTACADAS\u00bb","block_context":{"text":"DESTACADAS","link":"https:\/\/larevistadigital.com.ar\/blog\/category\/destacadas\/"},"img":{"alt_text":"","src":"https:\/\/i0.wp.com\/larevistadigital.com.ar\/blog\/wp-content\/uploads\/1-15.jpg?fit=800%2C599&ssl=1&resize=350%2C200","width":350,"height":200,"srcset":"https:\/\/i0.wp.com\/larevistadigital.com.ar\/blog\/wp-content\/uploads\/1-15.jpg?fit=800%2C599&ssl=1&resize=350%2C200 1x, https:\/\/i0.wp.com\/larevistadigital.com.ar\/blog\/wp-content\/uploads\/1-15.jpg?fit=800%2C599&ssl=1&resize=525%2C300 1.5x, https:\/\/i0.wp.com\/larevistadigital.com.ar\/blog\/wp-content\/uploads\/1-15.jpg?fit=800%2C599&ssl=1&resize=700%2C400 2x"},"classes":[]},{"id":45117,"url":"https:\/\/larevistadigital.com.ar\/blog\/chascomus-tres-delincuentes-ingresaron-a-una-vivienda-y-robaron-distintas-pertenencias\/","url_meta":{"origin":39475,"position":3},"title":"Chascom\u00fas: Tres delincuentes ingresaron a una vivienda y robaron distintas pertenencias","author":"Alejandro Sosa Ruda","date":"15 abril, 2026","format":false,"excerpt":"El hecho ocurri\u00f3 cuando la v\u00edctima se encontraba en su domicilio. Tras el episodio, debi\u00f3 ser asistida por personal de salud debido a una descompensaci\u00f3n. 15 de abril de 2026 CHASCOM\u00daS -\u00a0 \u00a0Un violento robo se registr\u00f3 en una vivienda de Chascom\u00fas, donde tres hombres ingresaron al domicilio y sustrajeron\u2026","rel":"","context":"En \u00abDESTACADAS\u00bb","block_context":{"text":"DESTACADAS","link":"https:\/\/larevistadigital.com.ar\/blog\/category\/destacadas\/"},"img":{"alt_text":"","src":"https:\/\/i0.wp.com\/larevistadigital.com.ar\/blog\/wp-content\/uploads\/POLICIA.png?fit=1002%2C658&ssl=1&resize=350%2C200","width":350,"height":200,"srcset":"https:\/\/i0.wp.com\/larevistadigital.com.ar\/blog\/wp-content\/uploads\/POLICIA.png?fit=1002%2C658&ssl=1&resize=350%2C200 1x, https:\/\/i0.wp.com\/larevistadigital.com.ar\/blog\/wp-content\/uploads\/POLICIA.png?fit=1002%2C658&ssl=1&resize=525%2C300 1.5x, https:\/\/i0.wp.com\/larevistadigital.com.ar\/blog\/wp-content\/uploads\/POLICIA.png?fit=1002%2C658&ssl=1&resize=700%2C400 2x"},"classes":[]},{"id":43276,"url":"https:\/\/larevistadigital.com.ar\/blog\/chascomus-aprehendieron-a-un-joven-tras-un-violento-episodio-y-una-denuncia-previa-por-amenazas\/","url_meta":{"origin":39475,"position":4},"title":"Chascom\u00fas: Aprehendieron a un joven tras un violento episodio y una denuncia previa por amenazas","author":"Alejandro Sosa Ruda","date":"11 enero, 2026","format":false,"excerpt":"El sujeto se encontraba exaltado, intent\u00f3 agredir al personal policial y debi\u00f3 ser reducido. 11 de enero de 2026 CHASCOM\u00daS -\u00a0 \u00a0Un episodio de violencia se registr\u00f3 en las \u00faltimas horas en Chascom\u00fas, cuando personal policial acudi\u00f3 a un llamado al 911 que alertaba sobre una gresca en la v\u00eda\u2026","rel":"","context":"En \u00abINTERES GENERAL\u00bb","block_context":{"text":"INTERES GENERAL","link":"https:\/\/larevistadigital.com.ar\/blog\/category\/interes-general\/"},"img":{"alt_text":"","src":"https:\/\/i0.wp.com\/larevistadigital.com.ar\/blog\/wp-content\/uploads\/1620734311775.jpg?fit=1200%2C777&ssl=1&resize=350%2C200","width":350,"height":200,"srcset":"https:\/\/i0.wp.com\/larevistadigital.com.ar\/blog\/wp-content\/uploads\/1620734311775.jpg?fit=1200%2C777&ssl=1&resize=350%2C200 1x, https:\/\/i0.wp.com\/larevistadigital.com.ar\/blog\/wp-content\/uploads\/1620734311775.jpg?fit=1200%2C777&ssl=1&resize=525%2C300 1.5x, https:\/\/i0.wp.com\/larevistadigital.com.ar\/blog\/wp-content\/uploads\/1620734311775.jpg?fit=1200%2C777&ssl=1&resize=700%2C400 2x, https:\/\/i0.wp.com\/larevistadigital.com.ar\/blog\/wp-content\/uploads\/1620734311775.jpg?fit=1200%2C777&ssl=1&resize=1050%2C600 3x"},"classes":[]},{"id":25795,"url":"https:\/\/larevistadigital.com.ar\/blog\/chascomus-insolito-fue-a-denunciar-el-robo-de-su-moto-y-la-policia-ya-la-habia-recuperado\/","url_meta":{"origin":39475,"position":5},"title":"CHASCOM\u00daS: INS\u00d3LITO! FUE A DENUNCIAR EL ROBO DE SU MOTO Y LA POLIC\u00cdA YA LA HAB\u00cdA RECUPERADO","author":"Alejandro Sosa Ruda","date":"12 junio, 2022","format":false,"excerpt":"Fue a denunciar el robo de su moto, y la polic\u00eda la hab\u00eda incautado preventivamente el d\u00eda anterior. CHASCOM\u00daS -\u00a0 Un hecho de singulares caracter\u00edsticas ocurri\u00f3 el d\u00eda viernes 10\/6 pr\u00f3ximo pasado, cuando la polic\u00eda secuestr\u00f3 una moto que hab\u00eda sido robada, antes que su due\u00f1o realizara la denuncia. Los\u2026","rel":"","context":"En \u00abINTERES GENERAL\u00bb","block_context":{"text":"INTERES GENERAL","link":"https:\/\/larevistadigital.com.ar\/blog\/category\/interes-general\/"},"img":{"alt_text":"","src":"https:\/\/i0.wp.com\/larevistadigital.com.ar\/blog\/wp-content\/uploads\/WhatsApp-Image-2022-06-10-at-1.09.58-PM.jpeg?fit=1200%2C900&ssl=1&resize=350%2C200","width":350,"height":200,"srcset":"https:\/\/i0.wp.com\/larevistadigital.com.ar\/blog\/wp-content\/uploads\/WhatsApp-Image-2022-06-10-at-1.09.58-PM.jpeg?fit=1200%2C900&ssl=1&resize=350%2C200 1x, https:\/\/i0.wp.com\/larevistadigital.com.ar\/blog\/wp-content\/uploads\/WhatsApp-Image-2022-06-10-at-1.09.58-PM.jpeg?fit=1200%2C900&ssl=1&resize=525%2C300 1.5x, https:\/\/i0.wp.com\/larevistadigital.com.ar\/blog\/wp-content\/uploads\/WhatsApp-Image-2022-06-10-at-1.09.58-PM.jpeg?fit=1200%2C900&ssl=1&resize=700%2C400 2x, https:\/\/i0.wp.com\/larevistadigital.com.ar\/blog\/wp-content\/uploads\/WhatsApp-Image-2022-06-10-at-1.09.58-PM.jpeg?fit=1200%2C900&ssl=1&resize=1050%2C600 3x"},"classes":[]}],"_links":{"self":[{"href":"https:\/\/larevistadigital.com.ar\/blog\/wp-json\/wp\/v2\/posts\/39475","targetHints":{"allow":["GET"]}}],"collection":[{"href":"https:\/\/larevistadigital.com.ar\/blog\/wp-json\/wp\/v2\/posts"}],"about":[{"href":"https:\/\/larevistadigital.com.ar\/blog\/wp-json\/wp\/v2\/types\/post"}],"author":[{"embeddable":true,"href":"https:\/\/larevistadigital.com.ar\/blog\/wp-json\/wp\/v2\/users\/3"}],"replies":[{"embeddable":true,"href":"https:\/\/larevistadigital.com.ar\/blog\/wp-json\/wp\/v2\/comments?post=39475"}],"version-history":[{"count":1,"href":"https:\/\/larevistadigital.com.ar\/blog\/wp-json\/wp\/v2\/posts\/39475\/revisions"}],"predecessor-version":[{"id":39477,"href":"https:\/\/larevistadigital.com.ar\/blog\/wp-json\/wp\/v2\/posts\/39475\/revisions\/39477"}],"wp:featuredmedia":[{"embeddable":true,"href":"https:\/\/larevistadigital.com.ar\/blog\/wp-json\/wp\/v2\/media\/39476"}],"wp:attachment":[{"href":"https:\/\/larevistadigital.com.ar\/blog\/wp-json\/wp\/v2\/media?parent=39475"}],"wp:term":[{"taxonomy":"category","embeddable":true,"href":"https:\/\/larevistadigital.com.ar\/blog\/wp-json\/wp\/v2\/categories?post=39475"},{"taxonomy":"post_tag","embeddable":true,"href":"https:\/\/larevistadigital.com.ar\/blog\/wp-json\/wp\/v2\/tags?post=39475"}],"curies":[{"name":"wp","href":"https:\/\/api.w.org\/{rel}","templated":true}]}}