{"id":39478,"date":"2025-04-22T09:07:40","date_gmt":"2025-04-22T12:07:40","guid":{"rendered":"https:\/\/larevistadigital.com.ar\/blog\/?p=39478"},"modified":"2025-04-22T09:07:40","modified_gmt":"2025-04-22T12:07:40","slug":"amplio-operativo-de-seguridad-durante-semana-santa","status":"publish","type":"post","link":"https:\/\/larevistadigital.com.ar\/blog\/amplio-operativo-de-seguridad-durante-semana-santa\/","title":{"rendered":"Amplio operativo de seguridad durante Semana Santa"},"content":{"rendered":"<h2 class=\"excerpt\">Con alta ocupaci\u00f3n tur\u00edstica, se desarrollaron controles y operativos preventivos sin mayores incidentes.<\/h2>\n<p>22 de Abril de 2025<\/p>\n<div id=\"miDiv1\" class=\"text\">\n<p><strong>CHASCOM\u00daS &#8211;<\/strong>\u00a0 Durante los d\u00edas de Semana Santa, Chascom\u00fas registr\u00f3 una ocupaci\u00f3n tur\u00edstica que super\u00f3 el 92%, lo que motiv\u00f3 un importante operativo de seguridad y prevenci\u00f3n en distintos puntos de la ciudad.<\/p>\n<blockquote>\n<h3>Las acciones fueron coordinadas por la Secretar\u00eda de Seguridad Ciudadana en conjunto con la Estaci\u00f3n de Polic\u00eda Comunal (EPC), y participaron la Patrulla de Prevenci\u00f3n Municipal, Defensa Civil y el \u00e1rea de Educaci\u00f3n Vial.<\/h3>\n<\/blockquote>\n<p>Como parte del operativo especial, se llevaron adelante tareas de control y recorridos preventivos durante las 24 horas en la zona costanera y el casco urbano, as\u00ed como tambi\u00e9n presencia activa en las visitas guiadas y celebraciones religiosas.<\/p>\n<blockquote>\n<h3>Se brind\u00f3 cobertura durante los tres V\u00eda Crucis realizados en las parroquias San Jos\u00e9 Obrero, Coraz\u00f3n de Mar\u00eda y la Catedral.<\/h3>\n<\/blockquote>\n<p>En cuanto a los controles vehiculares, se realizaron operativos en los principales accesos a la ciudad, as\u00ed como en el centro y la costanera, donde se verific\u00f3 documentaci\u00f3n y condiciones de circulaci\u00f3n.<\/p>\n<blockquote>\n<h3>Como resultado, se labraron 16 infracciones por falta de uso del casco y fueron retenidas 10 motos por diversas irregularidades, entre ellas, falta de documentaci\u00f3n, circulaci\u00f3n sin patente y menores al volante.<\/h3>\n<\/blockquote>\n<p>Tambi\u00e9n se retuvieron seis veh\u00edculos por mal estacionamiento y se detectaron siete alcoholemias positivas, con la posterior retenci\u00f3n de licencia y veh\u00edculo. Adem\u00e1s, se labr\u00f3 un acta de infracci\u00f3n a un cami\u00f3n por da\u00f1os a bienes de uso p\u00fablico.<\/p>\n<p>Durante los cuatro d\u00edas del fin de semana largo, se desarrollaron acciones de concientizaci\u00f3n y educaci\u00f3n vial en los cruces con sem\u00e1foros, mientras que personal de Defensa Civil realiz\u00f3 recorridas preventivas en la costanera para evitar acampes no permitidos y fuegos al aire libre.<\/p>\n<\/div>\n","protected":false},"excerpt":{"rendered":"<div class=\"mh-excerpt\"><p>Con alta ocupaci\u00f3n tur\u00edstica, se desarrollaron controles y operativos preventivos sin mayores incidentes. 22 de Abril de 2025 CHASCOM\u00daS &#8211;\u00a0 Durante los d\u00edas de Semana Santa, Chascom\u00fas registr\u00f3 una ocupaci\u00f3n tur\u00edstica que super\u00f3 el 92%, <a class=\"mh-excerpt-more\" href=\"https:\/\/larevistadigital.com.ar\/blog\/amplio-operativo-de-seguridad-durante-semana-santa\/\" title=\"Amplio operativo de seguridad durante Semana Santa\">[Leer M\u00e1s]<\/a><\/p>\n<\/div>","protected":false},"author":3,"featured_media":39479,"comment_status":"open","ping_status":"open","sticky":false,"template":"","format":"standard","meta":{"_jetpack_memberships_contains_paid_content":false,"footnotes":"","jetpack_publicize_message":"","jetpack_publicize_feature_enabled":true,"jetpack_social_post_already_shared":true,"jetpack_social_options":{"image_generator_settings":{"template":"highway","default_image_id":0,"font":"","enabled":false},"version":2}},"categories":[6,44],"tags":[],"class_list":{"0":"post-39478","1":"post","2":"type-post","3":"status-publish","4":"format-standard","5":"has-post-thumbnail","7":"category-chascomus","8":"category-policiales"},"jetpack_publicize_connections":[],"jetpack_featured_media_url":"https:\/\/i0.wp.com\/larevistadigital.com.ar\/blog\/wp-content\/uploads\/68067a4e03161.png?fit=668%2C445&ssl=1","jetpack_sharing_enabled":true,"jetpack_shortlink":"https:\/\/wp.me\/p8qtrQ-agK","jetpack-related-posts":[{"id":39446,"url":"https:\/\/larevistadigital.com.ar\/blog\/chascomus-durante-operativos-de-prevencion-la-policia-incauto-marihuana\/","url_meta":{"origin":39478,"position":0},"title":"Chascom\u00fas: durante operativos de prevenci\u00f3n, la polic\u00eda incaut\u00f3 marihuana","author":"Alejandro Sosa Ruda","date":"19 abril, 2025","format":false,"excerpt":"Durante un operativo de prevenci\u00f3n en el marco de Semana Santa, las fuerzas de seguridad lograron incautar sustancias ilegales. 19 de Abril de 2025 CHASCOM\u00daS -\u00a0 En el marco del dispositivo especial de seguridad por el fin de semana largo, personal de la Polic\u00eda Vial y efectivos de la Comisar\u00eda\u2026","rel":"","context":"En \u00abDESTACADAS\u00bb","block_context":{"text":"DESTACADAS","link":"https:\/\/larevistadigital.com.ar\/blog\/category\/destacadas\/"},"img":{"alt_text":"","src":"https:\/\/i0.wp.com\/larevistadigital.com.ar\/blog\/wp-content\/uploads\/Screenshot_1-121.jpg?fit=1007%2C565&ssl=1&resize=350%2C200","width":350,"height":200,"srcset":"https:\/\/i0.wp.com\/larevistadigital.com.ar\/blog\/wp-content\/uploads\/Screenshot_1-121.jpg?fit=1007%2C565&ssl=1&resize=350%2C200 1x, https:\/\/i0.wp.com\/larevistadigital.com.ar\/blog\/wp-content\/uploads\/Screenshot_1-121.jpg?fit=1007%2C565&ssl=1&resize=525%2C300 1.5x, https:\/\/i0.wp.com\/larevistadigital.com.ar\/blog\/wp-content\/uploads\/Screenshot_1-121.jpg?fit=1007%2C565&ssl=1&resize=700%2C400 2x"},"classes":[]},{"id":36414,"url":"https:\/\/larevistadigital.com.ar\/blog\/operativos-especiales-de-prevencion-con-drones-en-chascomus-durante-el-fin-de-semana-largo\/","url_meta":{"origin":39478,"position":1},"title":"OPERATIVOS ESPECIALES DE PREVENCI\u00d3N CON DRONES EN CHASCOM\u00daS DURANTE EL FIN DE SEMANA LARGO","author":"Alejandro Sosa Ruda","date":"24 junio, 2024","format":false,"excerpt":"La Municipalidad de Chascom\u00fas, en conjunto con las fuerzas policiales descentralizadas de la provincia de Buenos Aires, realiz\u00f3 una serie de operativos preventivos de seguridad durante el pasado fin de semana largo, con el uso de drones para la vigilancia a\u00e9rea. 24 de Junio de 2024 CHASCOM\u00daS\u00a0 -\u00a0 La Subsecretar\u00eda\u2026","rel":"","context":"En \u00abINTERES GENERAL\u00bb","block_context":{"text":"INTERES GENERAL","link":"https:\/\/larevistadigital.com.ar\/blog\/category\/interes-general\/"},"img":{"alt_text":"","src":"https:\/\/i0.wp.com\/larevistadigital.com.ar\/blog\/wp-content\/uploads\/2024_06_25_00_58_17_824511.jpg?fit=600%2C377&ssl=1&resize=350%2C200","width":350,"height":200,"srcset":"https:\/\/i0.wp.com\/larevistadigital.com.ar\/blog\/wp-content\/uploads\/2024_06_25_00_58_17_824511.jpg?fit=600%2C377&ssl=1&resize=350%2C200 1x, https:\/\/i0.wp.com\/larevistadigital.com.ar\/blog\/wp-content\/uploads\/2024_06_25_00_58_17_824511.jpg?fit=600%2C377&ssl=1&resize=525%2C300 1.5x"},"classes":[]},{"id":37472,"url":"https:\/\/larevistadigital.com.ar\/blog\/chascomus-operativos-preventivos-de-seguridad-para-el-fin-de-semana-largo\/","url_meta":{"origin":39478,"position":2},"title":"CHASCOM\u00daS: Operativos preventivos de seguridad para el fin de semana largo","author":"Alejandro Sosa Ruda","date":"9 octubre, 2024","format":false,"excerpt":"Autoridades municipales y policiales se reunieron para coordinar acciones durante el pr\u00f3ximo fin de semana largo para el que se espera una masiva llegada de turistas y visitantes a la ciudad. 9 de octubre de 2024 CHASCOM\u00daS -\u00a0 La secretaria de Seguridad Ciudadana, Mariela Moscarella, se reuni\u00f3 con autoridades policiales\u2026","rel":"","context":"En \u00abDESTACADAS\u00bb","block_context":{"text":"DESTACADAS","link":"https:\/\/larevistadigital.com.ar\/blog\/category\/destacadas\/"},"img":{"alt_text":"","src":"https:\/\/i0.wp.com\/larevistadigital.com.ar\/blog\/wp-content\/uploads\/6706b8c682e43.png?fit=668%2C445&ssl=1&resize=350%2C200","width":350,"height":200,"srcset":"https:\/\/i0.wp.com\/larevistadigital.com.ar\/blog\/wp-content\/uploads\/6706b8c682e43.png?fit=668%2C445&ssl=1&resize=350%2C200 1x, https:\/\/i0.wp.com\/larevistadigital.com.ar\/blog\/wp-content\/uploads\/6706b8c682e43.png?fit=668%2C445&ssl=1&resize=525%2C300 1.5x"},"classes":[]},{"id":43151,"url":"https:\/\/larevistadigital.com.ar\/blog\/chascomus-el-intendente-javier-gaston-visito-a-los-agentes-que-participan-del-operativo-de-sol-a-sol-en-chascomus\/","url_meta":{"origin":39478,"position":3},"title":"Chascom\u00fas: El intendente Javier Gast\u00f3n visit\u00f3 a los agentes que participan del Operativo de Sol a Sol en Chascom\u00fas","author":"Alejandro Sosa Ruda","date":"5 enero, 2026","format":false,"excerpt":"El jefe comunal, junto a la secretar\u00eda de Seguridad, Mariela Moscarella, dio la bienvenida a los 20 agentes y 4 coordinadores que refuerzan las tareas de prevenci\u00f3n y cuidado durante la temporada de verano en el marco del Operativo de Sol a El intendente Javier Gast\u00f3n visit\u00f3 a los 20\u2026","rel":"","context":"En \u00abCHASCOM\u00daS\u00bb","block_context":{"text":"CHASCOM\u00daS","link":"https:\/\/larevistadigital.com.ar\/blog\/category\/chascomus\/"},"img":{"alt_text":"","src":"https:\/\/i0.wp.com\/larevistadigital.com.ar\/blog\/wp-content\/uploads\/695bf5450baf3.png?fit=668%2C445&ssl=1&resize=350%2C200","width":350,"height":200,"srcset":"https:\/\/i0.wp.com\/larevistadigital.com.ar\/blog\/wp-content\/uploads\/695bf5450baf3.png?fit=668%2C445&ssl=1&resize=350%2C200 1x, https:\/\/i0.wp.com\/larevistadigital.com.ar\/blog\/wp-content\/uploads\/695bf5450baf3.png?fit=668%2C445&ssl=1&resize=525%2C300 1.5x"},"classes":[]},{"id":41448,"url":"https:\/\/larevistadigital.com.ar\/blog\/chascomus-operativos-de-seguridad-durante-el-fin-de-semana\/","url_meta":{"origin":39478,"position":4},"title":"Chascom\u00fas: Operativos de seguridad durante el fin de semana","author":"Alejandro Sosa Ruda","date":"15 septiembre, 2025","format":false,"excerpt":"Se llevaron a cabo controles en accesos y en la zona rural. 15 de Septiembre de 2025 CHASCOM\u00daS -\u00a0 \u00a0En el marco de las continuas acciones preventivas que lleva adelante la Municipalidad, personal de la Estaci\u00f3n de Polic\u00eda Comunal (EPC) y de la Patrulla de Prevenci\u00f3n Municipal realizaron durante el\u2026","rel":"","context":"En \u00abSin categor\u00eda\u00bb","block_context":{"text":"Sin categor\u00eda","link":"https:\/\/larevistadigital.com.ar\/blog\/category\/sin-categoria\/"},"img":{"alt_text":"","src":"https:\/\/i0.wp.com\/larevistadigital.com.ar\/blog\/wp-content\/uploads\/68c847f4ce660.png?fit=668%2C445&ssl=1&resize=350%2C200","width":350,"height":200,"srcset":"https:\/\/i0.wp.com\/larevistadigital.com.ar\/blog\/wp-content\/uploads\/68c847f4ce660.png?fit=668%2C445&ssl=1&resize=350%2C200 1x, https:\/\/i0.wp.com\/larevistadigital.com.ar\/blog\/wp-content\/uploads\/68c847f4ce660.png?fit=668%2C445&ssl=1&resize=525%2C300 1.5x"},"classes":[]},{"id":37507,"url":"https:\/\/larevistadigital.com.ar\/blog\/intensos-controles-preventivos-durante-el-fin-de-semana-largo\/","url_meta":{"origin":39478,"position":5},"title":"Intensos controles preventivos durante el fin de semana largo","author":"Alejandro Sosa Ruda","date":"15 octubre, 2024","format":false,"excerpt":"Los operativos de prevenci\u00f3n de tr\u00e1nsito y control de alcoholemia se llevaron a cabo en varios puntos de la ciudad, sin registrarse incidentes relacionados con el consumo de alcohol ni accidentes vehiculares. 14 de Octure de 2024 CHASCOM\u00daS -\u00a0 La Municipalidad de Chascom\u00fas implement\u00f3 un extenso dispositivo de seguridad durante\u2026","rel":"","context":"En \u00abINTERES GENERAL\u00bb","block_context":{"text":"INTERES GENERAL","link":"https:\/\/larevistadigital.com.ar\/blog\/category\/interes-general\/"},"img":{"alt_text":"","src":"https:\/\/i0.wp.com\/larevistadigital.com.ar\/blog\/wp-content\/uploads\/670d51fab1e0e.png?fit=668%2C445&ssl=1&resize=350%2C200","width":350,"height":200,"srcset":"https:\/\/i0.wp.com\/larevistadigital.com.ar\/blog\/wp-content\/uploads\/670d51fab1e0e.png?fit=668%2C445&ssl=1&resize=350%2C200 1x, https:\/\/i0.wp.com\/larevistadigital.com.ar\/blog\/wp-content\/uploads\/670d51fab1e0e.png?fit=668%2C445&ssl=1&resize=525%2C300 1.5x"},"classes":[]}],"_links":{"self":[{"href":"https:\/\/larevistadigital.com.ar\/blog\/wp-json\/wp\/v2\/posts\/39478","targetHints":{"allow":["GET"]}}],"collection":[{"href":"https:\/\/larevistadigital.com.ar\/blog\/wp-json\/wp\/v2\/posts"}],"about":[{"href":"https:\/\/larevistadigital.com.ar\/blog\/wp-json\/wp\/v2\/types\/post"}],"author":[{"embeddable":true,"href":"https:\/\/larevistadigital.com.ar\/blog\/wp-json\/wp\/v2\/users\/3"}],"replies":[{"embeddable":true,"href":"https:\/\/larevistadigital.com.ar\/blog\/wp-json\/wp\/v2\/comments?post=39478"}],"version-history":[{"count":1,"href":"https:\/\/larevistadigital.com.ar\/blog\/wp-json\/wp\/v2\/posts\/39478\/revisions"}],"predecessor-version":[{"id":39480,"href":"https:\/\/larevistadigital.com.ar\/blog\/wp-json\/wp\/v2\/posts\/39478\/revisions\/39480"}],"wp:featuredmedia":[{"embeddable":true,"href":"https:\/\/larevistadigital.com.ar\/blog\/wp-json\/wp\/v2\/media\/39479"}],"wp:attachment":[{"href":"https:\/\/larevistadigital.com.ar\/blog\/wp-json\/wp\/v2\/media?parent=39478"}],"wp:term":[{"taxonomy":"category","embeddable":true,"href":"https:\/\/larevistadigital.com.ar\/blog\/wp-json\/wp\/v2\/categories?post=39478"},{"taxonomy":"post_tag","embeddable":true,"href":"https:\/\/larevistadigital.com.ar\/blog\/wp-json\/wp\/v2\/tags?post=39478"}],"curies":[{"name":"wp","href":"https:\/\/api.w.org\/{rel}","templated":true}]}}