{"id":39481,"date":"2025-04-22T09:23:29","date_gmt":"2025-04-22T12:23:29","guid":{"rendered":"https:\/\/larevistadigital.com.ar\/blog\/?p=39481"},"modified":"2025-04-22T09:23:29","modified_gmt":"2025-04-22T12:23:29","slug":"banderas-a-media-asta-y-suspension-de-actos-oficiales-en-adhesion-al-duelo-nacional-por-el-fallecimiento-del-papa-francisco","status":"publish","type":"post","link":"https:\/\/larevistadigital.com.ar\/blog\/banderas-a-media-asta-y-suspension-de-actos-oficiales-en-adhesion-al-duelo-nacional-por-el-fallecimiento-del-papa-francisco\/","title":{"rendered":"Banderas a media asta y suspensi\u00f3n de actos oficiales en adhesi\u00f3n al duelo nacional por el fallecimiento del Papa Francisco"},"content":{"rendered":"<h3 class=\"excerpt\">El intendente Javier Gast\u00f3n expres\u00f3 su pesar y record\u00f3 el hist\u00f3rico encuentro con el Sumo Pont\u00edfice durante una audiencia privada en el Vaticano.<\/h3>\n<p>21 de Abril de 2025<\/p>\n<div id=\"miDiv1\" class=\"text\">\n<p><strong>CHASCOM\u00daS &#8211;\u00a0<\/strong> \u00a0En el marco del duelo nacional decretado por el Gobierno tras el fallecimiento del Papa Francisco, hasta el pr\u00f3ximo lunes 28 de abril, todas las banderas permanecer\u00e1n izadas a media asta. Adem\u00e1s, se suspenden todos los actos oficiales durante el per\u00edodo de luto.<\/p>\n<p>El intendente <strong>Javier Gast\u00f3n<\/strong> expres\u00f3 su profundo pesar a trav\u00e9s de un emotivo mensaje, en el que record\u00f3 el encuentro que mantuvo con el Santo Padre el pasado 14 de diciembre en el Vaticano. Fue la primera audiencia privada de un jefe comunal local con el m\u00e1ximo referente de la Iglesia Cat\u00f3lica, realizada en el marco de una gira institucional por Espa\u00f1a e Italia, donde se present\u00f3 el proyecto <em><strong>\u201cChascom\u00fas Km 0 de la Democracia\u201d<\/strong><\/em>.<\/p>\n<blockquote>\n<h3>Durante el encuentro, el Papa manifest\u00f3 un gran inter\u00e9s por la propuesta, destac\u00f3 la importancia de la reflexi\u00f3n sobre los valores democr\u00e1ticos y agradeci\u00f3 conocer m\u00e1s sobre Chascom\u00fas y su historia.<\/h3>\n<\/blockquote>\n<p><strong><em>\u201cQuiero recordarte por tu compromiso con los m\u00e1s vulnerables y siempre en defensa de la justicia social. Que tu partida nos inspire a seguir trabajando por un mundo m\u00e1s justo y compasivo\u201d<\/em><\/strong>, expres\u00f3 <strong>Gast\u00f3n<\/strong> y tambi\u00e9n record\u00f3 el c\u00e1lido recibimiento del Santo Padre y el consejo que le dej\u00f3: \u201cNo aflojes\u201d.<\/p>\n<p><em><strong>\u201cPrometo no hacerlo\u201d<\/strong><\/em>, asegur\u00f3.<\/p>\n<p>Como parte del homenaje, se celebrar\u00e1 una Santa Misa exequial en memoria del <strong>Papa Francisco<\/strong> este lunes a las 19 horas en la Iglesia Catedral Nuestra Se\u00f1ora de la Merced. La ceremonia ser\u00e1 presidida por el obispo diocesano, monse\u00f1or Juan Ignacio Li\u00e9bana.<\/p>\n<\/div>\n","protected":false},"excerpt":{"rendered":"<div class=\"mh-excerpt\"><p>El intendente Javier Gast\u00f3n expres\u00f3 su pesar y record\u00f3 el hist\u00f3rico encuentro con el Sumo Pont\u00edfice durante una audiencia privada en el Vaticano. 21 de Abril de 2025 CHASCOM\u00daS &#8211;\u00a0 \u00a0En el marco del duelo <a class=\"mh-excerpt-more\" href=\"https:\/\/larevistadigital.com.ar\/blog\/banderas-a-media-asta-y-suspension-de-actos-oficiales-en-adhesion-al-duelo-nacional-por-el-fallecimiento-del-papa-francisco\/\" title=\"Banderas a media asta y suspensi\u00f3n de actos oficiales en adhesi\u00f3n al duelo nacional por el fallecimiento del Papa Francisco\">[Leer M\u00e1s]<\/a><\/p>\n<\/div>","protected":false},"author":3,"featured_media":39482,"comment_status":"open","ping_status":"open","sticky":false,"template":"","format":"standard","meta":{"_jetpack_memberships_contains_paid_content":false,"footnotes":"","jetpack_publicize_message":"","jetpack_publicize_feature_enabled":true,"jetpack_social_post_already_shared":true,"jetpack_social_options":{"image_generator_settings":{"template":"highway","default_image_id":0,"font":"","enabled":false},"version":2}},"categories":[6],"tags":[],"class_list":{"0":"post-39481","1":"post","2":"type-post","3":"status-publish","4":"format-standard","5":"has-post-thumbnail","7":"category-chascomus"},"jetpack_publicize_connections":[],"jetpack_featured_media_url":"https:\/\/i0.wp.com\/larevistadigital.com.ar\/blog\/wp-content\/uploads\/68068ca7cc290.png?fit=668%2C445&ssl=1","jetpack_sharing_enabled":true,"jetpack_shortlink":"https:\/\/wp.me\/p8qtrQ-agN","jetpack-related-posts":[{"id":38117,"url":"https:\/\/larevistadigital.com.ar\/blog\/el-intendente-gaston-emprende-el-viaje-a-europa-para-encontrarse-con-el-papa-francisco\/","url_meta":{"origin":39481,"position":0},"title":"El Intendente Gast\u00f3n, emprende el viaje a Europa para encontrarse con el Papa Franc\u00edsco","author":"Alejandro Sosa Ruda","date":"5 diciembre, 2024","format":false,"excerpt":"El intendente visitar\u00e1 Espa\u00f1a e Italia para promover la propuesta \u201cChascom\u00fas Km0 de la Democracia\u201d y ser\u00e1 recibido por el Papa Francisco. El concejal Leandro Bordalecou asume como intendente interino durante su licencia. 05 de Diciembre de 2024 CHASCOM\u00daS -\u00a0 \u00a0Desde el jueves 5 hasta el s\u00e1bado 21 de diciembre,\u2026","rel":"","context":"En \u00abINTERES GENERAL\u00bb","block_context":{"text":"INTERES GENERAL","link":"https:\/\/larevistadigital.com.ar\/blog\/category\/interes-general\/"},"img":{"alt_text":"","src":"https:\/\/i0.wp.com\/larevistadigital.com.ar\/blog\/wp-content\/uploads\/6751f352933b7.png?fit=668%2C445&ssl=1&resize=350%2C200","width":350,"height":200,"srcset":"https:\/\/i0.wp.com\/larevistadigital.com.ar\/blog\/wp-content\/uploads\/6751f352933b7.png?fit=668%2C445&ssl=1&resize=350%2C200 1x, https:\/\/i0.wp.com\/larevistadigital.com.ar\/blog\/wp-content\/uploads\/6751f352933b7.png?fit=668%2C445&ssl=1&resize=525%2C300 1.5x"},"classes":[]},{"id":44551,"url":"https:\/\/larevistadigital.com.ar\/blog\/chascomus-es-sede-de-una-muestra-fotografica-sobre-el-papa-francisco-en-la-casa-de-la-provincia\/","url_meta":{"origin":39481,"position":1},"title":"Chascom\u00fas es sede de una muestra fotogr\u00e1fica sobre el Papa Francisco en la Casa de la Provincia","author":"Alejandro Sosa Ruda","date":"17 marzo, 2026","format":false,"excerpt":"El intendente Javier Gast\u00f3n y la jefa de Asesores del gobernador bonaerense, Cristina \u00c1lvarez Rodr\u00edguez, inauguraron la exposici\u00f3n que propone un recorrido por la vida y el legado de Jorge Bergoglio a trav\u00e9s de im\u00e1genes hist\u00f3ricas. 17 de marzo de 2026 CHASCOM\u00daS -\u00a0 \u00a0La muestra, de acceso libre y gratuito,\u2026","rel":"","context":"En \u00abCHASCOM\u00daS\u00bb","block_context":{"text":"CHASCOM\u00daS","link":"https:\/\/larevistadigital.com.ar\/blog\/category\/chascomus\/"},"img":{"alt_text":"","src":"https:\/\/i0.wp.com\/larevistadigital.com.ar\/blog\/wp-content\/uploads\/69b983e3ee445.png?fit=668%2C445&ssl=1&resize=350%2C200","width":350,"height":200,"srcset":"https:\/\/i0.wp.com\/larevistadigital.com.ar\/blog\/wp-content\/uploads\/69b983e3ee445.png?fit=668%2C445&ssl=1&resize=350%2C200 1x, https:\/\/i0.wp.com\/larevistadigital.com.ar\/blog\/wp-content\/uploads\/69b983e3ee445.png?fit=668%2C445&ssl=1&resize=525%2C300 1.5x"},"classes":[]},{"id":35462,"url":"https:\/\/larevistadigital.com.ar\/blog\/el-intendente-se-reunio-con-el-nuevo-obispo-de-chascomus\/","url_meta":{"origin":39481,"position":2},"title":"EL INTENDENTE SE REUNI\u00d3 CON EL NUEVO OBISPO DE CHASCOM\u00daS","author":"Alejandro Sosa Ruda","date":"9 marzo, 2024","format":false,"excerpt":"Tras la ordenaci\u00f3n episcopal y la toma de posesi\u00f3n de la Di\u00f3cesis de Chascom\u00fas de Monse\u00f1or Juan Ignacio Li\u00e9bana, Javier Gast\u00f3n lo recibi\u00f3 en su despacho. 9 de marzo de 2024 CHASCOM\u00daS -\u00a0 En la ma\u00f1ana de este jueves, el intendente Javier Gast\u00f3n mantuvo un encuentro con el nuevo Obispo\u2026","rel":"","context":"En \u00abINTERES GENERAL\u00bb","block_context":{"text":"INTERES GENERAL","link":"https:\/\/larevistadigital.com.ar\/blog\/category\/interes-general\/"},"img":{"alt_text":"","src":"https:\/\/i0.wp.com\/larevistadigital.com.ar\/blog\/wp-content\/uploads\/2024_03_09_01_00_58_534293.jpg?fit=600%2C400&ssl=1&resize=350%2C200","width":350,"height":200,"srcset":"https:\/\/i0.wp.com\/larevistadigital.com.ar\/blog\/wp-content\/uploads\/2024_03_09_01_00_58_534293.jpg?fit=600%2C400&ssl=1&resize=350%2C200 1x, https:\/\/i0.wp.com\/larevistadigital.com.ar\/blog\/wp-content\/uploads\/2024_03_09_01_00_58_534293.jpg?fit=600%2C400&ssl=1&resize=525%2C300 1.5x"},"classes":[]},{"id":13817,"url":"https:\/\/larevistadigital.com.ar\/blog\/chascomus-el-intendente-javier-gaston-anuncio-un-aumento-para-los-trabajadores-municipales\/","url_meta":{"origin":39481,"position":3},"title":"CHASCOM\u00daS: EL INTENDENTE JAVIER GAST\u00d3N ANUNCI\u00d3 UN AUMENTO PARA LOS TRABAJADORES MUNICIPALES","author":"Alejandro Sosa Ruda","date":"26 diciembre, 2019","format":false,"excerpt":"Se inform\u00f3 desde la p\u00e1gina del municipio, que se acord\u00f3 un aumento para los trabajadores municipales que a continuaci\u00f3n reproducimos. La Nota: Tras la reuni\u00f3n con la mesa de negociaci\u00f3n salarial, el departamento ejecutivo y los representantes de los tres gremios municipales acordaron, esta tarde, un nuevo aumento del 12%\u2026","rel":"","context":"En \u00abCHASCOM\u00daS\u00bb","block_context":{"text":"CHASCOM\u00daS","link":"https:\/\/larevistadigital.com.ar\/blog\/category\/chascomus\/"},"img":{"alt_text":"","src":"","width":0,"height":0},"classes":[]},{"id":40225,"url":"https:\/\/larevistadigital.com.ar\/blog\/javier-gaston-firmo-un-convenio-para-ampliar-la-oferta-academica-universitaria-en-chascomus\/","url_meta":{"origin":39481,"position":4},"title":"Javier Gast\u00f3n firm\u00f3 un convenio para ampliar la oferta acad\u00e9mica universitaria en Chascom\u00fas","author":"Alejandro Sosa Ruda","date":"30 junio, 2025","format":false,"excerpt":"Durante su participaci\u00f3n en el 3\u00b0 Encuentro Provincial del programa Puentes, el intendente junto al gobernador Axel Kicillof y m\u00e1s de 60 jefes comunalesrubric\u00f3 un acuerdo para el dictado de una nueva diplomatura. 30 de Junio de 2025 CHASCOM\u00daS -\u00a0 \u00a0El intendente Javier Gast\u00f3n y el subsecretario de Infancias y\u2026","rel":"","context":"En \u00abINTERES GENERAL\u00bb","block_context":{"text":"INTERES GENERAL","link":"https:\/\/larevistadigital.com.ar\/blog\/category\/interes-general\/"},"img":{"alt_text":"","src":"https:\/\/i0.wp.com\/larevistadigital.com.ar\/blog\/wp-content\/uploads\/6862bcd751262.png?fit=668%2C445&ssl=1&resize=350%2C200","width":350,"height":200,"srcset":"https:\/\/i0.wp.com\/larevistadigital.com.ar\/blog\/wp-content\/uploads\/6862bcd751262.png?fit=668%2C445&ssl=1&resize=350%2C200 1x, https:\/\/i0.wp.com\/larevistadigital.com.ar\/blog\/wp-content\/uploads\/6862bcd751262.png?fit=668%2C445&ssl=1&resize=525%2C300 1.5x"},"classes":[]},{"id":38362,"url":"https:\/\/larevistadigital.com.ar\/blog\/javier-gaston-se-reunio-con-autoridades-del-ministerio-de-asuntos-exteriores-espanol\/","url_meta":{"origin":39481,"position":5},"title":"Javier Gast\u00f3n se reuni\u00f3 con autoridades del Ministerio de Asuntos Exteriores espa\u00f1ol","author":"Alejandro Sosa Ruda","date":"21 diciembre, 2024","format":false,"excerpt":"En el marco de su gira institucional, el intendente llev\u00f3 adelante una serie de reuniones en Madrid, Espa\u00f1a. 21 de Diciembre de 2024 CHASCOM\u00daS -\u00a0 El intendente Javier Gast\u00f3n dialog\u00f3 con Luis S\u00e1nchez-Vellisco, integrante del gabinete del ministro de Asuntos Exteriores, Uni\u00f3n Europea y Cooperaci\u00f3n del gobierno espa\u00f1ol, a quien\u2026","rel":"","context":"En \u00abCHASCOM\u00daS\u00bb","block_context":{"text":"CHASCOM\u00daS","link":"https:\/\/larevistadigital.com.ar\/blog\/category\/chascomus\/"},"img":{"alt_text":"","src":"https:\/\/i0.wp.com\/larevistadigital.com.ar\/blog\/wp-content\/uploads\/6765cd5092a79.png?fit=668%2C445&ssl=1&resize=350%2C200","width":350,"height":200,"srcset":"https:\/\/i0.wp.com\/larevistadigital.com.ar\/blog\/wp-content\/uploads\/6765cd5092a79.png?fit=668%2C445&ssl=1&resize=350%2C200 1x, https:\/\/i0.wp.com\/larevistadigital.com.ar\/blog\/wp-content\/uploads\/6765cd5092a79.png?fit=668%2C445&ssl=1&resize=525%2C300 1.5x"},"classes":[]}],"_links":{"self":[{"href":"https:\/\/larevistadigital.com.ar\/blog\/wp-json\/wp\/v2\/posts\/39481","targetHints":{"allow":["GET"]}}],"collection":[{"href":"https:\/\/larevistadigital.com.ar\/blog\/wp-json\/wp\/v2\/posts"}],"about":[{"href":"https:\/\/larevistadigital.com.ar\/blog\/wp-json\/wp\/v2\/types\/post"}],"author":[{"embeddable":true,"href":"https:\/\/larevistadigital.com.ar\/blog\/wp-json\/wp\/v2\/users\/3"}],"replies":[{"embeddable":true,"href":"https:\/\/larevistadigital.com.ar\/blog\/wp-json\/wp\/v2\/comments?post=39481"}],"version-history":[{"count":1,"href":"https:\/\/larevistadigital.com.ar\/blog\/wp-json\/wp\/v2\/posts\/39481\/revisions"}],"predecessor-version":[{"id":39483,"href":"https:\/\/larevistadigital.com.ar\/blog\/wp-json\/wp\/v2\/posts\/39481\/revisions\/39483"}],"wp:featuredmedia":[{"embeddable":true,"href":"https:\/\/larevistadigital.com.ar\/blog\/wp-json\/wp\/v2\/media\/39482"}],"wp:attachment":[{"href":"https:\/\/larevistadigital.com.ar\/blog\/wp-json\/wp\/v2\/media?parent=39481"}],"wp:term":[{"taxonomy":"category","embeddable":true,"href":"https:\/\/larevistadigital.com.ar\/blog\/wp-json\/wp\/v2\/categories?post=39481"},{"taxonomy":"post_tag","embeddable":true,"href":"https:\/\/larevistadigital.com.ar\/blog\/wp-json\/wp\/v2\/tags?post=39481"}],"curies":[{"name":"wp","href":"https:\/\/api.w.org\/{rel}","templated":true}]}}