{"id":39484,"date":"2025-04-22T09:32:39","date_gmt":"2025-04-22T12:32:39","guid":{"rendered":"https:\/\/larevistadigital.com.ar\/blog\/?p=39484"},"modified":"2025-04-22T09:32:51","modified_gmt":"2025-04-22T12:32:51","slug":"chascomus-huerta-en-casa","status":"publish","type":"post","link":"https:\/\/larevistadigital.com.ar\/blog\/chascomus-huerta-en-casa\/","title":{"rendered":"Chascom\u00fas: Huerta en casa"},"content":{"rendered":"<h3 class=\"excerpt\">Alimentos frescos y saludables todo el a\u00f1o<\/h3>\n<p>22 de Abril de 2025<\/p>\n<div id=\"miDiv1\" class=\"text\">\n<p>Producir alimentos en casa es m\u00e1s f\u00e1cil de lo que parece, no insume mucho tiempo, puede convertirse en una actividad que convoque a toda la familia y adem\u00e1s, garantiza una alimentaci\u00f3n saludable, natural y sostenible.<\/p>\n<blockquote>\n<h3>El primer paso es elegir el lugar apropiado, el cual debe recibir 6 horas de sol diarias, estar libre de residuos, malezas y de piedras, para facilitar el crecimiento de los cultivos. Posteriormente se debe preparar el suelo removiendo la tierra con una pala, azada y rastrillo, a fin de afinarla para mejorar la aireaci\u00f3n y el desarrollo de las ra\u00edces.<\/h3>\n<\/blockquote>\n<p>Una vez listo el terreno, se deben escoger las especies de estaci\u00f3n a sembrar, algunas de manera directa y otras en alm\u00e1cigos, \u00e9stas \u00faltimas deber\u00e1n ser trasplantadas para permitir su desarrollo. A partir de aqu\u00ed es necesario regar con frecuencia, controlar la maleza y las plagas, hasta el momento de la cosecha.<\/p>\n<blockquote>\n<h3>El plan \u201cCosechando Saberes\u201d, una articulaci\u00f3n entre Municipalidad de Chascom\u00fas, a trav\u00e9s de las \u00e1reas de Econom\u00eda Social y de Ambiente, con el INTA; promueve que cada vez m\u00e1s familias se sumen a la producci\u00f3n de alimentos en huertas urbanas.<\/h3>\n<\/blockquote>\n<p>En este sentido, se brinda asesoramiento y se entregan semillas que vecinos y vecinas pueden retirar de la oficina de Producci\u00f3n, Maip\u00fa 415. La idea es que produzcan y devuelvan semillas al banco de intercambio para la temporada siguiente. Durante el mes de abril se retiran y recepcionan semillas en la direcci\u00f3n de producci\u00f3n martes y jueves de 13 a 16 hs.<\/p>\n<\/div>\n","protected":false},"excerpt":{"rendered":"<div class=\"mh-excerpt\"><p>Alimentos frescos y saludables todo el a\u00f1o 22 de Abril de 2025 Producir alimentos en casa es m\u00e1s f\u00e1cil de lo que parece, no insume mucho tiempo, puede convertirse en una actividad que convoque a <a class=\"mh-excerpt-more\" href=\"https:\/\/larevistadigital.com.ar\/blog\/chascomus-huerta-en-casa\/\" title=\"Chascom\u00fas: Huerta en casa\">[Leer M\u00e1s]<\/a><\/p>\n<\/div>","protected":false},"author":3,"featured_media":39485,"comment_status":"open","ping_status":"open","sticky":false,"template":"","format":"standard","meta":{"_jetpack_memberships_contains_paid_content":false,"footnotes":"","jetpack_publicize_message":"","jetpack_publicize_feature_enabled":true,"jetpack_social_post_already_shared":true,"jetpack_social_options":{"image_generator_settings":{"template":"highway","default_image_id":0,"font":"","enabled":false},"version":2}},"categories":[6,1],"tags":[],"class_list":{"0":"post-39484","1":"post","2":"type-post","3":"status-publish","4":"format-standard","5":"has-post-thumbnail","7":"category-chascomus","8":"category-sin-categoria"},"jetpack_publicize_connections":[],"jetpack_featured_media_url":"https:\/\/i0.wp.com\/larevistadigital.com.ar\/blog\/wp-content\/uploads\/68067c4ee80cb.png?fit=668%2C445&ssl=1","jetpack_sharing_enabled":true,"jetpack_shortlink":"https:\/\/wp.me\/p8qtrQ-agQ","jetpack-related-posts":[{"id":42859,"url":"https:\/\/larevistadigital.com.ar\/blog\/chascomus-mas-de-500-personas-se-capacitaron-en-el-curso-de-manipulacion-segura-alimentos\/","url_meta":{"origin":39484,"position":0},"title":"Chascom\u00fas: M\u00e1s de 500 personas se capacitaron en el curso de manipulaci\u00f3n segura alimentos","author":"Alejandro Sosa Ruda","date":"12 diciembre, 2025","format":false,"excerpt":"Espec\u00edficamente 550 personas recibieron su carnet de manipulaci\u00f3n segura de alimentos que tiene validez a nivel nacional Con el dictado de 30 cursos de manipulaci\u00f3n de alimentos durante todo el presente a\u00f1o, 550 vecinos de distintos barrios, incluso j\u00f3venes de los \u00faltimos a\u00f1os de la escuela secundaria, obtuvieron el carnet\u2026","rel":"","context":"En \u00abCHASCOM\u00daS\u00bb","block_context":{"text":"CHASCOM\u00daS","link":"https:\/\/larevistadigital.com.ar\/blog\/category\/chascomus\/"},"img":{"alt_text":"","src":"https:\/\/i0.wp.com\/larevistadigital.com.ar\/blog\/wp-content\/uploads\/693c56ec007b5.png?fit=668%2C445&ssl=1&resize=350%2C200","width":350,"height":200,"srcset":"https:\/\/i0.wp.com\/larevistadigital.com.ar\/blog\/wp-content\/uploads\/693c56ec007b5.png?fit=668%2C445&ssl=1&resize=350%2C200 1x, https:\/\/i0.wp.com\/larevistadigital.com.ar\/blog\/wp-content\/uploads\/693c56ec007b5.png?fit=668%2C445&ssl=1&resize=525%2C300 1.5x"},"classes":[]},{"id":42070,"url":"https:\/\/larevistadigital.com.ar\/blog\/chascomus-se-entregaron-25-carnets-de-manipulador-de-alimentos-en-la-escuela-secundaria-n9\/","url_meta":{"origin":39484,"position":1},"title":"Chascom\u00fas: Se entregaron 25 carnets de manipulador de alimentos en la Escuela Secundaria N\u00b09","author":"Alejandro Sosa Ruda","date":"17 octubre, 2025","format":false,"excerpt":"Dado el dif\u00edcil contexto econ\u00f3mico que estamos atravesando, la Municipalidad acompa\u00f1a a los j\u00f3venes con valiosas herramientas para que puedan acceder a un empleo formal. 17 de Octubre de 2025 CHASCOM\u00daS\u00a0 -\u00a0 \u00a0 El \u00faltimo jueves, la directora municipal de Desarrollo Productivo, Mar\u00eda Eugenia Pietrantuono, junto a la inspectora jefa\u2026","rel":"","context":"En \u00abCHASCOM\u00daS\u00bb","block_context":{"text":"CHASCOM\u00daS","link":"https:\/\/larevistadigital.com.ar\/blog\/category\/chascomus\/"},"img":{"alt_text":"","src":"https:\/\/i0.wp.com\/larevistadigital.com.ar\/blog\/wp-content\/uploads\/68f26d031e65a.png?fit=668%2C445&ssl=1&resize=350%2C200","width":350,"height":200,"srcset":"https:\/\/i0.wp.com\/larevistadigital.com.ar\/blog\/wp-content\/uploads\/68f26d031e65a.png?fit=668%2C445&ssl=1&resize=350%2C200 1x, https:\/\/i0.wp.com\/larevistadigital.com.ar\/blog\/wp-content\/uploads\/68f26d031e65a.png?fit=668%2C445&ssl=1&resize=525%2C300 1.5x"},"classes":[]},{"id":42016,"url":"https:\/\/larevistadigital.com.ar\/blog\/chascomus-dia-de-la-soberania-alimentaria\/","url_meta":{"origin":39484,"position":2},"title":"Chascom\u00fas: D\u00eda de la soberan\u00eda alimentaria","author":"Alejandro Sosa Ruda","date":"16 octubre, 2025","format":false,"excerpt":"La Municipalidad de Chascom\u00fas organiz\u00f3 actividades destinadas a los beneficiarios del CAM. 16 de Octubre de 2025 CHASCOM\u00daS -\u00a0 Se desarroll\u00f3 una jornada de concientizaci\u00f3n en el Dep\u00f3sito Municipal, destinada a los beneficiarios del Programa Complemento Alimentario Municipal (CAM), el cual entrega mensualmente un m\u00f3dulo con alimentos secos y frescos\u2026","rel":"","context":"En \u00abCHASCOM\u00daS\u00bb","block_context":{"text":"CHASCOM\u00daS","link":"https:\/\/larevistadigital.com.ar\/blog\/category\/chascomus\/"},"img":{"alt_text":"","src":"https:\/\/i0.wp.com\/larevistadigital.com.ar\/blog\/wp-content\/uploads\/68f14e072b891.png?fit=668%2C445&ssl=1&resize=350%2C200","width":350,"height":200,"srcset":"https:\/\/i0.wp.com\/larevistadigital.com.ar\/blog\/wp-content\/uploads\/68f14e072b891.png?fit=668%2C445&ssl=1&resize=350%2C200 1x, https:\/\/i0.wp.com\/larevistadigital.com.ar\/blog\/wp-content\/uploads\/68f14e072b891.png?fit=668%2C445&ssl=1&resize=525%2C300 1.5x"},"classes":[]},{"id":40198,"url":"https:\/\/larevistadigital.com.ar\/blog\/chascomus-asesoramiento-para-acceder-al-programa-alimentario-para-personas-celiacas\/","url_meta":{"origin":39484,"position":3},"title":"Chascom\u00fas: Asesoramiento para acceder al programa alimentario para personas cel\u00edacas","author":"Alejandro Sosa Ruda","date":"26 junio, 2025","format":false,"excerpt":"La Municipalidad brinda orientaci\u00f3n y acompa\u00f1amiento a quienes deseen solicitar el beneficio provincial. 26 de Junio de 2025 CHASCOM\u00daS -\u00a0 \u00a0El \u00e1rea de Desarrollo Social municipal ofrece un servicio de asesoramiento destinado a personas interesadas en acceder al Programa Alimentario para Personas Cel\u00edacas (PAAC) de la provincia de Buenos Aires.\u2026","rel":"","context":"En \u00abCHASCOM\u00daS\u00bb","block_context":{"text":"CHASCOM\u00daS","link":"https:\/\/larevistadigital.com.ar\/blog\/category\/chascomus\/"},"img":{"alt_text":"","src":"https:\/\/i0.wp.com\/larevistadigital.com.ar\/blog\/wp-content\/uploads\/685d79e55ec7e.png?fit=668%2C445&ssl=1&resize=350%2C200","width":350,"height":200,"srcset":"https:\/\/i0.wp.com\/larevistadigital.com.ar\/blog\/wp-content\/uploads\/685d79e55ec7e.png?fit=668%2C445&ssl=1&resize=350%2C200 1x, https:\/\/i0.wp.com\/larevistadigital.com.ar\/blog\/wp-content\/uploads\/685d79e55ec7e.png?fit=668%2C445&ssl=1&resize=525%2C300 1.5x"},"classes":[]},{"id":44952,"url":"https:\/\/larevistadigital.com.ar\/blog\/javier-rodriguez-defender-la-produccion-nacional-es-generar-mas-trabajo-y-mejores-alimentos\/","url_meta":{"origin":39484,"position":4},"title":"Javier Rodr\u00edguez: \u201cDefender la producci\u00f3n nacional es generar m\u00e1s trabajo y mejores alimentos\u201d","author":"Alejandro Sosa Ruda","date":"6 abril, 2026","format":false,"excerpt":"En una nueva edici\u00f3n de la Posta de Sabores, el ministro de Desarrollo Agrario bonaerense destac\u00f3 el rol de estas pol\u00edticas para fortalecer a los productores y acercar precios accesibles y alimentos de calidad a los consumidores. 06 de abril de 2026 BUENOS AIRES -\u00a0 \u00a0Este s\u00e1bado, el ministro de\u2026","rel":"","context":"En \u00abDESTACADAS\u00bb","block_context":{"text":"DESTACADAS","link":"https:\/\/larevistadigital.com.ar\/blog\/category\/destacadas\/"},"img":{"alt_text":"","src":"https:\/\/i0.wp.com\/larevistadigital.com.ar\/blog\/wp-content\/uploads\/DSC_7660-scaled.jpg?fit=1200%2C800&ssl=1&resize=350%2C200","width":350,"height":200,"srcset":"https:\/\/i0.wp.com\/larevistadigital.com.ar\/blog\/wp-content\/uploads\/DSC_7660-scaled.jpg?fit=1200%2C800&ssl=1&resize=350%2C200 1x, https:\/\/i0.wp.com\/larevistadigital.com.ar\/blog\/wp-content\/uploads\/DSC_7660-scaled.jpg?fit=1200%2C800&ssl=1&resize=525%2C300 1.5x, https:\/\/i0.wp.com\/larevistadigital.com.ar\/blog\/wp-content\/uploads\/DSC_7660-scaled.jpg?fit=1200%2C800&ssl=1&resize=700%2C400 2x, https:\/\/i0.wp.com\/larevistadigital.com.ar\/blog\/wp-content\/uploads\/DSC_7660-scaled.jpg?fit=1200%2C800&ssl=1&resize=1050%2C600 3x"},"classes":[]},{"id":11348,"url":"https:\/\/larevistadigital.com.ar\/blog\/ignacio-gorriz-en-chascomus-la-prioridad-debe-ser-generar-empleo-de-calidad-no-se-puede-motorizar-la-economia-con-kermesses\/","url_meta":{"origin":39484,"position":5},"title":"IGNACIO GORRIZ: \u2018\u2019EN CHASCOM\u00daS LA PRIORIDAD DEBE SER GENERAR EMPLEO DE CALIDAD, NO SE PUEDE MOTORIZAR LA ECONOM\u00cdA CON KERMESSES.\u2019\u2019","author":"Alejandro Sosa Ruda","date":"17 julio, 2019","format":false,"excerpt":"Ignacio G\u00f3rriz, candidato a Intendente por el sector de Consenso Federal, acompa\u00f1ado por el Ing. Juan Larrarte y dem\u00e1s integrantes de su equipo, concretaron una visita a la f\u00e1brica SEDA S.A. de la vecina ciudad de Lezama, a fines de interiorizarse sobre el proceso de fabricaci\u00f3n de alimentos balanceados para\u2026","rel":"","context":"En \u00abINTERES GENERAL\u00bb","block_context":{"text":"INTERES GENERAL","link":"https:\/\/larevistadigital.com.ar\/blog\/category\/interes-general\/"},"img":{"alt_text":"","src":"https:\/\/i0.wp.com\/larevistadigital.com.ar\/blog\/wp-content\/uploads\/SEDA-1.jpg?fit=685%2C1200&ssl=1&resize=350%2C200","width":350,"height":200,"srcset":"https:\/\/i0.wp.com\/larevistadigital.com.ar\/blog\/wp-content\/uploads\/SEDA-1.jpg?fit=685%2C1200&ssl=1&resize=350%2C200 1x, https:\/\/i0.wp.com\/larevistadigital.com.ar\/blog\/wp-content\/uploads\/SEDA-1.jpg?fit=685%2C1200&ssl=1&resize=525%2C300 1.5x"},"classes":[]}],"_links":{"self":[{"href":"https:\/\/larevistadigital.com.ar\/blog\/wp-json\/wp\/v2\/posts\/39484","targetHints":{"allow":["GET"]}}],"collection":[{"href":"https:\/\/larevistadigital.com.ar\/blog\/wp-json\/wp\/v2\/posts"}],"about":[{"href":"https:\/\/larevistadigital.com.ar\/blog\/wp-json\/wp\/v2\/types\/post"}],"author":[{"embeddable":true,"href":"https:\/\/larevistadigital.com.ar\/blog\/wp-json\/wp\/v2\/users\/3"}],"replies":[{"embeddable":true,"href":"https:\/\/larevistadigital.com.ar\/blog\/wp-json\/wp\/v2\/comments?post=39484"}],"version-history":[{"count":1,"href":"https:\/\/larevistadigital.com.ar\/blog\/wp-json\/wp\/v2\/posts\/39484\/revisions"}],"predecessor-version":[{"id":39486,"href":"https:\/\/larevistadigital.com.ar\/blog\/wp-json\/wp\/v2\/posts\/39484\/revisions\/39486"}],"wp:featuredmedia":[{"embeddable":true,"href":"https:\/\/larevistadigital.com.ar\/blog\/wp-json\/wp\/v2\/media\/39485"}],"wp:attachment":[{"href":"https:\/\/larevistadigital.com.ar\/blog\/wp-json\/wp\/v2\/media?parent=39484"}],"wp:term":[{"taxonomy":"category","embeddable":true,"href":"https:\/\/larevistadigital.com.ar\/blog\/wp-json\/wp\/v2\/categories?post=39484"},{"taxonomy":"post_tag","embeddable":true,"href":"https:\/\/larevistadigital.com.ar\/blog\/wp-json\/wp\/v2\/tags?post=39484"}],"curies":[{"name":"wp","href":"https:\/\/api.w.org\/{rel}","templated":true}]}}