{"id":39489,"date":"2025-04-22T22:04:41","date_gmt":"2025-04-23T01:04:41","guid":{"rendered":"https:\/\/larevistadigital.com.ar\/blog\/?p=39489"},"modified":"2025-04-22T22:07:25","modified_gmt":"2025-04-23T01:07:25","slug":"mi-valiente-cura-por-marcelo-muscarello","status":"publish","type":"post","link":"https:\/\/larevistadigital.com.ar\/blog\/mi-valiente-cura-por-marcelo-muscarello\/","title":{"rendered":"\u00abMi valiente cura\u00bb Por Marcelo Muscarello"},"content":{"rendered":"<h2>Marcelo Muscarello, es un importante dirigente peronista chascomunense, que hoy se dedica entre otras cosas a escribir. Nos comparti\u00f3 esta emotiva nota.<\/h2>\n<p>22 de Abril de 2025<\/p>\n<p>Hoy estuve en Buenos Aires por una consulta medica, note una modorra poco habitual, casi sin bocinazos, ninguna discusion de transito, ni tan siquiera el accidente en Pellegrini y Tucuman parecia lograr sacar a la gente de ese estad\u00edo.<br \/>\nEsta madrugada se fue el Cura Jorge, el jesuita, el elegido, as\u00ed eleg\u00ed llamarlo hoy.<br \/>\nJorge eligi\u00f3 irse exactamente un dia despues de las Pascuas de Resurreccion.<br \/>\nJorge eligi\u00f3 el abrazo de los pobres, el beso de los enfermos, el afecto de los refugiados, lejos, muy lejos de los Lefevre, los pedofilos neoyorquinos, los Von Wernich, los Quarracino, los Aguer.<br \/>\nEl liliputiense presidente argentino declar\u00f3 que los separaban algunas diferencias, opino que los separaba un abismo.<br \/>\nComo Nestor y Cristina, como El Diego, a fuerza de gestos, se\u00f1ales y algun coscorr\u00f3n, a los d\u00edscolos de mi generacion nos inund\u00f3 nuevamente de dudas, nos oblig\u00f3 nuevamente a pensar y a repensarnos.<br \/>\nDesde entonces, en lo personal, logr\u00e9 reconciliarme con la Iglesia.<br \/>\nLlevo grabadas sus palabras de un mi\u00e9rcoles destemplado de 2016 en la Plaza de San Pedro.<br \/>\n\u00abLa Iglesia no es una comunidad de santos, es una comunidad de imperfectos\u00bb, dijo, y nos termin\u00f3 de enamorar.<br \/>\nAlli mismo bendijo mis rosarios, mi San Benito que llevo hace mas de treinta a\u00f1os colgado del cuello y los objetos de todos en esa audiencia general.<br \/>\nNos hizo volver a esa Iglesia de los pobres y para los pobres, a fuerza de homilias y enciclicas, a fuerza de coherencia y su ser consecuente, nos sac\u00f3 de a poco esa imagen del Cristo rubio, bello, ostentosamente romano, nos entreg\u00f3 un Salvador, casi, de carne y hueso.<br \/>\nYa no habr\u00e1 en la pr\u00f3xima navidad su mensaje de amor y paz, tampoco el pesebre de los pobres, que mi otro valiente Cura, montaba en su Parroquia.<br \/>\nA uno se lo llev\u00f3 Dios a su lado, al otro, lo cambiaron de Parroquia, es que a los \u00abJesuses Predicadores\u00bb, la clase media (media hueca, media boba) siempre los mir\u00f3 con el recelo y la envidia propia de los que nunca podr\u00e1n entender ni practicar un sue\u00f1o colectivo.<br \/>\nEl Cura Jorge corri\u00f3 con insolencia los l\u00edmites de la institucion mas antigua de la humanidad, llenando de compasion, luz y misericordia, sus rincones mas oscuros y reaccionarios.<br \/>\nNos hablaba de Justicia Social como si lo hiciera desde la Unidad Basica.<br \/>\nLo llorar\u00e1n los pobres de Africa, api\u00f1ados en Lampedusa, esperando su bendicion, porque saben, que la del continente que los saque\u00f3 por siglos, nunca llegar\u00e1.<br \/>\nLo llorar\u00e1n en Gaza, porque sus palabras pidiendo misericordia y detener la matanza de viejos y ni\u00f1os ya no ser\u00e1n escuchadas.<br \/>\nLo llorar\u00e1n las v\u00edctimas de ped\u00f3filos y pederastas a los que \u00e9l mismo conden\u00f3 y pidi\u00f3 perdon en nombre de la Iglesia.<br \/>\nLo llorar\u00e1n los presos a los cuales les lavaba los pies, porque saben que Jorge se sent\u00eda uno de ellos.<br \/>\nLo llorar\u00e1n homosexuales, gays, travestis, lesbianas y divorciados, porque les mostro otro camino.<br \/>\nSu sombra se esconder\u00e1 en la Villa 21.24, en alg\u00fan rincon de Flores o tal vez, podamos imaginarlo sentado en un vagon de subte llegando a Plaza de Mayo.<br \/>\nEn dias comenzar\u00e1 la feria de vanidades, el rejuntar de miserias, la rosca en la pelea por el poder vaticano.<br \/>\nNo ser\u00e1 f\u00e1cil encontrar un reemplazo para el \u00abrepresentante del maligno en la tierra\u00bb.<br \/>\nVeinte siglos lo separan del trono de Pedro, ojala que en los pr\u00f3ximos veinte, el hombre encuentre quien lo emparde.<br \/>\nMientras tanto intentaremos un olvido, doler\u00e1 menos que su ausencia.<\/p>\n<p>Marcelo Muscarello<\/p>\n","protected":false},"excerpt":{"rendered":"<div class=\"mh-excerpt\"><p>Marcelo Muscarello, es un importante dirigente peronista chascomunense, que hoy se dedica entre otras cosas a escribir. Nos comparti\u00f3 esta emotiva nota. 22 de Abril de 2025 Hoy estuve en Buenos Aires por una consulta <a class=\"mh-excerpt-more\" href=\"https:\/\/larevistadigital.com.ar\/blog\/mi-valiente-cura-por-marcelo-muscarello\/\" title=\"\u00abMi valiente cura\u00bb Por Marcelo Muscarello\">[Leer M\u00e1s]<\/a><\/p>\n<\/div>","protected":false},"author":3,"featured_media":39490,"comment_status":"open","ping_status":"open","sticky":false,"template":"","format":"standard","meta":{"_jetpack_memberships_contains_paid_content":false,"footnotes":"","jetpack_publicize_message":"","jetpack_publicize_feature_enabled":true,"jetpack_social_post_already_shared":true,"jetpack_social_options":{"image_generator_settings":{"template":"highway","default_image_id":0,"font":"","enabled":false},"version":2}},"categories":[41],"tags":[],"class_list":{"0":"post-39489","1":"post","2":"type-post","3":"status-publish","4":"format-standard","5":"has-post-thumbnail","7":"category-destacadas"},"jetpack_publicize_connections":[],"jetpack_featured_media_url":"https:\/\/i0.wp.com\/larevistadigital.com.ar\/blog\/wp-content\/uploads\/66e0a2e59820f.jpg?fit=1200%2C675&ssl=1","jetpack_sharing_enabled":true,"jetpack_shortlink":"https:\/\/wp.me\/p8qtrQ-agV","jetpack-related-posts":[{"id":15136,"url":"https:\/\/larevistadigital.com.ar\/blog\/santiago-muscarello-seria-el-proximo-jefe-designado-de-anses-chascomus\/","url_meta":{"origin":39489,"position":0},"title":"SANTIAGO MUSCARELLO SER\u00cdA EL PR\u00d3XIMO JEFE DESIGNADO DE ANSES CHASCOM\u00daS","author":"Alejandro Sosa Ruda","date":"8 mayo, 2020","format":false,"excerpt":"Luego de las escaramuzas protagonizadas por distintos actores del peronismo, agrupados en el \"Frente de Todos\", y en los distintos distritos a la hora de repartir los cargos en las distintas oficinas p\u00fablicas como PAMI, ANS\u00c9S, DESARROLLO SOCIAL, TRABAJO, etc. parece que las cosas se van definiendo, no sin dejar\u2026","rel":"","context":"En \u00abDESTACADAS\u00bb","block_context":{"text":"DESTACADAS","link":"https:\/\/larevistadigital.com.ar\/blog\/category\/destacadas\/"},"img":{"alt_text":"","src":"https:\/\/i0.wp.com\/larevistadigital.com.ar\/blog\/wp-content\/uploads\/13048224_112024182536057_8330470218689631906_o-2.jpg?fit=1200%2C720&ssl=1&resize=350%2C200","width":350,"height":200,"srcset":"https:\/\/i0.wp.com\/larevistadigital.com.ar\/blog\/wp-content\/uploads\/13048224_112024182536057_8330470218689631906_o-2.jpg?fit=1200%2C720&ssl=1&resize=350%2C200 1x, https:\/\/i0.wp.com\/larevistadigital.com.ar\/blog\/wp-content\/uploads\/13048224_112024182536057_8330470218689631906_o-2.jpg?fit=1200%2C720&ssl=1&resize=525%2C300 1.5x, https:\/\/i0.wp.com\/larevistadigital.com.ar\/blog\/wp-content\/uploads\/13048224_112024182536057_8330470218689631906_o-2.jpg?fit=1200%2C720&ssl=1&resize=700%2C400 2x, https:\/\/i0.wp.com\/larevistadigital.com.ar\/blog\/wp-content\/uploads\/13048224_112024182536057_8330470218689631906_o-2.jpg?fit=1200%2C720&ssl=1&resize=1050%2C600 3x"},"classes":[]},{"id":4306,"url":"https:\/\/larevistadigital.com.ar\/blog\/chascomus-nueva-interpelacion-puerta-santiago-muscarello-se-nego-dar-explicaciones-concejo-delberante\/","url_meta":{"origin":39489,"position":1},"title":"CHASCOM\u00daS: \u00bfNUEVA INTERPELACI\u00d3N EN PUERTA?&#8230;SANTIAGO MUSCARELLO SE NEG\u00d3 A DAR EXPLICACIONES EN EL CONCEJO DELBERANTE","author":"Alejandro Sosa Ruda","date":"29 diciembre, 2017","format":false,"excerpt":"En la reuni\u00f3n mantenida por el Concejo Deliberante en el d\u00eda de hoy, se decidi\u00f3 con el voto de todos los concejales citar al Secretario de Seguridad, Santiago Muscarello para que concurra al recinto a dialogar con los ediles, y dar su versi\u00f3n de los hechos ocurridos el 25 de\u2026","rel":"","context":"En \u00abCHASCOM\u00daS\u00bb","block_context":{"text":"CHASCOM\u00daS","link":"https:\/\/larevistadigital.com.ar\/blog\/category\/chascomus\/"},"img":{"alt_text":"","src":"https:\/\/i0.wp.com\/larevistadigital.com.ar\/blog\/wp-content\/uploads\/2017\/12\/muscarello_elfuerte_14denoviembrede2016.jpg?fit=707%2C544&ssl=1&resize=350%2C200","width":350,"height":200,"srcset":"https:\/\/i0.wp.com\/larevistadigital.com.ar\/blog\/wp-content\/uploads\/2017\/12\/muscarello_elfuerte_14denoviembrede2016.jpg?fit=707%2C544&ssl=1&resize=350%2C200 1x, https:\/\/i0.wp.com\/larevistadigital.com.ar\/blog\/wp-content\/uploads\/2017\/12\/muscarello_elfuerte_14denoviembrede2016.jpg?fit=707%2C544&ssl=1&resize=525%2C300 1.5x, https:\/\/i0.wp.com\/larevistadigital.com.ar\/blog\/wp-content\/uploads\/2017\/12\/muscarello_elfuerte_14denoviembrede2016.jpg?fit=707%2C544&ssl=1&resize=700%2C400 2x"},"classes":[]},{"id":2390,"url":"https:\/\/larevistadigital.com.ar\/blog\/marcelo-muscarello-nadie-resiste-un-archivo-y-yo-tampoco-pero-al-menos-no-soy-hipocrita\/","url_meta":{"origin":39489,"position":2},"title":"MARCELO MUSCARELLO:\u201d NADIE RESISTE UN ARCHIVO, Y YO TAMPOCO, PERO AL MENOS NO SOY HIP\u00d3CRITA\u201d","author":"Alejandro Sosa Ruda","date":"12 junio, 2017","format":false,"excerpt":"En un muy completo y jugoso reportaje con los periodistas Alberto Morel y Mart\u00edn Palmero, el presidente del PJ y hoy referente del randazzismo, Marcelo Muscarello se refiri\u00f3 al proceder de La C\u00e1mpora, a su visi\u00f3n del futuro del partido, su relaci\u00f3n con Randazzo y lo que se viene, hablando\u2026","rel":"","context":"En \u00abCHASCOM\u00daS\u00bb","block_context":{"text":"CHASCOM\u00daS","link":"https:\/\/larevistadigital.com.ar\/blog\/category\/chascomus\/"},"img":{"alt_text":"","src":"https:\/\/i0.wp.com\/larevistadigital.com.ar\/blog\/wp-content\/uploads\/2017\/06\/WhatsApp-Image-2017-06-08-at-17.13.59-1-1.jpeg?fit=1200%2C675&ssl=1&resize=350%2C200","width":350,"height":200,"srcset":"https:\/\/i0.wp.com\/larevistadigital.com.ar\/blog\/wp-content\/uploads\/2017\/06\/WhatsApp-Image-2017-06-08-at-17.13.59-1-1.jpeg?fit=1200%2C675&ssl=1&resize=350%2C200 1x, https:\/\/i0.wp.com\/larevistadigital.com.ar\/blog\/wp-content\/uploads\/2017\/06\/WhatsApp-Image-2017-06-08-at-17.13.59-1-1.jpeg?fit=1200%2C675&ssl=1&resize=525%2C300 1.5x, https:\/\/i0.wp.com\/larevistadigital.com.ar\/blog\/wp-content\/uploads\/2017\/06\/WhatsApp-Image-2017-06-08-at-17.13.59-1-1.jpeg?fit=1200%2C675&ssl=1&resize=700%2C400 2x, https:\/\/i0.wp.com\/larevistadigital.com.ar\/blog\/wp-content\/uploads\/2017\/06\/WhatsApp-Image-2017-06-08-at-17.13.59-1-1.jpeg?fit=1200%2C675&ssl=1&resize=1050%2C600 3x"},"classes":[]},{"id":2468,"url":"https:\/\/larevistadigital.com.ar\/blog\/equivocacion-mala-informacion-o-pase-de-facturas-contra-marcelo-muscarello\/","url_meta":{"origin":39489,"position":3},"title":"\u00bfEQUIVOCACI\u00d3N, MALA INFORMACI\u00d3N O PASE DE FACTURAS CONTRA MARCELO MUSCARELLO?","author":"Alejandro Sosa Ruda","date":"21 junio, 2017","format":false,"excerpt":"En el d\u00eda de ayer, en un acto convocado en la sede justicialista de calle Matheu, se reunieron todos los presidentes del PJ en las distintas localidades de la provincia de Buenos Aires. El acto tuvo como hechos salientes en primer lugar, la adhesi\u00f3n de la gran mayor\u00eda de dirigentes,\u2026","rel":"","context":"En \u00abCHASCOM\u00daS\u00bb","block_context":{"text":"CHASCOM\u00daS","link":"https:\/\/larevistadigital.com.ar\/blog\/category\/chascomus\/"},"img":{"alt_text":"","src":"https:\/\/i0.wp.com\/larevistadigital.com.ar\/blog\/wp-content\/uploads\/2017\/06\/WhatsApp-Image-2017-06-20-at-13.10.31.jpeg?fit=1040%2C780&ssl=1&resize=350%2C200","width":350,"height":200,"srcset":"https:\/\/i0.wp.com\/larevistadigital.com.ar\/blog\/wp-content\/uploads\/2017\/06\/WhatsApp-Image-2017-06-20-at-13.10.31.jpeg?fit=1040%2C780&ssl=1&resize=350%2C200 1x, https:\/\/i0.wp.com\/larevistadigital.com.ar\/blog\/wp-content\/uploads\/2017\/06\/WhatsApp-Image-2017-06-20-at-13.10.31.jpeg?fit=1040%2C780&ssl=1&resize=525%2C300 1.5x, https:\/\/i0.wp.com\/larevistadigital.com.ar\/blog\/wp-content\/uploads\/2017\/06\/WhatsApp-Image-2017-06-20-at-13.10.31.jpeg?fit=1040%2C780&ssl=1&resize=700%2C400 2x"},"classes":[]},{"id":21214,"url":"https:\/\/larevistadigital.com.ar\/blog\/cambios-en-el-gabinete-de-gaston-volveria-santiago-muscarello-como-secretario-de-seguridad-a-donde-iria-lucas-funes\/","url_meta":{"origin":39489,"position":4},"title":"\u00bfCAMBIOS EN EL GABINETE DE GAST\u00d3N? \u00bfVOLVER\u00cdA SANTIAGO MUSCARELLO COMO SECRETARIO DE SEGURIDAD? \u00bfA D\u00d3NDE IR\u00cdA LUCAS FUNES?","author":"Alejandro Sosa Ruda","date":"21 julio, 2021","format":false,"excerpt":"CHASCOM\u00daS - En el fragor de las compulsas, roscas e idas y vueltas de la pol\u00edtica a una semana del cierre de listas, son muchos los rumores, y trascendidos que se pueden escuchar en todas las ciudades, y Chascom\u00fas no es la excepci\u00f3n. En ese sentido, hay nombres que se\u2026","rel":"","context":"En \u00abDESTACADAS\u00bb","block_context":{"text":"DESTACADAS","link":"https:\/\/larevistadigital.com.ar\/blog\/category\/destacadas\/"},"img":{"alt_text":"","src":"https:\/\/i0.wp.com\/larevistadigital.com.ar\/blog\/wp-content\/uploads\/SANTIAGO-SEC-SEGURIDAD.jpg?fit=900%2C1093&ssl=1&resize=350%2C200","width":350,"height":200,"srcset":"https:\/\/i0.wp.com\/larevistadigital.com.ar\/blog\/wp-content\/uploads\/SANTIAGO-SEC-SEGURIDAD.jpg?fit=900%2C1093&ssl=1&resize=350%2C200 1x, https:\/\/i0.wp.com\/larevistadigital.com.ar\/blog\/wp-content\/uploads\/SANTIAGO-SEC-SEGURIDAD.jpg?fit=900%2C1093&ssl=1&resize=525%2C300 1.5x, https:\/\/i0.wp.com\/larevistadigital.com.ar\/blog\/wp-content\/uploads\/SANTIAGO-SEC-SEGURIDAD.jpg?fit=900%2C1093&ssl=1&resize=700%2C400 2x"},"classes":[]},{"id":13289,"url":"https:\/\/larevistadigital.com.ar\/blog\/santiago-muscarello-deja-la-secretaria-de-seguridad\/","url_meta":{"origin":39489,"position":5},"title":"SANTIAGO MUSCARELLO DEJA LA SECRETAR\u00cdA DE SEGURIDAD","author":"Alejandro Sosa Ruda","date":"20 noviembre, 2019","format":false,"excerpt":"Luego de que se comentara en los corrillos del municipio, tuvimos la posibilidad de confirmar que el Secretario de Seguridad de Chascom\u00fas, Santiago Muscarello, dejar\u00e1 su cargo en el gobierno de Javier Gast\u00f3n. Muscarello, ha sido probablemente el que tom\u00f3 el lugar m\u00e1s complicado y pol\u00e9mico del gabinete de Gast\u00f3n,\u2026","rel":"","context":"En \u00abCHASCOM\u00daS\u00bb","block_context":{"text":"CHASCOM\u00daS","link":"https:\/\/larevistadigital.com.ar\/blog\/category\/chascomus\/"},"img":{"alt_text":"","src":"https:\/\/i0.wp.com\/larevistadigital.com.ar\/blog\/wp-content\/uploads\/13048224_112024182536057_8330470218689631906_o-1.jpg?fit=960%2C575&ssl=1&resize=350%2C200","width":350,"height":200,"srcset":"https:\/\/i0.wp.com\/larevistadigital.com.ar\/blog\/wp-content\/uploads\/13048224_112024182536057_8330470218689631906_o-1.jpg?fit=960%2C575&ssl=1&resize=350%2C200 1x, https:\/\/i0.wp.com\/larevistadigital.com.ar\/blog\/wp-content\/uploads\/13048224_112024182536057_8330470218689631906_o-1.jpg?fit=960%2C575&ssl=1&resize=525%2C300 1.5x, https:\/\/i0.wp.com\/larevistadigital.com.ar\/blog\/wp-content\/uploads\/13048224_112024182536057_8330470218689631906_o-1.jpg?fit=960%2C575&ssl=1&resize=700%2C400 2x"},"classes":[]}],"_links":{"self":[{"href":"https:\/\/larevistadigital.com.ar\/blog\/wp-json\/wp\/v2\/posts\/39489","targetHints":{"allow":["GET"]}}],"collection":[{"href":"https:\/\/larevistadigital.com.ar\/blog\/wp-json\/wp\/v2\/posts"}],"about":[{"href":"https:\/\/larevistadigital.com.ar\/blog\/wp-json\/wp\/v2\/types\/post"}],"author":[{"embeddable":true,"href":"https:\/\/larevistadigital.com.ar\/blog\/wp-json\/wp\/v2\/users\/3"}],"replies":[{"embeddable":true,"href":"https:\/\/larevistadigital.com.ar\/blog\/wp-json\/wp\/v2\/comments?post=39489"}],"version-history":[{"count":2,"href":"https:\/\/larevistadigital.com.ar\/blog\/wp-json\/wp\/v2\/posts\/39489\/revisions"}],"predecessor-version":[{"id":39492,"href":"https:\/\/larevistadigital.com.ar\/blog\/wp-json\/wp\/v2\/posts\/39489\/revisions\/39492"}],"wp:featuredmedia":[{"embeddable":true,"href":"https:\/\/larevistadigital.com.ar\/blog\/wp-json\/wp\/v2\/media\/39490"}],"wp:attachment":[{"href":"https:\/\/larevistadigital.com.ar\/blog\/wp-json\/wp\/v2\/media?parent=39489"}],"wp:term":[{"taxonomy":"category","embeddable":true,"href":"https:\/\/larevistadigital.com.ar\/blog\/wp-json\/wp\/v2\/categories?post=39489"},{"taxonomy":"post_tag","embeddable":true,"href":"https:\/\/larevistadigital.com.ar\/blog\/wp-json\/wp\/v2\/tags?post=39489"}],"curies":[{"name":"wp","href":"https:\/\/api.w.org\/{rel}","templated":true}]}}