{"id":39493,"date":"2025-04-23T00:01:08","date_gmt":"2025-04-23T03:01:08","guid":{"rendered":"https:\/\/larevistadigital.com.ar\/blog\/?p=39493"},"modified":"2025-04-23T00:01:08","modified_gmt":"2025-04-23T03:01:08","slug":"hay-muchos-caciquejos-y-ningun-rumbo-muscarello-volvio-con-todo-y-disparo-contra-todos","status":"publish","type":"post","link":"https:\/\/larevistadigital.com.ar\/blog\/hay-muchos-caciquejos-y-ningun-rumbo-muscarello-volvio-con-todo-y-disparo-contra-todos\/","title":{"rendered":"\u00abHay muchos caciquejos y ning\u00fan rumbo\u00bb: Muscarello volvi\u00f3 con todo y dispar\u00f3 contra todos"},"content":{"rendered":"<p class=\"\" data-start=\"274\" data-end=\"517\"><strong data-start=\"274\" data-end=\"517\">El dirigente peronista habl\u00f3 del Papa Francisco, del desorden del PJ local, de los errores del oficialismo y de la \u201cverg\u00fcenza nacional\u201d radical. Tambi\u00e9n critic\u00f3 la estrategia electoral de algunos sectores y propuso una renovaci\u00f3n profunda.<\/strong><\/p>\n<p data-start=\"274\" data-end=\"517\">22 de Abril de 2025<\/p>\n<p class=\"\" data-start=\"519\" data-end=\"978\"><strong>CHASCOM\u00daS &#8211;\u00a0<\/strong> \u00a0Luego de un largo tiempo de silencio medi\u00e1tico, el dirigente peronista <strong>Marcelo Muscarello<\/strong> reapareci\u00f3 en una entrevista con <strong>Alejandro \u201cEl Tano\u201d Sosa<\/strong>, durante el programa<strong> \u201cAtaque de Radio\u201d que se emite por FM 102.7 y v\u00eda streaming por YouTube<\/strong>. Fiel a su estilo directo, no se guard\u00f3 nada: habl\u00f3 del fallecimiento del <strong>Papa Francisco<\/strong>, analiz\u00f3 el presente del peronismo en Chascom\u00fas, critic\u00f3 con dureza al oficialismo y cuestion\u00f3 sin filtro a la oposici\u00f3n radical.<\/p>\n<blockquote>\n<h3 data-start=\"980\" data-end=\"1372\">Muscarello comenz\u00f3 la charla con un sentido homenaje al Papa Francisco. <em><strong>\u201cPara explicar c\u00f3mo viv\u00ed su muerte, primero debo hablar de c\u00f3mo viv\u00ed su vida. Nos hizo repensar la religi\u00f3n, la vida, el pr\u00f3jimo y la Iglesia. A quienes est\u00e1bamos alejados, nos ayud\u00f3 a volver\u201d<\/strong><\/em>, expres\u00f3 con emoci\u00f3n. Reconoci\u00f3 haber llorado su p\u00e9rdida y sentir una profunda tristeza por la partida del pont\u00edfice argentino.<\/h3>\n<\/blockquote>\n<p class=\"\" data-start=\"1374\" data-end=\"1830\">Pero el momento m\u00e1s encendido de la nota lleg\u00f3 al hablar del peronismo local. <em><strong>\u201cHay una gran desorientaci\u00f3n. Y cuando no hay rumbo, aparecen muchos caciquejos. Nadie ejerce una conducci\u00f3n real como en 2015\u201d<\/strong><\/em>, sentenci\u00f3. Asegur\u00f3 que el peronismo no est\u00e1 muerto, ni a nivel local ni nacional, pero que necesita reencontrarse consigo mismo. <em><strong>\u201cTiene esa capacidad de reinventarse, pero primero hay que tener claro qu\u00e9 se quiere y c\u00f3mo se lo va a lograr\u201d<\/strong><\/em>, explic\u00f3.<\/p>\n<blockquote>\n<h3 data-start=\"1832\" data-end=\"2194\">En esa l\u00ednea, apunt\u00f3 contra algunos sectores internos. Sin dar nombres expl\u00edcitos pero con referencias claras, critic\u00f3 a quienes impulsan un \u201cperonismo vecinalista\u201d.<strong><em> \u201cUnidad por Chascom\u00fas ya ocupa ese rol. No hay espacio para otra opci\u00f3n igual. Y esa alianza solo sirvi\u00f3 a 4 o 5 dirigentes. Hay que distinguir entre funcionarios y dirigentes pol\u00edticos\u201d<\/em><\/strong>, dispar\u00f3.<\/h3>\n<\/blockquote>\n<p class=\"\" data-start=\"2196\" data-end=\"2482\"><strong>Muscarello<\/strong> tambi\u00e9n dej\u00f3 en claro que no cree en los acuerdos vac\u00edos de contenido. <em><strong>\u201cUna cosa es hacer un acuerdo program\u00e1tico serio, y otra muy distinta es repartir cargos entre el intendente, el secretario de gobierno y un sector menor del peronismo pensando en una elecci\u00f3n<\/strong><\/em>\u201d, advirti\u00f3.<\/p>\n<p class=\"\" data-start=\"2484\" data-end=\"2885\">Sobre el gobierno local, reconoci\u00f3 que <em><strong>\u201cel saldo es favorable, aunque hay muchas equivocaciones. Hay agotamiento en varios \u00edtems, y eso implica cambiar rumbos o protagonistas\u201d<\/strong><\/em>. Tambi\u00e9n aprovech\u00f3 para marcar una diferencia generacional en la paciencia ciudadana. <strong><em>\u201cLa tolerancia de los vecinos hoy no es la misma que se le tuvo a la UCR durante 20 a\u00f1os. Y ellos lo saben, y especulan con eso\u201d<\/em><\/strong>, denunci\u00f3.<\/p>\n<blockquote>\n<p class=\"\" data-start=\"2887\" data-end=\"3183\">En el plano electoral, fue contundente: <strong><em>\u201cEl escenario va hacia una elecci\u00f3n de tercios: radicalismo, oficialismo y La Libertad Avanza. El objetivo no debe ser unirse para ganar, sino unirse para ser mejores\u201d<\/em><\/strong>. Y cerr\u00f3 con un misil directo a la oposici\u00f3n: <em><strong>\u201cEl radicalismo es la verg\u00fcenza nacional\u201d.<\/strong><\/em><\/p>\n<\/blockquote>\n<p class=\"\" data-start=\"3185\" data-end=\"3348\"><strong>Muscarello<\/strong> regres\u00f3 al debate p\u00fablico con un mensaje fuerte, autocr\u00edtico, y sin pelos en la lengua. \u00bfSer\u00e1 el inicio de una nueva etapa en el peronismo de Chascom\u00fas?<\/p>\n","protected":false},"excerpt":{"rendered":"<div class=\"mh-excerpt\"><p>El dirigente peronista habl\u00f3 del Papa Francisco, del desorden del PJ local, de los errores del oficialismo y de la \u201cverg\u00fcenza nacional\u201d radical. Tambi\u00e9n critic\u00f3 la estrategia electoral de algunos sectores y propuso una renovaci\u00f3n <a class=\"mh-excerpt-more\" href=\"https:\/\/larevistadigital.com.ar\/blog\/hay-muchos-caciquejos-y-ningun-rumbo-muscarello-volvio-con-todo-y-disparo-contra-todos\/\" title=\"\u00abHay muchos caciquejos y ning\u00fan rumbo\u00bb: Muscarello volvi\u00f3 con todo y dispar\u00f3 contra todos\">[Leer M\u00e1s]<\/a><\/p>\n<\/div>","protected":false},"author":3,"featured_media":39494,"comment_status":"open","ping_status":"open","sticky":false,"template":"","format":"standard","meta":{"_jetpack_memberships_contains_paid_content":false,"footnotes":"","jetpack_publicize_message":"","jetpack_publicize_feature_enabled":true,"jetpack_social_post_already_shared":true,"jetpack_social_options":{"image_generator_settings":{"template":"highway","default_image_id":0,"font":"","enabled":false},"version":2}},"categories":[50,12],"tags":[],"class_list":{"0":"post-39493","1":"post","2":"type-post","3":"status-publish","4":"format-standard","5":"has-post-thumbnail","7":"category-interes-general","8":"category-politica"},"jetpack_publicize_connections":[],"jetpack_featured_media_url":"https:\/\/i0.wp.com\/larevistadigital.com.ar\/blog\/wp-content\/uploads\/92018842_10221649743933407_1447808538901479424_n.jpg?fit=2048%2C1365&ssl=1","jetpack_sharing_enabled":true,"jetpack_shortlink":"https:\/\/wp.me\/p8qtrQ-agZ","jetpack-related-posts":[{"id":24863,"url":"https:\/\/larevistadigital.com.ar\/blog\/ranchos-santiago-muscarello-es-el-nuevo-secretario-de-seguridad\/","url_meta":{"origin":39493,"position":0},"title":"RANCHOS: SANTIAGO MUSCARELLO ES EL NUEVO SECRETARIO DE SEGURIDAD","author":"Alejandro Sosa Ruda","date":"28 marzo, 2022","format":false,"excerpt":"RANCHOS -\u00a0 El dirigente peronista y jefe de Anses de Chascom\u00fas Santiago Muscarello es el nuevo secretario de seguridad del municipio de General Paz,\u00a0luego de haberlo sido en Chascom\u00fas durante la primera gesti\u00f3n del intendente Javier Gast\u00f3n. Al parecer entre otras cosas los\u00a0 \u00faltimos hechos de inseguridad en Ranchos, han\u2026","rel":"","context":"En \u00abRANCHOS\u00bb","block_context":{"text":"RANCHOS","link":"https:\/\/larevistadigital.com.ar\/blog\/category\/ranchos\/"},"img":{"alt_text":"","src":"https:\/\/i0.wp.com\/larevistadigital.com.ar\/blog\/wp-content\/uploads\/Captura-de-pantalla-2022-03-28-130145.jpg?fit=742%2C586&ssl=1&resize=350%2C200","width":350,"height":200,"srcset":"https:\/\/i0.wp.com\/larevistadigital.com.ar\/blog\/wp-content\/uploads\/Captura-de-pantalla-2022-03-28-130145.jpg?fit=742%2C586&ssl=1&resize=350%2C200 1x, https:\/\/i0.wp.com\/larevistadigital.com.ar\/blog\/wp-content\/uploads\/Captura-de-pantalla-2022-03-28-130145.jpg?fit=742%2C586&ssl=1&resize=525%2C300 1.5x, https:\/\/i0.wp.com\/larevistadigital.com.ar\/blog\/wp-content\/uploads\/Captura-de-pantalla-2022-03-28-130145.jpg?fit=742%2C586&ssl=1&resize=700%2C400 2x"},"classes":[]},{"id":23181,"url":"https:\/\/larevistadigital.com.ar\/blog\/muscarello-hablo-del-30-aniversario-de-su-sede-en-chascomus\/","url_meta":{"origin":39493,"position":1},"title":"MUSCARELLO HABL\u00d3 DEL 30\u00b0 ANIVERSARIO DE SU SEDE EN CHASCOM\u00daS","author":"Alejandro Sosa Ruda","date":"2 enero, 2022","format":false,"excerpt":"El titular de la ANSES de Chascom\u00fas, Santiago Muscarello habl\u00f3 con nosotros, con verdadero orgullo de lo que representan los 30 a\u00f1os que cumpli\u00f3 la sede local, recordando especialmente el Decreto 2741 del a\u00f1o 1991 a trav\u00e9s del cual se cre\u00f3 ANSES, mediante la unificaci\u00f3n de la Caja Nacional de\u2026","rel":"","context":"En \u00abCHASCOM\u00daS\u00bb","block_context":{"text":"CHASCOM\u00daS","link":"https:\/\/larevistadigital.com.ar\/blog\/category\/chascomus\/"},"img":{"alt_text":"","src":"https:\/\/i0.wp.com\/larevistadigital.com.ar\/blog\/wp-content\/uploads\/SANTIAGO-SEC-SEGURIDAD.jpg?fit=900%2C1093&ssl=1&resize=350%2C200","width":350,"height":200,"srcset":"https:\/\/i0.wp.com\/larevistadigital.com.ar\/blog\/wp-content\/uploads\/SANTIAGO-SEC-SEGURIDAD.jpg?fit=900%2C1093&ssl=1&resize=350%2C200 1x, https:\/\/i0.wp.com\/larevistadigital.com.ar\/blog\/wp-content\/uploads\/SANTIAGO-SEC-SEGURIDAD.jpg?fit=900%2C1093&ssl=1&resize=525%2C300 1.5x, https:\/\/i0.wp.com\/larevistadigital.com.ar\/blog\/wp-content\/uploads\/SANTIAGO-SEC-SEGURIDAD.jpg?fit=900%2C1093&ssl=1&resize=700%2C400 2x"},"classes":[]},{"id":13289,"url":"https:\/\/larevistadigital.com.ar\/blog\/santiago-muscarello-deja-la-secretaria-de-seguridad\/","url_meta":{"origin":39493,"position":2},"title":"SANTIAGO MUSCARELLO DEJA LA SECRETAR\u00cdA DE SEGURIDAD","author":"Alejandro Sosa Ruda","date":"20 noviembre, 2019","format":false,"excerpt":"Luego de que se comentara en los corrillos del municipio, tuvimos la posibilidad de confirmar que el Secretario de Seguridad de Chascom\u00fas, Santiago Muscarello, dejar\u00e1 su cargo en el gobierno de Javier Gast\u00f3n. Muscarello, ha sido probablemente el que tom\u00f3 el lugar m\u00e1s complicado y pol\u00e9mico del gabinete de Gast\u00f3n,\u2026","rel":"","context":"En \u00abCHASCOM\u00daS\u00bb","block_context":{"text":"CHASCOM\u00daS","link":"https:\/\/larevistadigital.com.ar\/blog\/category\/chascomus\/"},"img":{"alt_text":"","src":"https:\/\/i0.wp.com\/larevistadigital.com.ar\/blog\/wp-content\/uploads\/13048224_112024182536057_8330470218689631906_o-1.jpg?fit=960%2C575&ssl=1&resize=350%2C200","width":350,"height":200,"srcset":"https:\/\/i0.wp.com\/larevistadigital.com.ar\/blog\/wp-content\/uploads\/13048224_112024182536057_8330470218689631906_o-1.jpg?fit=960%2C575&ssl=1&resize=350%2C200 1x, https:\/\/i0.wp.com\/larevistadigital.com.ar\/blog\/wp-content\/uploads\/13048224_112024182536057_8330470218689631906_o-1.jpg?fit=960%2C575&ssl=1&resize=525%2C300 1.5x, https:\/\/i0.wp.com\/larevistadigital.com.ar\/blog\/wp-content\/uploads\/13048224_112024182536057_8330470218689631906_o-1.jpg?fit=960%2C575&ssl=1&resize=700%2C400 2x"},"classes":[]},{"id":17714,"url":"https:\/\/larevistadigital.com.ar\/blog\/enojo-en-el-peronismo-local-por-convocatoria-de-uxch-a-caravana-peronista\/","url_meta":{"origin":39493,"position":3},"title":"ENOJO EN EL PERONISMO LOCAL POR CONVOCATORIA DE UXCH A \u00abCARAVANA PERONISTA\u00bb","author":"Alejandro Sosa Ruda","date":"17 noviembre, 2020","format":false,"excerpt":"El Secretario de Gobierno de Chascom\u00fas, Cipriano P\u00e9rez del Cerro entre otros, comenz\u00f3 ayer a compartir por redes y hacer una convocatoria para una \"Caravana de la militancia\". \"Habr\u00eda que avisarle a Cipriano, que este es un d\u00eda peronista. Se festeja la \"militancia peronista\", y no la militancia en general\",\u2026","rel":"","context":"En \u00abCHASCOM\u00daS\u00bb","block_context":{"text":"CHASCOM\u00daS","link":"https:\/\/larevistadigital.com.ar\/blog\/category\/chascomus\/"},"img":{"alt_text":"","src":"https:\/\/i0.wp.com\/larevistadigital.com.ar\/blog\/wp-content\/uploads\/CONVOCATORIA-POR-WAPP-DE-PEREZ-DEL-CERRO.jpg?fit=1200%2C675&ssl=1&resize=350%2C200","width":350,"height":200,"srcset":"https:\/\/i0.wp.com\/larevistadigital.com.ar\/blog\/wp-content\/uploads\/CONVOCATORIA-POR-WAPP-DE-PEREZ-DEL-CERRO.jpg?fit=1200%2C675&ssl=1&resize=350%2C200 1x, https:\/\/i0.wp.com\/larevistadigital.com.ar\/blog\/wp-content\/uploads\/CONVOCATORIA-POR-WAPP-DE-PEREZ-DEL-CERRO.jpg?fit=1200%2C675&ssl=1&resize=525%2C300 1.5x, https:\/\/i0.wp.com\/larevistadigital.com.ar\/blog\/wp-content\/uploads\/CONVOCATORIA-POR-WAPP-DE-PEREZ-DEL-CERRO.jpg?fit=1200%2C675&ssl=1&resize=700%2C400 2x, https:\/\/i0.wp.com\/larevistadigital.com.ar\/blog\/wp-content\/uploads\/CONVOCATORIA-POR-WAPP-DE-PEREZ-DEL-CERRO.jpg?fit=1200%2C675&ssl=1&resize=1050%2C600 3x"},"classes":[]},{"id":6076,"url":"https:\/\/larevistadigital.com.ar\/blog\/chascomus-santiago-muscarello-se-reunio-con-el-fiscal-robert\/","url_meta":{"origin":39493,"position":4},"title":"CHASCOM\u00daS: SANTIAGO MUSCARELLO SE REUNI\u00d3 CON EL FISCAL ROBERT","author":"Alejandro Sosa Ruda","date":"27 julio, 2018","format":false,"excerpt":"El Fiscal Jonathan Robert, titular de la Unidad Funcional de Instrucci\u00f3n Descentralizada N\u00ba 10, visit\u00f3 el Centro de Monitoreo local y se reuni\u00f3 con el Secretario Municipal de Seguridad Ciudadana, Santiago Muscarello, tratando el aporte que el Municipio realiza para esclarecer delitos. Robert se\u00f1al\u00f3 que la labor diaria de observaci\u00f3n\u2026","rel":"","context":"En \u00abCHASCOM\u00daS\u00bb","block_context":{"text":"CHASCOM\u00daS","link":"https:\/\/larevistadigital.com.ar\/blog\/category\/chascomus\/"},"img":{"alt_text":"","src":"https:\/\/i0.wp.com\/larevistadigital.com.ar\/blog\/wp-content\/uploads\/2018\/07\/muscarello_27dejuliode2108_elfuerte.jpg?fit=737%2C415&ssl=1&resize=350%2C200","width":350,"height":200,"srcset":"https:\/\/i0.wp.com\/larevistadigital.com.ar\/blog\/wp-content\/uploads\/2018\/07\/muscarello_27dejuliode2108_elfuerte.jpg?fit=737%2C415&ssl=1&resize=350%2C200 1x, https:\/\/i0.wp.com\/larevistadigital.com.ar\/blog\/wp-content\/uploads\/2018\/07\/muscarello_27dejuliode2108_elfuerte.jpg?fit=737%2C415&ssl=1&resize=525%2C300 1.5x, https:\/\/i0.wp.com\/larevistadigital.com.ar\/blog\/wp-content\/uploads\/2018\/07\/muscarello_27dejuliode2108_elfuerte.jpg?fit=737%2C415&ssl=1&resize=700%2C400 2x"},"classes":[]},{"id":15136,"url":"https:\/\/larevistadigital.com.ar\/blog\/santiago-muscarello-seria-el-proximo-jefe-designado-de-anses-chascomus\/","url_meta":{"origin":39493,"position":5},"title":"SANTIAGO MUSCARELLO SER\u00cdA EL PR\u00d3XIMO JEFE DESIGNADO DE ANSES CHASCOM\u00daS","author":"Alejandro Sosa Ruda","date":"8 mayo, 2020","format":false,"excerpt":"Luego de las escaramuzas protagonizadas por distintos actores del peronismo, agrupados en el \"Frente de Todos\", y en los distintos distritos a la hora de repartir los cargos en las distintas oficinas p\u00fablicas como PAMI, ANS\u00c9S, DESARROLLO SOCIAL, TRABAJO, etc. parece que las cosas se van definiendo, no sin dejar\u2026","rel":"","context":"En \u00abDESTACADAS\u00bb","block_context":{"text":"DESTACADAS","link":"https:\/\/larevistadigital.com.ar\/blog\/category\/destacadas\/"},"img":{"alt_text":"","src":"https:\/\/i0.wp.com\/larevistadigital.com.ar\/blog\/wp-content\/uploads\/13048224_112024182536057_8330470218689631906_o-2.jpg?fit=1200%2C720&ssl=1&resize=350%2C200","width":350,"height":200,"srcset":"https:\/\/i0.wp.com\/larevistadigital.com.ar\/blog\/wp-content\/uploads\/13048224_112024182536057_8330470218689631906_o-2.jpg?fit=1200%2C720&ssl=1&resize=350%2C200 1x, https:\/\/i0.wp.com\/larevistadigital.com.ar\/blog\/wp-content\/uploads\/13048224_112024182536057_8330470218689631906_o-2.jpg?fit=1200%2C720&ssl=1&resize=525%2C300 1.5x, https:\/\/i0.wp.com\/larevistadigital.com.ar\/blog\/wp-content\/uploads\/13048224_112024182536057_8330470218689631906_o-2.jpg?fit=1200%2C720&ssl=1&resize=700%2C400 2x, https:\/\/i0.wp.com\/larevistadigital.com.ar\/blog\/wp-content\/uploads\/13048224_112024182536057_8330470218689631906_o-2.jpg?fit=1200%2C720&ssl=1&resize=1050%2C600 3x"},"classes":[]}],"_links":{"self":[{"href":"https:\/\/larevistadigital.com.ar\/blog\/wp-json\/wp\/v2\/posts\/39493","targetHints":{"allow":["GET"]}}],"collection":[{"href":"https:\/\/larevistadigital.com.ar\/blog\/wp-json\/wp\/v2\/posts"}],"about":[{"href":"https:\/\/larevistadigital.com.ar\/blog\/wp-json\/wp\/v2\/types\/post"}],"author":[{"embeddable":true,"href":"https:\/\/larevistadigital.com.ar\/blog\/wp-json\/wp\/v2\/users\/3"}],"replies":[{"embeddable":true,"href":"https:\/\/larevistadigital.com.ar\/blog\/wp-json\/wp\/v2\/comments?post=39493"}],"version-history":[{"count":1,"href":"https:\/\/larevistadigital.com.ar\/blog\/wp-json\/wp\/v2\/posts\/39493\/revisions"}],"predecessor-version":[{"id":39495,"href":"https:\/\/larevistadigital.com.ar\/blog\/wp-json\/wp\/v2\/posts\/39493\/revisions\/39495"}],"wp:featuredmedia":[{"embeddable":true,"href":"https:\/\/larevistadigital.com.ar\/blog\/wp-json\/wp\/v2\/media\/39494"}],"wp:attachment":[{"href":"https:\/\/larevistadigital.com.ar\/blog\/wp-json\/wp\/v2\/media?parent=39493"}],"wp:term":[{"taxonomy":"category","embeddable":true,"href":"https:\/\/larevistadigital.com.ar\/blog\/wp-json\/wp\/v2\/categories?post=39493"},{"taxonomy":"post_tag","embeddable":true,"href":"https:\/\/larevistadigital.com.ar\/blog\/wp-json\/wp\/v2\/tags?post=39493"}],"curies":[{"name":"wp","href":"https:\/\/api.w.org\/{rel}","templated":true}]}}