{"id":39497,"date":"2025-04-23T22:29:42","date_gmt":"2025-04-24T01:29:42","guid":{"rendered":"https:\/\/larevistadigital.com.ar\/blog\/?p=39497"},"modified":"2025-04-23T22:29:42","modified_gmt":"2025-04-24T01:29:42","slug":"estudiantes-del-nivel-secundario-participaron-de-una-nueva-edicion-del-programa-lideres","status":"publish","type":"post","link":"https:\/\/larevistadigital.com.ar\/blog\/estudiantes-del-nivel-secundario-participaron-de-una-nueva-edicion-del-programa-lideres\/","title":{"rendered":"Estudiantes del nivel secundario participaron de una nueva edici\u00f3n del programa \u201cL\u00edderes\u201d"},"content":{"rendered":"<h2 class=\"excerpt\">En esta ocasi\u00f3n, la coordinaci\u00f3n est\u00e1 a cargo de los Operadores de Calle en conjunto con la Federaci\u00f3n de Estudiantes Secundarios (FES).<\/h2>\n<div id=\"miDiv1\" class=\"text\">\n<p>23 de Abril de 2025<\/p>\n<p><strong>CHASCOM\u00daS &#8211;<\/strong>\u00a0 Durante el martes y el mi\u00e9rcoles de esta semana, se llev\u00f3 a cabo una nueva edici\u00f3n del programa municipal \u201cL\u00edderes\u201d en el que participaron estudiantes de tercer a\u00f1o de nivel secundario de todas las escuelas del distrito.<\/p>\n<blockquote>\n<h3>Se trata de una propuesta de la Subsecretar\u00eda de Infancias y Juventudes en articulaci\u00f3n con otras \u00e1reas municipales y con la Jefatura Distrital de Educaci\u00f3n, est\u00e1 destinada a estudiantes de 3\u00b0 a\u00f1o de nivel secundario de todas las escuelas de Chascom\u00fas.<\/h3>\n<\/blockquote>\n<p>Luego de reuniones preparatorias, se definieron las tem\u00e1ticas de inter\u00e9s para los adolescentes, lo que permiti\u00f3 organizar una din\u00e1mica l\u00fadica y participativa para abordarlas durante las tres horas de cada encuentro.<\/p>\n<blockquote>\n<h3>Las jornadas fueron organizadas en formato de postas tem\u00e1ticas en las que intervienen diversas \u00e1reas municipales como Salud, Deportes, Accesibilidad, Producci\u00f3n y Seguridad, as\u00ed como los equipos de orientaci\u00f3n escolar.<\/h3>\n<\/blockquote>\n<p>Cada grupo de estudiantes, conformado por alumnos y alumnas de distintas instituciones, transita por estas estaciones vivenciando propuestas vinculadas a las problem\u00e1ticas seleccionadas.<\/p>\n<blockquote>\n<h3>Los j\u00f3venes estuvieron acompa\u00f1ados por el subsecretario de Infancias y Juventudes, Lucio Alfons\u00edn, y por la jefa distrital de Educaci\u00f3n, Julia Ugarte.<\/h3>\n<\/blockquote>\n<p>Esta iniciativa, adem\u00e1s de fomentar el protagonismo juvenil en la transformaci\u00f3n social, permite contactar a los j\u00f3venes con pol\u00edticas p\u00fablicas que los tienen como destinatarios y fomenta la integraci\u00f3n de adolescentes de contextos diversos, ya que se propone que estudiantes de las distintas escuelas se agrupen para cada instancia.<\/p>\n<\/div>\n","protected":false},"excerpt":{"rendered":"<div class=\"mh-excerpt\"><p>En esta ocasi\u00f3n, la coordinaci\u00f3n est\u00e1 a cargo de los Operadores de Calle en conjunto con la Federaci\u00f3n de Estudiantes Secundarios (FES). 23 de Abril de 2025 CHASCOM\u00daS &#8211;\u00a0 Durante el martes y el mi\u00e9rcoles <a class=\"mh-excerpt-more\" href=\"https:\/\/larevistadigital.com.ar\/blog\/estudiantes-del-nivel-secundario-participaron-de-una-nueva-edicion-del-programa-lideres\/\" title=\"Estudiantes del nivel secundario participaron de una nueva edici\u00f3n del programa \u201cL\u00edderes\u201d\">[Leer M\u00e1s]<\/a><\/p>\n<\/div>","protected":false},"author":3,"featured_media":39498,"comment_status":"open","ping_status":"open","sticky":false,"template":"","format":"standard","meta":{"_jetpack_memberships_contains_paid_content":false,"footnotes":"","jetpack_publicize_message":"","jetpack_publicize_feature_enabled":true,"jetpack_social_post_already_shared":true,"jetpack_social_options":{"image_generator_settings":{"template":"highway","default_image_id":0,"font":"","enabled":false},"version":2}},"categories":[6],"tags":[],"class_list":{"0":"post-39497","1":"post","2":"type-post","3":"status-publish","4":"format-standard","5":"has-post-thumbnail","7":"category-chascomus"},"jetpack_publicize_connections":[],"jetpack_featured_media_url":"https:\/\/i0.wp.com\/larevistadigital.com.ar\/blog\/wp-content\/uploads\/68092a4d365a9.png?fit=668%2C445&ssl=1","jetpack_sharing_enabled":true,"jetpack_shortlink":"https:\/\/wp.me\/p8qtrQ-ah3","jetpack-related-posts":[{"id":37414,"url":"https:\/\/larevistadigital.com.ar\/blog\/chascomus-cierre-del-programa-lideres-con-jovenes-de-escuelas-secundarias\/","url_meta":{"origin":39497,"position":0},"title":"Chascom\u00fas: Cierre del programa \u201cL\u00edderes\u201d con j\u00f3venes de escuelas secundarias","author":"Alejandro Sosa Ruda","date":"3 octubre, 2024","format":false,"excerpt":"M\u00e1s de 500 estudiantes participaron en jornadas de reflexi\u00f3n sobre el cuidado integral organizadas por la Municipalidad. 03 de Octubre de 2024 CHASCOM\u00daS -\u00a0 Esta semana concluy\u00f3 el ciclo del programa \"L\u00edderes\", una propuesta que busca promover la reflexi\u00f3n y el di\u00e1logo entre j\u00f3venes de tercer a\u00f1o de escuelas secundarias.\u2026","rel":"","context":"En \u00abCHASCOM\u00daS\u00bb","block_context":{"text":"CHASCOM\u00daS","link":"https:\/\/larevistadigital.com.ar\/blog\/category\/chascomus\/"},"img":{"alt_text":"","src":"https:\/\/i0.wp.com\/larevistadigital.com.ar\/blog\/wp-content\/uploads\/67003aa8ac655.png?fit=668%2C445&ssl=1&resize=350%2C200","width":350,"height":200,"srcset":"https:\/\/i0.wp.com\/larevistadigital.com.ar\/blog\/wp-content\/uploads\/67003aa8ac655.png?fit=668%2C445&ssl=1&resize=350%2C200 1x, https:\/\/i0.wp.com\/larevistadigital.com.ar\/blog\/wp-content\/uploads\/67003aa8ac655.png?fit=668%2C445&ssl=1&resize=525%2C300 1.5x"},"classes":[]},{"id":41859,"url":"https:\/\/larevistadigital.com.ar\/blog\/exitosa-edicion-de-la-expo-educativa-2025-en-chascomus\/","url_meta":{"origin":39497,"position":1},"title":"Exitosa edici\u00f3n de la Expo Educativa 2025 en Chascom\u00fas","author":"Alejandro Sosa Ruda","date":"9 octubre, 2025","format":false,"excerpt":"Este jueves, se llev\u00f3 a cabo la Expo Educativa 2025, una plaza abierta que reuni\u00f3 a instituciones del nivel secundario y superior, junto a actividades culturales, radio en vivo y espacios de orientaci\u00f3n vocacional. 09 de Octubre de 2025 CAHSCOM\u00daS\u00a0 -\u00a0 \u00a0El evento, organizado por la Jefatura Distrital de Educaci\u00f3n\u2026","rel":"","context":"En \u00abCHASCOM\u00daS\u00bb","block_context":{"text":"CHASCOM\u00daS","link":"https:\/\/larevistadigital.com.ar\/blog\/category\/chascomus\/"},"img":{"alt_text":"","src":"https:\/\/i0.wp.com\/larevistadigital.com.ar\/blog\/wp-content\/uploads\/68e7ebdf888b8.png?fit=668%2C445&ssl=1&resize=350%2C200","width":350,"height":200,"srcset":"https:\/\/i0.wp.com\/larevistadigital.com.ar\/blog\/wp-content\/uploads\/68e7ebdf888b8.png?fit=668%2C445&ssl=1&resize=350%2C200 1x, https:\/\/i0.wp.com\/larevistadigital.com.ar\/blog\/wp-content\/uploads\/68e7ebdf888b8.png?fit=668%2C445&ssl=1&resize=525%2C300 1.5x"},"classes":[]},{"id":39974,"url":"https:\/\/larevistadigital.com.ar\/blog\/chascomus-educacion-financiera-para-estudiantes-rico-en-data\/","url_meta":{"origin":39497,"position":2},"title":"Chascom\u00fas: Educaci\u00f3n financiera para estudiantes \u00abRico.en.data\u00bb","author":"Alejandro Sosa Ruda","date":"6 junio, 2025","format":false,"excerpt":"Una iniciativa del Banco Provincia junto a la DGCyE para la educaci\u00f3n financiera de estudiantes del nivel secundario. 06 de Junio de 2025 CHASCOM\u00daS -\u00a0 \u00a0Ayer por la ma\u00f1ana tuvo lugar una reuni\u00f3n para la coordinaci\u00f3n de acciones y cuestiones organizativas de cara a la implementaci\u00f3n del programa \"RICO.EN.DATA: Educaci\u00f3n\u2026","rel":"","context":"En \u00abCHASCOM\u00daS\u00bb","block_context":{"text":"CHASCOM\u00daS","link":"https:\/\/larevistadigital.com.ar\/blog\/category\/chascomus\/"},"img":{"alt_text":"","src":"https:\/\/i0.wp.com\/larevistadigital.com.ar\/blog\/wp-content\/uploads\/6841d6408d1cc.png?fit=668%2C445&ssl=1&resize=350%2C200","width":350,"height":200,"srcset":"https:\/\/i0.wp.com\/larevistadigital.com.ar\/blog\/wp-content\/uploads\/6841d6408d1cc.png?fit=668%2C445&ssl=1&resize=350%2C200 1x, https:\/\/i0.wp.com\/larevistadigital.com.ar\/blog\/wp-content\/uploads\/6841d6408d1cc.png?fit=668%2C445&ssl=1&resize=525%2C300 1.5x"},"classes":[]},{"id":41467,"url":"https:\/\/larevistadigital.com.ar\/blog\/chascomus-se-llevo-a-cabo-el-parlamento-juvenil-bonaerense\/","url_meta":{"origin":39497,"position":3},"title":"Chascom\u00fas: Se llev\u00f3 a cabo el Parlamento Juvenil Bonaerense","author":"Alejandro Sosa Ruda","date":"16 septiembre, 2025","format":false,"excerpt":"La instancia distrital tuvo lugar hoy por la ma\u00f1ana en el recinto del Honorable Concejo Deliberante. 16 de septiembre de 2025 CHASCOM\u00daS\u00a0 -\u00a0 \u00a0Estudiantes de las Escuelas Secundaria Nros. 3, 4 y 5, Nuestra Se\u00f1ora de Luj\u00e1n, Secundaria Municipal, Instituto Divino Coraz\u00f3n y del Instituto Coraz\u00f3n de Mar\u00eda participaron hoy\u2026","rel":"","context":"En \u00abCHASCOM\u00daS\u00bb","block_context":{"text":"CHASCOM\u00daS","link":"https:\/\/larevistadigital.com.ar\/blog\/category\/chascomus\/"},"img":{"alt_text":"","src":"https:\/\/i0.wp.com\/larevistadigital.com.ar\/blog\/wp-content\/uploads\/68c99e0c76d42.png?fit=668%2C445&ssl=1&resize=350%2C200","width":350,"height":200,"srcset":"https:\/\/i0.wp.com\/larevistadigital.com.ar\/blog\/wp-content\/uploads\/68c99e0c76d42.png?fit=668%2C445&ssl=1&resize=350%2C200 1x, https:\/\/i0.wp.com\/larevistadigital.com.ar\/blog\/wp-content\/uploads\/68c99e0c76d42.png?fit=668%2C445&ssl=1&resize=525%2C300 1.5x"},"classes":[]},{"id":45171,"url":"https:\/\/larevistadigital.com.ar\/blog\/chascomus-la-municipalidad-acompana-a-estudiantes-secundarios-en-su-formacion-para-el-mundo-del-trabajo\/","url_meta":{"origin":39497,"position":4},"title":"Chascom\u00fas: La Municipalidad acompa\u00f1a a estudiantes secundarios en su formaci\u00f3n para el mundo del trabajo","author":"Alejandro Sosa Ruda","date":"17 abril, 2026","format":false,"excerpt":"De esta manera se contribuye en la construcci\u00f3n de sus proyectos de vida, promoviendo el acceso a oportunidades de formaci\u00f3n y empleo La Municipalidad de Chascom\u00fas, a trav\u00e9s del \u00e1rea de Desarrollo Productivo, comenz\u00f3 el martes 14 de abril una nueva edici\u00f3n del ciclo de encuentros \u201cHerramientas y habilidades para\u2026","rel":"","context":"En \u00abCHASCOM\u00daS\u00bb","block_context":{"text":"CHASCOM\u00daS","link":"https:\/\/larevistadigital.com.ar\/blog\/category\/chascomus\/"},"img":{"alt_text":"","src":"https:\/\/i0.wp.com\/larevistadigital.com.ar\/blog\/wp-content\/uploads\/69e26dcf4e833.png?fit=668%2C445&ssl=1&resize=350%2C200","width":350,"height":200,"srcset":"https:\/\/i0.wp.com\/larevistadigital.com.ar\/blog\/wp-content\/uploads\/69e26dcf4e833.png?fit=668%2C445&ssl=1&resize=350%2C200 1x, https:\/\/i0.wp.com\/larevistadigital.com.ar\/blog\/wp-content\/uploads\/69e26dcf4e833.png?fit=668%2C445&ssl=1&resize=525%2C300 1.5x"},"classes":[]},{"id":5542,"url":"https:\/\/larevistadigital.com.ar\/blog\/chascomus-charla-informativa-de-defensa-civil-a-estudiantes-de-nivel-secundario\/","url_meta":{"origin":39497,"position":5},"title":"CHASCOMUS: Charla informativa de Defensa Civil a estudiantes de nivel secundario","author":"Alejandro Sosa Ruda","date":"10 mayo, 2018","format":false,"excerpt":"D\u00edas atr\u00e1s, parte del equipo de la Direcci\u00f3n de Defensa Civil realiz\u00f3 una charla informativa en la Escuela Nuestra Se\u00f1ora de Luj\u00e1n, dirigida a los alumnos del nivel secundario. En esta oportunidad, los directivos solicitaron la visita del personal de esta dependencia como parte de un trabajo pr\u00e1ctico sobre comunicaci\u00f3n\u2026","rel":"","context":"En \u00abCHASCOM\u00daS\u00bb","block_context":{"text":"CHASCOM\u00daS","link":"https:\/\/larevistadigital.com.ar\/blog\/category\/chascomus\/"},"img":{"alt_text":"","src":"https:\/\/i0.wp.com\/larevistadigital.com.ar\/blog\/wp-content\/uploads\/2018\/05\/32149122_1873579209329622_2554153567019597824_n.jpg?fit=960%2C720&ssl=1&resize=350%2C200","width":350,"height":200,"srcset":"https:\/\/i0.wp.com\/larevistadigital.com.ar\/blog\/wp-content\/uploads\/2018\/05\/32149122_1873579209329622_2554153567019597824_n.jpg?fit=960%2C720&ssl=1&resize=350%2C200 1x, https:\/\/i0.wp.com\/larevistadigital.com.ar\/blog\/wp-content\/uploads\/2018\/05\/32149122_1873579209329622_2554153567019597824_n.jpg?fit=960%2C720&ssl=1&resize=525%2C300 1.5x, https:\/\/i0.wp.com\/larevistadigital.com.ar\/blog\/wp-content\/uploads\/2018\/05\/32149122_1873579209329622_2554153567019597824_n.jpg?fit=960%2C720&ssl=1&resize=700%2C400 2x"},"classes":[]}],"_links":{"self":[{"href":"https:\/\/larevistadigital.com.ar\/blog\/wp-json\/wp\/v2\/posts\/39497","targetHints":{"allow":["GET"]}}],"collection":[{"href":"https:\/\/larevistadigital.com.ar\/blog\/wp-json\/wp\/v2\/posts"}],"about":[{"href":"https:\/\/larevistadigital.com.ar\/blog\/wp-json\/wp\/v2\/types\/post"}],"author":[{"embeddable":true,"href":"https:\/\/larevistadigital.com.ar\/blog\/wp-json\/wp\/v2\/users\/3"}],"replies":[{"embeddable":true,"href":"https:\/\/larevistadigital.com.ar\/blog\/wp-json\/wp\/v2\/comments?post=39497"}],"version-history":[{"count":1,"href":"https:\/\/larevistadigital.com.ar\/blog\/wp-json\/wp\/v2\/posts\/39497\/revisions"}],"predecessor-version":[{"id":39499,"href":"https:\/\/larevistadigital.com.ar\/blog\/wp-json\/wp\/v2\/posts\/39497\/revisions\/39499"}],"wp:featuredmedia":[{"embeddable":true,"href":"https:\/\/larevistadigital.com.ar\/blog\/wp-json\/wp\/v2\/media\/39498"}],"wp:attachment":[{"href":"https:\/\/larevistadigital.com.ar\/blog\/wp-json\/wp\/v2\/media?parent=39497"}],"wp:term":[{"taxonomy":"category","embeddable":true,"href":"https:\/\/larevistadigital.com.ar\/blog\/wp-json\/wp\/v2\/categories?post=39497"},{"taxonomy":"post_tag","embeddable":true,"href":"https:\/\/larevistadigital.com.ar\/blog\/wp-json\/wp\/v2\/tags?post=39497"}],"curies":[{"name":"wp","href":"https:\/\/api.w.org\/{rel}","templated":true}]}}