{"id":39500,"date":"2025-04-23T22:35:41","date_gmt":"2025-04-24T01:35:41","guid":{"rendered":"https:\/\/larevistadigital.com.ar\/blog\/?p=39500"},"modified":"2025-04-23T22:35:41","modified_gmt":"2025-04-24T01:35:41","slug":"inscripcion-abierta-para-la-segunda-convocatoria-de-el-brazzola-produce","status":"publish","type":"post","link":"https:\/\/larevistadigital.com.ar\/blog\/inscripcion-abierta-para-la-segunda-convocatoria-de-el-brazzola-produce\/","title":{"rendered":"Inscripci\u00f3n abierta para la segunda convocatoria de \u201cEl Brazzola Produce\u201d"},"content":{"rendered":"<h3 class=\"excerpt\">Este programa constituye una excelente oportunidad para los m\u00fasicos locales, impulsando su desarrollo y trayectoria musical<\/h3>\n<p>23 de Abril de 2025<\/p>\n<div id=\"miDiv1\" class=\"text\">\n<p><strong>CHASCOM\u00daS &#8211;\u00a0<\/strong> La Municipalidad de Chascom\u00fas impulsa la producci\u00f3n art\u00edstica local a trav\u00e9s del programa \u201cEl Brazzola Produce\u201d, en el marco del cual convoca a artistas locales, grupos y solistas, interesados en la realizaci\u00f3n de productos audiovisuales.<\/p>\n<blockquote>\n<h3>En esta segunda convocatoria y como es habitual, cada uno de ellos tendr\u00e1 la oportunidad de registrar en vivo hasta tres canciones de su repertorio en el escenario del teatro especialmente ambientado.<\/h3>\n<\/blockquote>\n<p>La producci\u00f3n de estos videos es realizada con recursos t\u00e9cnicos y humanos municipales. El material resultante formar\u00e1 parte del cat\u00e1logo musical de Chascom\u00fas y ser\u00e1 difundido por los medios institucionales del municipio.<\/p>\n<h3>De esta manera, se busca fomentar la producci\u00f3n musical local, promover la diversidad cultural de Chascom\u00fas y garantizar la equidad de g\u00e9neros musicales en la cultura local.<\/h3>\n<p><span style=\"color: #ff0000\"><strong>Para inscribirse, se deben reunir los siguientes requisitos:<\/strong><\/span><\/p>\n<p><strong>-Ser m\u00fasico\/a registrado\/a en el Distrito de Chascom\u00fas.<\/strong><\/p>\n<p><strong>-Tener un proyecto musical propio o formar parte de una agrupaci\u00f3n musical.<\/strong><\/p>\n<p><strong>-Enviar un video de producci\u00f3n hogare\u00f1a (grabado con un celular) con las 3 canciones que se postulan para la producci\u00f3n audiovisual.<\/strong><\/p>\n<p>El proceso de selecci\u00f3n se realizar\u00e1 una vez completado el formulario on line, a trav\u00e9s del siguiente link: https:\/\/forms.gle\/CrLo9qQce3MERnrK9. Los proyectos seleccionados ser\u00e1n convocados para una entrevista personal y, adem\u00e1s, deber\u00e1 aceptar estos t\u00e9rminos y condiciones de esta propuesta.<\/p>\n<p>Todos los proyectos seleccionados recibir\u00e1n la producci\u00f3n de un videoclip de 3 de sus canciones. Los proyectos una vez grabados y editados ser\u00e1n publicados en el canal de YouTube oficial de la Municipalidad de Chascom\u00fas.<\/p>\n<\/div>\n","protected":false},"excerpt":{"rendered":"<div class=\"mh-excerpt\"><p>Este programa constituye una excelente oportunidad para los m\u00fasicos locales, impulsando su desarrollo y trayectoria musical 23 de Abril de 2025 CHASCOM\u00daS &#8211;\u00a0 La Municipalidad de Chascom\u00fas impulsa la producci\u00f3n art\u00edstica local a trav\u00e9s del <a class=\"mh-excerpt-more\" href=\"https:\/\/larevistadigital.com.ar\/blog\/inscripcion-abierta-para-la-segunda-convocatoria-de-el-brazzola-produce\/\" title=\"Inscripci\u00f3n abierta para la segunda convocatoria de \u201cEl Brazzola Produce\u201d\">[Leer M\u00e1s]<\/a><\/p>\n<\/div>","protected":false},"author":3,"featured_media":39501,"comment_status":"open","ping_status":"open","sticky":false,"template":"","format":"standard","meta":{"_jetpack_memberships_contains_paid_content":false,"footnotes":"","jetpack_publicize_message":"","jetpack_publicize_feature_enabled":true,"jetpack_social_post_already_shared":true,"jetpack_social_options":{"image_generator_settings":{"template":"highway","default_image_id":0,"font":"","enabled":false},"version":2}},"categories":[6],"tags":[],"class_list":{"0":"post-39500","1":"post","2":"type-post","3":"status-publish","4":"format-standard","5":"has-post-thumbnail","7":"category-chascomus"},"jetpack_publicize_connections":[],"jetpack_featured_media_url":"https:\/\/i0.wp.com\/larevistadigital.com.ar\/blog\/wp-content\/uploads\/68091e5db0c8f.png?fit=668%2C445&ssl=1","jetpack_sharing_enabled":true,"jetpack_shortlink":"https:\/\/wp.me\/p8qtrQ-ah6","jetpack-related-posts":[{"id":39936,"url":"https:\/\/larevistadigital.com.ar\/blog\/atencion-bailarines-y-bailarinas-se-pone-en-marcha-una-nueva-edicion-de-el-brazzola-produce-esta-vez-dedicada-a-la-danza\/","url_meta":{"origin":39500,"position":0},"title":"Atenci\u00f3n bailarines y bailarinas: Se pone en marcha una nueva edici\u00f3n de \u201cEl Brazzola Produce\u201d, esta vez dedicada a la danza","author":"Alejandro Sosa Ruda","date":"30 mayo, 2025","format":false,"excerpt":"La convocatoria est\u00e1 dirigida a grupos y academias locales, que podr\u00e1n registrar sus propuestas art\u00edsticas en el escenario del teatro municipal. 30 de Mayo de 2025 CHASCOM\u00daS\u00a0 -\u00a0 \u00a0Se pone en marcha una nueva edici\u00f3n de \u201cEl Brazzola Produce\u201d, esta vez dedicada a la danza La convocatoria est\u00e1 dirigida a\u2026","rel":"","context":"En \u00abCHASCOM\u00daS\u00bb","block_context":{"text":"CHASCOM\u00daS","link":"https:\/\/larevistadigital.com.ar\/blog\/category\/chascomus\/"},"img":{"alt_text":"","src":"https:\/\/i0.wp.com\/larevistadigital.com.ar\/blog\/wp-content\/uploads\/6838924f8fc1a.png?fit=668%2C445&ssl=1&resize=350%2C200","width":350,"height":200,"srcset":"https:\/\/i0.wp.com\/larevistadigital.com.ar\/blog\/wp-content\/uploads\/6838924f8fc1a.png?fit=668%2C445&ssl=1&resize=350%2C200 1x, https:\/\/i0.wp.com\/larevistadigital.com.ar\/blog\/wp-content\/uploads\/6838924f8fc1a.png?fit=668%2C445&ssl=1&resize=525%2C300 1.5x"},"classes":[]},{"id":38219,"url":"https:\/\/larevistadigital.com.ar\/blog\/los-artistas-locales-que-participan-en-el-brazzola-produce-estaran-en-la-apertura-de-la-temporada\/","url_meta":{"origin":39500,"position":1},"title":"Los artistas locales que participan en \u201cEL BRAZZOLA PRODUCE\u201d estar\u00e1n en la apertura de la temporada","author":"Alejandro Sosa Ruda","date":"11 diciembre, 2024","format":false,"excerpt":"Con la intenci\u00f3n de difundir a nuestros m\u00fasicos locales, adem\u00e1s de los videos, se promueve su participaci\u00f3n en distintos escenarios. 11 de Diciembre de 2024 CHASCOM\u00daS\u00a0 -\u00a0 \u00a0Cuenta regresiva para la apertura de la temporada de verano 2024\/25. En este contexto, la Municipalidad de Chascom\u00fas quiere anunciar que en esta\u2026","rel":"","context":"En \u00abCHASCOM\u00daS\u00bb","block_context":{"text":"CHASCOM\u00daS","link":"https:\/\/larevistadigital.com.ar\/blog\/category\/chascomus\/"},"img":{"alt_text":"","src":"https:\/\/i0.wp.com\/larevistadigital.com.ar\/blog\/wp-content\/uploads\/6759d25213e1b.png?fit=668%2C445&ssl=1&resize=350%2C200","width":350,"height":200,"srcset":"https:\/\/i0.wp.com\/larevistadigital.com.ar\/blog\/wp-content\/uploads\/6759d25213e1b.png?fit=668%2C445&ssl=1&resize=350%2C200 1x, https:\/\/i0.wp.com\/larevistadigital.com.ar\/blog\/wp-content\/uploads\/6759d25213e1b.png?fit=668%2C445&ssl=1&resize=525%2C300 1.5x"},"classes":[]},{"id":40877,"url":"https:\/\/larevistadigital.com.ar\/blog\/se-viene-mi-primer-track-en-chascomus\/","url_meta":{"origin":39500,"position":2},"title":"Se viene \u201cMi Primer Track\u201d en Chascom\u00fas","author":"Alejandro Sosa Ruda","date":"13 agosto, 2025","format":false,"excerpt":"Se trata de una capacitaci\u00f3n que brinda herramientas para DJ's y productores de m\u00fasica electr\u00f3nica. 13 de agosto de 2025 CHASCOM\u00daS -\u00a0 \u00a0La Municipalidad de Chascom\u00fas junto al Instituto Cultural de la Provincia de Buenos Aires invitan a productores y productoras emergentes de m\u00fasica electr\u00f3nica, a disfrutar de una propuesta\u2026","rel":"","context":"En \u00abCHASCOM\u00daS\u00bb","block_context":{"text":"CHASCOM\u00daS","link":"https:\/\/larevistadigital.com.ar\/blog\/category\/chascomus\/"},"img":{"alt_text":"","src":"https:\/\/i0.wp.com\/larevistadigital.com.ar\/blog\/wp-content\/uploads\/689b70d278624.png?fit=668%2C445&ssl=1&resize=350%2C200","width":350,"height":200,"srcset":"https:\/\/i0.wp.com\/larevistadigital.com.ar\/blog\/wp-content\/uploads\/689b70d278624.png?fit=668%2C445&ssl=1&resize=350%2C200 1x, https:\/\/i0.wp.com\/larevistadigital.com.ar\/blog\/wp-content\/uploads\/689b70d278624.png?fit=668%2C445&ssl=1&resize=525%2C300 1.5x"},"classes":[]},{"id":6527,"url":"https:\/\/larevistadigital.com.ar\/blog\/chascomus-se-incorporaron-nuevos-equipos-con-sonido-digital-en-el-teatro-brazzola\/","url_meta":{"origin":39500,"position":3},"title":"CHASCOM\u00daS: SE INCORPORARON NUEVOS EQUIPOS CON SONIDO DIGITAL EN EL TEATRO BRAZZOLA","author":"Alejandro Sosa Ruda","date":"18 septiembre, 2018","format":false,"excerpt":"Utilizando los fondos propios provenientes de porcentaje de entradas vendidas, seg\u00fan lo establece la ordenanza, fueron adquiridos nuevos equipos y luminarias espec\u00edficas para modernizar el Teatro Municipal Brazzola y poner en valor el patrimonio de todos los vecinos. Gracias a estos fondos se pudo cambiar el sistema de sonido, consola,\u2026","rel":"","context":"En \u00abCHASCOM\u00daS\u00bb","block_context":{"text":"CHASCOM\u00daS","link":"https:\/\/larevistadigital.com.ar\/blog\/category\/chascomus\/"},"img":{"alt_text":"","src":"https:\/\/i0.wp.com\/larevistadigital.com.ar\/blog\/wp-content\/uploads\/2018\/09\/41814265_2068592146494993_36692498315214848_o.jpg?fit=1200%2C800&ssl=1&resize=350%2C200","width":350,"height":200,"srcset":"https:\/\/i0.wp.com\/larevistadigital.com.ar\/blog\/wp-content\/uploads\/2018\/09\/41814265_2068592146494993_36692498315214848_o.jpg?fit=1200%2C800&ssl=1&resize=350%2C200 1x, https:\/\/i0.wp.com\/larevistadigital.com.ar\/blog\/wp-content\/uploads\/2018\/09\/41814265_2068592146494993_36692498315214848_o.jpg?fit=1200%2C800&ssl=1&resize=525%2C300 1.5x, https:\/\/i0.wp.com\/larevistadigital.com.ar\/blog\/wp-content\/uploads\/2018\/09\/41814265_2068592146494993_36692498315214848_o.jpg?fit=1200%2C800&ssl=1&resize=700%2C400 2x, https:\/\/i0.wp.com\/larevistadigital.com.ar\/blog\/wp-content\/uploads\/2018\/09\/41814265_2068592146494993_36692498315214848_o.jpg?fit=1200%2C800&ssl=1&resize=1050%2C600 3x"},"classes":[]},{"id":36477,"url":"https:\/\/larevistadigital.com.ar\/blog\/chascomus-concierto-de-musica-de-camara-se-anuncia-en-el-brazzola\/","url_meta":{"origin":39500,"position":4},"title":"CHASCOM\u00daS: CONCIERTO DE M\u00daSICA DE C\u00c1MARA SE ANUNCIA EN EL BRAZZOLA","author":"Alejandro Sosa Ruda","date":"28 junio, 2024","format":false,"excerpt":"Integrantes del Programa de Formaci\u00f3n Profesional que se desarrolla en la Orquesta-Escuela de Chascom\u00fas actuar\u00e1n este s\u00e1bado 29 a las 18 horas con entrada libre y gratuita. 28 De Junio de 2024 CHASCOM\u00daS -\u00a0 Siguiendo con el Ciclo de Conciertos 2024 en el Teatro Municipal Brazzola, este s\u00e1bado se podr\u00e1\u2026","rel":"","context":"En \u00abCULTURA\u00bb","block_context":{"text":"CULTURA","link":"https:\/\/larevistadigital.com.ar\/blog\/category\/cultura\/"},"img":{"alt_text":"","src":"https:\/\/i0.wp.com\/larevistadigital.com.ar\/blog\/wp-content\/uploads\/2024_06_28_02_02_30_4447933.jpg?fit=600%2C401&ssl=1&resize=350%2C200","width":350,"height":200,"srcset":"https:\/\/i0.wp.com\/larevistadigital.com.ar\/blog\/wp-content\/uploads\/2024_06_28_02_02_30_4447933.jpg?fit=600%2C401&ssl=1&resize=350%2C200 1x, https:\/\/i0.wp.com\/larevistadigital.com.ar\/blog\/wp-content\/uploads\/2024_06_28_02_02_30_4447933.jpg?fit=600%2C401&ssl=1&resize=525%2C300 1.5x"},"classes":[]},{"id":40768,"url":"https:\/\/larevistadigital.com.ar\/blog\/atencion-chicos-mi-primer-track-clases-gratis-de-produccion-de-musica-electronica\/","url_meta":{"origin":39500,"position":5},"title":"\u00a1Atenci\u00f3n chicos! Mi primer track: Clases gratis de producci\u00f3n de m\u00fasica electr\u00f3nica","author":"Alejandro Sosa Ruda","date":"5 agosto, 2025","format":false,"excerpt":"Se trata de una capacitaci\u00f3n que brinda el Instituto Cultural de la Provincia de Buenos Aires con herramientas para DJ's y productores de m\u00fasica electr\u00f3nica. 05 de Agosto de 2025 CHASCOM\u00daS -\u00a0 \u00a0La Municipalidad de Chascom\u00fas junto al Instituto Cultural de la Provincia de Buenos Aires invitan a participar de\u2026","rel":"","context":"En \u00abREGIONALES\u00bb","block_context":{"text":"REGIONALES","link":"https:\/\/larevistadigital.com.ar\/blog\/category\/regionales\/"},"img":{"alt_text":"","src":"https:\/\/i0.wp.com\/larevistadigital.com.ar\/blog\/wp-content\/uploads\/6892338f0829a.png?fit=668%2C445&ssl=1&resize=350%2C200","width":350,"height":200,"srcset":"https:\/\/i0.wp.com\/larevistadigital.com.ar\/blog\/wp-content\/uploads\/6892338f0829a.png?fit=668%2C445&ssl=1&resize=350%2C200 1x, https:\/\/i0.wp.com\/larevistadigital.com.ar\/blog\/wp-content\/uploads\/6892338f0829a.png?fit=668%2C445&ssl=1&resize=525%2C300 1.5x"},"classes":[]}],"_links":{"self":[{"href":"https:\/\/larevistadigital.com.ar\/blog\/wp-json\/wp\/v2\/posts\/39500","targetHints":{"allow":["GET"]}}],"collection":[{"href":"https:\/\/larevistadigital.com.ar\/blog\/wp-json\/wp\/v2\/posts"}],"about":[{"href":"https:\/\/larevistadigital.com.ar\/blog\/wp-json\/wp\/v2\/types\/post"}],"author":[{"embeddable":true,"href":"https:\/\/larevistadigital.com.ar\/blog\/wp-json\/wp\/v2\/users\/3"}],"replies":[{"embeddable":true,"href":"https:\/\/larevistadigital.com.ar\/blog\/wp-json\/wp\/v2\/comments?post=39500"}],"version-history":[{"count":1,"href":"https:\/\/larevistadigital.com.ar\/blog\/wp-json\/wp\/v2\/posts\/39500\/revisions"}],"predecessor-version":[{"id":39502,"href":"https:\/\/larevistadigital.com.ar\/blog\/wp-json\/wp\/v2\/posts\/39500\/revisions\/39502"}],"wp:featuredmedia":[{"embeddable":true,"href":"https:\/\/larevistadigital.com.ar\/blog\/wp-json\/wp\/v2\/media\/39501"}],"wp:attachment":[{"href":"https:\/\/larevistadigital.com.ar\/blog\/wp-json\/wp\/v2\/media?parent=39500"}],"wp:term":[{"taxonomy":"category","embeddable":true,"href":"https:\/\/larevistadigital.com.ar\/blog\/wp-json\/wp\/v2\/categories?post=39500"},{"taxonomy":"post_tag","embeddable":true,"href":"https:\/\/larevistadigital.com.ar\/blog\/wp-json\/wp\/v2\/tags?post=39500"}],"curies":[{"name":"wp","href":"https:\/\/api.w.org\/{rel}","templated":true}]}}