{"id":39503,"date":"2025-04-23T22:39:19","date_gmt":"2025-04-24T01:39:19","guid":{"rendered":"https:\/\/larevistadigital.com.ar\/blog\/?p=39503"},"modified":"2025-04-23T22:39:19","modified_gmt":"2025-04-24T01:39:19","slug":"chascomus-javier-gaston-participo-del-lanzamiento-del-curso-provincial-sobre-caminos-rurales","status":"publish","type":"post","link":"https:\/\/larevistadigital.com.ar\/blog\/chascomus-javier-gaston-participo-del-lanzamiento-del-curso-provincial-sobre-caminos-rurales\/","title":{"rendered":"Chascom\u00fas: Javier Gast\u00f3n particip\u00f3 del lanzamiento del curso provincial sobre caminos rurales"},"content":{"rendered":"<h3 class=\"excerpt\">El intendente de Chascom\u00fas acompa\u00f1\u00f3 al ministro Javier Rodr\u00edguez en la presentaci\u00f3n de la capacitaci\u00f3n, que busca fortalecer la gesti\u00f3n local en el mantenimiento de trazados viales no pavimentados.<\/h3>\n<p>23 de Abril de 2025<\/p>\n<div id=\"miDiv1\" class=\"text\">\n<p><strong>CHASCOM\u00daS &#8211;\u00a0<\/strong> El intendente <strong>Javier Gast\u00f3n<\/strong> particip\u00f3 este martes del lanzamiento del curso de Capacitaci\u00f3n en Gesti\u00f3n y Mantenimiento de Caminos Rurales, encabezado por el ministro de Desarrollo Agrario de la provincia de Buenos Aires, Javier Rodr\u00edguez.<\/p>\n<blockquote>\n<h3>La jornada se realiz\u00f3 en la ciudad de Coronel Brandsen y cont\u00f3 con la presencia de otros intendentes de la regi\u00f3n y funcionarios vinculados al \u00e1rea de infraestructura vial.<\/h3>\n<\/blockquote>\n<p>El objetivo del curso ser\u00e1 aumentar la capacidad en el dise\u00f1o de estrategias para mejorar y mantener los caminos rurales bonaerenses, generando herramientas para modernizar procesos y optimizar la toma de decisiones. Esto, contemplando siempre la planificaci\u00f3n del trabajo y los aspectos econ\u00f3micos, como la financiaci\u00f3n de cada proyecto. El taller tendr\u00e1 una modalidad h\u00edbrida, con clases virtuales asincr\u00f3nicas y encuentros presenciales, con la idea de elaborar un plan de mejoras aplicables a distintas jurisdicciones.<\/p>\n<p><em><strong>\u00abEl camino rural es el primer kil\u00f3metro que se recorre. Visto desde la producci\u00f3n, por supuesto, pero tambi\u00e9n desde la educaci\u00f3n, la salud y la vivienda\u00bb<\/strong><\/em>, subray\u00f3 <strong>Javier Rodr\u00edguez<\/strong> en el acto de apertura. <strong><em>\u00abMuchas veces hablamos de los cientos, de los miles de kil\u00f3metros que recorre el producto cuando se exporta, pero el primer kil\u00f3metro que recorri\u00f3 fue a trav\u00e9s de un camino rural\u00bb<\/em><\/strong>, agreg\u00f3.<\/p>\n<blockquote>\n<h3>Javier Gast\u00f3n asisti\u00f3 acompa\u00f1ado por el secretario de Obras, Servicios P\u00fablicos y Ambiente, Jorge Marino, y por el director de Vialidad, Gabriel Correa.<\/h3>\n<\/blockquote>\n<p>En el acto tambi\u00e9n estuvieron presentes los intendentes de General Belgrano, Osvaldo Dinapoli; General Guido, Carlos Rocha; Magdalena, Lisandro Hourcade; Mar Chiquita, Walter Wischnivetzky; Monte, Jos\u00e9 Castro y Rauch, Maximiliano Suescun.<\/p>\n<p>La cursada est\u00e1 destinada a funcionarios, mandos medios, directores y secretarios viales de los siguientes municipios: Ayacucho, Balcarce, Castelli, Chascom\u00fas, Dolores, General Alvarado, General Belgrano, General Guido, General Juan Madariaga, General Lavalle, General Paz, General Pueyrred\u00f3n, La Costa, Las Flores, Lezama, Lober\u00eda, Maip\u00fa, Mar Chiquita, Monte, Necochea, Pila, Pinamar, Rauch, San Cayetano, Tandil, Tordillo, Villa Gesell, Ca\u00f1uelas, Lobos, San Vicente, Brandsen, San Miguel del Monte, Magdalena y Punta Indio.<\/p>\n<p>Los trazados viales de la provincia de Buenos Aires tienen 120.000 kil\u00f3metros de largo, entre rutas nacionales, provinciales y municipales. De ese total, unos 105.000 son caminos rurales, es decir, no pavimentados, y todos pertenecen a la \u00f3rbita provincial o municipal.<\/p>\n<\/div>\n","protected":false},"excerpt":{"rendered":"<div class=\"mh-excerpt\"><p>El intendente de Chascom\u00fas acompa\u00f1\u00f3 al ministro Javier Rodr\u00edguez en la presentaci\u00f3n de la capacitaci\u00f3n, que busca fortalecer la gesti\u00f3n local en el mantenimiento de trazados viales no pavimentados. 23 de Abril de 2025 CHASCOM\u00daS <a class=\"mh-excerpt-more\" href=\"https:\/\/larevistadigital.com.ar\/blog\/chascomus-javier-gaston-participo-del-lanzamiento-del-curso-provincial-sobre-caminos-rurales\/\" title=\"Chascom\u00fas: Javier Gast\u00f3n particip\u00f3 del lanzamiento del curso provincial sobre caminos rurales\">[Leer M\u00e1s]<\/a><\/p>\n<\/div>","protected":false},"author":3,"featured_media":39504,"comment_status":"open","ping_status":"open","sticky":false,"template":"","format":"standard","meta":{"_jetpack_memberships_contains_paid_content":false,"footnotes":"","jetpack_publicize_message":"","jetpack_publicize_feature_enabled":true,"jetpack_social_post_already_shared":true,"jetpack_social_options":{"image_generator_settings":{"template":"highway","default_image_id":0,"font":"","enabled":false},"version":2}},"categories":[50],"tags":[],"class_list":{"0":"post-39503","1":"post","2":"type-post","3":"status-publish","4":"format-standard","5":"has-post-thumbnail","7":"category-interes-general"},"jetpack_publicize_connections":[],"jetpack_featured_media_url":"https:\/\/i0.wp.com\/larevistadigital.com.ar\/blog\/wp-content\/uploads\/68091819c3ae0.png?fit=668%2C445&ssl=1","jetpack_sharing_enabled":true,"jetpack_shortlink":"https:\/\/wp.me\/p8qtrQ-ah9","jetpack-related-posts":[{"id":23140,"url":"https:\/\/larevistadigital.com.ar\/blog\/el-doctor-jose-ochoa-elevo-una-nota-al-intendente-para-que-se-arreglen-los-caminos-rurales\/","url_meta":{"origin":39503,"position":0},"title":"EL DOCTOR JOS\u00c9 OCHOA ELEV\u00d3 UNA NOTA AL INTENDENTE PARA QUE SE ARREGLEN LOS CAMINOS RURALES","author":"Alejandro Sosa Ruda","date":"1 enero, 2022","format":false,"excerpt":"CHASCOM\u00daS -\u00a0\u00a0D\u00edas atr\u00e1s, el reconocido abogado, Jos\u00e9 Ignacio Ochoa, quien a su vez es presidente del partido vecinalista \"Juntos por Chascom\u00fas\", entreg\u00f3 una nota en la Municipalidad de Chascom\u00fas, dirigida al intendente Javier Gast\u00f3n, donde reclam\u00f3 que se comiencen a realizar trabajos en los caminos rurales del distrito. En la\u2026","rel":"","context":"En \u00abINTERES GENERAL\u00bb","block_context":{"text":"INTERES GENERAL","link":"https:\/\/larevistadigital.com.ar\/blog\/category\/interes-general\/"},"img":{"alt_text":"","src":"https:\/\/i0.wp.com\/larevistadigital.com.ar\/blog\/wp-content\/uploads\/185554815_2963310813950317_4727558591835632181_n.jpg?fit=640%2C360&ssl=1&resize=350%2C200","width":350,"height":200,"srcset":"https:\/\/i0.wp.com\/larevistadigital.com.ar\/blog\/wp-content\/uploads\/185554815_2963310813950317_4727558591835632181_n.jpg?fit=640%2C360&ssl=1&resize=350%2C200 1x, https:\/\/i0.wp.com\/larevistadigital.com.ar\/blog\/wp-content\/uploads\/185554815_2963310813950317_4727558591835632181_n.jpg?fit=640%2C360&ssl=1&resize=525%2C300 1.5x"},"classes":[]},{"id":19954,"url":"https:\/\/larevistadigital.com.ar\/blog\/25-municipios-entre-los-que-se-cuenta-chascomus-suscribieron-al-plan-de-mejoras-de-caminos-rurales\/","url_meta":{"origin":39503,"position":1},"title":"25 MUNICIPIOS ENTRE LOS QUE SE CUENTA CHASCOM\u00daS, SUSCRIBIERON AL PLAN DE MEJORAS DE CAMINOS RURALES","author":"Alejandro Sosa Ruda","date":"30 abril, 2021","format":false,"excerpt":"REGIONALES - La firma fue encabezada por el gobernador Axel Kicillof junto al ministro Javier Rodr\u00edguez y, por videoconferencia, los intendentes de los distritos que se sumaron al programa. Ayacucho a\u00fan no fue parte de ninguna de las dos etapas de municipios que ya han recibido el aporte del Estado\u2026","rel":"","context":"En \u00abREGIONALES\u00bb","block_context":{"text":"REGIONALES","link":"https:\/\/larevistadigital.com.ar\/blog\/category\/regionales\/"},"img":{"alt_text":"","src":"https:\/\/i0.wp.com\/larevistadigital.com.ar\/blog\/wp-content\/uploads\/firma-caminos-29-4-2021.jpg?fit=1200%2C750&ssl=1&resize=350%2C200","width":350,"height":200,"srcset":"https:\/\/i0.wp.com\/larevistadigital.com.ar\/blog\/wp-content\/uploads\/firma-caminos-29-4-2021.jpg?fit=1200%2C750&ssl=1&resize=350%2C200 1x, https:\/\/i0.wp.com\/larevistadigital.com.ar\/blog\/wp-content\/uploads\/firma-caminos-29-4-2021.jpg?fit=1200%2C750&ssl=1&resize=525%2C300 1.5x, https:\/\/i0.wp.com\/larevistadigital.com.ar\/blog\/wp-content\/uploads\/firma-caminos-29-4-2021.jpg?fit=1200%2C750&ssl=1&resize=700%2C400 2x, https:\/\/i0.wp.com\/larevistadigital.com.ar\/blog\/wp-content\/uploads\/firma-caminos-29-4-2021.jpg?fit=1200%2C750&ssl=1&resize=1050%2C600 3x"},"classes":[]},{"id":39587,"url":"https:\/\/larevistadigital.com.ar\/blog\/javier-gaston-participo-del-congreso-provincial-de-salud-junto-a-autoridades-bonaerenses-en-salud30-04-2025-134343-javier-gaston-participo-del-congreso-provincial-de-salud-junto-a-autoridades-bonaer\/","url_meta":{"origin":39503,"position":2},"title":"Javier Gast\u00f3n particip\u00f3 del Congreso Provincial de Salud junto a autoridades bonaerenses En Salud30\/04\/2025 13:43:43 Javier Gast\u00f3n particip\u00f3 del Congreso Provincial de Salud junto a autoridades bonaerensesJavier Gast\u00f3n particip\u00f3 del Congreso Provincial de Salud junto a autoridades bonaerensesJavier Gast\u00f3n particip\u00f3 del Congreso Provincial de Salud junto a autoridades bonaerenses Javier Gast\u00f3n particip\u00f3 del Congreso Provincial de Salud junto a autoridades bonaerensesJavier Gast\u00f3n particip\u00f3 del Congreso Provincial de Salud junto a autoridades bonaerensesJavier Gast\u00f3n particip\u00f3 del Congreso Provincial de Salud junto a autoridades bonaerenses El intendente de Chascom\u00fas form\u00f3 parte del encuentro encabezado por el gobernador Axel Kicillof en Mar del Plata, acompa\u00f1ado por la secretaria de Salud P\u00fablica, Marcela Arias. El intendente Javier Gast\u00f3n particip\u00f3 este martes de la cuarta edici\u00f3n del Congreso Provincial de Salud (CO.SA.PRO), un espacio de encuentro e intercambio entre trabajadores del sistema sanitario, que tuvo lugar en el Gran Hotel Provincial de Mar del Plata.  El evento fue encabezado por el gobernador Axel Kicillof y el ministro de Salud bonaerense, Nicol\u00e1s Kreplak, quienes destacaron la importancia de sostener y fortalecer el sistema de salud p\u00fablico en un contexto de dificultades econ\u00f3micas y recorte de fondos nacionales.  En la oportunidad, Javier Gast\u00f3n estuvo acompa\u00f1ado por la secretaria de Salud P\u00fablica municipal, Marcela Arias, en una jornada que reuni\u00f3 a intendentes, secretarios de salud y funcionarios provinciales, con el objetivo de debatir pol\u00edticas p\u00fablicas en torno al sistema de salud.  El congreso es un espacio de discusi\u00f3n e intercambio entre trabajadores del sistema de salud donde se desarrollan paneles, rondas de debate y exposici\u00f3n de trabajos cient\u00edficos que se realiza todos los a\u00f1os desde 2022. En esta cuarta edici\u00f3n participan m\u00e1s de 12.000 profesionales provenientes de los 135 municipios bonaerenses y de 16 provincias del pa\u00eds, transform\u00e1ndolo en un encuentro federal.  Durante la jornada, Kicillof tambi\u00e9n particip\u00f3 de la Asamblea anual de la que formaron parte intendentes y secretarios de Salud de los 135 municipios as\u00ed como tambi\u00e9n autoridades provinciales de la cartera sanitaria, con el objetivo de debatir los lineamientos pol\u00edticos y de gesti\u00f3n del sistema sanitario y la implementaci\u00f3n del Plan Quinquenal de Salud provincial.  Escuchar Compartir:     Salud Destacadas","author":"Alejandro Sosa Ruda","date":"30 abril, 2025","format":false,"excerpt":"El intendente de Chascom\u00fas form\u00f3 parte del encuentro encabezado por el gobernador Axel Kicillof en Mar del Plata, acompa\u00f1ado por la secretaria de Salud P\u00fablica, Marcela Arias. 30 de Abril de 2025 CHASCOM\u00daS -\u00a0 El intendente Javier Gast\u00f3n particip\u00f3 este martes de la cuarta edici\u00f3n del Congreso Provincial de Salud\u2026","rel":"","context":"En \u00abINTERES GENERAL\u00bb","block_context":{"text":"INTERES GENERAL","link":"https:\/\/larevistadigital.com.ar\/blog\/category\/interes-general\/"},"img":{"alt_text":"","src":"https:\/\/i0.wp.com\/larevistadigital.com.ar\/blog\/wp-content\/uploads\/6812533fdd195.png?fit=668%2C445&ssl=1&resize=350%2C200","width":350,"height":200,"srcset":"https:\/\/i0.wp.com\/larevistadigital.com.ar\/blog\/wp-content\/uploads\/6812533fdd195.png?fit=668%2C445&ssl=1&resize=350%2C200 1x, https:\/\/i0.wp.com\/larevistadigital.com.ar\/blog\/wp-content\/uploads\/6812533fdd195.png?fit=668%2C445&ssl=1&resize=525%2C300 1.5x"},"classes":[]},{"id":6125,"url":"https:\/\/larevistadigital.com.ar\/blog\/destacable-gesto-del-intendente-de-chascomus-javier-gaston-y-su-bloque-de-concejales\/","url_meta":{"origin":39503,"position":3},"title":"DESTACABLE GESTO DEL INTENDENTE DE CHASCOM\u00daS, JAVIER GAST\u00d3N Y SU BLOQUE DE CONCEJALES","author":"Alejandro Sosa Ruda","date":"3 agosto, 2018","format":false,"excerpt":"El intendente de Chascom\u00fas, Javier Gast\u00f3n y el bloque de concejales de Unidad por Chascom\u00fas, se hicieron presentes en el Congreso Nacional a efectos de apoyar a los Bomberos Voluntarios de la ciudad y el pa\u00eds en su reclamo para que no se quiten los subsidios para el equipamiento y\u2026","rel":"","context":"En \u00abCHASCOM\u00daS\u00bb","block_context":{"text":"CHASCOM\u00daS","link":"https:\/\/larevistadigital.com.ar\/blog\/category\/chascomus\/"},"img":{"alt_text":"","src":"https:\/\/i0.wp.com\/larevistadigital.com.ar\/blog\/wp-content\/uploads\/2018\/08\/Screenshot_1.jpg?fit=670%2C556&ssl=1&resize=350%2C200","width":350,"height":200,"srcset":"https:\/\/i0.wp.com\/larevistadigital.com.ar\/blog\/wp-content\/uploads\/2018\/08\/Screenshot_1.jpg?fit=670%2C556&ssl=1&resize=350%2C200 1x, https:\/\/i0.wp.com\/larevistadigital.com.ar\/blog\/wp-content\/uploads\/2018\/08\/Screenshot_1.jpg?fit=670%2C556&ssl=1&resize=525%2C300 1.5x"},"classes":[]},{"id":33659,"url":"https:\/\/larevistadigital.com.ar\/blog\/chascomus-se-llevo-a-cabo-en-la-rural-el-debate-entre-candidatos-a-intendente\/","url_meta":{"origin":39503,"position":4},"title":"CHASCOM\u00daS: SE LLEV\u00d3 A CABO EN LA RURAL EL DEBATE ENTRE CANDIDATOS A INTENDENTE","author":"Alejandro Sosa Ruda","date":"28 septiembre, 2023","format":false,"excerpt":"El debate se llev\u00f3 a cabo en la Rural, con la coordinaci\u00f3n y conducci\u00f3n del periodista Sergio \"Tony\" Peralta. Aqu\u00ed un resumen del mismo, cr\u00f3nica del periodista Mauro Gonzalez para La Revista Digital. 28 de Septiembre de 2023 CHASCOM\u00daS -\u00a0 Finalmente durante la jornada de hoy se llev\u00f3 a cabo\u2026","rel":"","context":"En \u00abDESTACADAS\u00bb","block_context":{"text":"DESTACADAS","link":"https:\/\/larevistadigital.com.ar\/blog\/category\/destacadas\/"},"img":{"alt_text":"","src":"https:\/\/i0.wp.com\/larevistadigital.com.ar\/blog\/wp-content\/uploads\/WhatsApp-Image-2023-09-28-at-21.22.19-1.jpeg?fit=1200%2C675&ssl=1&resize=350%2C200","width":350,"height":200,"srcset":"https:\/\/i0.wp.com\/larevistadigital.com.ar\/blog\/wp-content\/uploads\/WhatsApp-Image-2023-09-28-at-21.22.19-1.jpeg?fit=1200%2C675&ssl=1&resize=350%2C200 1x, https:\/\/i0.wp.com\/larevistadigital.com.ar\/blog\/wp-content\/uploads\/WhatsApp-Image-2023-09-28-at-21.22.19-1.jpeg?fit=1200%2C675&ssl=1&resize=525%2C300 1.5x, https:\/\/i0.wp.com\/larevistadigital.com.ar\/blog\/wp-content\/uploads\/WhatsApp-Image-2023-09-28-at-21.22.19-1.jpeg?fit=1200%2C675&ssl=1&resize=700%2C400 2x, https:\/\/i0.wp.com\/larevistadigital.com.ar\/blog\/wp-content\/uploads\/WhatsApp-Image-2023-09-28-at-21.22.19-1.jpeg?fit=1200%2C675&ssl=1&resize=1050%2C600 3x"},"classes":[]},{"id":39180,"url":"https:\/\/larevistadigital.com.ar\/blog\/inicio-del-ciclo-2025-de-cursos-de-formacion-profesional\/","url_meta":{"origin":39503,"position":5},"title":"Inicio del ciclo 2025 de cursos de formaci\u00f3n profesional","author":"Alejandro Sosa Ruda","date":"28 marzo, 2025","format":false,"excerpt":"El intendente Javier Gast\u00f3n acompa\u00f1\u00f3 el comienzo de los cursos de formaci\u00f3n profesional, que esta semana dieron sus primeras clases en distintos puntos de la ciudad. 28 de Marzo de 2025 CHASCOM\u00daS -\u00a0 En este marco, comenz\u00f3 la capacitaci\u00f3n en \u201cCocineros\/as para comedores\u201d, que se dicta en la Escuela N\u00ba\u2026","rel":"","context":"En \u00abCHASCOM\u00daS\u00bb","block_context":{"text":"CHASCOM\u00daS","link":"https:\/\/larevistadigital.com.ar\/blog\/category\/chascomus\/"},"img":{"alt_text":"","src":"https:\/\/i0.wp.com\/larevistadigital.com.ar\/blog\/wp-content\/uploads\/67e6d32ec41d6.png?fit=668%2C445&ssl=1&resize=350%2C200","width":350,"height":200,"srcset":"https:\/\/i0.wp.com\/larevistadigital.com.ar\/blog\/wp-content\/uploads\/67e6d32ec41d6.png?fit=668%2C445&ssl=1&resize=350%2C200 1x, https:\/\/i0.wp.com\/larevistadigital.com.ar\/blog\/wp-content\/uploads\/67e6d32ec41d6.png?fit=668%2C445&ssl=1&resize=525%2C300 1.5x"},"classes":[]}],"_links":{"self":[{"href":"https:\/\/larevistadigital.com.ar\/blog\/wp-json\/wp\/v2\/posts\/39503","targetHints":{"allow":["GET"]}}],"collection":[{"href":"https:\/\/larevistadigital.com.ar\/blog\/wp-json\/wp\/v2\/posts"}],"about":[{"href":"https:\/\/larevistadigital.com.ar\/blog\/wp-json\/wp\/v2\/types\/post"}],"author":[{"embeddable":true,"href":"https:\/\/larevistadigital.com.ar\/blog\/wp-json\/wp\/v2\/users\/3"}],"replies":[{"embeddable":true,"href":"https:\/\/larevistadigital.com.ar\/blog\/wp-json\/wp\/v2\/comments?post=39503"}],"version-history":[{"count":2,"href":"https:\/\/larevistadigital.com.ar\/blog\/wp-json\/wp\/v2\/posts\/39503\/revisions"}],"predecessor-version":[{"id":39506,"href":"https:\/\/larevistadigital.com.ar\/blog\/wp-json\/wp\/v2\/posts\/39503\/revisions\/39506"}],"wp:featuredmedia":[{"embeddable":true,"href":"https:\/\/larevistadigital.com.ar\/blog\/wp-json\/wp\/v2\/media\/39504"}],"wp:attachment":[{"href":"https:\/\/larevistadigital.com.ar\/blog\/wp-json\/wp\/v2\/media?parent=39503"}],"wp:term":[{"taxonomy":"category","embeddable":true,"href":"https:\/\/larevistadigital.com.ar\/blog\/wp-json\/wp\/v2\/categories?post=39503"},{"taxonomy":"post_tag","embeddable":true,"href":"https:\/\/larevistadigital.com.ar\/blog\/wp-json\/wp\/v2\/tags?post=39503"}],"curies":[{"name":"wp","href":"https:\/\/api.w.org\/{rel}","templated":true}]}}