{"id":39507,"date":"2025-04-23T22:43:03","date_gmt":"2025-04-24T01:43:03","guid":{"rendered":"https:\/\/larevistadigital.com.ar\/blog\/?p=39507"},"modified":"2025-04-23T22:43:03","modified_gmt":"2025-04-24T01:43:03","slug":"gracias-a-la-intervencion-de-los-equipos-de-seguridad-municipal-fue-recuperado-un-auto-robado-en-la-madrugada","status":"publish","type":"post","link":"https:\/\/larevistadigital.com.ar\/blog\/gracias-a-la-intervencion-de-los-equipos-de-seguridad-municipal-fue-recuperado-un-auto-robado-en-la-madrugada\/","title":{"rendered":"Gracias a la intervenci\u00f3n de los equipos de seguridad municipal fue recuperado un auto robado en la madrugada"},"content":{"rendered":"<h3 class=\"excerpt\">Tras una r\u00e1pida acci\u00f3n de la Patrulla de Prevenci\u00f3n Municipal y el Centro de Monitoreo, en conjunto con la Estaci\u00f3n de Polic\u00eda Comunal, dos menores fueron aprehendidos cuando escapaban con el veh\u00edculo.<\/h3>\n<div id=\"miDiv1\" class=\"text\">\n<p><strong>CHASCOM\u00daS &#8211;\u00a0<\/strong> Durante la madrugada de este mi\u00e9rcoles, una acci\u00f3n coordinada permiti\u00f3 recuperar un auto que hab\u00eda sido sustra\u00eddo minutos antes en la zona c\u00e9ntrica de la ciudad y que habr\u00eda tenido las llaves puestas. Dos menores de 16 a\u00f1os fueron aprehendidos cuando intentaban huir con el veh\u00edculo que hab\u00eda sido visto por las c\u00e1maras p\u00fablicas colisionando en la zona de la Costanera.<\/p>\n<blockquote>\n<h3>El operativo fue realizado en forma coordinada por la Patrulla de Prevenci\u00f3n Municipal (PPM) y el Centro de Monitoreo, como parte del trabajo de prevenci\u00f3n que realizan durante las 24 horas.<\/h3>\n<\/blockquote>\n<p>Una vez detectada la situaci\u00f3n, los agentes de la Patrulla se dirigieron al domicilio de la propietaria, quien confirm\u00f3 que el auto hab\u00eda sido sustra\u00eddo minutos antes del frente de su casa.<\/p>\n<blockquote>\n<h3>La situaci\u00f3n fue informada a la Estaci\u00f3n de Polic\u00eda Comunal, cuyos efectivos intervinieron r\u00e1pidamente para proceder a la aprehensi\u00f3n de los menores, ambos de 16 a\u00f1os.<\/h3>\n<\/blockquote>\n<p>La causa fue caratulada como \u201cHurto en grado de tentativa\u201d y, tras las actuaciones correspondientes, el Ministerio P\u00fablico Fiscal dispuso que los adolescentes fueran restituidos a sus progenitores.<\/p>\n<p>Debido a que los j\u00f3venes involucrados cuentan con antecedentes de conductas delictivas, desde la Municipalidad, se intervendr\u00e1 en relaci\u00f3n a ambas familias para realizar un seguimiento de ambos. Se pondr\u00e1n en marcha dispositivos de acompa\u00f1amiento, en el marco de las pol\u00edticas orientadas a la prevenci\u00f3n y abordaje de situaciones que se llevan a cabo vinculadas a la juventud.<\/p>\n<\/div>\n","protected":false},"excerpt":{"rendered":"<div class=\"mh-excerpt\"><p>Tras una r\u00e1pida acci\u00f3n de la Patrulla de Prevenci\u00f3n Municipal y el Centro de Monitoreo, en conjunto con la Estaci\u00f3n de Polic\u00eda Comunal, dos menores fueron aprehendidos cuando escapaban con el veh\u00edculo. CHASCOM\u00daS &#8211;\u00a0 Durante <a class=\"mh-excerpt-more\" href=\"https:\/\/larevistadigital.com.ar\/blog\/gracias-a-la-intervencion-de-los-equipos-de-seguridad-municipal-fue-recuperado-un-auto-robado-en-la-madrugada\/\" title=\"Gracias a la intervenci\u00f3n de los equipos de seguridad municipal fue recuperado un auto robado en la madrugada\">[Leer M\u00e1s]<\/a><\/p>\n<\/div>","protected":false},"author":3,"featured_media":39508,"comment_status":"open","ping_status":"open","sticky":false,"template":"","format":"standard","meta":{"_jetpack_memberships_contains_paid_content":false,"footnotes":"","jetpack_publicize_message":"","jetpack_publicize_feature_enabled":true,"jetpack_social_post_already_shared":true,"jetpack_social_options":{"image_generator_settings":{"template":"highway","default_image_id":0,"font":"","enabled":false},"version":2}},"categories":[50,44],"tags":[],"class_list":{"0":"post-39507","1":"post","2":"type-post","3":"status-publish","4":"format-standard","5":"has-post-thumbnail","7":"category-interes-general","8":"category-policiales"},"jetpack_publicize_connections":[],"jetpack_featured_media_url":"https:\/\/i0.wp.com\/larevistadigital.com.ar\/blog\/wp-content\/uploads\/6809194786615.png?fit=668%2C445&ssl=1","jetpack_sharing_enabled":true,"jetpack_shortlink":"https:\/\/wp.me\/p8qtrQ-ahd","jetpack-related-posts":[{"id":41967,"url":"https:\/\/larevistadigital.com.ar\/blog\/chascomus-la-patrulla-de-prevencion-municipal-recupero-una-moto-de-alta-gama-sustraida-a-un-vecino\/","url_meta":{"origin":39507,"position":0},"title":"Chascom\u00fas: La Patrulla de Prevenci\u00f3n Municipal recuper\u00f3 una moto de alta gama sustra\u00edda a un vecino","author":"Alejandro Sosa Ruda","date":"14 octubre, 2025","format":false,"excerpt":"Las tareas preventivas que se realizan de manera continua permitieron la r\u00e1pida recuperaci\u00f3n de varios motoveh\u00edculos en los \u00faltimos meses. 14 de Octubre de 2025 CHASCOM\u00daS -\u00a0 \u00a0Gracias al trabajo de los equipos de la Secretar\u00eda de Seguridad Ciudadana, una acci\u00f3n conjunta entre la Patrulla de Prevenci\u00f3n Municipal y el\u2026","rel":"","context":"En \u00abINTERES GENERAL\u00bb","block_context":{"text":"INTERES GENERAL","link":"https:\/\/larevistadigital.com.ar\/blog\/category\/interes-general\/"},"img":{"alt_text":"","src":"https:\/\/i0.wp.com\/larevistadigital.com.ar\/blog\/wp-content\/uploads\/68ee8572861ed.png?fit=668%2C445&ssl=1&resize=350%2C200","width":350,"height":200,"srcset":"https:\/\/i0.wp.com\/larevistadigital.com.ar\/blog\/wp-content\/uploads\/68ee8572861ed.png?fit=668%2C445&ssl=1&resize=350%2C200 1x, https:\/\/i0.wp.com\/larevistadigital.com.ar\/blog\/wp-content\/uploads\/68ee8572861ed.png?fit=668%2C445&ssl=1&resize=525%2C300 1.5x"},"classes":[]},{"id":44689,"url":"https:\/\/larevistadigital.com.ar\/blog\/chascomus-recuperan-dos-motos-y-una-bicicleta-robadas-durante-el-fin-de-semana\/","url_meta":{"origin":39507,"position":1},"title":"Chascom\u00fas: Recuperan dos motos y una bicicleta robadas durante el fin de semana","author":"Alejandro Sosa Ruda","date":"24 marzo, 2026","format":false,"excerpt":"El r\u00e1pido accionar de la Patrulla de Prevenci\u00f3n Municipal, el Centro de Monitoreo y la Polic\u00eda Comunal permiti\u00f3 recuperar los rodados sustra\u00eddos en distintos puntos de la ciudad. 24 de marzo de 2026 CHASCOM\u00daS -\u00a0 \u00a0Durante el \u00faltimo fin de semana, el trabajo articulado entre la Patrulla de Prevenci\u00f3n Municipal,\u2026","rel":"","context":"En \u00abINTERES GENERAL\u00bb","block_context":{"text":"INTERES GENERAL","link":"https:\/\/larevistadigital.com.ar\/blog\/category\/interes-general\/"},"img":{"alt_text":"","src":"https:\/\/i0.wp.com\/larevistadigital.com.ar\/blog\/wp-content\/uploads\/69c178448e5ba.png?fit=668%2C445&ssl=1&resize=350%2C200","width":350,"height":200,"srcset":"https:\/\/i0.wp.com\/larevistadigital.com.ar\/blog\/wp-content\/uploads\/69c178448e5ba.png?fit=668%2C445&ssl=1&resize=350%2C200 1x, https:\/\/i0.wp.com\/larevistadigital.com.ar\/blog\/wp-content\/uploads\/69c178448e5ba.png?fit=668%2C445&ssl=1&resize=525%2C300 1.5x"},"classes":[]},{"id":35748,"url":"https:\/\/larevistadigital.com.ar\/blog\/colaboracion-de-la-patrulla-municipal-y-del-centro-de-monitoreo-para-la-prevencion-de-delitos\/","url_meta":{"origin":39507,"position":2},"title":"COLABORACI\u00d3N DE LA PATRULLA MUNICIPAL Y DEL CENTRO DE MONITOREO PARA LA PREVENCI\u00d3N DE DELITOS","author":"Alejandro Sosa Ruda","date":"3 abril, 2024","format":false,"excerpt":"La Patrulla de Prevenci\u00f3n Municipal colabor\u00f3 el viernes en la madrugada con la polic\u00eda comunal, en la aprehensi\u00f3n de dos personas mayores de edad, que fueron observadas por operadores del Centro de Monitoreo Chascom\u00fas cuando ingresaban a un predio con galpones en la avenida Juan Manuel de Rosas, luego de\u2026","rel":"","context":"En \u00abINTERES GENERAL\u00bb","block_context":{"text":"INTERES GENERAL","link":"https:\/\/larevistadigital.com.ar\/blog\/category\/interes-general\/"},"img":{"alt_text":"","src":"https:\/\/i0.wp.com\/larevistadigital.com.ar\/blog\/wp-content\/uploads\/2024_04_04_01_01_56_6167905.jpg?fit=600%2C400&ssl=1&resize=350%2C200","width":350,"height":200,"srcset":"https:\/\/i0.wp.com\/larevistadigital.com.ar\/blog\/wp-content\/uploads\/2024_04_04_01_01_56_6167905.jpg?fit=600%2C400&ssl=1&resize=350%2C200 1x, https:\/\/i0.wp.com\/larevistadigital.com.ar\/blog\/wp-content\/uploads\/2024_04_04_01_01_56_6167905.jpg?fit=600%2C400&ssl=1&resize=525%2C300 1.5x"},"classes":[]},{"id":43974,"url":"https:\/\/larevistadigital.com.ar\/blog\/chascomus-dos-motos-recuperadas-gracias-a-la-patrulla-de-prevencion-municipal\/","url_meta":{"origin":39507,"position":3},"title":"Chascom\u00fas: Dos motos recuperadas gracias a la Patrulla de Prevenci\u00f3n Municipal","author":"Alejandro Sosa Ruda","date":"12 febrero, 2026","format":false,"excerpt":"Los procedimientos se realizaron en distintos puntos de la ciudad y permitieron detectar motoveh\u00edculos con pedido de secuestro activo por robo. 12 de febrero de 2026 CHASCOM\u00daS -\u00a0 \u00a0Durante las tareas habituales de prevenci\u00f3n que realiza diariamente, la Patrulla de Prevenci\u00f3n Municipal logr\u00f3 recuperar dos motocicletas que ten\u00edan pedido activo\u2026","rel":"","context":"En \u00abCHASCOM\u00daS\u00bb","block_context":{"text":"CHASCOM\u00daS","link":"https:\/\/larevistadigital.com.ar\/blog\/category\/chascomus\/"},"img":{"alt_text":"","src":"https:\/\/i0.wp.com\/larevistadigital.com.ar\/blog\/wp-content\/uploads\/698e13df16213.png?fit=668%2C445&ssl=1&resize=350%2C200","width":350,"height":200,"srcset":"https:\/\/i0.wp.com\/larevistadigital.com.ar\/blog\/wp-content\/uploads\/698e13df16213.png?fit=668%2C445&ssl=1&resize=350%2C200 1x, https:\/\/i0.wp.com\/larevistadigital.com.ar\/blog\/wp-content\/uploads\/698e13df16213.png?fit=668%2C445&ssl=1&resize=525%2C300 1.5x"},"classes":[]},{"id":43905,"url":"https:\/\/larevistadigital.com.ar\/blog\/chascomus-tres-hombres-aprehendidos-tras-una-persecucion-y-el-hallazgo-de-un-arma-de-fuego\/","url_meta":{"origin":39507,"position":4},"title":"Chascom\u00fas: Tres hombres aprehendidos tras una persecuci\u00f3n y el hallazgo de un arma de fuego","author":"Alejandro Sosa Ruda","date":"10 febrero, 2026","format":false,"excerpt":"El hecho se origin\u00f3 tras un alerta por maniobras imprudentes y consumo de alcohol en la v\u00eda p\u00fablica. Los ocupantes del veh\u00edculo huyeron a pie luego de abandonar el auto, donde la Polic\u00eda encontr\u00f3 un rev\u00f3lver con municiones. Clave trabajo conjunto de la Secretar\u00eda de Seguridad, la Patrulla de Prevenci\u00f3n\u2026","rel":"","context":"En \u00abDESTACADAS\u00bb","block_context":{"text":"DESTACADAS","link":"https:\/\/larevistadigital.com.ar\/blog\/category\/destacadas\/"},"img":{"alt_text":"","src":"https:\/\/i0.wp.com\/larevistadigital.com.ar\/blog\/wp-content\/uploads\/2-22.jpg?fit=900%2C886&ssl=1&resize=350%2C200","width":350,"height":200,"srcset":"https:\/\/i0.wp.com\/larevistadigital.com.ar\/blog\/wp-content\/uploads\/2-22.jpg?fit=900%2C886&ssl=1&resize=350%2C200 1x, https:\/\/i0.wp.com\/larevistadigital.com.ar\/blog\/wp-content\/uploads\/2-22.jpg?fit=900%2C886&ssl=1&resize=525%2C300 1.5x, https:\/\/i0.wp.com\/larevistadigital.com.ar\/blog\/wp-content\/uploads\/2-22.jpg?fit=900%2C886&ssl=1&resize=700%2C400 2x"},"classes":[]},{"id":40138,"url":"https:\/\/larevistadigital.com.ar\/blog\/chascomus-recuperaron-motos-robadas-y-detuvieron-a-dos-sospechosos-gracias-a-la-intervencion-municipal\/","url_meta":{"origin":39507,"position":5},"title":"Chascom\u00fas: Recuperaron motos robadas y detuvieron a dos sospechosos gracias a la intervenci\u00f3n municipal","author":"Alejandro Sosa Ruda","date":"23 junio, 2025","format":false,"excerpt":"La intervenci\u00f3n de la Patrulla de Prevenci\u00f3n Municipal y del Centro de Monitoreo permiti\u00f3 en los \u00faltimos d\u00edas recuperar cinco motocicletas robadas y detener a dos personas involucradas en un hecho delictivo en el barrio Lomas Altas. 23 de Junio de 2025 CHASCOM\u00daS -\u00a0 \u00a0La intervenci\u00f3n se realiz\u00f3 a partir\u2026","rel":"","context":"En \u00abCHASCOM\u00daS\u00bb","block_context":{"text":"CHASCOM\u00daS","link":"https:\/\/larevistadigital.com.ar\/blog\/category\/chascomus\/"},"img":{"alt_text":"","src":"https:\/\/i0.wp.com\/larevistadigital.com.ar\/blog\/wp-content\/uploads\/6859954f8cc54.png?fit=668%2C445&ssl=1&resize=350%2C200","width":350,"height":200,"srcset":"https:\/\/i0.wp.com\/larevistadigital.com.ar\/blog\/wp-content\/uploads\/6859954f8cc54.png?fit=668%2C445&ssl=1&resize=350%2C200 1x, https:\/\/i0.wp.com\/larevistadigital.com.ar\/blog\/wp-content\/uploads\/6859954f8cc54.png?fit=668%2C445&ssl=1&resize=525%2C300 1.5x"},"classes":[]}],"_links":{"self":[{"href":"https:\/\/larevistadigital.com.ar\/blog\/wp-json\/wp\/v2\/posts\/39507","targetHints":{"allow":["GET"]}}],"collection":[{"href":"https:\/\/larevistadigital.com.ar\/blog\/wp-json\/wp\/v2\/posts"}],"about":[{"href":"https:\/\/larevistadigital.com.ar\/blog\/wp-json\/wp\/v2\/types\/post"}],"author":[{"embeddable":true,"href":"https:\/\/larevistadigital.com.ar\/blog\/wp-json\/wp\/v2\/users\/3"}],"replies":[{"embeddable":true,"href":"https:\/\/larevistadigital.com.ar\/blog\/wp-json\/wp\/v2\/comments?post=39507"}],"version-history":[{"count":1,"href":"https:\/\/larevistadigital.com.ar\/blog\/wp-json\/wp\/v2\/posts\/39507\/revisions"}],"predecessor-version":[{"id":39509,"href":"https:\/\/larevistadigital.com.ar\/blog\/wp-json\/wp\/v2\/posts\/39507\/revisions\/39509"}],"wp:featuredmedia":[{"embeddable":true,"href":"https:\/\/larevistadigital.com.ar\/blog\/wp-json\/wp\/v2\/media\/39508"}],"wp:attachment":[{"href":"https:\/\/larevistadigital.com.ar\/blog\/wp-json\/wp\/v2\/media?parent=39507"}],"wp:term":[{"taxonomy":"category","embeddable":true,"href":"https:\/\/larevistadigital.com.ar\/blog\/wp-json\/wp\/v2\/categories?post=39507"},{"taxonomy":"post_tag","embeddable":true,"href":"https:\/\/larevistadigital.com.ar\/blog\/wp-json\/wp\/v2\/tags?post=39507"}],"curies":[{"name":"wp","href":"https:\/\/api.w.org\/{rel}","templated":true}]}}