{"id":39510,"date":"2025-04-23T22:45:53","date_gmt":"2025-04-24T01:45:53","guid":{"rendered":"https:\/\/larevistadigital.com.ar\/blog\/?p=39510"},"modified":"2025-04-23T22:45:53","modified_gmt":"2025-04-24T01:45:53","slug":"chascomus-mas-limpia","status":"publish","type":"post","link":"https:\/\/larevistadigital.com.ar\/blog\/chascomus-mas-limpia\/","title":{"rendered":"Chascom\u00fas m\u00e1s limpia"},"content":{"rendered":"<h3 class=\"excerpt\">El sistema de contenedores permite ordenar la ciudad, suma a la econom\u00eda circular e invita a construir comunidad con responsabilidad social<\/h3>\n<p>23 De Abril de 2025<\/p>\n<div id=\"miDiv1\" class=\"text\">\n<p><strong>CHASCOM\u00daS &#8211;\u00a0<\/strong> El sistema de separaci\u00f3n de residuos con el que cuenta la ciudad, es simple y f\u00e1cil de sostener en el tiempo. Entender de qu\u00e9 se trata y hacia d\u00f3nde vamos es muy importante para el correcto uso de los contenedores y disposici\u00f3n de los residuos. La participaci\u00f3n de los vecinos, es fundamental para que los esfuerzos que se hacen desde el Estado municipal sean efectivos.<\/p>\n<blockquote>\n<h3>Los contenedores son identificables por dos tonos distintos de verdes. Uno verde claro, donde se deben depositar los residuos para reciclar; otro verde oscuro, donde se deben depositar los residuos para su disposici\u00f3n final.<\/h3>\n<\/blockquote>\n<p>De este modo, en el contenedor verde claro va todo lo reutilizable en la econom\u00eda circular como papel, cart\u00f3n, Tetra-Brik, pl\u00e1sticos, frascos y botellas de vidrio. Es muy importante que estos elementos est\u00e9n LIMPIOS y SECOS. En cambio, en el verde oscuro, todo lo que no tiene segunda oportunidad como las servilletas usadas, las colillas, la comida condimentada, huesos, l\u00e1cteos, pa\u00f1ales y ap\u00f3sitos. En este caso, lo importante es que est\u00e9n en BOLSAS.<\/p>\n<p>Adem\u00e1s, en los\u00a0<a href=\"https:\/\/www.google.com\/maps\/d\/viewer?hl=es-419&amp;mid=1a_plCECD6XZ-HpxCn9S33J0YF0QivFk&amp;ll=-35.57396611692439%2C-58.01304255937508&amp;z=13&amp;fbclid=PAZXh0bgNhZW0CMTEAAaYOejD8SpDXtYvs0Urz8oHa26-LeLZKGZW-MKrMA8ygUihwV24HZ1jR5ZE_aem_YaIHnc0HR6EuVeSlUIDJvg\" target=\"_self\"><strong>Puntos Limpios M\u00f3viles<\/strong><\/a>, se recibe tambi\u00e9n basura electr\u00f3nica (computadoras, teclados, impresoras, monitores, televisores, celulares, centrales telef\u00f3nicas, routers, peque\u00f1os electrodom\u00e9sticos, videoc\u00e1maras, radios, relojes, videojuegos) y aceite usado (fr\u00edo y en botella pl\u00e1stica). En el caso del aceite, se puede depositar de manera correcta en las\u00a0<a href=\"https:\/\/www.google.com\/maps\/d\/viewer?hl=es-419&amp;mid=1a_plCECD6XZ-HpxCn9S33J0YF0QivFk&amp;ll=-35.57396611692439%2C-58.01304255937508&amp;z=13&amp;fbclid=PAZXh0bgNhZW0CMTEAAaYOejD8SpDXtYvs0Urz8oHa26-LeLZKGZW-MKrMA8ygUihwV24HZ1jR5ZE_aem_YaIHnc0HR6EuVeSlUIDJvg\" target=\"_self\"><strong>Estaciones Ambientales<\/strong><\/a>, en el compartimento indicado.<\/p>\n<blockquote>\n<h3>Los contenedores deben permanecer con las tapas cerradas, por lo que es indispensable respetar su capacidad m\u00e1xima. NO debe depositarse NADA al pie de estos contenedores. \u00bfQu\u00e9 hacer con lo que no va en los contenedores, puntos o estaciones?<\/h3>\n<\/blockquote>\n<p>Existen residuos que requieren otro tipo de tratamiento. Se trata de aquellos que por volumen y caracter\u00edsticas NO DEBEN depositarse en ninguno de los contenedores detallados hasta aqu\u00ed. Se trata de grandes electrodom\u00e9sticos como heladeras, cocinas, calefones, termotanques, o bien, elementos de gran porte como colchones y somieres. En estos casos, los vecinos y vecinas deber\u00e1n comunicarse a la l\u00ednea 147, de lunes a viernes en el horario de 7 a 15 hs. Durante todo el d\u00eda, se reciben mensajes a trav\u00e9s de la\u00a0<a href=\"http:\/\/www.chascomus.gob.ar\/\" target=\"_self\"><strong>WEB<\/strong><\/a>\u00a0#Municipio (bot\u00f3n 147) o del\u00a0<a href=\"mailto:atencionalvecino@chascomus.gob.ar\" target=\"_self\"><strong>correo electr\u00f3nico<\/strong><\/a>. All\u00ed, personal municipal le brindar\u00e1 las indicaciones y coordinar\u00e1 para un correcto descarte de los mismos.<\/p>\n<p>El buen uso del sistema de contenerizaci\u00f3n no solo contribuye a la correcta disposici\u00f3n de los residuos, sino tambi\u00e9n a la generaci\u00f3n de una menor cantidad de basura gracias a la separaci\u00f3n y posterior reciclaje de materiales reutilizables. En este sentido, se recomienda que los restos de comida como c\u00e1scaras y restos de frutas y verduras, del jard\u00edn y de la huerta, yerba, caf\u00e9 y otros productos se pueden compostar en los hogares y en los lugares de trabajo.<\/p>\n<p>Hacerlo mal y hacerlo bien insume la misma cantidad de tiempo. Para que Chascom\u00fas sea una ciudad limpia y ordenada es necesario que la comunidad en su totalidad se comprometa con el respeto de estas m\u00ednimas normas de convivencia.<\/p>\n<\/div>\n","protected":false},"excerpt":{"rendered":"<div class=\"mh-excerpt\"><p>El sistema de contenedores permite ordenar la ciudad, suma a la econom\u00eda circular e invita a construir comunidad con responsabilidad social 23 De Abril de 2025 CHASCOM\u00daS &#8211;\u00a0 El sistema de separaci\u00f3n de residuos con <a class=\"mh-excerpt-more\" href=\"https:\/\/larevistadigital.com.ar\/blog\/chascomus-mas-limpia\/\" title=\"Chascom\u00fas m\u00e1s limpia\">[Leer M\u00e1s]<\/a><\/p>\n<\/div>","protected":false},"author":3,"featured_media":39511,"comment_status":"open","ping_status":"open","sticky":false,"template":"","format":"standard","meta":{"_jetpack_memberships_contains_paid_content":false,"footnotes":"","jetpack_publicize_message":"","jetpack_publicize_feature_enabled":true,"jetpack_social_post_already_shared":true,"jetpack_social_options":{"image_generator_settings":{"template":"highway","default_image_id":0,"font":"","enabled":false},"version":2}},"categories":[6],"tags":[],"class_list":{"0":"post-39510","1":"post","2":"type-post","3":"status-publish","4":"format-standard","5":"has-post-thumbnail","7":"category-chascomus"},"jetpack_publicize_connections":[],"jetpack_featured_media_url":"https:\/\/i0.wp.com\/larevistadigital.com.ar\/blog\/wp-content\/uploads\/68091cc0f2369.png?fit=668%2C445&ssl=1","jetpack_sharing_enabled":true,"jetpack_shortlink":"https:\/\/wp.me\/p8qtrQ-ahg","jetpack-related-posts":[{"id":44878,"url":"https:\/\/larevistadigital.com.ar\/blog\/chascomus-como-sera-la-recoleccion-de-residuos-durante-el-fin-de-semana-largo\/","url_meta":{"origin":39510,"position":0},"title":"Chascom\u00fas: C\u00f3mo ser\u00e1 la recolecci\u00f3n de residuos durante el fin de semana largo","author":"Alejandro Sosa Ruda","date":"1 abril, 2026","format":false,"excerpt":"Para garantizar la limpieza de la ciudad, el personal municipal trabajar\u00e1 durante los feriados. 01 de abril de 2026 CHASCOM\u00daS -\u00a0 La Municipalidad de Chascom\u00fas da a conocer los horarios del servicio de recolecci\u00f3n de residuos durante los pr\u00f3ximos d\u00edas. El jueves y el viernes, s\u00e1bado, se realizar\u00e1 de manera\u2026","rel":"","context":"En \u00abINTERES GENERAL\u00bb","block_context":{"text":"INTERES GENERAL","link":"https:\/\/larevistadigital.com.ar\/blog\/category\/interes-general\/"},"img":{"alt_text":"","src":"https:\/\/i0.wp.com\/larevistadigital.com.ar\/blog\/wp-content\/uploads\/69cd4c5500238.png?fit=668%2C445&ssl=1&resize=350%2C200","width":350,"height":200,"srcset":"https:\/\/i0.wp.com\/larevistadigital.com.ar\/blog\/wp-content\/uploads\/69cd4c5500238.png?fit=668%2C445&ssl=1&resize=350%2C200 1x, https:\/\/i0.wp.com\/larevistadigital.com.ar\/blog\/wp-content\/uploads\/69cd4c5500238.png?fit=668%2C445&ssl=1&resize=525%2C300 1.5x"},"classes":[]},{"id":38876,"url":"https:\/\/larevistadigital.com.ar\/blog\/recoleccion-de-residuos\/","url_meta":{"origin":39510,"position":1},"title":"Recolecci\u00f3n de residuos","author":"Alejandro Sosa Ruda","date":"27 febrero, 2025","format":false,"excerpt":"La Secretar\u00eda de Obras, Servicios P\u00fablicos y Ambiente dio a conocer el cronograma correspondiente al fin de semana de Carnaval. 27 de Febrero de 2025 CHASCOM\u00daS -\u00a0 Los d\u00edas viernes 28 y s\u00e1bado 1, el servicio ser\u00e1 normal por la ma\u00f1ana y por la tarde. En cuanto a los d\u00edas\u2026","rel":"","context":"En \u00abDESTACADAS\u00bb","block_context":{"text":"DESTACADAS","link":"https:\/\/larevistadigital.com.ar\/blog\/category\/destacadas\/"},"img":{"alt_text":"","src":"https:\/\/i0.wp.com\/larevistadigital.com.ar\/blog\/wp-content\/uploads\/67c09a4a41c4f.png?fit=668%2C445&ssl=1&resize=350%2C200","width":350,"height":200,"srcset":"https:\/\/i0.wp.com\/larevistadigital.com.ar\/blog\/wp-content\/uploads\/67c09a4a41c4f.png?fit=668%2C445&ssl=1&resize=350%2C200 1x, https:\/\/i0.wp.com\/larevistadigital.com.ar\/blog\/wp-content\/uploads\/67c09a4a41c4f.png?fit=668%2C445&ssl=1&resize=525%2C300 1.5x"},"classes":[]},{"id":43065,"url":"https:\/\/larevistadigital.com.ar\/blog\/el-correcto-descarte-y-la-separacion-de-residuos-claves-para-una-mejor-convivencia\/","url_meta":{"origin":39510,"position":2},"title":"El correcto descarte y la separaci\u00f3n de residuos, claves para una mejor convivencia","author":"Alejandro Sosa Ruda","date":"30 diciembre, 2025","format":false,"excerpt":"Respetar los horarios de recolecci\u00f3n, separar los residuos y utilizar correctamente los contenedores es fundamental para mantener una ciudad limpia, ordenada y saludable La Municipalidad de Chascom\u00fas recuerda a la comunidad la importancia de realizar un correcto descarte de los residuos domiciliarios, respetando los d\u00edas y horarios establecidos para la\u2026","rel":"","context":"En \u00abCHASCOM\u00daS\u00bb","block_context":{"text":"CHASCOM\u00daS","link":"https:\/\/larevistadigital.com.ar\/blog\/category\/chascomus\/"},"img":{"alt_text":"","src":"https:\/\/i0.wp.com\/larevistadigital.com.ar\/blog\/wp-content\/uploads\/6952ac3f61420.png?fit=668%2C445&ssl=1&resize=350%2C200","width":350,"height":200,"srcset":"https:\/\/i0.wp.com\/larevistadigital.com.ar\/blog\/wp-content\/uploads\/6952ac3f61420.png?fit=668%2C445&ssl=1&resize=350%2C200 1x, https:\/\/i0.wp.com\/larevistadigital.com.ar\/blog\/wp-content\/uploads\/6952ac3f61420.png?fit=668%2C445&ssl=1&resize=525%2C300 1.5x"},"classes":[]},{"id":41527,"url":"https:\/\/larevistadigital.com.ar\/blog\/chascomus-separacion-de-residuos\/","url_meta":{"origin":39510,"position":3},"title":"Chascom\u00fas: Separaci\u00f3n de res\u00edduos","author":"Alejandro Sosa Ruda","date":"19 septiembre, 2025","format":false,"excerpt":"Un compromiso con el ambiente y con la higiene de la ciudad. 19 de septiembre de 2025 CHASCOM\u00daS -\u00a0 \u00a0El sistema de recolecci\u00f3n de Chascom\u00fas est\u00e1 pensado con dos objetivos fundamentales. El primero es mantener el orden y la higiene de la v\u00eda p\u00fablica. El segundo, es el cuidado del\u2026","rel":"","context":"En \u00abCHASCOM\u00daS\u00bb","block_context":{"text":"CHASCOM\u00daS","link":"https:\/\/larevistadigital.com.ar\/blog\/category\/chascomus\/"},"img":{"alt_text":"","src":"https:\/\/i0.wp.com\/larevistadigital.com.ar\/blog\/wp-content\/uploads\/68cd9822246e9.png?fit=668%2C445&ssl=1&resize=350%2C200","width":350,"height":200,"srcset":"https:\/\/i0.wp.com\/larevistadigital.com.ar\/blog\/wp-content\/uploads\/68cd9822246e9.png?fit=668%2C445&ssl=1&resize=350%2C200 1x, https:\/\/i0.wp.com\/larevistadigital.com.ar\/blog\/wp-content\/uploads\/68cd9822246e9.png?fit=668%2C445&ssl=1&resize=525%2C300 1.5x"},"classes":[]},{"id":40301,"url":"https:\/\/larevistadigital.com.ar\/blog\/chascomus-mantenimiento-y-limpieza-de-contenedores-para-cuidar-la-higiene-urbana\/","url_meta":{"origin":39510,"position":4},"title":"Chascom\u00fas: Mantenimiento y limpieza de contenedores para cuidar la higiene urbana","author":"Alejandro Sosa Ruda","date":"4 julio, 2025","format":false,"excerpt":"La Municipalidad de Chascom\u00fas realiza tareas peri\u00f3dicas de lavado y reparaci\u00f3n para asegurar el correcto funcionamiento del sistema de contenerizaci\u00f3n y prevenir focos de contaminaci\u00f3n. 04 de Julio de 2025 CHASCOM\u00daS -\u00a0 Con el objetivo de preservar los beneficios del sistema de recolecci\u00f3n de residuos, desde la Secretar\u00eda de Obras\u2026","rel":"","context":"En \u00abCHASCOM\u00daS\u00bb","block_context":{"text":"CHASCOM\u00daS","link":"https:\/\/larevistadigital.com.ar\/blog\/category\/chascomus\/"},"img":{"alt_text":"","src":"https:\/\/i0.wp.com\/larevistadigital.com.ar\/blog\/wp-content\/uploads\/686816c81af59.png?fit=668%2C445&ssl=1&resize=350%2C200","width":350,"height":200,"srcset":"https:\/\/i0.wp.com\/larevistadigital.com.ar\/blog\/wp-content\/uploads\/686816c81af59.png?fit=668%2C445&ssl=1&resize=350%2C200 1x, https:\/\/i0.wp.com\/larevistadigital.com.ar\/blog\/wp-content\/uploads\/686816c81af59.png?fit=668%2C445&ssl=1&resize=525%2C300 1.5x"},"classes":[]},{"id":38408,"url":"https:\/\/larevistadigital.com.ar\/blog\/el-uso-correcto-de-los-contenedores-contribuye-a-un-espacio-publico-mas-limpio\/","url_meta":{"origin":39510,"position":5},"title":"El uso correcto de los contenedores contribuye a un espacio p\u00fablico m\u00e1s limpio","author":"Alejandro Sosa Ruda","date":"8 enero, 2025","format":false,"excerpt":"La colaboraci\u00f3n de toda la comunidad es fundamental para mantener limpias las calles de Chascom\u00fas y contribuir a un ambiente saludable para todos. 08 de Enero de 2025 CHASCOM\u00daS -\u00a0 Chascom\u00fas cuenta con un sistema de contenerizaci\u00f3n destinado a mantener la ciudad limpia y promover el reciclaje. En cada esquina,\u2026","rel":"","context":"En \u00abCHASCOM\u00daS\u00bb","block_context":{"text":"CHASCOM\u00daS","link":"https:\/\/larevistadigital.com.ar\/blog\/category\/chascomus\/"},"img":{"alt_text":"","src":"https:\/\/i0.wp.com\/larevistadigital.com.ar\/blog\/wp-content\/uploads\/677d5f0896782.png?fit=668%2C445&ssl=1&resize=350%2C200","width":350,"height":200,"srcset":"https:\/\/i0.wp.com\/larevistadigital.com.ar\/blog\/wp-content\/uploads\/677d5f0896782.png?fit=668%2C445&ssl=1&resize=350%2C200 1x, https:\/\/i0.wp.com\/larevistadigital.com.ar\/blog\/wp-content\/uploads\/677d5f0896782.png?fit=668%2C445&ssl=1&resize=525%2C300 1.5x"},"classes":[]}],"_links":{"self":[{"href":"https:\/\/larevistadigital.com.ar\/blog\/wp-json\/wp\/v2\/posts\/39510","targetHints":{"allow":["GET"]}}],"collection":[{"href":"https:\/\/larevistadigital.com.ar\/blog\/wp-json\/wp\/v2\/posts"}],"about":[{"href":"https:\/\/larevistadigital.com.ar\/blog\/wp-json\/wp\/v2\/types\/post"}],"author":[{"embeddable":true,"href":"https:\/\/larevistadigital.com.ar\/blog\/wp-json\/wp\/v2\/users\/3"}],"replies":[{"embeddable":true,"href":"https:\/\/larevistadigital.com.ar\/blog\/wp-json\/wp\/v2\/comments?post=39510"}],"version-history":[{"count":1,"href":"https:\/\/larevistadigital.com.ar\/blog\/wp-json\/wp\/v2\/posts\/39510\/revisions"}],"predecessor-version":[{"id":39512,"href":"https:\/\/larevistadigital.com.ar\/blog\/wp-json\/wp\/v2\/posts\/39510\/revisions\/39512"}],"wp:featuredmedia":[{"embeddable":true,"href":"https:\/\/larevistadigital.com.ar\/blog\/wp-json\/wp\/v2\/media\/39511"}],"wp:attachment":[{"href":"https:\/\/larevistadigital.com.ar\/blog\/wp-json\/wp\/v2\/media?parent=39510"}],"wp:term":[{"taxonomy":"category","embeddable":true,"href":"https:\/\/larevistadigital.com.ar\/blog\/wp-json\/wp\/v2\/categories?post=39510"},{"taxonomy":"post_tag","embeddable":true,"href":"https:\/\/larevistadigital.com.ar\/blog\/wp-json\/wp\/v2\/tags?post=39510"}],"curies":[{"name":"wp","href":"https:\/\/api.w.org\/{rel}","templated":true}]}}