{"id":39513,"date":"2025-04-23T22:47:57","date_gmt":"2025-04-24T01:47:57","guid":{"rendered":"https:\/\/larevistadigital.com.ar\/blog\/?p=39513"},"modified":"2025-04-23T22:47:57","modified_gmt":"2025-04-24T01:47:57","slug":"celebracion-del-dia-del-animal","status":"publish","type":"post","link":"https:\/\/larevistadigital.com.ar\/blog\/celebracion-del-dia-del-animal\/","title":{"rendered":"Celebraci\u00f3n del d\u00eda del animal"},"content":{"rendered":"<h2 class=\"excerpt\">Se prepara una jornada con muchas actividades y clases de adiestramiento para festejar en comunidad con nuestros amigos de cuatro patas.<\/h2>\n<p>23 de Abril de 2025<\/p>\n<div id=\"miDiv1\" class=\"text\">\n<p><strong>CHASCOM\u00daS &#8211;<\/strong>\u00a0 La cita es el pr\u00f3ximo 3 de mayo en el Parque Libres del Sur a partir de las 9 hs., donde se realizar\u00e1n distintas actividades gratuitas y abiertas a la comunidad.<\/p>\n<blockquote>\n<h3>Entre ellas, se ofrecer\u00e1n clases gratuitas de adiestramiento, a cargo de Sergio Gonz\u00e1lez de Ser Can. Quienes deseen participar, deber\u00e1n comunicarse al 2241 58-5467.<\/h3>\n<\/blockquote>\n<p>En el marco de esta jornada el \u00e1rea de Zoonosis municipal continuar\u00e1 con la campa\u00f1a gratuita de vacunaci\u00f3n antirr\u00e1bica; en tanto que Defensa Civil brindar\u00e1 instrucci\u00f3n sobre RCP y DEA para quienes deseen aprender.<\/p>\n<h3>Tambi\u00e9n estar\u00e1n presentes distintas agrupaciones amigas. VyDa Chascom\u00fas, dedicada a la recuperaci\u00f3n y reubicaci\u00f3n de mascotas en situaci\u00f3n de calle. Sadech que, a trav\u00e9s de la escritura, invita a la reflexi\u00f3n sobre una mejor vinculaci\u00f3n con los animales y el respeto por las distintas especies.<\/h3>\n<p>Ciclistas invitados dar\u00e1n una vuelta simb\u00f3lica al parque para concientizar y promover la tenencia responsable de mascotas. La escuela de adiestramiento Von Der Dog, de la ciudad de La Plata, realizar\u00e1 simulacros de seguridad con perros. Y muchas sorpresas m\u00e1s. El evento cuenta con la organizaci\u00f3n de SerCan Adiestramiento Canino en conjunto con la Municipalidad de Chascom\u00fas.<\/p>\n<\/div>\n","protected":false},"excerpt":{"rendered":"<div class=\"mh-excerpt\"><p>Se prepara una jornada con muchas actividades y clases de adiestramiento para festejar en comunidad con nuestros amigos de cuatro patas. 23 de Abril de 2025 CHASCOM\u00daS &#8211;\u00a0 La cita es el pr\u00f3ximo 3 de <a class=\"mh-excerpt-more\" href=\"https:\/\/larevistadigital.com.ar\/blog\/celebracion-del-dia-del-animal\/\" title=\"Celebraci\u00f3n del d\u00eda del animal\">[Leer M\u00e1s]<\/a><\/p>\n<\/div>","protected":false},"author":3,"featured_media":39514,"comment_status":"open","ping_status":"open","sticky":false,"template":"","format":"standard","meta":{"_jetpack_memberships_contains_paid_content":false,"footnotes":"","jetpack_publicize_message":"","jetpack_publicize_feature_enabled":true,"jetpack_social_post_already_shared":true,"jetpack_social_options":{"image_generator_settings":{"template":"highway","default_image_id":0,"font":"","enabled":false},"version":2}},"categories":[51],"tags":[],"class_list":{"0":"post-39513","1":"post","2":"type-post","3":"status-publish","4":"format-standard","5":"has-post-thumbnail","7":"category-regionales"},"jetpack_publicize_connections":[],"jetpack_featured_media_url":"https:\/\/i0.wp.com\/larevistadigital.com.ar\/blog\/wp-content\/uploads\/68091d60ea0b5.png?fit=668%2C445&ssl=1","jetpack_sharing_enabled":true,"jetpack_shortlink":"https:\/\/wp.me\/p8qtrQ-ahj","jetpack-related-posts":[{"id":44313,"url":"https:\/\/larevistadigital.com.ar\/blog\/el-quirofano-movil-avanza-con-nuevas-castraciones-mas-de-50-turnos-confirmados-en-el-barrio-ipora\/","url_meta":{"origin":39513,"position":0},"title":"El Quir\u00f3fano M\u00f3vil avanza con nuevas castraciones: M\u00e1s de 50 turnos confirmados en el barrio Ipor\u00e1","author":"Alejandro Sosa Ruda","date":"5 marzo, 2026","format":false,"excerpt":"Con este tipo de operativos en los barrios, el Municipio contin\u00faa acercando servicios esenciales a la comunidad y reforzando su compromiso con el bienestar animal. 05 De Marzo de 2026 CHASCOM\u00daS -\u00a0 \u00a0El \u00faltimo martes, el Quir\u00f3fano M\u00f3vil de la Municipalidad de Chascom\u00fas llev\u00f3 adelante una jornada de revisaci\u00f3n de\u2026","rel":"","context":"En \u00abCHASCOM\u00daS\u00bb","block_context":{"text":"CHASCOM\u00daS","link":"https:\/\/larevistadigital.com.ar\/blog\/category\/chascomus\/"},"img":{"alt_text":"","src":"https:\/\/i0.wp.com\/larevistadigital.com.ar\/blog\/wp-content\/uploads\/69a86a69606ff.png?fit=668%2C445&ssl=1&resize=350%2C200","width":350,"height":200,"srcset":"https:\/\/i0.wp.com\/larevistadigital.com.ar\/blog\/wp-content\/uploads\/69a86a69606ff.png?fit=668%2C445&ssl=1&resize=350%2C200 1x, https:\/\/i0.wp.com\/larevistadigital.com.ar\/blog\/wp-content\/uploads\/69a86a69606ff.png?fit=668%2C445&ssl=1&resize=525%2C300 1.5x"},"classes":[]},{"id":11531,"url":"https:\/\/larevistadigital.com.ar\/blog\/chascomus-battisacchi-una-ciudad-se-construye-con-la-voz-de-cada-vecino-y-para-escuchar-hay-que-estar-cerca\/","url_meta":{"origin":39513,"position":1},"title":"CHASCOM\u00daS: BATTISACCHI: \u201cUNA CIUDAD SE CONSTRUYE CON LA VOZ DE CADA VECINO. Y PARA ESCUCHAR HAY QUE ESTAR CERCA\u201d","author":"Alejandro Sosa Ruda","date":"26 julio, 2019","format":false,"excerpt":"El precandidato a intendente de \"Juntos por el Cambio\", Osvaldo Battisacchi, junto al grupo de precandidatos a concejales y consejeros escolares que lo acompa\u00f1an en la Lista 135 - 3 Rojo A, contin\u00faa recorriendo los barrios de nuestra ciudad. En declaraciones period\u00edsticas, el Dr. Battisacchi, sostuvo \u201cEstamos recorriendo los barrios\u2026","rel":"","context":"En \u00abCHASCOM\u00daS\u00bb","block_context":{"text":"CHASCOM\u00daS","link":"https:\/\/larevistadigital.com.ar\/blog\/category\/chascomus\/"},"img":{"alt_text":"","src":"https:\/\/i0.wp.com\/larevistadigital.com.ar\/blog\/wp-content\/uploads\/Batti-con-vecinos-m.jpg?fit=1152%2C864&ssl=1&resize=350%2C200","width":350,"height":200,"srcset":"https:\/\/i0.wp.com\/larevistadigital.com.ar\/blog\/wp-content\/uploads\/Batti-con-vecinos-m.jpg?fit=1152%2C864&ssl=1&resize=350%2C200 1x, https:\/\/i0.wp.com\/larevistadigital.com.ar\/blog\/wp-content\/uploads\/Batti-con-vecinos-m.jpg?fit=1152%2C864&ssl=1&resize=525%2C300 1.5x, https:\/\/i0.wp.com\/larevistadigital.com.ar\/blog\/wp-content\/uploads\/Batti-con-vecinos-m.jpg?fit=1152%2C864&ssl=1&resize=700%2C400 2x, https:\/\/i0.wp.com\/larevistadigital.com.ar\/blog\/wp-content\/uploads\/Batti-con-vecinos-m.jpg?fit=1152%2C864&ssl=1&resize=1050%2C600 3x"},"classes":[]},{"id":36597,"url":"https:\/\/larevistadigital.com.ar\/blog\/36597-2\/","url_meta":{"origin":39513,"position":2},"title":"M\u00c1S PROPUESTAS CULTURALES ABIERTAS Y GRATUITAS","author":"Alejandro Sosa Ruda","date":"4 julio, 2024","format":false,"excerpt":"Tres propuestas se suman para pasar el fin de semana en Chascom\u00fas 04 de Julio de 2024 CHASCOM\u00daS -\u00a0 Este s\u00e1bado los chascomunenses y los visitantes ocasionales podr\u00e1n disfrutar de una agenda abierta y gratuita propuesta por el \u00e1rea de cultura municipal. Se trata de tres actividades que se desarrollar\u00e1n\u2026","rel":"","context":"En \u00abREGIONALES\u00bb","block_context":{"text":"REGIONALES","link":"https:\/\/larevistadigital.com.ar\/blog\/category\/regionales\/"},"img":{"alt_text":"","src":"https:\/\/i0.wp.com\/larevistadigital.com.ar\/blog\/wp-content\/uploads\/2024_07_05_01_06_53_183549.jpeg?fit=600%2C452&ssl=1&resize=350%2C200","width":350,"height":200,"srcset":"https:\/\/i0.wp.com\/larevistadigital.com.ar\/blog\/wp-content\/uploads\/2024_07_05_01_06_53_183549.jpeg?fit=600%2C452&ssl=1&resize=350%2C200 1x, https:\/\/i0.wp.com\/larevistadigital.com.ar\/blog\/wp-content\/uploads\/2024_07_05_01_06_53_183549.jpeg?fit=600%2C452&ssl=1&resize=525%2C300 1.5x"},"classes":[]},{"id":39833,"url":"https:\/\/larevistadigital.com.ar\/blog\/chascomus-continua-el-programa-espacio-para-lideres\/","url_meta":{"origin":39513,"position":3},"title":"Chascom\u00fas: Contin\u00faa el programa \u201cEspacio para L\u00edderes\u201d","author":"Alejandro Sosa Ruda","date":"21 mayo, 2025","format":false,"excerpt":"Comenz\u00f3 una nueva etapa del programa de formaci\u00f3n y profesionalizaci\u00f3n para mandos medios del equipo municipal. 21 de Mayo de 2025 CHASCOM\u00daS -\u00a0 Esta semana tuvo lugar un nuevo encuentro del programa \u201cEspacio para L\u00edderes\u201d, que busca ofrecer formaci\u00f3n continua a trabajadores y trabajadoras con roles jer\u00e1rquicos dentro de la\u2026","rel":"","context":"En \u00abCHASCOM\u00daS\u00bb","block_context":{"text":"CHASCOM\u00daS","link":"https:\/\/larevistadigital.com.ar\/blog\/category\/chascomus\/"},"img":{"alt_text":"","src":"https:\/\/i0.wp.com\/larevistadigital.com.ar\/blog\/wp-content\/uploads\/682e0598a333b.png?fit=668%2C445&ssl=1&resize=350%2C200","width":350,"height":200,"srcset":"https:\/\/i0.wp.com\/larevistadigital.com.ar\/blog\/wp-content\/uploads\/682e0598a333b.png?fit=668%2C445&ssl=1&resize=350%2C200 1x, https:\/\/i0.wp.com\/larevistadigital.com.ar\/blog\/wp-content\/uploads\/682e0598a333b.png?fit=668%2C445&ssl=1&resize=525%2C300 1.5x"},"classes":[]},{"id":43475,"url":"https:\/\/larevistadigital.com.ar\/blog\/salud-comunitaria-nueva-campana-de-vacunacion-en-los-barrios\/","url_meta":{"origin":39513,"position":4},"title":"Salud Comunitaria: Nueva campa\u00f1a de vacunaci\u00f3n en los barrios","author":"Alejandro Sosa Ruda","date":"19 enero, 2026","format":false,"excerpt":"Este mi\u00e9rcoles y viernes, habr\u00e1 jornadas gratuitas, en el CAPS de San Cayetano y en el CIC 30 de Mayo, respectivamente. De esta manera se favorece el acceso a la salud, m\u00e1s cerca de casa La Municipalidad de Chascom\u00fas ofrece una campa\u00f1a de vacunaci\u00f3n m\u00e1s cerca de casa, realiz\u00e1ndose en\u2026","rel":"","context":"En \u00abCHASCOM\u00daS\u00bb","block_context":{"text":"CHASCOM\u00daS","link":"https:\/\/larevistadigital.com.ar\/blog\/category\/chascomus\/"},"img":{"alt_text":"","src":"https:\/\/i0.wp.com\/larevistadigital.com.ar\/blog\/wp-content\/uploads\/696e727eed5dd.png?fit=668%2C445&ssl=1&resize=350%2C200","width":350,"height":200,"srcset":"https:\/\/i0.wp.com\/larevistadigital.com.ar\/blog\/wp-content\/uploads\/696e727eed5dd.png?fit=668%2C445&ssl=1&resize=350%2C200 1x, https:\/\/i0.wp.com\/larevistadigital.com.ar\/blog\/wp-content\/uploads\/696e727eed5dd.png?fit=668%2C445&ssl=1&resize=525%2C300 1.5x"},"classes":[]},{"id":40791,"url":"https:\/\/larevistadigital.com.ar\/blog\/chascomus-la-escuela-21-de-gandara-sera-el-escenario-de-una-gran-jornada-rural\/","url_meta":{"origin":39513,"position":5},"title":"Chascom\u00fas: La Escuela 21 de G\u00e1ndara ser\u00e1 el escenario de una gran jornada rural","author":"Alejandro Sosa Ruda","date":"6 agosto, 2025","format":false,"excerpt":"Se presentar\u00e1n talleres, propuestas productivas, actividades ecuestres y espect\u00e1culos para visibilizar el proyecto educativo rural. 06 de Agosto de 2025 CHASCOM\u00daS\u00a0 -\u00a0 \u00a0La Escuela Primaria N\u00b021 de G\u00e1ndara ser\u00e1 escenario, el pr\u00f3ximo s\u00e1bado 23, de una jornada de Aula Rural Abierta con m\u00faltiples propuestas culturales, educativas y productivas abiertas a\u2026","rel":"","context":"En \u00abCHASCOM\u00daS\u00bb","block_context":{"text":"CHASCOM\u00daS","link":"https:\/\/larevistadigital.com.ar\/blog\/category\/chascomus\/"},"img":{"alt_text":"","src":"https:\/\/i0.wp.com\/larevistadigital.com.ar\/blog\/wp-content\/uploads\/6893928f9ab51.png?fit=668%2C445&ssl=1&resize=350%2C200","width":350,"height":200,"srcset":"https:\/\/i0.wp.com\/larevistadigital.com.ar\/blog\/wp-content\/uploads\/6893928f9ab51.png?fit=668%2C445&ssl=1&resize=350%2C200 1x, https:\/\/i0.wp.com\/larevistadigital.com.ar\/blog\/wp-content\/uploads\/6893928f9ab51.png?fit=668%2C445&ssl=1&resize=525%2C300 1.5x"},"classes":[]}],"_links":{"self":[{"href":"https:\/\/larevistadigital.com.ar\/blog\/wp-json\/wp\/v2\/posts\/39513","targetHints":{"allow":["GET"]}}],"collection":[{"href":"https:\/\/larevistadigital.com.ar\/blog\/wp-json\/wp\/v2\/posts"}],"about":[{"href":"https:\/\/larevistadigital.com.ar\/blog\/wp-json\/wp\/v2\/types\/post"}],"author":[{"embeddable":true,"href":"https:\/\/larevistadigital.com.ar\/blog\/wp-json\/wp\/v2\/users\/3"}],"replies":[{"embeddable":true,"href":"https:\/\/larevistadigital.com.ar\/blog\/wp-json\/wp\/v2\/comments?post=39513"}],"version-history":[{"count":1,"href":"https:\/\/larevistadigital.com.ar\/blog\/wp-json\/wp\/v2\/posts\/39513\/revisions"}],"predecessor-version":[{"id":39515,"href":"https:\/\/larevistadigital.com.ar\/blog\/wp-json\/wp\/v2\/posts\/39513\/revisions\/39515"}],"wp:featuredmedia":[{"embeddable":true,"href":"https:\/\/larevistadigital.com.ar\/blog\/wp-json\/wp\/v2\/media\/39514"}],"wp:attachment":[{"href":"https:\/\/larevistadigital.com.ar\/blog\/wp-json\/wp\/v2\/media?parent=39513"}],"wp:term":[{"taxonomy":"category","embeddable":true,"href":"https:\/\/larevistadigital.com.ar\/blog\/wp-json\/wp\/v2\/categories?post=39513"},{"taxonomy":"post_tag","embeddable":true,"href":"https:\/\/larevistadigital.com.ar\/blog\/wp-json\/wp\/v2\/tags?post=39513"}],"curies":[{"name":"wp","href":"https:\/\/api.w.org\/{rel}","templated":true}]}}