{"id":39516,"date":"2025-04-23T22:52:50","date_gmt":"2025-04-24T01:52:50","guid":{"rendered":"https:\/\/larevistadigital.com.ar\/blog\/?p=39516"},"modified":"2025-04-23T22:52:50","modified_gmt":"2025-04-24T01:52:50","slug":"kicillof-inauguro-la-nueva-bajada-a-la-avenida-520-de-la-autopista-buenos-aires-la-plata","status":"publish","type":"post","link":"https:\/\/larevistadigital.com.ar\/blog\/kicillof-inauguro-la-nueva-bajada-a-la-avenida-520-de-la-autopista-buenos-aires-la-plata\/","title":{"rendered":"Kicillof inaugur\u00f3 la nueva bajada a la Avenida 520 de la Autopista Buenos Aires &#8211; La Plata"},"content":{"rendered":"<div class=\"field field-name-field-bajada-noti-agroindustria field-type-text-with-summary field-label-hidden\">\n<div class=\"field-items\">\n<div class=\"field-item even\">\n<h2>Adem\u00e1s, el Gobernador firm\u00f3 convenios para la construcci\u00f3n de viviendas en el barrio El Mercadito y para una nueva sede policial en la zona.<\/h2>\n<\/div>\n<\/div>\n<\/div>\n<div class=\"field field-name-field-fecha-coord field-type-datetime field-label-hidden\">\n<div class=\"field-items\">\n<div class=\"field-item even\"><span class=\"date-display-single\">23 de Abril 2025<\/span><\/div>\n<div>\n<p><strong>BUENOS AIRES &#8211;\u00a0<\/strong> El gobernador de la provincia de Buenos Aires, <strong>Axel Kicillof<\/strong>, encabez\u00f3 este martes el acto de inauguraci\u00f3n de la nueva bajada de la Avenida 520 en la Autopista Buenos Aires &#8211; La Plata, que llevar\u00e1 el nombre de Papa Francisco en homenaje al sumo pont\u00edfice quien falleci\u00f3 en el d\u00eda de ayer. Fue junto al ministro de Infraestructura y Servicios P\u00fablicos,<strong> Gabriel Katopodis<\/strong>; de Transporte, <strong>Mart\u00edn Marinucci<\/strong>; el presidente de AUBASA, <strong>Jos\u00e9 Arteaga<\/strong>; y el intendente local, <strong>Julio Alak<\/strong>.<\/p>\n<p><strong><em>\u201cEsta es una obra p\u00fablica con un enfoque integral que va a impulsar el desarrollo de muchas inversiones privadas: se radicar\u00e1n comercios, nuevos emprendimientos y se revalorizar\u00e1n las propiedades\u201d<\/em><\/strong>, explic\u00f3 el Gobernador y agreg\u00f3: <strong><em>\u201cMientras el Gobierno nacional quiere imponer una discusi\u00f3n absolutamente falsa entre un modelo de 100% Estado o 100% mercado, esta obra es una demostraci\u00f3n de que no se trata de uno u otro, sino que son el Estado y el privado quienes construyen un pa\u00eds para todos.\u201d \u00a0<\/em><\/strong><\/p>\n<blockquote>\n<h3>Con una inversi\u00f3n de $13.378 millones, esta obra estrat\u00e9gica aliviar\u00e1 el tr\u00e1nsito de 36.000 veh\u00edculos que la utilizan diariamente y fortalecer\u00e1 el desarrollo productivo de la Regi\u00f3n Capital, poniendo en valor a la ciudad. En tanto, el nuevo distribuidor ser\u00e1 el \u00fanico nexo directo de la autopista con la Ruta Provincial N\u00b02.<\/h3>\n<\/blockquote>\n<p>Por su parte,<strong> Katopodis<\/strong> sostuvo: <strong><em>\u00abEsta inauguraci\u00f3n forma parte de un plan integral para la provincia y evidencia nuestra posici\u00f3n de reivindicar el rol de la obra p\u00fablica: creemos que no hay desarrollo posible para nuestra regi\u00f3n sin un Estado que invierta en su infraestructura. Seguiremos con nuestra agenda de planificar de forma inteligente y estrat\u00e9gica para dar respuestas concretas\u201d<\/em><\/strong>.<\/p>\n<p>En tanto, <strong>Arteaga<\/strong> remarc\u00f3: <strong><em>\u201cEstamos demostrando una vez m\u00e1s que las empresas p\u00fablicas de todos los bonaerenses pueden hacer grandes obras, ser eficientes, competitivas y brindar mejores servicios. Este trabajo cont\u00f3 con planeamiento estrat\u00e9gico: no fue solo una obra vial, sino un proyecto integral frente a las problem\u00e1ticas de esta zona de la ciudad\u201d.<\/em><\/strong><\/p>\n<blockquote>\n<h3>Las obras contemplaron tambi\u00e9n la construcci\u00f3n de un tercer carril en cada sentido, la conexi\u00f3n entre el distribuidor y la zona urbana, y distintos trabajos de infraestructura hidr\u00e1ulica para mejorar los escurrimientos y prevenir desbordes de agua.<\/h3>\n<\/blockquote>\n<p><strong><em>\u00abEsta es una obra que la ciudad esper\u00f3 casi 25 a\u00f1os y que permitir\u00e1 el fortalecimiento de la regi\u00f3n capital por tratarse de una avenida troncal con enorme importancia en t\u00e9rminos productivos. Adem\u00e1s, el proyecto incluye un plan de urbanizaci\u00f3n del barrio El Mercadito, que mejorar\u00e1 notablemente la calidad de vida de los vecinos y vecinas\u201d<\/em><\/strong>, subray\u00f3<strong> Alak.<\/strong><\/p>\n<p><span style=\"color: #ff0000\"><strong>Convenios en materia de seguridad y vivienda<\/strong><\/span><\/p>\n<p>Durante la jornada, el Gobernador, junto a la ministra de H\u00e1bitat y Desarrollo Urbano, Silvina Batakis, firm\u00f3 un convenio para la construcci\u00f3n de 20 viviendas en el barrio El Mercadito. En ese sentido, con la presencia de la directora ejecutiva del OPISU, Romina Barrios, se rubric\u00f3 un acuerdo para la realizaci\u00f3n de obras de infraestructura que mejoren la situaci\u00f3n socioambiental y habitacional del barrio.<\/p>\n<blockquote>\n<h3>En tanto, junto al ministro de Seguridad, Javier Alonso, se suscribi\u00f3 un convenio de cooperaci\u00f3n institucional para la construcci\u00f3n de las nuevas sedes de la polic\u00eda local y del comando de patrullas, y un puesto de control en el acceso de la ciudad.<\/h3>\n<\/blockquote>\n<p>Por \u00faltimo, <strong>Kicillof<\/strong> remarc\u00f3: <em><strong>\u201cEn la provincia de Buenos Aires reafirmamos que no hay desarrollo posible sin inclusi\u00f3n y trabajamos todos los d\u00edas para cumplir los proyectos, las aspiraciones y los deseos de los y las bonaerenses. Necesitamos siempre m\u00e1s Estado que defienda la producci\u00f3n, el empleo y los derechos de todos y todas para vivir un poco mejor\u201d.<\/strong><\/em><\/p>\n<p>Participaron de las actividades el ministro de Gobierno, Carlos Bianco; la jefa de Asesores del Gobernador, Cristina \u00c1lvarez Rodr\u00edguez; la presidenta del Instituto Cultural, Florencia Saintout; el presidente del Instituto de Loter\u00eda y Casinos, Gonzalo Atanasof; el jefe de la Polic\u00eda provincial, Javier Villar; la subsecretaria de Promoci\u00f3n Sociocultural, Lorena Riesgo; la diputada nacional Victoria Tolosa Paz; el presidente de la C\u00e1mara de Diputados, Alexis Guerrera; el senador provincial Pedro Borgini; la diputada bonaerense Luc\u00eda Ia\u00f1ez; y su par, Juan Mart\u00edn Malpeli; la secretaria general de UPCNBA, Fabiola Mosquera; el vicepresidente Acad\u00e9mico de la UNLP, Fernando Tauber; y representantes del Poder Judicial.<\/p>\n<\/div>\n<\/div>\n<\/div>\n","protected":false},"excerpt":{"rendered":"<div class=\"mh-excerpt\"><p>Adem\u00e1s, el Gobernador firm\u00f3 convenios para la construcci\u00f3n de viviendas en el barrio El Mercadito y para una nueva sede policial en la zona. 23 de Abril 2025 BUENOS AIRES &#8211;\u00a0 El gobernador de la <a class=\"mh-excerpt-more\" href=\"https:\/\/larevistadigital.com.ar\/blog\/kicillof-inauguro-la-nueva-bajada-a-la-avenida-520-de-la-autopista-buenos-aires-la-plata\/\" title=\"Kicillof inaugur\u00f3 la nueva bajada a la Avenida 520 de la Autopista Buenos Aires &#8211; La Plata\">[Leer M\u00e1s]<\/a><\/p>\n<\/div>","protected":false},"author":3,"featured_media":39517,"comment_status":"open","ping_status":"open","sticky":false,"template":"","format":"standard","meta":{"_jetpack_memberships_contains_paid_content":false,"footnotes":"","jetpack_publicize_message":"","jetpack_publicize_feature_enabled":true,"jetpack_social_post_already_shared":true,"jetpack_social_options":{"image_generator_settings":{"template":"highway","default_image_id":0,"font":"","enabled":false},"version":2}},"categories":[41,24],"tags":[],"class_list":{"0":"post-39516","1":"post","2":"type-post","3":"status-publish","4":"format-standard","5":"has-post-thumbnail","7":"category-destacadas","8":"category-politica-provincial"},"jetpack_publicize_connections":[],"jetpack_featured_media_url":"https:\/\/i0.wp.com\/larevistadigital.com.ar\/blog\/wp-content\/uploads\/Axel-Kicillof_95.jpg?fit=743%2C530&ssl=1","jetpack_sharing_enabled":true,"jetpack_shortlink":"https:\/\/wp.me\/p8qtrQ-ahm","jetpack-related-posts":[{"id":28446,"url":"https:\/\/larevistadigital.com.ar\/blog\/secuestran-a-3-remises-truchos-en-la-bajada-de-la-autopista-buenos-aires-la-plata\/","url_meta":{"origin":39516,"position":0},"title":"SECUESTRAN A 3 REMISES TRUCHOS EN LA BAJADA DE LA AUTOPISTA BUENOS AIRES-LA PLATA","author":"Alejandro Sosa Ruda","date":"14 octubre, 2022","format":false,"excerpt":"Los agentes controlaron los veh\u00edculos que ingresaban a la ciudad, con el objetivo de combatir el transporte ilegal y brindarle seguridad a los usuarios. 13 de octubre de 2022 El Municipio secuestr\u00f3 tres remises ilegales en la bajada de la Autopista La Plata-Buenos Aires. Fue en el marco de\u00a0un operativo\u2026","rel":"","context":"En \u00abREGIONALES\u00bb","block_context":{"text":"REGIONALES","link":"https:\/\/larevistadigital.com.ar\/blog\/category\/regionales\/"},"img":{"alt_text":"","src":"https:\/\/i0.wp.com\/larevistadigital.com.ar\/blog\/wp-content\/uploads\/1665701492784.jpeg?fit=1200%2C594&ssl=1&resize=350%2C200","width":350,"height":200,"srcset":"https:\/\/i0.wp.com\/larevistadigital.com.ar\/blog\/wp-content\/uploads\/1665701492784.jpeg?fit=1200%2C594&ssl=1&resize=350%2C200 1x, https:\/\/i0.wp.com\/larevistadigital.com.ar\/blog\/wp-content\/uploads\/1665701492784.jpeg?fit=1200%2C594&ssl=1&resize=525%2C300 1.5x, https:\/\/i0.wp.com\/larevistadigital.com.ar\/blog\/wp-content\/uploads\/1665701492784.jpeg?fit=1200%2C594&ssl=1&resize=700%2C400 2x, https:\/\/i0.wp.com\/larevistadigital.com.ar\/blog\/wp-content\/uploads\/1665701492784.jpeg?fit=1200%2C594&ssl=1&resize=1050%2C600 3x"},"classes":[]},{"id":9266,"url":"https:\/\/larevistadigital.com.ar\/blog\/los-peajes-de-la-autopista-buenos-aires-la-plata-aumentaran-un-33\/","url_meta":{"origin":39516,"position":1},"title":"LOS PEAJES DE LA AUTOPISTA BUENOS AIRES-LA PLATA AUMENTAR\u00c1N UN 33%","author":"Alejandro Sosa Ruda","date":"22 marzo, 2019","format":false,"excerpt":"Parece de nunca acabar, pero lamentablemente ha vueltoa\u00a0 ocurrir: La\u00a0tarifa\u00a0de los\u00a0peajes de la Autopista Buenos Aires \u2013 La Plata\u00a0y el\u00a0Corredor del Atl\u00e1ntico\u00a0aumentar\u00e1n un 33%, seg\u00fan la actualizaci\u00f3n de precios que fue presentada en las audiencias p\u00fablicas que se llevaron a cabo en la ciudad de La Plata. Los autos pasar\u00e1n\u2026","rel":"","context":"En \u00abDESTACADAS\u00bb","block_context":{"text":"DESTACADAS","link":"https:\/\/larevistadigital.com.ar\/blog\/category\/destacadas\/"},"img":{"alt_text":"","src":"https:\/\/i0.wp.com\/larevistadigital.com.ar\/blog\/wp-content\/uploads\/2019\/03\/20181001105050_.0004956188.jpg?fit=780%2C440&ssl=1&resize=350%2C200","width":350,"height":200,"srcset":"https:\/\/i0.wp.com\/larevistadigital.com.ar\/blog\/wp-content\/uploads\/2019\/03\/20181001105050_.0004956188.jpg?fit=780%2C440&ssl=1&resize=350%2C200 1x, https:\/\/i0.wp.com\/larevistadigital.com.ar\/blog\/wp-content\/uploads\/2019\/03\/20181001105050_.0004956188.jpg?fit=780%2C440&ssl=1&resize=525%2C300 1.5x, https:\/\/i0.wp.com\/larevistadigital.com.ar\/blog\/wp-content\/uploads\/2019\/03\/20181001105050_.0004956188.jpg?fit=780%2C440&ssl=1&resize=700%2C400 2x"},"classes":[]},{"id":29585,"url":"https:\/\/larevistadigital.com.ar\/blog\/fatal-accidente-en-la-autopista-la-plata-buenos-aires\/","url_meta":{"origin":39516,"position":2},"title":"FATAL ACCIDENTE EN LA AUTOPISTA LA PLATA-BUENOS AIRES","author":"Alejandro Sosa Ruda","date":"23 diciembre, 2022","format":false,"excerpt":"Ocurri\u00f3 en la autopista La Plata - Buenos Aires y hubo una persona fallecida. 23 de diciembre de 2022 Un accidente con un fatal desenlace se produjo hoy por la ma\u00f1ana, cuando un autom\u00f3vil impact\u00f3 contra un cami\u00f3n de volquetes que estaba detenido en la Autopista La Plata - Buenos\u2026","rel":"","context":"En \u00abDESTACADAS\u00bb","block_context":{"text":"DESTACADAS","link":"https:\/\/larevistadigital.com.ar\/blog\/category\/destacadas\/"},"img":{"alt_text":"","src":"https:\/\/i0.wp.com\/larevistadigital.com.ar\/blog\/wp-content\/uploads\/ACCIDENTE-AUTOPISTA-LP-BA.jpg?fit=900%2C562&ssl=1&resize=350%2C200","width":350,"height":200,"srcset":"https:\/\/i0.wp.com\/larevistadigital.com.ar\/blog\/wp-content\/uploads\/ACCIDENTE-AUTOPISTA-LP-BA.jpg?fit=900%2C562&ssl=1&resize=350%2C200 1x, https:\/\/i0.wp.com\/larevistadigital.com.ar\/blog\/wp-content\/uploads\/ACCIDENTE-AUTOPISTA-LP-BA.jpg?fit=900%2C562&ssl=1&resize=525%2C300 1.5x, https:\/\/i0.wp.com\/larevistadigital.com.ar\/blog\/wp-content\/uploads\/ACCIDENTE-AUTOPISTA-LP-BA.jpg?fit=900%2C562&ssl=1&resize=700%2C400 2x"},"classes":[]},{"id":20792,"url":"https:\/\/larevistadigital.com.ar\/blog\/despisto-una-avioneta-y-cayo-en-la-autopista-buenos-aires-la-plata\/","url_meta":{"origin":39516,"position":3},"title":"DESPIST\u00d3 UNA AVIONETA Y CAY\u00d3 EN LA AUTOPISTA BUENOS AIRES-LA PLATA","author":"Alejandro Sosa Ruda","date":"21 junio, 2021","format":false,"excerpt":"Luego de despegar del Aer\u00f3dromo de Berazategui una avioneta despist\u00f3 y tuvo que aterrizar de emergencia en la colectora de la Autopista. Tras despegar del Aeroclub \u201cR\u00edo de la Plata\u201d, en Berazategui, una avioneta tuvo que realizar un aterrizaje de emergencia en la autopista Buenos Aires-La Plata, a la altura\u2026","rel":"","context":"En \u00abINTERES GENERAL\u00bb","block_context":{"text":"INTERES GENERAL","link":"https:\/\/larevistadigital.com.ar\/blog\/category\/interes-general\/"},"img":{"alt_text":"","src":"https:\/\/i0.wp.com\/larevistadigital.com.ar\/blog\/wp-content\/uploads\/72865d6acc5dbff99c673e8b6c465e1ed9c3bf3c.jpg?fit=1140%2C641&ssl=1&resize=350%2C200","width":350,"height":200,"srcset":"https:\/\/i0.wp.com\/larevistadigital.com.ar\/blog\/wp-content\/uploads\/72865d6acc5dbff99c673e8b6c465e1ed9c3bf3c.jpg?fit=1140%2C641&ssl=1&resize=350%2C200 1x, https:\/\/i0.wp.com\/larevistadigital.com.ar\/blog\/wp-content\/uploads\/72865d6acc5dbff99c673e8b6c465e1ed9c3bf3c.jpg?fit=1140%2C641&ssl=1&resize=525%2C300 1.5x, https:\/\/i0.wp.com\/larevistadigital.com.ar\/blog\/wp-content\/uploads\/72865d6acc5dbff99c673e8b6c465e1ed9c3bf3c.jpg?fit=1140%2C641&ssl=1&resize=700%2C400 2x, https:\/\/i0.wp.com\/larevistadigital.com.ar\/blog\/wp-content\/uploads\/72865d6acc5dbff99c673e8b6c465e1ed9c3bf3c.jpg?fit=1140%2C641&ssl=1&resize=1050%2C600 3x"},"classes":[]},{"id":16602,"url":"https:\/\/larevistadigital.com.ar\/blog\/cooperativistas-cortan-la-bajada-de-la-autoista-la-plata-buenos-aires\/","url_meta":{"origin":39516,"position":4},"title":"COOPERATIVISTAS CORTAN LA BAJADA DE LA AUTO\u00cdSTA LA PLATA-BUENOS AIRES","author":"Alejandro Sosa Ruda","date":"29 septiembre, 2020","format":false,"excerpt":"Varias decenas de trabajadores de las cooperativas de La Plata cortaron la bajada y la subida de la autov\u00eda, en la rotonda de 120 y 32. Los trabajadores\u00a0reclaman una recomposici\u00f3n salarial\u00a0y, a trav\u00e9s de un comunicado, reclamaron que\u00a0\"mientras el Gobierno local dio un aumento salarial a los trabajadores municipales del\u2026","rel":"","context":"En \u00abREGIONALES\u00bb","block_context":{"text":"REGIONALES","link":"https:\/\/larevistadigital.com.ar\/blog\/category\/regionales\/"},"img":{"alt_text":"","src":"https:\/\/i0.wp.com\/larevistadigital.com.ar\/blog\/wp-content\/uploads\/Screenshot_5-13.jpg?fit=1000%2C694&ssl=1&resize=350%2C200","width":350,"height":200,"srcset":"https:\/\/i0.wp.com\/larevistadigital.com.ar\/blog\/wp-content\/uploads\/Screenshot_5-13.jpg?fit=1000%2C694&ssl=1&resize=350%2C200 1x, https:\/\/i0.wp.com\/larevistadigital.com.ar\/blog\/wp-content\/uploads\/Screenshot_5-13.jpg?fit=1000%2C694&ssl=1&resize=525%2C300 1.5x, https:\/\/i0.wp.com\/larevistadigital.com.ar\/blog\/wp-content\/uploads\/Screenshot_5-13.jpg?fit=1000%2C694&ssl=1&resize=700%2C400 2x"},"classes":[]},{"id":29927,"url":"https:\/\/larevistadigital.com.ar\/blog\/terrible-vuelco-mortal-en-la-autopista-buenos-aires-la-plata\/","url_meta":{"origin":39516,"position":5},"title":"TERRIBLE VUELCO MORTAL EN LA AUTOPISTA BUENOS AIRES &#8211; LA PLATA","author":"Alejandro Sosa Ruda","date":"2 febrero, 2023","format":false,"excerpt":"Se produjo el d\u00eda de hoy en la autopista, y es uno m\u00e1s de la seguidilla de siniestros que se vienen produciendo en las rutas. \u00bfQu\u00e9 pasa con la forma de conducir de las personas? 2 de febrero de 2023 BUENOS AIRES -\u00a0 Otro siniestro de gravedad ocurri\u00f3 el d\u00eda\u2026","rel":"","context":"En \u00abDESTACADAS\u00bb","block_context":{"text":"DESTACADAS","link":"https:\/\/larevistadigital.com.ar\/blog\/category\/destacadas\/"},"img":{"alt_text":"","src":"https:\/\/i0.wp.com\/larevistadigital.com.ar\/blog\/wp-content\/uploads\/1675356588479.jpeg?fit=1152%2C720&ssl=1&resize=350%2C200","width":350,"height":200,"srcset":"https:\/\/i0.wp.com\/larevistadigital.com.ar\/blog\/wp-content\/uploads\/1675356588479.jpeg?fit=1152%2C720&ssl=1&resize=350%2C200 1x, https:\/\/i0.wp.com\/larevistadigital.com.ar\/blog\/wp-content\/uploads\/1675356588479.jpeg?fit=1152%2C720&ssl=1&resize=525%2C300 1.5x, https:\/\/i0.wp.com\/larevistadigital.com.ar\/blog\/wp-content\/uploads\/1675356588479.jpeg?fit=1152%2C720&ssl=1&resize=700%2C400 2x, https:\/\/i0.wp.com\/larevistadigital.com.ar\/blog\/wp-content\/uploads\/1675356588479.jpeg?fit=1152%2C720&ssl=1&resize=1050%2C600 3x"},"classes":[]}],"_links":{"self":[{"href":"https:\/\/larevistadigital.com.ar\/blog\/wp-json\/wp\/v2\/posts\/39516","targetHints":{"allow":["GET"]}}],"collection":[{"href":"https:\/\/larevistadigital.com.ar\/blog\/wp-json\/wp\/v2\/posts"}],"about":[{"href":"https:\/\/larevistadigital.com.ar\/blog\/wp-json\/wp\/v2\/types\/post"}],"author":[{"embeddable":true,"href":"https:\/\/larevistadigital.com.ar\/blog\/wp-json\/wp\/v2\/users\/3"}],"replies":[{"embeddable":true,"href":"https:\/\/larevistadigital.com.ar\/blog\/wp-json\/wp\/v2\/comments?post=39516"}],"version-history":[{"count":1,"href":"https:\/\/larevistadigital.com.ar\/blog\/wp-json\/wp\/v2\/posts\/39516\/revisions"}],"predecessor-version":[{"id":39518,"href":"https:\/\/larevistadigital.com.ar\/blog\/wp-json\/wp\/v2\/posts\/39516\/revisions\/39518"}],"wp:featuredmedia":[{"embeddable":true,"href":"https:\/\/larevistadigital.com.ar\/blog\/wp-json\/wp\/v2\/media\/39517"}],"wp:attachment":[{"href":"https:\/\/larevistadigital.com.ar\/blog\/wp-json\/wp\/v2\/media?parent=39516"}],"wp:term":[{"taxonomy":"category","embeddable":true,"href":"https:\/\/larevistadigital.com.ar\/blog\/wp-json\/wp\/v2\/categories?post=39516"},{"taxonomy":"post_tag","embeddable":true,"href":"https:\/\/larevistadigital.com.ar\/blog\/wp-json\/wp\/v2\/tags?post=39516"}],"curies":[{"name":"wp","href":"https:\/\/api.w.org\/{rel}","templated":true}]}}