{"id":39522,"date":"2025-04-23T23:13:48","date_gmt":"2025-04-24T02:13:48","guid":{"rendered":"https:\/\/larevistadigital.com.ar\/blog\/?p=39522"},"modified":"2025-04-23T23:13:48","modified_gmt":"2025-04-24T02:13:48","slug":"buscan-trasladar-el-feriado-del-12-de-octubre-para-sumar-un-fin-de-semana-largo","status":"publish","type":"post","link":"https:\/\/larevistadigital.com.ar\/blog\/buscan-trasladar-el-feriado-del-12-de-octubre-para-sumar-un-fin-de-semana-largo\/","title":{"rendered":"Buscan trasladar el feriado del 12 de octubre para sumar un fin de semana largo"},"content":{"rendered":"<h2 class=\"fparrafo ctext fz18 lh25\">En la Legislatura bonaerense, la senadora Ayel\u00e9n Dur\u00e1n, integrante del bloque Uni\u00f3n por la Patria, present\u00f3 una iniciativa solicitando al Gobierno nacional que eval\u00fae cambiar la fecha del feriado del 12 de octubre \u2014que este a\u00f1o cae domingo\u2014 con el objetivo de generar un fin de semana largo adicional antes de que termine el a\u00f1o.<\/h2>\n<p>23 de Abril de 2025<\/p>\n<p>La senadora<b>\u00a0<\/b><strong>Ayel\u00e9n Dur\u00e1n<\/strong>, autora del proyecto para sumar un fin de semana largo en 2025. (Foto: archivo\/InfoGEI)La iniciativa busca impulsar el turismo, un sector particularmente golpeado por la crisis econ\u00f3mica, y se suma a una propuesta similar promovida recientemente por el diputado de Mar del Plata, <strong>Gustavo Pulti<\/strong>.<\/p>\n<blockquote>\n<h3>Ambos legisladores sostienen que el \u201cD\u00eda del Respeto a la Diversidad Cultural\u201d representa una ocasi\u00f3n estrat\u00e9gica para reactivar el turismo y beneficiar a las econom\u00edas regionales. En esa l\u00ednea, Dur\u00e1n afirm\u00f3 que mover el feriado permitir\u00eda <em><strong>\u00abfomentar el turismo nacional y estimular el consumo en los mercados locales\u00bb.<\/strong><\/em><\/h3>\n<\/blockquote>\n<p>Seg\u00fan argument\u00f3 la senadora oriunda de Bah\u00eda Blanca, ese fin de semana coincide con muchas fiestas populares y celebraciones en distintas partes del pa\u00eds, lo que lo convierte en un momento ideal para promover el turismo.<\/p>\n<p>Dur\u00e1n, representante de la Sexta secci\u00f3n electoral, tambi\u00e9n cuestion\u00f3 la decisi\u00f3n del Ejecutivo nacional de reemplazar los feriados tur\u00edsticos por jornadas no laborables optativas, ya que eso \u201cgenera incertidumbre\u201d y complica la planificaci\u00f3n de viajes para los trabajadores, al depender de la autorizaci\u00f3n del empleador.<\/p>\n<p><span style=\"color: #ff0000\"><b>La importancia de los feriados tur\u00edsticos<\/b><\/span><\/p>\n<p>El proyecto subraya adem\u00e1s que suprimir los feriados tur\u00edsticos implica perder una herramienta importante para mejorar la calidad de vida de la poblaci\u00f3n y respaldar a un sector clave de la econom\u00eda nacional: el turismo regional, que involucra a peque\u00f1as y medianas empresas, cooperativas y emprendedores locales.<\/p>\n<p><span style=\"color: #ff0000\"><b>Previsibilidad y reglas estables<\/b><\/span><\/p>\n<p><strong><em>\u201cEl turismo en nuestra provincia necesita previsibilidad y reglas estables. No se trata solo de descanso, sino de sostener el empleo de miles de familias que dependen del movimiento tur\u00edstico\u201d<\/em><\/strong>, concluy\u00f3 la senadora.\u00a0<b>(InfoGEI)Ac<\/b><\/p>\n","protected":false},"excerpt":{"rendered":"<div class=\"mh-excerpt\"><p>En la Legislatura bonaerense, la senadora Ayel\u00e9n Dur\u00e1n, integrante del bloque Uni\u00f3n por la Patria, present\u00f3 una iniciativa solicitando al Gobierno nacional que eval\u00fae cambiar la fecha del feriado del 12 de octubre \u2014que este <a class=\"mh-excerpt-more\" href=\"https:\/\/larevistadigital.com.ar\/blog\/buscan-trasladar-el-feriado-del-12-de-octubre-para-sumar-un-fin-de-semana-largo\/\" title=\"Buscan trasladar el feriado del 12 de octubre para sumar un fin de semana largo\">[Leer M\u00e1s]<\/a><\/p>\n<\/div>","protected":false},"author":3,"featured_media":39523,"comment_status":"open","ping_status":"open","sticky":false,"template":"","format":"standard","meta":{"_jetpack_memberships_contains_paid_content":false,"footnotes":"","jetpack_publicize_message":"","jetpack_publicize_feature_enabled":true,"jetpack_social_post_already_shared":true,"jetpack_social_options":{"image_generator_settings":{"template":"highway","default_image_id":0,"font":"","enabled":false},"version":2}},"categories":[50],"tags":[],"class_list":{"0":"post-39522","1":"post","2":"type-post","3":"status-publish","4":"format-standard","5":"has-post-thumbnail","7":"category-interes-general"},"jetpack_publicize_connections":[],"jetpack_featured_media_url":"https:\/\/i0.wp.com\/larevistadigital.com.ar\/blog\/wp-content\/uploads\/20250423154303_ayelen-duran-feriado-12-de-octubre-finde-semana-largo.jpg?fit=880%2C512&ssl=1","jetpack_sharing_enabled":true,"jetpack_shortlink":"https:\/\/wp.me\/p8qtrQ-ahs","jetpack-related-posts":[{"id":16880,"url":"https:\/\/larevistadigital.com.ar\/blog\/chascomus-el-municipio-informo-como-sera-la-recoleccion-de-residuos-durante-el-proximo-fin-de-semana-largo\/","url_meta":{"origin":39522,"position":0},"title":"CHASCOM\u00daS: EL MUNICIPIO INFORM\u00d3 C\u00d3MO SER\u00c1 LA RECOLECCI\u00d3N DE RESIDUOS DURANTE EL PR\u00d3XIMO FIN DE SEMANA LARGO","author":"Alejandro Sosa Ruda","date":"10 octubre, 2020","format":false,"excerpt":"La Municipalidad de Chascom\u00fas, inform\u00f3 el cronograma de recolecci\u00f3n de residuos durante el pr\u00f3ximo fin de semana largo, ya que el lunes 12 de octubre ser\u00e1 feriado por la conmemoraci\u00f3n del hoy llamado d\u00eda del respeto a la diversidad cultural. EL CRONOGRAMA ES EL SIGUIENTE: Viernes 9:.......... SERVICIO NORMAL S\u00e1bado\u2026","rel":"","context":"En \u00abCHASCOM\u00daS\u00bb","block_context":{"text":"CHASCOM\u00daS","link":"https:\/\/larevistadigital.com.ar\/blog\/category\/chascomus\/"},"img":{"alt_text":"","src":"https:\/\/i0.wp.com\/larevistadigital.com.ar\/blog\/wp-content\/uploads\/INFORMA-MUNICIPALIDAD-CHASCOMUS.jpg?fit=1000%2C666&ssl=1&resize=350%2C200","width":350,"height":200,"srcset":"https:\/\/i0.wp.com\/larevistadigital.com.ar\/blog\/wp-content\/uploads\/INFORMA-MUNICIPALIDAD-CHASCOMUS.jpg?fit=1000%2C666&ssl=1&resize=350%2C200 1x, https:\/\/i0.wp.com\/larevistadigital.com.ar\/blog\/wp-content\/uploads\/INFORMA-MUNICIPALIDAD-CHASCOMUS.jpg?fit=1000%2C666&ssl=1&resize=525%2C300 1.5x, https:\/\/i0.wp.com\/larevistadigital.com.ar\/blog\/wp-content\/uploads\/INFORMA-MUNICIPALIDAD-CHASCOMUS.jpg?fit=1000%2C666&ssl=1&resize=700%2C400 2x"},"classes":[]},{"id":41938,"url":"https:\/\/larevistadigital.com.ar\/blog\/chascomus-la-ocupacion-hotelera-llego-al-95-el-fin-de-semana-largo\/","url_meta":{"origin":39522,"position":1},"title":"Chascom\u00fas: La ocupaci\u00f3n hotelera lleg\u00f3 al 95% el fin de semana largo","author":"Alejandro Sosa Ruda","date":"13 octubre, 2025","format":false,"excerpt":"Chascom\u00fas contin\u00faa siendo uno de los destinos m\u00e1s elegidos de la provincia de Buenos Aires. 13 de Octubre de 2025 CHASCOM\u00daS -\u00a0 Durante el fin de semana largo por el feriado del viernes, se registr\u00f3 la ocupaci\u00f3n del 95% de las plazas hoteleras, con una afluencia estimada de m\u00e1s de\u2026","rel":"","context":"En \u00abCHASCOM\u00daS\u00bb","block_context":{"text":"CHASCOM\u00daS","link":"https:\/\/larevistadigital.com.ar\/blog\/category\/chascomus\/"},"img":{"alt_text":"","src":"https:\/\/i0.wp.com\/larevistadigital.com.ar\/blog\/wp-content\/uploads\/68ed7386a4f1b.png?fit=668%2C445&ssl=1&resize=350%2C200","width":350,"height":200,"srcset":"https:\/\/i0.wp.com\/larevistadigital.com.ar\/blog\/wp-content\/uploads\/68ed7386a4f1b.png?fit=668%2C445&ssl=1&resize=350%2C200 1x, https:\/\/i0.wp.com\/larevistadigital.com.ar\/blog\/wp-content\/uploads\/68ed7386a4f1b.png?fit=668%2C445&ssl=1&resize=525%2C300 1.5x"},"classes":[]},{"id":39672,"url":"https:\/\/larevistadigital.com.ar\/blog\/los-proximos-dos-fines-de-semana-largos-seran-consecutivos\/","url_meta":{"origin":39522,"position":2},"title":"Los pr\u00f3ximos dos fines de semana largos ser\u00e1n consecutivos","author":"Alejandro Sosa Ruda","date":"5 mayo, 2025","format":false,"excerpt":"Los pr\u00f3ximos per\u00edodos de descanso traer\u00e1n una particularidad que resultar\u00e1 ideal para quienes deseen hacer una escapada dentro del pa\u00eds. Despu\u00e9s del feriado del 1 de mayo, que este a\u00f1o se extendi\u00f3 gracias a que el viernes 2 fue declarado d\u00eda no laborable, muchos argentinos aprovecharon para disfrutar de un\u2026","rel":"","context":"En \u00abINTERES GENERAL\u00bb","block_context":{"text":"INTERES GENERAL","link":"https:\/\/larevistadigital.com.ar\/blog\/category\/interes-general\/"},"img":{"alt_text":"","src":"https:\/\/i0.wp.com\/larevistadigital.com.ar\/blog\/wp-content\/uploads\/20250505183759_feriados-proximo-fin-de-semana-largo.jpg?fit=880%2C512&ssl=1&resize=350%2C200","width":350,"height":200,"srcset":"https:\/\/i0.wp.com\/larevistadigital.com.ar\/blog\/wp-content\/uploads\/20250505183759_feriados-proximo-fin-de-semana-largo.jpg?fit=880%2C512&ssl=1&resize=350%2C200 1x, https:\/\/i0.wp.com\/larevistadigital.com.ar\/blog\/wp-content\/uploads\/20250505183759_feriados-proximo-fin-de-semana-largo.jpg?fit=880%2C512&ssl=1&resize=525%2C300 1.5x, https:\/\/i0.wp.com\/larevistadigital.com.ar\/blog\/wp-content\/uploads\/20250505183759_feriados-proximo-fin-de-semana-largo.jpg?fit=880%2C512&ssl=1&resize=700%2C400 2x"},"classes":[]},{"id":37472,"url":"https:\/\/larevistadigital.com.ar\/blog\/chascomus-operativos-preventivos-de-seguridad-para-el-fin-de-semana-largo\/","url_meta":{"origin":39522,"position":3},"title":"CHASCOM\u00daS: Operativos preventivos de seguridad para el fin de semana largo","author":"Alejandro Sosa Ruda","date":"9 octubre, 2024","format":false,"excerpt":"Autoridades municipales y policiales se reunieron para coordinar acciones durante el pr\u00f3ximo fin de semana largo para el que se espera una masiva llegada de turistas y visitantes a la ciudad. 9 de octubre de 2024 CHASCOM\u00daS -\u00a0 La secretaria de Seguridad Ciudadana, Mariela Moscarella, se reuni\u00f3 con autoridades policiales\u2026","rel":"","context":"En \u00abDESTACADAS\u00bb","block_context":{"text":"DESTACADAS","link":"https:\/\/larevistadigital.com.ar\/blog\/category\/destacadas\/"},"img":{"alt_text":"","src":"https:\/\/i0.wp.com\/larevistadigital.com.ar\/blog\/wp-content\/uploads\/6706b8c682e43.png?fit=668%2C445&ssl=1&resize=350%2C200","width":350,"height":200,"srcset":"https:\/\/i0.wp.com\/larevistadigital.com.ar\/blog\/wp-content\/uploads\/6706b8c682e43.png?fit=668%2C445&ssl=1&resize=350%2C200 1x, https:\/\/i0.wp.com\/larevistadigital.com.ar\/blog\/wp-content\/uploads\/6706b8c682e43.png?fit=668%2C445&ssl=1&resize=525%2C300 1.5x"},"classes":[]},{"id":20227,"url":"https:\/\/larevistadigital.com.ar\/blog\/el-gobierno-eliminara-el-feriado-puente-del-24-de-mayo-para-desalentar-al-turismo\/","url_meta":{"origin":39522,"position":4},"title":"EL GOBIERNO ELIMINAR\u00c1 EL FERIADO PUENTE DEL 24 DE MAYO PARA DESALENTAR AL TURISMO","author":"Alejandro Sosa Ruda","date":"12 mayo, 2021","format":false,"excerpt":"El Gobierno Nacional decidi\u00f3 eliminar el feriado del lunes 24 de mayo para desalentar el turismo en medio de la segunda ola de la pandemia del coronavirus. El mismo hab\u00eda sido establecido el a\u00f1o pasado por decreto\u00a0como un \"feriado con fines tur\u00edsticos\" para que se una al del martes 25\u2026","rel":"","context":"En \u00abINTERES GENERAL\u00bb","block_context":{"text":"INTERES GENERAL","link":"https:\/\/larevistadigital.com.ar\/blog\/category\/interes-general\/"},"img":{"alt_text":"","src":"https:\/\/i0.wp.com\/larevistadigital.com.ar\/blog\/wp-content\/uploads\/ruta-autos-1140x815-1.jpg?fit=1140%2C815&ssl=1&resize=350%2C200","width":350,"height":200,"srcset":"https:\/\/i0.wp.com\/larevistadigital.com.ar\/blog\/wp-content\/uploads\/ruta-autos-1140x815-1.jpg?fit=1140%2C815&ssl=1&resize=350%2C200 1x, https:\/\/i0.wp.com\/larevistadigital.com.ar\/blog\/wp-content\/uploads\/ruta-autos-1140x815-1.jpg?fit=1140%2C815&ssl=1&resize=525%2C300 1.5x, https:\/\/i0.wp.com\/larevistadigital.com.ar\/blog\/wp-content\/uploads\/ruta-autos-1140x815-1.jpg?fit=1140%2C815&ssl=1&resize=700%2C400 2x, https:\/\/i0.wp.com\/larevistadigital.com.ar\/blog\/wp-content\/uploads\/ruta-autos-1140x815-1.jpg?fit=1140%2C815&ssl=1&resize=1050%2C600 3x"},"classes":[]},{"id":22723,"url":"https:\/\/larevistadigital.com.ar\/blog\/buen-augurio-las-reservas-para-el-fin-de-semana-largo-en-mar-del-plata-ya-superan-el-70\/","url_meta":{"origin":39522,"position":5},"title":"BUEN AUGURIO: LAS RESERVAS PARA EL FIN DE SEMANA LARGO EN MAR DEL PLATA YA SUPERAN EL 70%","author":"Alejandro Sosa Ruda","date":"19 noviembre, 2021","format":false,"excerpt":"La ciudad ofrecer\u00e1 4 mil plazas hoteleras m\u00e1s a diferencia del \u00faltimo fin de semana largo del 12 de octubre, por lo que llegar\u00e1 a 35 mil camas disponibles, una cifra que implica volver a niveles previos a la pandemia de Coronavirus. Para el \u00faltimo fin de semana largo del\u2026","rel":"","context":"En \u00abREGIONALES\u00bb","block_context":{"text":"REGIONALES","link":"https:\/\/larevistadigital.com.ar\/blog\/category\/regionales\/"},"img":{"alt_text":"","src":"https:\/\/i0.wp.com\/larevistadigital.com.ar\/blog\/wp-content\/uploads\/Mar_del_plata_mar.jpg?fit=900%2C1200&ssl=1&resize=350%2C200","width":350,"height":200,"srcset":"https:\/\/i0.wp.com\/larevistadigital.com.ar\/blog\/wp-content\/uploads\/Mar_del_plata_mar.jpg?fit=900%2C1200&ssl=1&resize=350%2C200 1x, https:\/\/i0.wp.com\/larevistadigital.com.ar\/blog\/wp-content\/uploads\/Mar_del_plata_mar.jpg?fit=900%2C1200&ssl=1&resize=525%2C300 1.5x, https:\/\/i0.wp.com\/larevistadigital.com.ar\/blog\/wp-content\/uploads\/Mar_del_plata_mar.jpg?fit=900%2C1200&ssl=1&resize=700%2C400 2x"},"classes":[]}],"_links":{"self":[{"href":"https:\/\/larevistadigital.com.ar\/blog\/wp-json\/wp\/v2\/posts\/39522","targetHints":{"allow":["GET"]}}],"collection":[{"href":"https:\/\/larevistadigital.com.ar\/blog\/wp-json\/wp\/v2\/posts"}],"about":[{"href":"https:\/\/larevistadigital.com.ar\/blog\/wp-json\/wp\/v2\/types\/post"}],"author":[{"embeddable":true,"href":"https:\/\/larevistadigital.com.ar\/blog\/wp-json\/wp\/v2\/users\/3"}],"replies":[{"embeddable":true,"href":"https:\/\/larevistadigital.com.ar\/blog\/wp-json\/wp\/v2\/comments?post=39522"}],"version-history":[{"count":1,"href":"https:\/\/larevistadigital.com.ar\/blog\/wp-json\/wp\/v2\/posts\/39522\/revisions"}],"predecessor-version":[{"id":39524,"href":"https:\/\/larevistadigital.com.ar\/blog\/wp-json\/wp\/v2\/posts\/39522\/revisions\/39524"}],"wp:featuredmedia":[{"embeddable":true,"href":"https:\/\/larevistadigital.com.ar\/blog\/wp-json\/wp\/v2\/media\/39523"}],"wp:attachment":[{"href":"https:\/\/larevistadigital.com.ar\/blog\/wp-json\/wp\/v2\/media?parent=39522"}],"wp:term":[{"taxonomy":"category","embeddable":true,"href":"https:\/\/larevistadigital.com.ar\/blog\/wp-json\/wp\/v2\/categories?post=39522"},{"taxonomy":"post_tag","embeddable":true,"href":"https:\/\/larevistadigital.com.ar\/blog\/wp-json\/wp\/v2\/tags?post=39522"}],"curies":[{"name":"wp","href":"https:\/\/api.w.org\/{rel}","templated":true}]}}