{"id":39531,"date":"2025-04-26T16:13:18","date_gmt":"2025-04-26T19:13:18","guid":{"rendered":"https:\/\/larevistadigital.com.ar\/blog\/?p=39531"},"modified":"2025-04-26T16:13:18","modified_gmt":"2025-04-26T19:13:18","slug":"dolar-barato-durante-el-primer-trimestre-de-2025-el-turismo-emisivo-triplico-al-receptivo","status":"publish","type":"post","link":"https:\/\/larevistadigital.com.ar\/blog\/dolar-barato-durante-el-primer-trimestre-de-2025-el-turismo-emisivo-triplico-al-receptivo\/","title":{"rendered":"D\u00f3lar barato: Durante el primer trimestre de 2025, el turismo emisivo triplic\u00f3 al receptivo"},"content":{"rendered":"<h2 class=\"fparrafo ctext fz18 lh25\">Entre enero y marzo, Argentina experiment\u00f3 un marcado desequilibrio en el turismo internacional: fueron muchos m\u00e1s los argentinos que viajaron al exterior que los extranjeros que llegaron al pa\u00eds. En total, m\u00e1s de 5 millones de argentinos salieron del pa\u00eds en ese per\u00edodo, generando un d\u00e9ficit de 1.236 millones de d\u00f3lares en el sector tur\u00edstico.<\/h2>\n<p>26 de Abril de 2025<\/p>\n<p>El verano dej\u00f3 una importante p\u00e9rdida para el turismo internacional en t\u00e9rminos econ\u00f3micos y de flujo de personas. Seg\u00fan datos del Indec, la cantidad de argentinos que viajaron al exterior super\u00f3 ampliamente a la de turistas que ingresaron al pa\u00eds en el primer trimestre, lo que provoc\u00f3 una salida de divisas mucho mayor a la entrada.<\/p>\n<p>Espec\u00edficamente, entre enero y marzo, 5.076.700 personas salieron del pa\u00eds por motivos tur\u00edsticos, lo que representa un aumento del 79,6% en comparaci\u00f3n con el mismo per\u00edodo de 2024. En contraste, s\u00f3lo ingresaron 1.646.500 visitantes del exterior, cifra que implica una ca\u00edda del 24,7% respecto al a\u00f1o anterior. Esto da como resultado un saldo negativo de 3.430.200 personas.<\/p>\n<p>Este desequilibrio en el flujo tur\u00edstico representa un desaf\u00edo importante para el Gobierno nacional, que busca aumentar las reservas del Banco Central.<\/p>\n<p><b>Gastos en el exterior<\/b><\/p>\n<p>Seg\u00fan el informe del Indec, durante el primer trimestre de 2025, los argentinos gastaron en el extranjero 2.133,7 millones de d\u00f3lares, mientras que los turistas internacionales dejaron en el pa\u00eds 897,1 millones. As\u00ed, el turismo gener\u00f3 un d\u00e9ficit de 1.236,6 millones de d\u00f3lares en ese per\u00edodo estival.<\/p>\n<p><b>Sectores beneficiados<\/b><\/p>\n<p>A pesar del contexto negativo en t\u00e9rminos de balanza tur\u00edstica, algunos sectores como la gastronom\u00eda, el comercio, el entretenimiento y otros rubros se beneficiaron con el consumo de los visitantes extranjeros y tambi\u00e9n por un repunte del turismo interno. Sin embargo, desde el punto de vista del ingreso de divisas, el resultado fue claramente desfavorable.\u00a0<b>(InfoGEI)Jd<\/b><\/p>\n","protected":false},"excerpt":{"rendered":"<div class=\"mh-excerpt\"><p>Entre enero y marzo, Argentina experiment\u00f3 un marcado desequilibrio en el turismo internacional: fueron muchos m\u00e1s los argentinos que viajaron al exterior que los extranjeros que llegaron al pa\u00eds. En total, m\u00e1s de 5 millones <a class=\"mh-excerpt-more\" href=\"https:\/\/larevistadigital.com.ar\/blog\/dolar-barato-durante-el-primer-trimestre-de-2025-el-turismo-emisivo-triplico-al-receptivo\/\" title=\"D\u00f3lar barato: Durante el primer trimestre de 2025, el turismo emisivo triplic\u00f3 al receptivo\">[Leer M\u00e1s]<\/a><\/p>\n<\/div>","protected":false},"author":3,"featured_media":39532,"comment_status":"open","ping_status":"open","sticky":false,"template":"","format":"standard","meta":{"_jetpack_memberships_contains_paid_content":false,"footnotes":"","jetpack_publicize_message":"","jetpack_publicize_feature_enabled":true,"jetpack_social_post_already_shared":true,"jetpack_social_options":{"image_generator_settings":{"template":"highway","default_image_id":0,"font":"","enabled":false},"version":2}},"categories":[50,29],"tags":[],"class_list":{"0":"post-39531","1":"post","2":"type-post","3":"status-publish","4":"format-standard","5":"has-post-thumbnail","7":"category-interes-general","8":"category-sociedad"},"jetpack_publicize_connections":[],"jetpack_featured_media_url":"https:\/\/i0.wp.com\/larevistadigital.com.ar\/blog\/wp-content\/uploads\/20250426153225_turistas-extranjeros-argentinos-exterior.jpg?fit=880%2C512&ssl=1","jetpack_sharing_enabled":true,"jetpack_shortlink":"https:\/\/wp.me\/p8qtrQ-ahB","jetpack-related-posts":[{"id":23808,"url":"https:\/\/larevistadigital.com.ar\/blog\/turismo-impulsan-una-nueva-edicion-de-previaje-y-el-desarrollo-de-la-marca-pais\/","url_meta":{"origin":39531,"position":0},"title":"TURISMO: IMPULSAN UNA NUEVA EDICI\u00d3N DE \u00abPREVIAJE\u00bb Y  EL DESARROLLO DE LA MARCA PA\u00cdS","author":"Alejandro Sosa Ruda","date":"3 febrero, 2022","format":false,"excerpt":"La secretaria de Promoci\u00f3n Tur\u00edstica de la Naci\u00f3n, Yanina Mart\u00ednez, asegur\u00f3 que el gobierno trabaja con las c{amaras empresarias y las provincias, en la b\u00fasqueda de consensos para una tercera edici\u00f3n del programa Previaje, al tiempo que impulsa el desarrollo de la Marca Pa\u00eds en el exterior. \"Ven\u00edamos de un\u2026","rel":"","context":"En \u00abINTERES GENERAL\u00bb","block_context":{"text":"INTERES GENERAL","link":"https:\/\/larevistadigital.com.ar\/blog\/category\/interes-general\/"},"img":{"alt_text":"","src":"https:\/\/i0.wp.com\/larevistadigital.com.ar\/blog\/wp-content\/uploads\/20220202082719_yanina-martinez-previaje.jpg?fit=880%2C512&ssl=1&resize=350%2C200","width":350,"height":200,"srcset":"https:\/\/i0.wp.com\/larevistadigital.com.ar\/blog\/wp-content\/uploads\/20220202082719_yanina-martinez-previaje.jpg?fit=880%2C512&ssl=1&resize=350%2C200 1x, https:\/\/i0.wp.com\/larevistadigital.com.ar\/blog\/wp-content\/uploads\/20220202082719_yanina-martinez-previaje.jpg?fit=880%2C512&ssl=1&resize=525%2C300 1.5x, https:\/\/i0.wp.com\/larevistadigital.com.ar\/blog\/wp-content\/uploads\/20220202082719_yanina-martinez-previaje.jpg?fit=880%2C512&ssl=1&resize=700%2C400 2x"},"classes":[]},{"id":39544,"url":"https:\/\/larevistadigital.com.ar\/blog\/fuerte-retroceso-de-las-exportaciones-de-carne-en-el-primer-trimestre-de-2025\/","url_meta":{"origin":39531,"position":1},"title":"Fuerte retroceso de las exportaciones de carne en el primer trimestre de 2025","author":"Alejandro Sosa Ruda","date":"26 abril, 2025","format":false,"excerpt":"De acuerdo con un informe elaborado por el Consorcio de Exportadores de Carnes Argentinas (ABC), durante los primeros tres meses de 2025, las exportaciones argentinas de carne bovina sufrieron una marcada ca\u00edda: el volumen enviado al exterior se redujo un 28% y el valor generado disminuy\u00f3 un 7,5% en comparaci\u00f3n\u2026","rel":"","context":"En \u00abINTERES GENERAL\u00bb","block_context":{"text":"INTERES GENERAL","link":"https:\/\/larevistadigital.com.ar\/blog\/category\/interes-general\/"},"img":{"alt_text":"","src":"https:\/\/i0.wp.com\/larevistadigital.com.ar\/blog\/wp-content\/uploads\/20250425182036_abc-exportaciones-carne-primer-trimestre-2025.jpg?fit=880%2C512&ssl=1&resize=350%2C200","width":350,"height":200,"srcset":"https:\/\/i0.wp.com\/larevistadigital.com.ar\/blog\/wp-content\/uploads\/20250425182036_abc-exportaciones-carne-primer-trimestre-2025.jpg?fit=880%2C512&ssl=1&resize=350%2C200 1x, https:\/\/i0.wp.com\/larevistadigital.com.ar\/blog\/wp-content\/uploads\/20250425182036_abc-exportaciones-carne-primer-trimestre-2025.jpg?fit=880%2C512&ssl=1&resize=525%2C300 1.5x, https:\/\/i0.wp.com\/larevistadigital.com.ar\/blog\/wp-content\/uploads\/20250425182036_abc-exportaciones-carne-primer-trimestre-2025.jpg?fit=880%2C512&ssl=1&resize=700%2C400 2x"},"classes":[]},{"id":19438,"url":"https:\/\/larevistadigital.com.ar\/blog\/emilio-monzo-mas-de-2-millones-de-personas-necesitan-trabajo-y-no-lo-encuentran-debemos-dar-respuestas-urgentes\/","url_meta":{"origin":39531,"position":2},"title":"EMILIO MONZ\u00d3: \u00abMAS DE 2 MILLONES DE PERSONAS NECESITAN TRABAJO Y NO LO ENCUENTRAN. DEBEMOS DAR RESPUESTAS URGENTES\u00bb","author":"Alejandro Sosa Ruda","date":"25 marzo, 2021","format":false,"excerpt":"El precandidato a Diputado Nacional por Juntos por el Cambio, y creador del \"Partido del di\u00e1logo\", Emilio Monz\u00f3, hizo publico a trav\u00e9s de su cuenta de Twitter @monzoemilio su opini\u00f3n en relaci\u00f3n a la terrible situaci\u00f3n que viven las personas sin trabajo. Con dureza, pero con claridad, Monz\u00f3 expres\u00f3 que\u2026","rel":"","context":"En \u00abDESTACADAS\u00bb","block_context":{"text":"DESTACADAS","link":"https:\/\/larevistadigital.com.ar\/blog\/category\/destacadas\/"},"img":{"alt_text":"","src":"https:\/\/i0.wp.com\/larevistadigital.com.ar\/blog\/wp-content\/uploads\/WhatsApp-Image-2021-03-23-at-20.01.32-1.jpeg?fit=1200%2C800&ssl=1&resize=350%2C200","width":350,"height":200,"srcset":"https:\/\/i0.wp.com\/larevistadigital.com.ar\/blog\/wp-content\/uploads\/WhatsApp-Image-2021-03-23-at-20.01.32-1.jpeg?fit=1200%2C800&ssl=1&resize=350%2C200 1x, https:\/\/i0.wp.com\/larevistadigital.com.ar\/blog\/wp-content\/uploads\/WhatsApp-Image-2021-03-23-at-20.01.32-1.jpeg?fit=1200%2C800&ssl=1&resize=525%2C300 1.5x, https:\/\/i0.wp.com\/larevistadigital.com.ar\/blog\/wp-content\/uploads\/WhatsApp-Image-2021-03-23-at-20.01.32-1.jpeg?fit=1200%2C800&ssl=1&resize=700%2C400 2x, https:\/\/i0.wp.com\/larevistadigital.com.ar\/blog\/wp-content\/uploads\/WhatsApp-Image-2021-03-23-at-20.01.32-1.jpeg?fit=1200%2C800&ssl=1&resize=1050%2C600 3x"},"classes":[]},{"id":34381,"url":"https:\/\/larevistadigital.com.ar\/blog\/el-90-de-los-argentinos-comen-helado-todo-el-ano\/","url_meta":{"origin":39531,"position":3},"title":"EL 90% DE LOS ARGENTINOS COMEN HELADO TODO EL A\u00d1O","author":"Alejandro Sosa Ruda","date":"6 noviembre, 2023","format":false,"excerpt":"En el marco de la 39\u00aa edici\u00f3n de la Semana del Aut\u00e9ntico Helado Artesanal, que celebrar\u00e1 del 6 al 12 de noviembre, una investigaci\u00f3n muestra que en el pa\u00eds se consumen casi 7 kilos por persona al a\u00f1o. 6 de Noviembre de 20232 \u00a0Nueve de cada 10 personas consumen helado\u2026","rel":"","context":"En \u00abINTERES GENERAL\u00bb","block_context":{"text":"INTERES GENERAL","link":"https:\/\/larevistadigital.com.ar\/blog\/category\/interes-general\/"},"img":{"alt_text":"","src":"https:\/\/i0.wp.com\/larevistadigital.com.ar\/blog\/wp-content\/uploads\/20231106152518_helado.jpg?fit=880%2C512&ssl=1&resize=350%2C200","width":350,"height":200,"srcset":"https:\/\/i0.wp.com\/larevistadigital.com.ar\/blog\/wp-content\/uploads\/20231106152518_helado.jpg?fit=880%2C512&ssl=1&resize=350%2C200 1x, https:\/\/i0.wp.com\/larevistadigital.com.ar\/blog\/wp-content\/uploads\/20231106152518_helado.jpg?fit=880%2C512&ssl=1&resize=525%2C300 1.5x, https:\/\/i0.wp.com\/larevistadigital.com.ar\/blog\/wp-content\/uploads\/20231106152518_helado.jpg?fit=880%2C512&ssl=1&resize=700%2C400 2x"},"classes":[]},{"id":38155,"url":"https:\/\/larevistadigital.com.ar\/blog\/la-pobreza-afecta-al-499-de-los-argentinos-en-el-tercer-trimestre\/","url_meta":{"origin":39531,"position":4},"title":"La pobreza afecta al 49,9% de los argentinos en el tercer trimestre","author":"Alejandro Sosa Ruda","date":"6 diciembre, 2024","format":false,"excerpt":"De acuerdo con estimaciones del Observatorio de la Deuda Social de la Universidad Cat\u00f3lica Argentina (ODSA-UCA), la pobreza en Argentina alcanz\u00f3 al 49,9% de la poblaci\u00f3n y la indigencia al 12,3% durante el tercer trimestre de 2024. 06 de Diciembre de 2024 BUENOS AIRES -\u00a0 La pobreza infantil registr\u00f3 un\u2026","rel":"","context":"En \u00abINTERES GENERAL\u00bb","block_context":{"text":"INTERES GENERAL","link":"https:\/\/larevistadigital.com.ar\/blog\/category\/interes-general\/"},"img":{"alt_text":"","src":"https:\/\/i0.wp.com\/larevistadigital.com.ar\/blog\/wp-content\/uploads\/20241206183932_pobreza-tercer-trimestre-uca-odsa.jpg?fit=880%2C512&ssl=1&resize=350%2C200","width":350,"height":200,"srcset":"https:\/\/i0.wp.com\/larevistadigital.com.ar\/blog\/wp-content\/uploads\/20241206183932_pobreza-tercer-trimestre-uca-odsa.jpg?fit=880%2C512&ssl=1&resize=350%2C200 1x, https:\/\/i0.wp.com\/larevistadigital.com.ar\/blog\/wp-content\/uploads\/20241206183932_pobreza-tercer-trimestre-uca-odsa.jpg?fit=880%2C512&ssl=1&resize=525%2C300 1.5x, https:\/\/i0.wp.com\/larevistadigital.com.ar\/blog\/wp-content\/uploads\/20241206183932_pobreza-tercer-trimestre-uca-odsa.jpg?fit=880%2C512&ssl=1&resize=700%2C400 2x"},"classes":[]},{"id":34207,"url":"https:\/\/larevistadigital.com.ar\/blog\/comunicado-del-comite-nacional-de-la-ucr-la-ucr-no-acompanara-a-ninguno-de-los-candidatos\/","url_meta":{"origin":39531,"position":5},"title":"COMUNICADO DEL COMITE NACIONAL DE LA UCR: \u00abLA UCR NO ACOMPA\u00d1AR\u00c1 A NINGUNO DE LOS CANDIDATOS\u00bb","author":"Alejandro Sosa Ruda","date":"26 octubre, 2023","format":false,"excerpt":"Buenos Aires, 25 de octubre de 2023.- El pa\u00eds est\u00e1 viviendo una grave crisis econ\u00f3mica, pol\u00edtica, moral y social. Con una inflaci\u00f3n creciente, niveles de pobreza y corrupci\u00f3n alarmantes, y una incertidumbre que afecta el d\u00eda a d\u00eda y la visi\u00f3n de largo plazo de todos los argentinos. En ese\u2026","rel":"","context":"En \u00abDESTACADAS\u00bb","block_context":{"text":"DESTACADAS","link":"https:\/\/larevistadigital.com.ar\/blog\/category\/destacadas\/"},"img":{"alt_text":"","src":"https:\/\/i0.wp.com\/larevistadigital.com.ar\/blog\/wp-content\/uploads\/31a61-a888a-b05b9-06-28-ucr-e1698326695916.jpg?fit=1200%2C568&ssl=1&resize=350%2C200","width":350,"height":200,"srcset":"https:\/\/i0.wp.com\/larevistadigital.com.ar\/blog\/wp-content\/uploads\/31a61-a888a-b05b9-06-28-ucr-e1698326695916.jpg?fit=1200%2C568&ssl=1&resize=350%2C200 1x, https:\/\/i0.wp.com\/larevistadigital.com.ar\/blog\/wp-content\/uploads\/31a61-a888a-b05b9-06-28-ucr-e1698326695916.jpg?fit=1200%2C568&ssl=1&resize=525%2C300 1.5x, https:\/\/i0.wp.com\/larevistadigital.com.ar\/blog\/wp-content\/uploads\/31a61-a888a-b05b9-06-28-ucr-e1698326695916.jpg?fit=1200%2C568&ssl=1&resize=700%2C400 2x, https:\/\/i0.wp.com\/larevistadigital.com.ar\/blog\/wp-content\/uploads\/31a61-a888a-b05b9-06-28-ucr-e1698326695916.jpg?fit=1200%2C568&ssl=1&resize=1050%2C600 3x"},"classes":[]}],"_links":{"self":[{"href":"https:\/\/larevistadigital.com.ar\/blog\/wp-json\/wp\/v2\/posts\/39531","targetHints":{"allow":["GET"]}}],"collection":[{"href":"https:\/\/larevistadigital.com.ar\/blog\/wp-json\/wp\/v2\/posts"}],"about":[{"href":"https:\/\/larevistadigital.com.ar\/blog\/wp-json\/wp\/v2\/types\/post"}],"author":[{"embeddable":true,"href":"https:\/\/larevistadigital.com.ar\/blog\/wp-json\/wp\/v2\/users\/3"}],"replies":[{"embeddable":true,"href":"https:\/\/larevistadigital.com.ar\/blog\/wp-json\/wp\/v2\/comments?post=39531"}],"version-history":[{"count":1,"href":"https:\/\/larevistadigital.com.ar\/blog\/wp-json\/wp\/v2\/posts\/39531\/revisions"}],"predecessor-version":[{"id":39533,"href":"https:\/\/larevistadigital.com.ar\/blog\/wp-json\/wp\/v2\/posts\/39531\/revisions\/39533"}],"wp:featuredmedia":[{"embeddable":true,"href":"https:\/\/larevistadigital.com.ar\/blog\/wp-json\/wp\/v2\/media\/39532"}],"wp:attachment":[{"href":"https:\/\/larevistadigital.com.ar\/blog\/wp-json\/wp\/v2\/media?parent=39531"}],"wp:term":[{"taxonomy":"category","embeddable":true,"href":"https:\/\/larevistadigital.com.ar\/blog\/wp-json\/wp\/v2\/categories?post=39531"},{"taxonomy":"post_tag","embeddable":true,"href":"https:\/\/larevistadigital.com.ar\/blog\/wp-json\/wp\/v2\/tags?post=39531"}],"curies":[{"name":"wp","href":"https:\/\/api.w.org\/{rel}","templated":true}]}}