{"id":39550,"date":"2025-04-26T16:34:07","date_gmt":"2025-04-26T19:34:07","guid":{"rendered":"https:\/\/larevistadigital.com.ar\/blog\/?p=39550"},"modified":"2025-04-26T16:34:07","modified_gmt":"2025-04-26T19:34:07","slug":"el-gobernador-kicillof-presento-nuevas-obras-en-educacion-y-seguridad","status":"publish","type":"post","link":"https:\/\/larevistadigital.com.ar\/blog\/el-gobernador-kicillof-presento-nuevas-obras-en-educacion-y-seguridad\/","title":{"rendered":"El gobernador Kicillof present\u00f3 nuevas obras en Educaci\u00f3n y Seguridad"},"content":{"rendered":"<h2 class=\"fparrafo ctext fz18 lh25\">El gobernador bonaerense Axel Kicillof visit\u00f3 este viernes Trenque Lauquen para inaugurar obras en escuelas y reforzar el sistema de seguridad local. Adem\u00e1s, entreg\u00f3 computadoras del programa Conectar Igualdad Bonaerense y puso en marcha nuevos patrulleros para el distrito.<\/h2>\n<p>26 de Abril de 2026<\/p>\n<p><strong>BUENOS AIRES &#8211;\u00a0<\/strong>\u00a0Durante el acto, Kicillof present\u00f3 la renovaci\u00f3n total de la Escuela Primaria N\u00b03 \u201cAlmafuerte\u201d y del frigor\u00edfico av\u00edcola de la Escuela Secundaria Agraria N\u00b01 \u201cManuel Belgrano\u201d. Lo acompa\u00f1aron el director general de Cultura y Educaci\u00f3n, Alberto Sileoni; el intendente Francisco Recoulat y la directora de la escuela primaria, Claudia Zurra.<\/p>\n<p>\u201cEstas obras no solo mejoran edificios, sino que construyen futuro para los chicos y chicas de la provincia\u201d, se\u00f1al\u00f3 Kicillof, quien tambi\u00e9n critic\u00f3 al Gobierno nacional por tener paralizadas dos obras escolares en Trenque Lauquen y otras 80 en toda la provincia. \u201cDicen que no hay plata, pero tomaron deuda por 20 mil millones de d\u00f3lares. Ese dinero deber\u00eda destinarse a las necesidades de la gente\u201d, agreg\u00f3.<\/p>\n<p>La refacci\u00f3n de la EEP N\u00b03 demand\u00f3 una inversi\u00f3n de $321 millones y permiti\u00f3 recuperar un edificio de 760 m\u00b2 que hab\u00eda sufrido un incendio en 2023. Gracias a estas obras, 102 alumnos podr\u00e1n volver a tener clases en su escuela sin compartir espacio con otra instituci\u00f3n.<\/p>\n<p>Sileoni remarc\u00f3 que la jornada refleja el compromiso de la provincia con la educaci\u00f3n p\u00fablica: \u201cNo nos da lo mismo hacer o frenar escuelas. Hoy damos un paso m\u00e1s hacia una educaci\u00f3n de calidad\u201d.<\/p>\n<p>Tambi\u00e9n se distribuyeron 28 computadoras port\u00e1tiles entre estudiantes de cinco escuelas del distrito, sumando un total de 513 netbooks entregadas en la zona a trav\u00e9s del programa Conectar Igualdad Bonaerense.<\/p>\n<p>Adem\u00e1s, Kicillof y el ministro de Desarrollo Agrario, Javier Rodr\u00edguez, dejaron inauguradas las obras del frigor\u00edfico av\u00edcola de la EESA N\u00b01 en la localidad de 30 de Agosto. La inversi\u00f3n de $178 millones permitir\u00e1 una capacidad de faena de hasta 150 aves por d\u00eda para los 232 alumnos que cursan la especialidad en Producci\u00f3n Agropecuaria.<\/p>\n<p>Durante la jornada, tambi\u00e9n se firm\u00f3 un compromiso entre el Ministerio de Desarrollo Agrario y la Direcci\u00f3n General de Escuelas para incorporar nuevo equipamiento e infraestructura a instituciones agrarias de la regi\u00f3n.<\/p>\n<p><b>Trabajo conjunto con la Provincia<\/b><\/p>\n<p>El intendente Recoulat celebr\u00f3 el trabajo conjunto con la Provincia: \u201cEstas obras demuestran que, con di\u00e1logo y coordinaci\u00f3n, podemos transformar la vida de nuestros vecinos\u201d.<\/p>\n<p>Por su parte, Kicillof afirm\u00f3: \u201cSin justicia social, la libertad no es real. Solo es libertad para quienes tienen recursos; para los dem\u00e1s, significa exclusi\u00f3n y desigualdad\u201d.<\/p>\n<p><b>M\u00e1s seguridad para el distrito<\/b><\/p>\n<p>Como parte de su visita, Kicillof junto al ministro de Seguridad Javier Alonso, inaugur\u00f3 la nueva subdelegaci\u00f3n de la DDI en Trenque Lauquen, que trabajar\u00e1 junto con la sede de Pehuaj\u00f3 para reforzar la seguridad en 13 distritos. Tambi\u00e9n se habilit\u00f3 una nueva oficina para el personal de la l\u00ednea 911 y se incorporaron cuatro patrulleros al sistema de prevenci\u00f3n.<\/p>\n<p>\u201cEsto forma parte de una inversi\u00f3n integral para mejorar la coordinaci\u00f3n entre las distintas \u00e1reas de la polic\u00eda y garantizar m\u00e1s seguridad para los vecinos, sin importar las diferencias pol\u00edticas\u201d, concluy\u00f3 Kicillof.<\/p>\n<p>Participaron de la jornada funcionarios provinciales, intendentes de distritos vecinos, legisladores, concejales y autoridades locales.\u00a0<b>(InfoGEI)Jd<\/b><\/p>\n","protected":false},"excerpt":{"rendered":"<div class=\"mh-excerpt\"><p>El gobernador bonaerense Axel Kicillof visit\u00f3 este viernes Trenque Lauquen para inaugurar obras en escuelas y reforzar el sistema de seguridad local. Adem\u00e1s, entreg\u00f3 computadoras del programa Conectar Igualdad Bonaerense y puso en marcha nuevos <a class=\"mh-excerpt-more\" href=\"https:\/\/larevistadigital.com.ar\/blog\/el-gobernador-kicillof-presento-nuevas-obras-en-educacion-y-seguridad\/\" title=\"El gobernador Kicillof present\u00f3 nuevas obras en Educaci\u00f3n y Seguridad\">[Leer M\u00e1s]<\/a><\/p>\n<\/div>","protected":false},"author":3,"featured_media":39551,"comment_status":"open","ping_status":"open","sticky":false,"template":"","format":"standard","meta":{"_jetpack_memberships_contains_paid_content":false,"footnotes":"","jetpack_publicize_message":"","jetpack_publicize_feature_enabled":true,"jetpack_social_post_already_shared":true,"jetpack_social_options":{"image_generator_settings":{"template":"highway","default_image_id":0,"font":"","enabled":false},"version":2}},"categories":[41,12,24],"tags":[],"class_list":{"0":"post-39550","1":"post","2":"type-post","3":"status-publish","4":"format-standard","5":"has-post-thumbnail","7":"category-destacadas","8":"category-politica","9":"category-politica-provincial"},"jetpack_publicize_connections":[],"jetpack_featured_media_url":"https:\/\/i0.wp.com\/larevistadigital.com.ar\/blog\/wp-content\/uploads\/20250425173040_kicillof-trenque-lauquen-escuela-primaria-n3.jpg?fit=880%2C512&ssl=1","jetpack_sharing_enabled":true,"jetpack_shortlink":"https:\/\/wp.me\/p8qtrQ-ahU","jetpack-related-posts":[{"id":40886,"url":"https:\/\/larevistadigital.com.ar\/blog\/kicillof-entrego-patrulleros-y-equipamiento-en-ituzaingo-y-habilito-nuevas-obras-escolares\/","url_meta":{"origin":39550,"position":0},"title":"Kicillof entreg\u00f3 patrulleros y equipamiento en Ituzaing\u00f3 y habilit\u00f3 nuevas obras escolares","author":"Alejandro Sosa Ruda","date":"13 agosto, 2025","format":false,"excerpt":"El gobernador bonaerense, Axel Kicillof, encabez\u00f3 este martes en Ituzaing\u00f3 la entrega de patrulleros y equipamiento destinado a reforzar la seguridad del distrito. Lo acompa\u00f1aron el ministro de Seguridad, Javier Alonso; el titular de Infraestructura y Servicios P\u00fablicos, Gabriel Katopodis; y el intendente Pablo Descalzo. Adem\u00e1s, inaugur\u00f3 ampliaciones en la\u2026","rel":"","context":"En \u00abPOLITICA PROVINCIAL\u00bb","block_context":{"text":"POLITICA PROVINCIAL","link":"https:\/\/larevistadigital.com.ar\/blog\/category\/politica\/politica-provincial\/"},"img":{"alt_text":"","src":"https:\/\/i0.wp.com\/larevistadigital.com.ar\/blog\/wp-content\/uploads\/20250812185959_kicillof-alonso-katopodis-descalzo-ituzaingo.jpg?fit=880%2C512&ssl=1&resize=350%2C200","width":350,"height":200,"srcset":"https:\/\/i0.wp.com\/larevistadigital.com.ar\/blog\/wp-content\/uploads\/20250812185959_kicillof-alonso-katopodis-descalzo-ituzaingo.jpg?fit=880%2C512&ssl=1&resize=350%2C200 1x, https:\/\/i0.wp.com\/larevistadigital.com.ar\/blog\/wp-content\/uploads\/20250812185959_kicillof-alonso-katopodis-descalzo-ituzaingo.jpg?fit=880%2C512&ssl=1&resize=525%2C300 1.5x, https:\/\/i0.wp.com\/larevistadigital.com.ar\/blog\/wp-content\/uploads\/20250812185959_kicillof-alonso-katopodis-descalzo-ituzaingo.jpg?fit=880%2C512&ssl=1&resize=700%2C400 2x"},"classes":[]},{"id":40780,"url":"https:\/\/larevistadigital.com.ar\/blog\/merlo-kicillof-inauguro-las-obras-de-ampliacion-de-la-escuela-secundaria-n-50\/","url_meta":{"origin":39550,"position":1},"title":"Merlo: Kicillof inaugur\u00f3 las obras de ampliaci\u00f3n de la Escuela Secundaria N\u00b0 50","author":"Alejandro Sosa Ruda","date":"5 agosto, 2025","format":false,"excerpt":"Adem\u00e1s, junto al intendente Gustavo Men\u00e9ndez se realiz\u00f3 la entrega de patrulleros y motos para fortalecer la seguridad en el distrito. 05 de Agosto de 2025 Merlo.- BUENOS AIRES -\u00a0 \u00a0El gobernador de la provincia de Buenos Aires, Axel Kicillof, encabez\u00f3 este martes el acto de inauguraci\u00f3n de las obras\u2026","rel":"","context":"En \u00abPOLITICA PROVINCIAL\u00bb","block_context":{"text":"POLITICA PROVINCIAL","link":"https:\/\/larevistadigital.com.ar\/blog\/category\/politica\/politica-provincial\/"},"img":{"alt_text":"","src":"https:\/\/i0.wp.com\/larevistadigital.com.ar\/blog\/wp-content\/uploads\/DSC1388.jpg?fit=743%2C530&ssl=1&resize=350%2C200","width":350,"height":200,"srcset":"https:\/\/i0.wp.com\/larevistadigital.com.ar\/blog\/wp-content\/uploads\/DSC1388.jpg?fit=743%2C530&ssl=1&resize=350%2C200 1x, https:\/\/i0.wp.com\/larevistadigital.com.ar\/blog\/wp-content\/uploads\/DSC1388.jpg?fit=743%2C530&ssl=1&resize=525%2C300 1.5x, https:\/\/i0.wp.com\/larevistadigital.com.ar\/blog\/wp-content\/uploads\/DSC1388.jpg?fit=743%2C530&ssl=1&resize=700%2C400 2x"},"classes":[]},{"id":44442,"url":"https:\/\/larevistadigital.com.ar\/blog\/jornada-record-en-ezeiza-kicillof-inauguro-seis-edificios-educativos-en-un-mismo-dia\/","url_meta":{"origin":39550,"position":2},"title":"Jornada r\u00e9cord: En Ezeiza, Kicillof inaugur\u00f3 seis edificios educativos en un mismo d\u00eda","author":"Alejandro Sosa Ruda","date":"10 marzo, 2026","format":false,"excerpt":"El gobernador bonaerense present\u00f3 diferentes edificios p\u00fablicos que tienen como objetivo beneficiar a m\u00e1s de 3.800 alumnos y alumnas de nivel secundario del distrito. 10 de marzo de 2026 El gobernador de la\u00a0provincia de Buenos Aires,\u00a0Axel Kicillof, encabez\u00f3 este martes una jornada r\u00e9cord de inauguraciones en\u00a0Ezeiza, donde puso en funcionamiento\u2026","rel":"","context":"En \u00abPOLITICA PROVINCIAL\u00bb","block_context":{"text":"POLITICA PROVINCIAL","link":"https:\/\/larevistadigital.com.ar\/blog\/category\/politica\/politica-provincial\/"},"img":{"alt_text":"","src":"https:\/\/i0.wp.com\/larevistadigital.com.ar\/blog\/wp-content\/uploads\/Captura-de-pantalla-2026-03-10-201934.jpg?fit=795%2C456&ssl=1&resize=350%2C200","width":350,"height":200,"srcset":"https:\/\/i0.wp.com\/larevistadigital.com.ar\/blog\/wp-content\/uploads\/Captura-de-pantalla-2026-03-10-201934.jpg?fit=795%2C456&ssl=1&resize=350%2C200 1x, https:\/\/i0.wp.com\/larevistadigital.com.ar\/blog\/wp-content\/uploads\/Captura-de-pantalla-2026-03-10-201934.jpg?fit=795%2C456&ssl=1&resize=525%2C300 1.5x, https:\/\/i0.wp.com\/larevistadigital.com.ar\/blog\/wp-content\/uploads\/Captura-de-pantalla-2026-03-10-201934.jpg?fit=795%2C456&ssl=1&resize=700%2C400 2x"},"classes":[]},{"id":39989,"url":"https:\/\/larevistadigital.com.ar\/blog\/general-villegas-kicillof-inauguro-las-obras-de-ampliacion-de-la-escuela-primaria-n45\/","url_meta":{"origin":39550,"position":3},"title":"General Villegas: Kicillof inaugur\u00f3 las obras de ampliaci\u00f3n de la Escuela Primaria N\u00b045","author":"Alejandro Sosa Ruda","date":"6 junio, 2025","format":false,"excerpt":"Adem\u00e1s, el Gobernador puso en funcionamiento la nueva sede de la Polic\u00eda Rural y entreg\u00f3 patrulleros y maquinaria agr\u00edcola. 6 de Junio de 2025 CHASCOM\u00daS\u00a0 -\u00a0 \u00a0El gobernador de la provincia de Buenos Aires, Axel Kicillof, encabez\u00f3 este viernes la inauguraci\u00f3n de la obra de ampliaci\u00f3n de la Escuela Primaria\u2026","rel":"","context":"En \u00abINTERES GENERAL\u00bb","block_context":{"text":"INTERES GENERAL","link":"https:\/\/larevistadigital.com.ar\/blog\/category\/interes-general\/"},"img":{"alt_text":"","src":"https:\/\/i0.wp.com\/larevistadigital.com.ar\/blog\/wp-content\/uploads\/Axel-Kicillof_111.jpg?fit=743%2C530&ssl=1&resize=350%2C200","width":350,"height":200,"srcset":"https:\/\/i0.wp.com\/larevistadigital.com.ar\/blog\/wp-content\/uploads\/Axel-Kicillof_111.jpg?fit=743%2C530&ssl=1&resize=350%2C200 1x, https:\/\/i0.wp.com\/larevistadigital.com.ar\/blog\/wp-content\/uploads\/Axel-Kicillof_111.jpg?fit=743%2C530&ssl=1&resize=525%2C300 1.5x, https:\/\/i0.wp.com\/larevistadigital.com.ar\/blog\/wp-content\/uploads\/Axel-Kicillof_111.jpg?fit=743%2C530&ssl=1&resize=700%2C400 2x"},"classes":[]},{"id":39164,"url":"https:\/\/larevistadigital.com.ar\/blog\/kicillof-inauguro-el-edificio-educativo-n-250-en-cinco-anos-de-gestion\/","url_meta":{"origin":39550,"position":4},"title":"Kicillof inaugur\u00f3 el edificio educativo N\u00b0 250 en cinco a\u00f1os de gesti\u00f3n","author":"Alejandro Sosa Ruda","date":"27 marzo, 2025","format":false,"excerpt":"El gobernador de la provincia de Buenos Aires, Axel Kicillof, encabez\u00f3 la inauguraci\u00f3n del edificio educativo N\u00b0 250 construido durante su gesti\u00f3n. La ceremonia se llev\u00f3 a cabo en las nuevas instalaciones de la Escuela Secundaria N\u00b0 9 de Ezeiza, junto al director general de Cultura y Educaci\u00f3n, Alberto Sileoni;\u2026","rel":"","context":"En \u00abINTERES GENERAL\u00bb","block_context":{"text":"INTERES GENERAL","link":"https:\/\/larevistadigital.com.ar\/blog\/category\/interes-general\/"},"img":{"alt_text":"","src":"https:\/\/i0.wp.com\/larevistadigital.com.ar\/blog\/wp-content\/uploads\/20250327195419_kicillof-inauguracion-escuela-ezeiza.jpg?fit=880%2C512&ssl=1&resize=350%2C200","width":350,"height":200,"srcset":"https:\/\/i0.wp.com\/larevistadigital.com.ar\/blog\/wp-content\/uploads\/20250327195419_kicillof-inauguracion-escuela-ezeiza.jpg?fit=880%2C512&ssl=1&resize=350%2C200 1x, https:\/\/i0.wp.com\/larevistadigital.com.ar\/blog\/wp-content\/uploads\/20250327195419_kicillof-inauguracion-escuela-ezeiza.jpg?fit=880%2C512&ssl=1&resize=525%2C300 1.5x, https:\/\/i0.wp.com\/larevistadigital.com.ar\/blog\/wp-content\/uploads\/20250327195419_kicillof-inauguracion-escuela-ezeiza.jpg?fit=880%2C512&ssl=1&resize=700%2C400 2x"},"classes":[]},{"id":35929,"url":"https:\/\/larevistadigital.com.ar\/blog\/kicillof-inauguro-la-ampliacion-de-la-escuela-primaria-n-12-de-mar-chiquita\/","url_meta":{"origin":39550,"position":5},"title":"KICILLOF INAUGUR\u00d3 LA AMPLIACI\u00d3N DE LA ESCUELA PRIMARIA N\u00b0 12 DE MAR CHIQUITA","author":"Alejandro Sosa Ruda","date":"27 abril, 2024","format":false,"excerpt":"A partir de una inversi\u00f3n de $51 millones, se sumaron 340 metros cuadrados con salas de direcci\u00f3n y de maestros, cocina, biblioteca, aulas, sala de inform\u00e1tica y SUM. 27 de abril de 2024 MAR CHIQUITA - El gobernador de la provincia de Buenos Aires, Axel Kicillof, encabez\u00f3 este viernes la\u2026","rel":"","context":"En \u00abINTERES GENERAL\u00bb","block_context":{"text":"INTERES GENERAL","link":"https:\/\/larevistadigital.com.ar\/blog\/category\/interes-general\/"},"img":{"alt_text":"","src":"https:\/\/i0.wp.com\/larevistadigital.com.ar\/blog\/wp-content\/uploads\/Axel-Kicillof_23.jpg?fit=743%2C530&ssl=1&resize=350%2C200","width":350,"height":200,"srcset":"https:\/\/i0.wp.com\/larevistadigital.com.ar\/blog\/wp-content\/uploads\/Axel-Kicillof_23.jpg?fit=743%2C530&ssl=1&resize=350%2C200 1x, https:\/\/i0.wp.com\/larevistadigital.com.ar\/blog\/wp-content\/uploads\/Axel-Kicillof_23.jpg?fit=743%2C530&ssl=1&resize=525%2C300 1.5x, https:\/\/i0.wp.com\/larevistadigital.com.ar\/blog\/wp-content\/uploads\/Axel-Kicillof_23.jpg?fit=743%2C530&ssl=1&resize=700%2C400 2x"},"classes":[]}],"_links":{"self":[{"href":"https:\/\/larevistadigital.com.ar\/blog\/wp-json\/wp\/v2\/posts\/39550","targetHints":{"allow":["GET"]}}],"collection":[{"href":"https:\/\/larevistadigital.com.ar\/blog\/wp-json\/wp\/v2\/posts"}],"about":[{"href":"https:\/\/larevistadigital.com.ar\/blog\/wp-json\/wp\/v2\/types\/post"}],"author":[{"embeddable":true,"href":"https:\/\/larevistadigital.com.ar\/blog\/wp-json\/wp\/v2\/users\/3"}],"replies":[{"embeddable":true,"href":"https:\/\/larevistadigital.com.ar\/blog\/wp-json\/wp\/v2\/comments?post=39550"}],"version-history":[{"count":1,"href":"https:\/\/larevistadigital.com.ar\/blog\/wp-json\/wp\/v2\/posts\/39550\/revisions"}],"predecessor-version":[{"id":39552,"href":"https:\/\/larevistadigital.com.ar\/blog\/wp-json\/wp\/v2\/posts\/39550\/revisions\/39552"}],"wp:featuredmedia":[{"embeddable":true,"href":"https:\/\/larevistadigital.com.ar\/blog\/wp-json\/wp\/v2\/media\/39551"}],"wp:attachment":[{"href":"https:\/\/larevistadigital.com.ar\/blog\/wp-json\/wp\/v2\/media?parent=39550"}],"wp:term":[{"taxonomy":"category","embeddable":true,"href":"https:\/\/larevistadigital.com.ar\/blog\/wp-json\/wp\/v2\/categories?post=39550"},{"taxonomy":"post_tag","embeddable":true,"href":"https:\/\/larevistadigital.com.ar\/blog\/wp-json\/wp\/v2\/tags?post=39550"}],"curies":[{"name":"wp","href":"https:\/\/api.w.org\/{rel}","templated":true}]}}