{"id":39553,"date":"2025-04-26T16:35:49","date_gmt":"2025-04-26T19:35:49","guid":{"rendered":"https:\/\/larevistadigital.com.ar\/blog\/?p=39553"},"modified":"2025-04-26T16:35:49","modified_gmt":"2025-04-26T19:35:49","slug":"advierten-que-una-depresion-economica-en-eeuu-afectaria-a-millones-de-estadounidenses","status":"publish","type":"post","link":"https:\/\/larevistadigital.com.ar\/blog\/advierten-que-una-depresion-economica-en-eeuu-afectaria-a-millones-de-estadounidenses\/","title":{"rendered":"Advierten que una depresi\u00f3n econ\u00f3mica en EEUU, afectar\u00eda a millones de estadounidenses"},"content":{"rendered":"<h2 class=\"fparrafo ctext fz18 lh25\">El inversor y autor estadounidense Robert Kiyosaki, quien anticip\u00f3 la crisis financiera de 2008, expres\u00f3 su inquietud por el rumbo actual de la econom\u00eda de Estados Unidos, advirtiendo que podr\u00eda desencadenarse una crisis a\u00fan m\u00e1s severa que la Gran Depresi\u00f3n de 1929.<\/h2>\n<p>26 De Abril de 2025<\/p>\n<p>A trav\u00e9s de su cuenta en la red social X, Kiyosaki alert\u00f3 sobre varios factores que lo preocupan: el crecimiento sin precedentes de la deuda nacional, el uso elevado de tarjetas de cr\u00e9dito, el aumento del desempleo y la ca\u00edda de los fondos de pensiones y los ahorros destinados a la jubilaci\u00f3n.<\/p>\n<blockquote>\n<h3>Conocido por anticipar la crisis financiera de 2008 y por su libro Padre rico, padre pobre, Kiyosaki reafirm\u00f3 que ya hab\u00eda previsto este escenario en sus obras. <em>\u201cEstamos al borde de una depresi\u00f3n m\u00e1s profunda que cualquier recesi\u00f3n anterior\u201d<\/em>, asegur\u00f3.<\/h3>\n<\/blockquote>\n<p>El autor insisti\u00f3 en que aquellos que siguieron sus consejos financieros se encuentran hoy en una mejor posici\u00f3n. En ese sentido, volvi\u00f3 a sugerir invertir en activos considerados refugio, como el oro, la plata y el bitc\u00f3in, asegurando que estos instrumentos pueden permitir que muchas personas salgan de la crisis con mayor patrimonio.<\/p>\n<p>Seg\u00fan sus proyecciones, el bitc\u00f3in podr\u00eda alcanzar un valor de un mill\u00f3n de d\u00f3lares para 2035, mientras que estima que el oro y la plata podr\u00edan cotizarse en 30.000 y 3.000 d\u00f3lares, respectivamente. \u201cSer\u00e1 el dinero m\u00e1s f\u00e1cil que haya ganado en su vida\u201d, expres\u00f3.<\/p>\n<p><b>La crisis que viene<\/b><\/p>\n<p>Kiyosaki destac\u00f3 que la crisis venidera tendr\u00e1 un fuerte impacto econ\u00f3mico en la poblaci\u00f3n, pero tambi\u00e9n insisti\u00f3 en que puede representar una oportunidad \u00fanica para alcanzar la libertad financiera. En ese marco, alent\u00f3 a las personas a formarse, prepararse y actuar con estrategia.<\/p>\n<p><b>Escenario financiero global vol\u00e1til<\/b><\/p>\n<p>Estas declaraciones surgen en medio de un escenario financiero global vol\u00e1til, influido por las recientes pol\u00edticas arancelarias impulsadas por el presidente estadounidense, Donald Trump, que para algunos analistas podr\u00edan empujar al pa\u00eds hacia una recesi\u00f3n.<b>\u00a0(InfoGEI)Jd<\/b><\/p>\n","protected":false},"excerpt":{"rendered":"<div class=\"mh-excerpt\"><p>El inversor y autor estadounidense Robert Kiyosaki, quien anticip\u00f3 la crisis financiera de 2008, expres\u00f3 su inquietud por el rumbo actual de la econom\u00eda de Estados Unidos, advirtiendo que podr\u00eda desencadenarse una crisis a\u00fan m\u00e1s <a class=\"mh-excerpt-more\" href=\"https:\/\/larevistadigital.com.ar\/blog\/advierten-que-una-depresion-economica-en-eeuu-afectaria-a-millones-de-estadounidenses\/\" title=\"Advierten que una depresi\u00f3n econ\u00f3mica en EEUU, afectar\u00eda a millones de estadounidenses\">[Leer M\u00e1s]<\/a><\/p>\n<\/div>","protected":false},"author":3,"featured_media":39554,"comment_status":"open","ping_status":"open","sticky":false,"template":"","format":"standard","meta":{"_jetpack_memberships_contains_paid_content":false,"footnotes":"","jetpack_publicize_message":"","jetpack_publicize_feature_enabled":true,"jetpack_social_post_already_shared":true,"jetpack_social_options":{"image_generator_settings":{"template":"highway","default_image_id":0,"font":"","enabled":false},"version":2}},"categories":[50],"tags":[],"class_list":{"0":"post-39553","1":"post","2":"type-post","3":"status-publish","4":"format-standard","5":"has-post-thumbnail","7":"category-interes-general"},"jetpack_publicize_connections":[],"jetpack_featured_media_url":"https:\/\/i0.wp.com\/larevistadigital.com.ar\/blog\/wp-content\/uploads\/20250425153004_robert-kiyosaki-gran-depresion.jpg?fit=880%2C512&ssl=1","jetpack_sharing_enabled":true,"jetpack_shortlink":"https:\/\/wp.me\/p8qtrQ-ahX","jetpack-related-posts":[{"id":28325,"url":"https:\/\/larevistadigital.com.ar\/blog\/chascomus-nuevo-suicidio-de-un-joven-en-la-ciudad\/","url_meta":{"origin":39553,"position":0},"title":"CHASCOM\u00daS: NUEVO SUICIDIO DE UN JOVEN EN LA CIUDAD","author":"Alejandro Sosa Ruda","date":"7 octubre, 2022","format":false,"excerpt":"Se trata de un muchacho de 19 a\u00f1os que fue encontrado por su padre. Otra vida que se trunca tristemente en una ciudad en la que lamentablemente son varios los casos ocurridos. 07 de Octubre de 2022 CHASCOM\u00daS -\u00a0 Otra vez un suicidio. Y otra vez una criatura que estaba\u2026","rel":"","context":"En \u00abDESTACADAS\u00bb","block_context":{"text":"DESTACADAS","link":"https:\/\/larevistadigital.com.ar\/blog\/category\/destacadas\/"},"img":{"alt_text":"","src":"https:\/\/i0.wp.com\/larevistadigital.com.ar\/blog\/wp-content\/uploads\/Captura-de-pantalla-2021-12-29-203210.jpg?fit=1013%2C675&ssl=1&resize=350%2C200","width":350,"height":200,"srcset":"https:\/\/i0.wp.com\/larevistadigital.com.ar\/blog\/wp-content\/uploads\/Captura-de-pantalla-2021-12-29-203210.jpg?fit=1013%2C675&ssl=1&resize=350%2C200 1x, https:\/\/i0.wp.com\/larevistadigital.com.ar\/blog\/wp-content\/uploads\/Captura-de-pantalla-2021-12-29-203210.jpg?fit=1013%2C675&ssl=1&resize=525%2C300 1.5x, https:\/\/i0.wp.com\/larevistadigital.com.ar\/blog\/wp-content\/uploads\/Captura-de-pantalla-2021-12-29-203210.jpg?fit=1013%2C675&ssl=1&resize=700%2C400 2x"},"classes":[]},{"id":31302,"url":"https:\/\/larevistadigital.com.ar\/blog\/ricardo-alfonsin-comparo-a-alberto-fernandez-con-su-padre\/","url_meta":{"origin":39553,"position":1},"title":"RICARDO ALFONS\u00cdN COMPAR\u00d3 A ALBERTO FERNANDEZ CON SU PADRE.","author":"Alejandro Sosa Ruda","date":"29 abril, 2023","format":false,"excerpt":"Dijo que \"a Alberto Fern\u00e1ndez le ha pasado lo mismo que a mi padre\" trazando un paralelismo\u00a0entre el actual presidente y Ra\u00fal Alfons\u00edn, ya que a ambos les toc\u00f3 gobernar un pa\u00eds \"muy dif\u00edcil\". 29 de abril de 2023 Entrevista de EFE por Luc\u00eda Alegrete MADRID, ESPA\u00d1A -\u00a0 Para el\u2026","rel":"","context":"En \u00abDESTACADAS\u00bb","block_context":{"text":"DESTACADAS","link":"https:\/\/larevistadigital.com.ar\/blog\/category\/destacadas\/"},"img":{"alt_text":"","src":"https:\/\/i0.wp.com\/larevistadigital.com.ar\/blog\/wp-content\/uploads\/alfonsin.png?fit=753%2C490&ssl=1&resize=350%2C200","width":350,"height":200,"srcset":"https:\/\/i0.wp.com\/larevistadigital.com.ar\/blog\/wp-content\/uploads\/alfonsin.png?fit=753%2C490&ssl=1&resize=350%2C200 1x, https:\/\/i0.wp.com\/larevistadigital.com.ar\/blog\/wp-content\/uploads\/alfonsin.png?fit=753%2C490&ssl=1&resize=525%2C300 1.5x, https:\/\/i0.wp.com\/larevistadigital.com.ar\/blog\/wp-content\/uploads\/alfonsin.png?fit=753%2C490&ssl=1&resize=700%2C400 2x"},"classes":[]},{"id":24316,"url":"https:\/\/larevistadigital.com.ar\/blog\/oferta-laboral-en-la-plata-en-una-reconocida-financiera\/","url_meta":{"origin":39553,"position":2},"title":"OFERTA LABORAL EN LA PLATA EN UNA RECONOCIDA FINANCIERA","author":"Alejandro Sosa Ruda","date":"3 marzo, 2022","format":false,"excerpt":"El postulante debe tener disponibilidad para cubrir el horario corrido de lunes a viernes y s\u00e1bado por la ma\u00f1ana. Adem\u00e1s, debe tener el secundario completo. 03 de marzo de 2022 La reconocida financiera Rapicuotas lanz\u00f3\u00a0una oferta laboral y busca personal en La Plata con experiencia en gesti\u00f3n telef\u00f3nica de mora\u00a0para\u2026","rel":"","context":"En \u00abREGIONALES\u00bb","block_context":{"text":"REGIONALES","link":"https:\/\/larevistadigital.com.ar\/blog\/category\/regionales\/"},"img":{"alt_text":"","src":"https:\/\/i0.wp.com\/larevistadigital.com.ar\/blog\/wp-content\/uploads\/unnamed_2_0.jpg?fit=753%2C377&ssl=1&resize=350%2C200","width":350,"height":200,"srcset":"https:\/\/i0.wp.com\/larevistadigital.com.ar\/blog\/wp-content\/uploads\/unnamed_2_0.jpg?fit=753%2C377&ssl=1&resize=350%2C200 1x, https:\/\/i0.wp.com\/larevistadigital.com.ar\/blog\/wp-content\/uploads\/unnamed_2_0.jpg?fit=753%2C377&ssl=1&resize=525%2C300 1.5x, https:\/\/i0.wp.com\/larevistadigital.com.ar\/blog\/wp-content\/uploads\/unnamed_2_0.jpg?fit=753%2C377&ssl=1&resize=700%2C400 2x"},"classes":[]},{"id":31409,"url":"https:\/\/larevistadigital.com.ar\/blog\/31409-2\/","url_meta":{"origin":39553,"position":3},"title":"LA PLATA: POLIC\u00cdA RETIRADO SE PEG\u00d3 UN TIRO EN PLENA AVENIDA 66","author":"Alejandro Sosa Ruda","date":"7 mayo, 2023","format":false,"excerpt":"El tremendo episodio se registr\u00f3 este s\u00e1bado a la vista de transe\u00fantes que confirmaron que el hombre se quit\u00f3 la vida con su arma. 06 de mayo de 2023 Un hombre de 56 a\u00f1os, de quien se supo es polic\u00eda retirado,\u00a0apareci\u00f3 muerto en plena v\u00eda p\u00fabica de La Plata y\u2026","rel":"","context":"En \u00abPOLICIALES\u00bb","block_context":{"text":"POLICIALES","link":"https:\/\/larevistadigital.com.ar\/blog\/category\/policiales\/"},"img":{"alt_text":"","src":"https:\/\/i0.wp.com\/larevistadigital.com.ar\/blog\/wp-content\/uploads\/1584394856989.jpg?fit=1200%2C594&ssl=1&resize=350%2C200","width":350,"height":200,"srcset":"https:\/\/i0.wp.com\/larevistadigital.com.ar\/blog\/wp-content\/uploads\/1584394856989.jpg?fit=1200%2C594&ssl=1&resize=350%2C200 1x, https:\/\/i0.wp.com\/larevistadigital.com.ar\/blog\/wp-content\/uploads\/1584394856989.jpg?fit=1200%2C594&ssl=1&resize=525%2C300 1.5x, https:\/\/i0.wp.com\/larevistadigital.com.ar\/blog\/wp-content\/uploads\/1584394856989.jpg?fit=1200%2C594&ssl=1&resize=700%2C400 2x, https:\/\/i0.wp.com\/larevistadigital.com.ar\/blog\/wp-content\/uploads\/1584394856989.jpg?fit=1200%2C594&ssl=1&resize=1050%2C600 3x"},"classes":[]},{"id":44673,"url":"https:\/\/larevistadigital.com.ar\/blog\/alarma-mas-de-la-mitad-de-los-hogares-se-endeuda-para-vivir\/","url_meta":{"origin":39553,"position":4},"title":"Alarma: M\u00e1s de la mitad de los hogares se endeuda para vivir","author":"Alejandro Sosa Ruda","date":"24 marzo, 2026","format":false,"excerpt":"El 56% de los hogares se endeuda para comer y pagar servicios. No llegan a fin de mes y la crisis aprieta cada vez m\u00e1s. Enterate qu\u00e9 est\u00e1 pasando. 24 de marzo de 2026 El deterioro del poder adquisitivo ya no es una percepci\u00f3n aislada: se convirti\u00f3 en una realidad\u2026","rel":"","context":"En \u00abINTERES GENERAL\u00bb","block_context":{"text":"INTERES GENERAL","link":"https:\/\/larevistadigital.com.ar\/blog\/category\/interes-general\/"},"img":{"alt_text":"","src":"https:\/\/i0.wp.com\/larevistadigital.com.ar\/blog\/wp-content\/uploads\/Captura-de-pantalla-2026-03-24-131645.jpg?fit=856%2C468&ssl=1&resize=350%2C200","width":350,"height":200,"srcset":"https:\/\/i0.wp.com\/larevistadigital.com.ar\/blog\/wp-content\/uploads\/Captura-de-pantalla-2026-03-24-131645.jpg?fit=856%2C468&ssl=1&resize=350%2C200 1x, https:\/\/i0.wp.com\/larevistadigital.com.ar\/blog\/wp-content\/uploads\/Captura-de-pantalla-2026-03-24-131645.jpg?fit=856%2C468&ssl=1&resize=525%2C300 1.5x, https:\/\/i0.wp.com\/larevistadigital.com.ar\/blog\/wp-content\/uploads\/Captura-de-pantalla-2026-03-24-131645.jpg?fit=856%2C468&ssl=1&resize=700%2C400 2x"},"classes":[]},{"id":39974,"url":"https:\/\/larevistadigital.com.ar\/blog\/chascomus-educacion-financiera-para-estudiantes-rico-en-data\/","url_meta":{"origin":39553,"position":5},"title":"Chascom\u00fas: Educaci\u00f3n financiera para estudiantes \u00abRico.en.data\u00bb","author":"Alejandro Sosa Ruda","date":"6 junio, 2025","format":false,"excerpt":"Una iniciativa del Banco Provincia junto a la DGCyE para la educaci\u00f3n financiera de estudiantes del nivel secundario. 06 de Junio de 2025 CHASCOM\u00daS -\u00a0 \u00a0Ayer por la ma\u00f1ana tuvo lugar una reuni\u00f3n para la coordinaci\u00f3n de acciones y cuestiones organizativas de cara a la implementaci\u00f3n del programa \"RICO.EN.DATA: Educaci\u00f3n\u2026","rel":"","context":"En \u00abCHASCOM\u00daS\u00bb","block_context":{"text":"CHASCOM\u00daS","link":"https:\/\/larevistadigital.com.ar\/blog\/category\/chascomus\/"},"img":{"alt_text":"","src":"https:\/\/i0.wp.com\/larevistadigital.com.ar\/blog\/wp-content\/uploads\/6841d6408d1cc.png?fit=668%2C445&ssl=1&resize=350%2C200","width":350,"height":200,"srcset":"https:\/\/i0.wp.com\/larevistadigital.com.ar\/blog\/wp-content\/uploads\/6841d6408d1cc.png?fit=668%2C445&ssl=1&resize=350%2C200 1x, https:\/\/i0.wp.com\/larevistadigital.com.ar\/blog\/wp-content\/uploads\/6841d6408d1cc.png?fit=668%2C445&ssl=1&resize=525%2C300 1.5x"},"classes":[]}],"_links":{"self":[{"href":"https:\/\/larevistadigital.com.ar\/blog\/wp-json\/wp\/v2\/posts\/39553","targetHints":{"allow":["GET"]}}],"collection":[{"href":"https:\/\/larevistadigital.com.ar\/blog\/wp-json\/wp\/v2\/posts"}],"about":[{"href":"https:\/\/larevistadigital.com.ar\/blog\/wp-json\/wp\/v2\/types\/post"}],"author":[{"embeddable":true,"href":"https:\/\/larevistadigital.com.ar\/blog\/wp-json\/wp\/v2\/users\/3"}],"replies":[{"embeddable":true,"href":"https:\/\/larevistadigital.com.ar\/blog\/wp-json\/wp\/v2\/comments?post=39553"}],"version-history":[{"count":1,"href":"https:\/\/larevistadigital.com.ar\/blog\/wp-json\/wp\/v2\/posts\/39553\/revisions"}],"predecessor-version":[{"id":39555,"href":"https:\/\/larevistadigital.com.ar\/blog\/wp-json\/wp\/v2\/posts\/39553\/revisions\/39555"}],"wp:featuredmedia":[{"embeddable":true,"href":"https:\/\/larevistadigital.com.ar\/blog\/wp-json\/wp\/v2\/media\/39554"}],"wp:attachment":[{"href":"https:\/\/larevistadigital.com.ar\/blog\/wp-json\/wp\/v2\/media?parent=39553"}],"wp:term":[{"taxonomy":"category","embeddable":true,"href":"https:\/\/larevistadigital.com.ar\/blog\/wp-json\/wp\/v2\/categories?post=39553"},{"taxonomy":"post_tag","embeddable":true,"href":"https:\/\/larevistadigital.com.ar\/blog\/wp-json\/wp\/v2\/tags?post=39553"}],"curies":[{"name":"wp","href":"https:\/\/api.w.org\/{rel}","templated":true}]}}