{"id":39556,"date":"2025-04-26T16:37:05","date_gmt":"2025-04-26T19:37:05","guid":{"rendered":"https:\/\/larevistadigital.com.ar\/blog\/?p=39556"},"modified":"2025-04-26T16:37:38","modified_gmt":"2025-04-26T19:37:38","slug":"primera-incautacion-de-criptomonedas-vinculadas-a-un-delito-en-una-causa-por-fraude-informatico","status":"publish","type":"post","link":"https:\/\/larevistadigital.com.ar\/blog\/primera-incautacion-de-criptomonedas-vinculadas-a-un-delito-en-una-causa-por-fraude-informatico\/","title":{"rendered":"Primera incautaci\u00f3n de criptomonedas vinculadas a un delito en una causa por fraude inform\u00e1tico"},"content":{"rendered":"<h2 class=\"fparrafo ctext fz18 lh25\">En el marco de una causa por defraudaci\u00f3n inform\u00e1tica, la Fiscal\u00eda N\u00b0 22 con sede en el Palacio de Justicia de Azul, a cargo del fiscal Lucas Moyano, logr\u00f3 incautar por primera vez criptoactivos que proven\u00edan de un hecho delictivo, seg\u00fan informaron fuentes judiciales.<\/h2>\n<p>26 DE Abril de 2025<\/p>\n<p>La investigaci\u00f3n comenz\u00f3 tras la denuncia presentada en julio de 2023 por una v\u00edctima de Tandil, una de las ciudades bajo la jurisdicci\u00f3n del Departamento Judicial Azul. El denunciante inform\u00f3 que personas desconocidas, utilizando t\u00e9cnicas de manipulaci\u00f3n digital, accedieron de forma ilegal a su cuenta de Home Banking y le sustrajeron alrededor de 1.800.000 pesos.<\/p>\n<p>Posteriormente, ese dinero fue transferido a varias billeteras virtuales vinculadas a la organizaci\u00f3n criminal, quienes lo usaron para comprar criptomonedas, espec\u00edficamente tokens USDT, con el fin de ocultar el origen il\u00edcito de los fondos.<\/p>\n<p>Gracias al trabajo de seguimiento realizado por la Fiscal\u00eda junto al perito contador Roberto Terrile, y utilizando herramientas especializadas para rastrear criptoactivos a trav\u00e9s de la tecnolog\u00eda blockchain, se logr\u00f3 identificar con precisi\u00f3n las billeteras digitales, tanto centralizadas como de autocustodia, utilizadas por los responsables.<\/p>\n<p>Con esa informaci\u00f3n, el fiscal Moyano solicit\u00f3 la inmovilizaci\u00f3n de los criptoactivos depositados en una de las wallets pertenecientes a uno de los miembros de la organizaci\u00f3n. El pedido fue autorizado por el juez de Garant\u00edas con competencia en Tandil.<\/p>\n<p><b>Valores autocustodiados<\/b><\/p>\n<p>A partir de esa medida, los activos virtuales fueron trasladados a una billetera de autocustodia bajo control conjunto de la Procuraci\u00f3n del Ministerio P\u00fablico bonaerense y de la Fiscal\u00eda de Azul.<\/p>\n<p><b>Devoluci\u00f3n de criptomonedas<\/b><\/p>\n<p>Finalmente, y tambi\u00e9n por orden judicial, las criptomonedas fueron devueltas a la billetera de la v\u00edctima, marcando un precedente en este tipo de investigaciones en la provincia.<\/p>\n<p><b>(InfoGEI)Ac<\/b><\/p>\n","protected":false},"excerpt":{"rendered":"<div class=\"mh-excerpt\"><p>En el marco de una causa por defraudaci\u00f3n inform\u00e1tica, la Fiscal\u00eda N\u00b0 22 con sede en el Palacio de Justicia de Azul, a cargo del fiscal Lucas Moyano, logr\u00f3 incautar por primera vez criptoactivos que <a class=\"mh-excerpt-more\" href=\"https:\/\/larevistadigital.com.ar\/blog\/primera-incautacion-de-criptomonedas-vinculadas-a-un-delito-en-una-causa-por-fraude-informatico\/\" title=\"Primera incautaci\u00f3n de criptomonedas vinculadas a un delito en una causa por fraude inform\u00e1tico\">[Leer M\u00e1s]<\/a><\/p>\n<\/div>","protected":false},"author":3,"featured_media":39558,"comment_status":"open","ping_status":"open","sticky":false,"template":"","format":"standard","meta":{"_jetpack_memberships_contains_paid_content":false,"footnotes":"","jetpack_publicize_message":"","jetpack_publicize_feature_enabled":true,"jetpack_social_post_already_shared":true,"jetpack_social_options":{"image_generator_settings":{"template":"highway","default_image_id":0,"font":"","enabled":false},"version":2}},"categories":[50],"tags":[],"class_list":{"0":"post-39556","1":"post","2":"type-post","3":"status-publish","4":"format-standard","5":"has-post-thumbnail","7":"category-interes-general"},"jetpack_publicize_connections":[],"jetpack_featured_media_url":"https:\/\/i0.wp.com\/larevistadigital.com.ar\/blog\/wp-content\/uploads\/20250425141131_fiscal-lucas-moyano-criptomonedas.png?fit=880%2C512&ssl=1","jetpack_sharing_enabled":true,"jetpack_shortlink":"https:\/\/wp.me\/p8qtrQ-ai0","jetpack-related-posts":[{"id":24735,"url":"https:\/\/larevistadigital.com.ar\/blog\/estafan-a-una-jubilada-y-e-roban-90-000-dolares\/","url_meta":{"origin":39556,"position":0},"title":"ESTAFAN A UNA JUBILADA Y LE ROBAN 90.000 D\u00d3LARES","author":"Alejandro Sosa Ruda","date":"22 marzo, 2022","format":false,"excerpt":"AZUL -\u00a0 Por el cuento del t\u00edo una jubilada entreg\u00f3 90.000 d\u00f3lares. El impactante hecho ocurri\u00f3 en Azul donde de acuerdo a lo que inform\u00f3 el portal Noticias las Flores, una falsa prima enga\u00f1\u00f3 a una jubilada y junto a un c\u00f3mplice se alzaron con 90.000 d\u00f3lares. Una jubilada de\u2026","rel":"","context":"En \u00abPOLICIALES\u00bb","block_context":{"text":"POLICIALES","link":"https:\/\/larevistadigital.com.ar\/blog\/category\/policiales\/"},"img":{"alt_text":"","src":"https:\/\/i0.wp.com\/larevistadigital.com.ar\/blog\/wp-content\/uploads\/cuento-del-tio.jpg?fit=720%2C601&ssl=1&resize=350%2C200","width":350,"height":200,"srcset":"https:\/\/i0.wp.com\/larevistadigital.com.ar\/blog\/wp-content\/uploads\/cuento-del-tio.jpg?fit=720%2C601&ssl=1&resize=350%2C200 1x, https:\/\/i0.wp.com\/larevistadigital.com.ar\/blog\/wp-content\/uploads\/cuento-del-tio.jpg?fit=720%2C601&ssl=1&resize=525%2C300 1.5x, https:\/\/i0.wp.com\/larevistadigital.com.ar\/blog\/wp-content\/uploads\/cuento-del-tio.jpg?fit=720%2C601&ssl=1&resize=700%2C400 2x"},"classes":[]},{"id":13434,"url":"https:\/\/larevistadigital.com.ar\/blog\/azul-detienen-a-hombre-que-no-se-presenta-para-ser-juzgado\/","url_meta":{"origin":39556,"position":1},"title":"AZUL: DETIENEN A HOMBRE QUE NO SE PRESENTA PARA SER JUZGADO","author":"Alejandro Sosa Ruda","date":"2 diciembre, 2019","format":false,"excerpt":"No se hab\u00eda presentado cuando tiempo atr\u00e1s ese debate ten\u00eda que comenzar en un Tribunal con asiento en Azul. Por eso, un juez orden\u00f3 su detenci\u00f3n. Tiene que ser juzgado por la portaci\u00f3n ilegal de un rev\u00f3lver, il\u00edcito relacionado con un hecho ocurrido en Cachar\u00ed en abril del a\u00f1o pasado.\u2026","rel":"","context":"En \u00abPOLICIALES\u00bb","block_context":{"text":"POLICIALES","link":"https:\/\/larevistadigital.com.ar\/blog\/category\/policiales\/"},"img":{"alt_text":"","src":"https:\/\/i0.wp.com\/larevistadigital.com.ar\/blog\/wp-content\/uploads\/2019-18barba.jpg?fit=800%2C1158&ssl=1&resize=350%2C200","width":350,"height":200,"srcset":"https:\/\/i0.wp.com\/larevistadigital.com.ar\/blog\/wp-content\/uploads\/2019-18barba.jpg?fit=800%2C1158&ssl=1&resize=350%2C200 1x, https:\/\/i0.wp.com\/larevistadigital.com.ar\/blog\/wp-content\/uploads\/2019-18barba.jpg?fit=800%2C1158&ssl=1&resize=525%2C300 1.5x, https:\/\/i0.wp.com\/larevistadigital.com.ar\/blog\/wp-content\/uploads\/2019-18barba.jpg?fit=800%2C1158&ssl=1&resize=700%2C400 2x"},"classes":[]},{"id":39783,"url":"https:\/\/larevistadigital.com.ar\/blog\/tragedia-en-la-ruta-11-un-choque-frontal-dejo-un-muerto-y-un-herido-grave-cerca-de-mar-azul\/","url_meta":{"origin":39556,"position":2},"title":"Tragedia en la Ruta 11: un choque frontal dej\u00f3 un muerto y un herido grave cerca de Mar Azul","author":"Alejandro Sosa Ruda","date":"19 mayo, 2025","format":false,"excerpt":"\u00a0dEl conductor de un Volkswagen Gol falleci\u00f3 en el acto tras impactar de frente con una camioneta Ford Ranger. El hecho ocurri\u00f3 el s\u00e1bado por la noche y a\u00fan investigan las causas del siniestro. 19 de Mayo de 2025 MAR AZUL -\u00a0 Un nuevo siniestro vial en la Ruta Provincial\u2026","rel":"","context":"En \u00abPOLICIALES\u00bb","block_context":{"text":"POLICIALES","link":"https:\/\/larevistadigital.com.ar\/blog\/category\/policiales\/"},"img":{"alt_text":"","src":"https:\/\/i0.wp.com\/larevistadigital.com.ar\/blog\/wp-content\/uploads\/ef08c4d89ca94c90426cf2b021a5f8d0cd5977b8.jpeg?fit=1125%2C900&ssl=1&resize=350%2C200","width":350,"height":200,"srcset":"https:\/\/i0.wp.com\/larevistadigital.com.ar\/blog\/wp-content\/uploads\/ef08c4d89ca94c90426cf2b021a5f8d0cd5977b8.jpeg?fit=1125%2C900&ssl=1&resize=350%2C200 1x, https:\/\/i0.wp.com\/larevistadigital.com.ar\/blog\/wp-content\/uploads\/ef08c4d89ca94c90426cf2b021a5f8d0cd5977b8.jpeg?fit=1125%2C900&ssl=1&resize=525%2C300 1.5x, https:\/\/i0.wp.com\/larevistadigital.com.ar\/blog\/wp-content\/uploads\/ef08c4d89ca94c90426cf2b021a5f8d0cd5977b8.jpeg?fit=1125%2C900&ssl=1&resize=700%2C400 2x, https:\/\/i0.wp.com\/larevistadigital.com.ar\/blog\/wp-content\/uploads\/ef08c4d89ca94c90426cf2b021a5f8d0cd5977b8.jpeg?fit=1125%2C900&ssl=1&resize=1050%2C600 3x"},"classes":[]},{"id":44010,"url":"https:\/\/larevistadigital.com.ar\/blog\/detuvieron-en-miami-al-periodista-quique-felman-por-una-causa-por-presunto-lavado-de-activos\/","url_meta":{"origin":39556,"position":3},"title":"Detuvieron en Miami al periodista Quique Felman por una causa por presunto lavado de activos","author":"Alejandro Sosa Ruda","date":"14 febrero, 2026","format":false,"excerpt":"El comentarista deportivo fue arrestado al arribar a Estados Unidos y luego liberado tras pagar una fianza. La investigaci\u00f3n apunta a maniobras vinculadas a casinos en Las Vegas y salpica a exjugadores y otros periodistas. 14 de febrero de 2026 El periodista deportivo Enrique \u201cQuique\u201d Felman, integrante de TyC Sports,\u2026","rel":"","context":"En \u00abSin categor\u00eda\u00bb","block_context":{"text":"Sin categor\u00eda","link":"https:\/\/larevistadigital.com.ar\/blog\/category\/sin-categoria\/"},"img":{"alt_text":"","src":"https:\/\/i0.wp.com\/larevistadigital.com.ar\/blog\/wp-content\/uploads\/Captura-de-pantalla-2026-02-14-152150.jpg?fit=549%2C547&ssl=1&resize=350%2C200","width":350,"height":200,"srcset":"https:\/\/i0.wp.com\/larevistadigital.com.ar\/blog\/wp-content\/uploads\/Captura-de-pantalla-2026-02-14-152150.jpg?fit=549%2C547&ssl=1&resize=350%2C200 1x, https:\/\/i0.wp.com\/larevistadigital.com.ar\/blog\/wp-content\/uploads\/Captura-de-pantalla-2026-02-14-152150.jpg?fit=549%2C547&ssl=1&resize=525%2C300 1.5x"},"classes":[]},{"id":34657,"url":"https:\/\/larevistadigital.com.ar\/blog\/ruta-3-mueren-dos-jovenes-al-chocar-con-un-camion-que-se-cruzo-de-carril\/","url_meta":{"origin":39556,"position":4},"title":"RUTA 3: MUEREN DOS JOVENES AL CHOCAR CON UN CAMI\u00d3N QUE SE CRUZ\u00d3 DE CARRIL","author":"Alejandro Sosa Ruda","date":"27 noviembre, 2023","format":false,"excerpt":"El impacto frontal entre ambos veh\u00edculos, se cobr\u00f3 la vida de Nahuel Fernando Vega y Pablo S\u00e1nchez. Por su parte, Braian Leonel Fleitas, sufri\u00f3 lesiones de gravedad y fue trasladado en estado cr\u00edtico al Hospital Municipal \"Dr. \u00c1ngel Pintos\" de Azul. 27 de Noviembre de 2023 AZUL -\u00a0\u00a0El fatal hecho\u2026","rel":"","context":"En \u00abPOLICIALES\u00bb","block_context":{"text":"POLICIALES","link":"https:\/\/larevistadigital.com.ar\/blog\/category\/policiales\/"},"img":{"alt_text":"","src":"https:\/\/i0.wp.com\/larevistadigital.com.ar\/blog\/wp-content\/uploads\/20231127155859_choque.jpg?fit=880%2C512&ssl=1&resize=350%2C200","width":350,"height":200,"srcset":"https:\/\/i0.wp.com\/larevistadigital.com.ar\/blog\/wp-content\/uploads\/20231127155859_choque.jpg?fit=880%2C512&ssl=1&resize=350%2C200 1x, https:\/\/i0.wp.com\/larevistadigital.com.ar\/blog\/wp-content\/uploads\/20231127155859_choque.jpg?fit=880%2C512&ssl=1&resize=525%2C300 1.5x, https:\/\/i0.wp.com\/larevistadigital.com.ar\/blog\/wp-content\/uploads\/20231127155859_choque.jpg?fit=880%2C512&ssl=1&resize=700%2C400 2x"},"classes":[]},{"id":17741,"url":"https:\/\/larevistadigital.com.ar\/blog\/chica-de-13-anos-fue-apunalada-por-el-novio-de-16-esta-en-grave-estado\/","url_meta":{"origin":39556,"position":5},"title":"CHICA DE 13 A\u00d1OS FUE APU\u00d1ALADA POR EL NOVIO DE 16. EST\u00c1 EN GRAVE ESTADO","author":"Alejandro Sosa Ruda","date":"19 noviembre, 2020","format":false,"excerpt":"Sucedi\u00f3 en la localidad bonaerense de Azul. La adolescente fue operada y se encuentra internada en terapia intensiva. El presunto agresor fue aprehendido por la Polic\u00eda. AZUL - Una adolescente de 13 a\u00f1os fue apu\u00f1alada en la ciudad bonaerense de Azul y luego de ser operada esta noche permanec\u00eda internada\u2026","rel":"","context":"En \u00abPOLICIALES\u00bb","block_context":{"text":"POLICIALES","link":"https:\/\/larevistadigital.com.ar\/blog\/category\/policiales\/"},"img":{"alt_text":"","src":"https:\/\/i0.wp.com\/larevistadigital.com.ar\/blog\/wp-content\/uploads\/unnamed-14.jpg?fit=1000%2C662&ssl=1&resize=350%2C200","width":350,"height":200,"srcset":"https:\/\/i0.wp.com\/larevistadigital.com.ar\/blog\/wp-content\/uploads\/unnamed-14.jpg?fit=1000%2C662&ssl=1&resize=350%2C200 1x, https:\/\/i0.wp.com\/larevistadigital.com.ar\/blog\/wp-content\/uploads\/unnamed-14.jpg?fit=1000%2C662&ssl=1&resize=525%2C300 1.5x, https:\/\/i0.wp.com\/larevistadigital.com.ar\/blog\/wp-content\/uploads\/unnamed-14.jpg?fit=1000%2C662&ssl=1&resize=700%2C400 2x"},"classes":[]}],"_links":{"self":[{"href":"https:\/\/larevistadigital.com.ar\/blog\/wp-json\/wp\/v2\/posts\/39556","targetHints":{"allow":["GET"]}}],"collection":[{"href":"https:\/\/larevistadigital.com.ar\/blog\/wp-json\/wp\/v2\/posts"}],"about":[{"href":"https:\/\/larevistadigital.com.ar\/blog\/wp-json\/wp\/v2\/types\/post"}],"author":[{"embeddable":true,"href":"https:\/\/larevistadigital.com.ar\/blog\/wp-json\/wp\/v2\/users\/3"}],"replies":[{"embeddable":true,"href":"https:\/\/larevistadigital.com.ar\/blog\/wp-json\/wp\/v2\/comments?post=39556"}],"version-history":[{"count":1,"href":"https:\/\/larevistadigital.com.ar\/blog\/wp-json\/wp\/v2\/posts\/39556\/revisions"}],"predecessor-version":[{"id":39557,"href":"https:\/\/larevistadigital.com.ar\/blog\/wp-json\/wp\/v2\/posts\/39556\/revisions\/39557"}],"wp:featuredmedia":[{"embeddable":true,"href":"https:\/\/larevistadigital.com.ar\/blog\/wp-json\/wp\/v2\/media\/39558"}],"wp:attachment":[{"href":"https:\/\/larevistadigital.com.ar\/blog\/wp-json\/wp\/v2\/media?parent=39556"}],"wp:term":[{"taxonomy":"category","embeddable":true,"href":"https:\/\/larevistadigital.com.ar\/blog\/wp-json\/wp\/v2\/categories?post=39556"},{"taxonomy":"post_tag","embeddable":true,"href":"https:\/\/larevistadigital.com.ar\/blog\/wp-json\/wp\/v2\/tags?post=39556"}],"curies":[{"name":"wp","href":"https:\/\/api.w.org\/{rel}","templated":true}]}}