{"id":39559,"date":"2025-04-26T16:39:23","date_gmt":"2025-04-26T19:39:23","guid":{"rendered":"https:\/\/larevistadigital.com.ar\/blog\/?p=39559"},"modified":"2025-04-26T16:39:23","modified_gmt":"2025-04-26T19:39:23","slug":"amplio-operativo-policial-en-un-country-de-pilar-tras-un-violento-robo","status":"publish","type":"post","link":"https:\/\/larevistadigital.com.ar\/blog\/amplio-operativo-policial-en-un-country-de-pilar-tras-un-violento-robo\/","title":{"rendered":"Amplio operativo policial en un country de Pilar tras un violento robo"},"content":{"rendered":"<h2 class=\"fparrafo ctext fz18 lh25\">M\u00e1s de 80 efectivos de distintas fuerzas policiales realizaron un intenso operativo de b\u00fasqueda en el club de campo Mapuche, ubicado en Pilar, luego de que al menos tres delincuentes armados irrumpieran en una vivienda, redujeran a la due\u00f1a y a una empleada, y se llevaran dinero y objetos de valor.<\/h2>\n<p>26 De Abril de 2025<\/p>\n<p>El hecho ocurri\u00f3 alrededor de las 14:30 horas, cuando los asaltantes ingresaron al exclusivo barrio cerrado y sorprendieron a las dos mujeres en el interior de la casa. Tras maniatar a ambas, sustrajeron una suma de dinero a\u00fan no precisada y varios bienes de valor. Posteriormente, intentaron huir a bordo de un veh\u00edculo, pero su accionar fue advertido por un vecino que dio aviso tanto a la seguridad interna como al 911.<\/p>\n<p>Ante la posibilidad de que los ladrones no hubieran logrado salir del barrio, la polic\u00eda despleg\u00f3 un fuerte operativo cerrojo. Se revisaron una por una las casas de las 103 manzanas del country, se utilizaron m\u00e1s de 35 m\u00f3viles y hasta un dron para patrullar desde el aire. Los accesos al predio \u2014tanto por Panamericana como por Ruta 8\u2014 fueron clausurados durante casi tres horas. Los residentes debieron permanecer en sus hogares mientras se realizaba la b\u00fasqueda.<\/p>\n<p>Un audio que circul\u00f3 entre los vecinos alertaba sobre el ingreso de una camioneta blanca con cinco personas encapuchadas. La grabaci\u00f3n fue clave para alertar r\u00e1pidamente a la seguridad del lugar. Aunque en un primer momento se temi\u00f3 que pudiera haber rehenes, esa versi\u00f3n fue descartada con el avance del operativo.<\/p>\n<p><b>La \u201cseguridad\u201d del Country<\/b><\/p>\n<p>Sobre c\u00f3mo lograron entrar los delincuentes, la principal hip\u00f3tesis indica que podr\u00edan haber accedido al predio utilizando el veh\u00edculo de una familia residente. Adem\u00e1s, se supo que las c\u00e1maras de seguridad no estaban grabando en el momento del ingreso, y que tampoco se activaron las alarmas perimetrales, lo que facilit\u00f3 el accionar de los ladrones.<\/p>\n<p><b>B\u00fasqueda sin resultados<\/b><\/p>\n<p>Hacia las 19 horas, ya se hab\u00edan inspeccionado cerca de un centenar de viviendas sin resultados positivos, y el operativo segu\u00eda en curso.\u00a0<b>(InfoGEI)Ac<\/b><\/p>\n","protected":false},"excerpt":{"rendered":"<div class=\"mh-excerpt\"><p>M\u00e1s de 80 efectivos de distintas fuerzas policiales realizaron un intenso operativo de b\u00fasqueda en el club de campo Mapuche, ubicado en Pilar, luego de que al menos tres delincuentes armados irrumpieran en una vivienda, <a class=\"mh-excerpt-more\" href=\"https:\/\/larevistadigital.com.ar\/blog\/amplio-operativo-policial-en-un-country-de-pilar-tras-un-violento-robo\/\" title=\"Amplio operativo policial en un country de Pilar tras un violento robo\">[Leer M\u00e1s]<\/a><\/p>\n<\/div>","protected":false},"author":3,"featured_media":39560,"comment_status":"open","ping_status":"open","sticky":false,"template":"","format":"standard","meta":{"_jetpack_memberships_contains_paid_content":false,"footnotes":"","jetpack_publicize_message":"","jetpack_publicize_feature_enabled":true,"jetpack_social_post_already_shared":true,"jetpack_social_options":{"image_generator_settings":{"template":"highway","default_image_id":0,"font":"","enabled":false},"version":2}},"categories":[44,51],"tags":[],"class_list":{"0":"post-39559","1":"post","2":"type-post","3":"status-publish","4":"format-standard","5":"has-post-thumbnail","7":"category-policiales","8":"category-regionales"},"jetpack_publicize_connections":[],"jetpack_featured_media_url":"https:\/\/i0.wp.com\/larevistadigital.com.ar\/blog\/wp-content\/uploads\/20250425135921_country-mapuche-pilar.jpg?fit=880%2C512&ssl=1","jetpack_sharing_enabled":true,"jetpack_shortlink":"https:\/\/wp.me\/p8qtrQ-ai3","jetpack-related-posts":[{"id":9177,"url":"https:\/\/larevistadigital.com.ar\/blog\/brandsen-violento-robo-a-dos-familias-en-el-cowntry-altos-de-brandsen\/","url_meta":{"origin":39559,"position":0},"title":"BRANDSEN: VIOLENTO ROBO A DOS FAMILIAS EN EL COWNTRY ALTOS DE BRANDSEN","author":"Alejandro Sosa Ruda","date":"18 marzo, 2019","format":false,"excerpt":"En la madrugada de este lunes 18 de marzo,\u00a0cuatro delincuentes armados y\u00a0encapuchados, ingresaron al\u00a0country \u201cAltos de Brandsen\u201d, ubicado en calle Los Indios 1074 \u00a0y robaron en\u00a0dos viviendas a punta de pistola. Tras atar a las familias,\u00a0se dieron a la fuga con dinero en efectivo. Seg\u00fan informaron fuentes policiales, los malvivientes\u2026","rel":"","context":"En \u00abPOLICIALES\u00bb","block_context":{"text":"POLICIALES","link":"https:\/\/larevistadigital.com.ar\/blog\/category\/policiales\/"},"img":{"alt_text":"","src":"https:\/\/i0.wp.com\/larevistadigital.com.ar\/blog\/wp-content\/uploads\/2019\/03\/WhatsApp-Image-2019-03-18-at-09.58.26.jpeg?fit=1200%2C673&ssl=1&resize=350%2C200","width":350,"height":200,"srcset":"https:\/\/i0.wp.com\/larevistadigital.com.ar\/blog\/wp-content\/uploads\/2019\/03\/WhatsApp-Image-2019-03-18-at-09.58.26.jpeg?fit=1200%2C673&ssl=1&resize=350%2C200 1x, https:\/\/i0.wp.com\/larevistadigital.com.ar\/blog\/wp-content\/uploads\/2019\/03\/WhatsApp-Image-2019-03-18-at-09.58.26.jpeg?fit=1200%2C673&ssl=1&resize=525%2C300 1.5x, https:\/\/i0.wp.com\/larevistadigital.com.ar\/blog\/wp-content\/uploads\/2019\/03\/WhatsApp-Image-2019-03-18-at-09.58.26.jpeg?fit=1200%2C673&ssl=1&resize=700%2C400 2x, https:\/\/i0.wp.com\/larevistadigital.com.ar\/blog\/wp-content\/uploads\/2019\/03\/WhatsApp-Image-2019-03-18-at-09.58.26.jpeg?fit=1200%2C673&ssl=1&resize=1050%2C600 3x"},"classes":[]},{"id":32965,"url":"https:\/\/larevistadigital.com.ar\/blog\/desbaratan-una-banda-que-robaba-caballos-de-polo\/","url_meta":{"origin":39559,"position":1},"title":"DESBARATAN UNA BANDA QUE ROBABA CABALLOS DE POLO.","author":"Alejandro Sosa Ruda","date":"21 agosto, 2023","format":false,"excerpt":"Tras una intensa investigaci\u00f3n del Comando de Prevenci\u00f3n Rural con el apoyo de la Polic\u00eda de Pilar, qued\u00f3 desarticulada una organizaci\u00f3n delictiva dedicada al robo de caballos de polo que operaba en la zona norte. Se rescat\u00f3 a nueve equinos que estaban en poder de la banda y se detuvo\u2026","rel":"","context":"En \u00abINTERES GENERAL\u00bb","block_context":{"text":"INTERES GENERAL","link":"https:\/\/larevistadigital.com.ar\/blog\/category\/interes-general\/"},"img":{"alt_text":"","src":"https:\/\/i0.wp.com\/larevistadigital.com.ar\/blog\/wp-content\/uploads\/20230820122819_robo-caballos-polo-pilar.jpg?fit=880%2C512&ssl=1&resize=350%2C200","width":350,"height":200,"srcset":"https:\/\/i0.wp.com\/larevistadigital.com.ar\/blog\/wp-content\/uploads\/20230820122819_robo-caballos-polo-pilar.jpg?fit=880%2C512&ssl=1&resize=350%2C200 1x, https:\/\/i0.wp.com\/larevistadigital.com.ar\/blog\/wp-content\/uploads\/20230820122819_robo-caballos-polo-pilar.jpg?fit=880%2C512&ssl=1&resize=525%2C300 1.5x, https:\/\/i0.wp.com\/larevistadigital.com.ar\/blog\/wp-content\/uploads\/20230820122819_robo-caballos-polo-pilar.jpg?fit=880%2C512&ssl=1&resize=700%2C400 2x"},"classes":[]},{"id":39034,"url":"https:\/\/larevistadigital.com.ar\/blog\/juez-ordena-desalojar-vacunatorio-y-lo-devuelve-a-un-fondo-investigado-por-lavado-de-dinero\/","url_meta":{"origin":39559,"position":2},"title":"Juez ordena desalojar vacunatorio y lo devuelve a un fondo investigado por lavado de dinero","author":"Alejandro Sosa Ruda","date":"16 marzo, 2025","format":false,"excerpt":"El juez federal de Comodoro Py, Marcelo Mart\u00ednez de Giorgi resolvi\u00f3 restituir un predio en el kil\u00f3metro 46 de la Panamericana a Mateo Corvo Dolcet, un abogado investigado por presunto lavado de dinero vinculado al narcotr\u00e1fico colombiano. Hasta el momento, en ese lugar funcionaban un vacunatorio y dependencias municipales. 16\u2026","rel":"","context":"En \u00abPOLICIALES\u00bb","block_context":{"text":"POLICIALES","link":"https:\/\/larevistadigital.com.ar\/blog\/category\/policiales\/"},"img":{"alt_text":"","src":"https:\/\/i0.wp.com\/larevistadigital.com.ar\/blog\/wp-content\/uploads\/20250314190720_juez-desalojo-vacunatorio-vacunatorio-narcolavado-1.jpg?fit=880%2C512&ssl=1&resize=350%2C200","width":350,"height":200,"srcset":"https:\/\/i0.wp.com\/larevistadigital.com.ar\/blog\/wp-content\/uploads\/20250314190720_juez-desalojo-vacunatorio-vacunatorio-narcolavado-1.jpg?fit=880%2C512&ssl=1&resize=350%2C200 1x, https:\/\/i0.wp.com\/larevistadigital.com.ar\/blog\/wp-content\/uploads\/20250314190720_juez-desalojo-vacunatorio-vacunatorio-narcolavado-1.jpg?fit=880%2C512&ssl=1&resize=525%2C300 1.5x, https:\/\/i0.wp.com\/larevistadigital.com.ar\/blog\/wp-content\/uploads\/20250314190720_juez-desalojo-vacunatorio-vacunatorio-narcolavado-1.jpg?fit=880%2C512&ssl=1&resize=700%2C400 2x"},"classes":[]},{"id":43569,"url":"https:\/\/larevistadigital.com.ar\/blog\/chascomus-intentaron-robar-en-la-pulperia-adela-pero-fueron-aprehendidos-tras-un-operativo-policial\/","url_meta":{"origin":39559,"position":3},"title":"Chascom\u00fas: Intentaron robar en la Pulper\u00eda \u201cAdela\u201d, pero fueron aprehendidos tras un operativo policial","author":"Alejandro Sosa Ruda","date":"23 enero, 2026","format":false,"excerpt":"Los sospechosos provocaron da\u00f1os para ingresar al comercio, pero huyeron al activarse la alarma. Fueron interceptados minutos despu\u00e9s sobre la Ruta 2. 23 de enero de 2026 CHASCOM\u00daS -\u00a0 \u00a0Un intento de robo se registr\u00f3 en las \u00faltimas horas en la reconocida Pulper\u00eda \u201cAdela\u201d, ubicada sobre la Ruta 2, kil\u00f3metro\u2026","rel":"","context":"En \u00abDESTACADAS\u00bb","block_context":{"text":"DESTACADAS","link":"https:\/\/larevistadigital.com.ar\/blog\/category\/destacadas\/"},"img":{"alt_text":"","src":"https:\/\/i0.wp.com\/larevistadigital.com.ar\/blog\/wp-content\/uploads\/WhatsApp-Image-2026-01-23-at-07.19.05-e1769202295393.jpeg?fit=720%2C826&ssl=1&resize=350%2C200","width":350,"height":200,"srcset":"https:\/\/i0.wp.com\/larevistadigital.com.ar\/blog\/wp-content\/uploads\/WhatsApp-Image-2026-01-23-at-07.19.05-e1769202295393.jpeg?fit=720%2C826&ssl=1&resize=350%2C200 1x, https:\/\/i0.wp.com\/larevistadigital.com.ar\/blog\/wp-content\/uploads\/WhatsApp-Image-2026-01-23-at-07.19.05-e1769202295393.jpeg?fit=720%2C826&ssl=1&resize=525%2C300 1.5x, https:\/\/i0.wp.com\/larevistadigital.com.ar\/blog\/wp-content\/uploads\/WhatsApp-Image-2026-01-23-at-07.19.05-e1769202295393.jpeg?fit=720%2C826&ssl=1&resize=700%2C400 2x"},"classes":[]},{"id":42768,"url":"https:\/\/larevistadigital.com.ar\/blog\/secuestran-marihuana-cocaina-y-metanfetamina-en-un-operativo-sobre-ruta-2-dos-personas-oriundas-de-dolores-quedaron-aprehendidas-tras-un-control-vehicular-en-el-km-125\/","url_meta":{"origin":39559,"position":4},"title":"Secuestran marihuana, coca\u00edna y metanfetamina en un operativo sobre Ruta 2 Dos personas oriundas de Dolores quedaron aprehendidas tras un control vehicular en el km 125.","author":"Alejandro Sosa Ruda","date":"5 diciembre, 2025","format":false,"excerpt":"Autoridades policiales informaron que, durante un operativo de Interceptaci\u00f3n Vehicular Selectiva realizado este jueves sobre la Ruta 2 \u2014a la altura del kil\u00f3metro 125\u2014 personal de Polic\u00eda Vial Chascom\u00fas junto a efectivos de la Estaci\u00f3n de Polic\u00eda Comunal detuvo la marcha de un Volkswagen Gol Trend ocupado por un hombre\u2026","rel":"","context":"En \u00abDESTACADAS\u00bb","block_context":{"text":"DESTACADAS","link":"https:\/\/larevistadigital.com.ar\/blog\/category\/destacadas\/"},"img":{"alt_text":"","src":"https:\/\/i0.wp.com\/larevistadigital.com.ar\/blog\/wp-content\/uploads\/WhatsApp-Image-2025-12-05-at-10.25.33.jpeg?fit=1200%2C1196&ssl=1&resize=350%2C200","width":350,"height":200,"srcset":"https:\/\/i0.wp.com\/larevistadigital.com.ar\/blog\/wp-content\/uploads\/WhatsApp-Image-2025-12-05-at-10.25.33.jpeg?fit=1200%2C1196&ssl=1&resize=350%2C200 1x, https:\/\/i0.wp.com\/larevistadigital.com.ar\/blog\/wp-content\/uploads\/WhatsApp-Image-2025-12-05-at-10.25.33.jpeg?fit=1200%2C1196&ssl=1&resize=525%2C300 1.5x, https:\/\/i0.wp.com\/larevistadigital.com.ar\/blog\/wp-content\/uploads\/WhatsApp-Image-2025-12-05-at-10.25.33.jpeg?fit=1200%2C1196&ssl=1&resize=700%2C400 2x, https:\/\/i0.wp.com\/larevistadigital.com.ar\/blog\/wp-content\/uploads\/WhatsApp-Image-2025-12-05-at-10.25.33.jpeg?fit=1200%2C1196&ssl=1&resize=1050%2C600 3x"},"classes":[]},{"id":44936,"url":"https:\/\/larevistadigital.com.ar\/blog\/dos-menores-aprendices-de-mecheras-demoradas-en-operativo-por-semana-santa\/","url_meta":{"origin":39559,"position":5},"title":"Dos menores aprendices de mecheras demoradas en operativo por Semana Santa","author":"Alejandro Sosa Ruda","date":"5 abril, 2026","format":false,"excerpt":"Las adolescentes, de 13 y 14 a\u00f1os, ocultaron mercader\u00eda por m\u00e1s de 200 mil pesos. Una de ellas intent\u00f3 escapar, pero fue alcanzada a pocos metros. Sucedi\u00f3 en el centro de Mar del Plata 05 de abril de 2026 MAR DEL PLATA -\u00a0 \u00a0Dos adolescentes de 13 y 14 a\u00f1os\u2026","rel":"","context":"En \u00abPOLICIALES\u00bb","block_context":{"text":"POLICIALES","link":"https:\/\/larevistadigital.com.ar\/blog\/category\/policiales\/"},"img":{"alt_text":"","src":"https:\/\/i0.wp.com\/larevistadigital.com.ar\/blog\/wp-content\/uploads\/Captura-de-pantalla-2026-04-05-230432.jpg?fit=807%2C368&ssl=1&resize=350%2C200","width":350,"height":200,"srcset":"https:\/\/i0.wp.com\/larevistadigital.com.ar\/blog\/wp-content\/uploads\/Captura-de-pantalla-2026-04-05-230432.jpg?fit=807%2C368&ssl=1&resize=350%2C200 1x, https:\/\/i0.wp.com\/larevistadigital.com.ar\/blog\/wp-content\/uploads\/Captura-de-pantalla-2026-04-05-230432.jpg?fit=807%2C368&ssl=1&resize=525%2C300 1.5x, https:\/\/i0.wp.com\/larevistadigital.com.ar\/blog\/wp-content\/uploads\/Captura-de-pantalla-2026-04-05-230432.jpg?fit=807%2C368&ssl=1&resize=700%2C400 2x"},"classes":[]}],"_links":{"self":[{"href":"https:\/\/larevistadigital.com.ar\/blog\/wp-json\/wp\/v2\/posts\/39559","targetHints":{"allow":["GET"]}}],"collection":[{"href":"https:\/\/larevistadigital.com.ar\/blog\/wp-json\/wp\/v2\/posts"}],"about":[{"href":"https:\/\/larevistadigital.com.ar\/blog\/wp-json\/wp\/v2\/types\/post"}],"author":[{"embeddable":true,"href":"https:\/\/larevistadigital.com.ar\/blog\/wp-json\/wp\/v2\/users\/3"}],"replies":[{"embeddable":true,"href":"https:\/\/larevistadigital.com.ar\/blog\/wp-json\/wp\/v2\/comments?post=39559"}],"version-history":[{"count":1,"href":"https:\/\/larevistadigital.com.ar\/blog\/wp-json\/wp\/v2\/posts\/39559\/revisions"}],"predecessor-version":[{"id":39561,"href":"https:\/\/larevistadigital.com.ar\/blog\/wp-json\/wp\/v2\/posts\/39559\/revisions\/39561"}],"wp:featuredmedia":[{"embeddable":true,"href":"https:\/\/larevistadigital.com.ar\/blog\/wp-json\/wp\/v2\/media\/39560"}],"wp:attachment":[{"href":"https:\/\/larevistadigital.com.ar\/blog\/wp-json\/wp\/v2\/media?parent=39559"}],"wp:term":[{"taxonomy":"category","embeddable":true,"href":"https:\/\/larevistadigital.com.ar\/blog\/wp-json\/wp\/v2\/categories?post=39559"},{"taxonomy":"post_tag","embeddable":true,"href":"https:\/\/larevistadigital.com.ar\/blog\/wp-json\/wp\/v2\/tags?post=39559"}],"curies":[{"name":"wp","href":"https:\/\/api.w.org\/{rel}","templated":true}]}}