{"id":39563,"date":"2025-04-26T21:50:37","date_gmt":"2025-04-27T00:50:37","guid":{"rendered":"https:\/\/larevistadigital.com.ar\/blog\/?p=39563"},"modified":"2025-04-27T11:27:43","modified_gmt":"2025-04-27T14:27:43","slug":"el-frente-grande-se-planta-apoya-a-kicillof-y-apuesta-a-ser-muralla-contra-milei","status":"publish","type":"post","link":"https:\/\/larevistadigital.com.ar\/blog\/el-frente-grande-se-planta-apoya-a-kicillof-y-apuesta-a-ser-muralla-contra-milei\/","title":{"rendered":"El Frente Grande se planta: apoya a Kicillof y apuesta a ser muralla contra Milei"},"content":{"rendered":"<h2>En una asamblea con alta participaci\u00f3n, el partido bonaerense defini\u00f3 su rumbo electoral, con presencia activa de referentes como el Chascomunense\u00a0 Adrian Biain.<\/h2>\n<p>26 de Abril de 2025<\/p>\n<p><strong>LA PLATA\u00a0 &#8211;\u00a0 <\/strong>En un clima de definiciones pol\u00edticas fuertes, el Frente Grande celebr\u00f3 su Asamblea Provincial en su nueva sede de la ciudad de La Plata, donde los congresales de distintos distritos votaron en un 70% acompa\u00f1ar la candidatura del gobernador <strong>Axel Kicillof<\/strong> y su espacio en el proceso electoral de este a\u00f1o.<\/p>\n<p class=\"\" data-start=\"744\" data-end=\"1137\"><strong><em>\u00abReconociendo el gran trabajo de Axel en toda la Provincia, apostamos a la unidad del campo popular para frenar el atropello de Milei\u00bb<\/em><\/strong>, expres\u00f3 <strong>Mario Secco<\/strong>,<strong> intendente de Ensenada y una de las figuras clave que sostiene el proyecto<\/strong> <strong>Kicillof 2025<\/strong>. No pas\u00f3 desapercibido el esfuerzo de los militantes por abrir una nueva sede en plena capital provincial, consolidando el crecimiento del espacio.<\/p>\n<blockquote>\n<h3 data-start=\"1139\" data-end=\"1356\">Entre los presentes se cont\u00f3 con la participaci\u00f3n de Adrian Biain, del Frente Grande de Chascom\u00fas, quien aport\u00f3 su respaldo al llamado a la unidad y al fortalecimiento del proyecto bonaerense.<\/h3>\n<\/blockquote>\n<p class=\"\" data-start=\"1358\" data-end=\"1814\">Mientras tanto, <strong>Axel Kicillof<\/strong> no baja el tono de sus cr\u00edticas al Gobierno Nacional. En sus \u00faltimas declaraciones, el gobernador advirti\u00f3: <strong><em>\u00abMientras Milei celebra m\u00e1s deuda, ajuste y sumisi\u00f3n al FMI, el pueblo sufre inflaci\u00f3n, ca\u00edda del consumo, destrucci\u00f3n de salarios y jubilaciones\u00bb<\/em><\/strong>. Adem\u00e1s, apunt\u00f3 contra la estrategia oficial de paralizar obras p\u00fablicas y asfixiar a las provincias en nombre de un ajuste que \u2014asegura\u2014 <strong><em>\u00abs\u00f3lo multiplica la desigualdad\u00bb<\/em><\/strong>.<\/p>\n<blockquote>\n<h3 data-start=\"1816\" data-end=\"2044\">El Frente Grande, en l\u00ednea con este diagn\u00f3stico, defini\u00f3 profundizar su acompa\u00f1amiento a Kicillof, diferenci\u00e1ndose de otros sectores del peronismo que a\u00fan buscan su identidad tras el desgaste de la conducci\u00f3n de M\u00e1ximo Kirchner.<\/h3>\n<\/blockquote>\n<p class=\"\" data-start=\"2046\" data-end=\"2380\">La Asamblea Provincial no solo dej\u00f3 definiciones pol\u00edticas claras, sino que tambi\u00e9n evidenci\u00f3 un dato ineludible: la oposici\u00f3n a Milei empieza a tener un polo de aglutinamiento en <strong>Axel Kicillof<\/strong>. Y el Frente Grande, con su militancia activa y sus referentes territoriales, se sube decidido a esa construcci\u00f3n.<\/p>\n","protected":false},"excerpt":{"rendered":"<div class=\"mh-excerpt\"><p>En una asamblea con alta participaci\u00f3n, el partido bonaerense defini\u00f3 su rumbo electoral, con presencia activa de referentes como el Chascomunense\u00a0 Adrian Biain. 26 de Abril de 2025 LA PLATA\u00a0 &#8211;\u00a0 En un clima de <a class=\"mh-excerpt-more\" href=\"https:\/\/larevistadigital.com.ar\/blog\/el-frente-grande-se-planta-apoya-a-kicillof-y-apuesta-a-ser-muralla-contra-milei\/\" title=\"El Frente Grande se planta: apoya a Kicillof y apuesta a ser muralla contra Milei\">[Leer M\u00e1s]<\/a><\/p>\n<\/div>","protected":false},"author":3,"featured_media":39564,"comment_status":"open","ping_status":"open","sticky":false,"template":"","format":"standard","meta":{"_jetpack_memberships_contains_paid_content":false,"footnotes":"","jetpack_publicize_message":"","jetpack_publicize_feature_enabled":true,"jetpack_social_post_already_shared":true,"jetpack_social_options":{"image_generator_settings":{"template":"highway","default_image_id":0,"font":"","enabled":false},"version":2}},"categories":[12,51],"tags":[],"class_list":{"0":"post-39563","1":"post","2":"type-post","3":"status-publish","4":"format-standard","5":"has-post-thumbnail","7":"category-politica","8":"category-regionales"},"jetpack_publicize_connections":[],"jetpack_featured_media_url":"https:\/\/i0.wp.com\/larevistadigital.com.ar\/blog\/wp-content\/uploads\/multimedia.normal.8a6a6fd412d366c9.bm9ybWFsLndlYnA-e1745764052641.webp?fit=589%2C464&ssl=1","jetpack_sharing_enabled":true,"jetpack_shortlink":"https:\/\/wp.me\/p8qtrQ-ai7","jetpack-related-posts":[{"id":39281,"url":"https:\/\/larevistadigital.com.ar\/blog\/kicillof-volvio-a-llamar-a-la-unidad-para-frenar-las-politicas-de-milei-y-defender-la-provincia\/","url_meta":{"origin":39563,"position":0},"title":"Kicillof volvi\u00f3 a llamar a la unidad para frenar las pol\u00edticas de Milei y defender la Provincia","author":"Alejandro Sosa Ruda","date":"4 abril, 2025","format":false,"excerpt":"El gobernador de la provincia de Buenos Aires, Axel Kicillof, encabez\u00f3 este jueves el cierre del ciclo de charlas \u201cDebate del Futuro\u201d en el Teatro Argentino de La Plata. Lo acompa\u00f1aron el ministro de Gobierno, Carlos Bianco; el subsecretario de Econom\u00eda Popular, Daniel Men\u00e9ndez; y el intendente platense, Julio Alak.\u2026","rel":"","context":"En \u00abINTERES GENERAL\u00bb","block_context":{"text":"INTERES GENERAL","link":"https:\/\/larevistadigital.com.ar\/blog\/category\/interes-general\/"},"img":{"alt_text":"","src":"https:\/\/i0.wp.com\/larevistadigital.com.ar\/blog\/wp-content\/uploads\/20250403195806_kicillof-acto-contra-milei-provincia.jpg?fit=880%2C512&ssl=1&resize=350%2C200","width":350,"height":200,"srcset":"https:\/\/i0.wp.com\/larevistadigital.com.ar\/blog\/wp-content\/uploads\/20250403195806_kicillof-acto-contra-milei-provincia.jpg?fit=880%2C512&ssl=1&resize=350%2C200 1x, https:\/\/i0.wp.com\/larevistadigital.com.ar\/blog\/wp-content\/uploads\/20250403195806_kicillof-acto-contra-milei-provincia.jpg?fit=880%2C512&ssl=1&resize=525%2C300 1.5x, https:\/\/i0.wp.com\/larevistadigital.com.ar\/blog\/wp-content\/uploads\/20250403195806_kicillof-acto-contra-milei-provincia.jpg?fit=880%2C512&ssl=1&resize=700%2C400 2x"},"classes":[]},{"id":43013,"url":"https:\/\/larevistadigital.com.ar\/blog\/comunicado-del-frente-grande-respaldando-al-gobernador-axelkicillof\/","url_meta":{"origin":39563,"position":1},"title":"Comunicado del Frente Grande respaldando al gobernador AxelKicillof","author":"Alejandro Sosa Ruda","date":"23 diciembre, 2025","format":false,"excerpt":"En un plenario marcado por el clima militante y el debate estrat\u00e9gico del peronismo, el gobernador bonaerense llam\u00f3 a construir una alternativa nacional. El Frente Grande expres\u00f3 su apoyo mediante un comunicado y particip\u00f3 del encuentro Juan Pablo \u201cPoli\u201d Odera, armador de ese espacio en la Quinta Secci\u00f3n Electoral. 23\u2026","rel":"","context":"En \u00abPOLITICA PROVINCIAL\u00bb","block_context":{"text":"POLITICA PROVINCIAL","link":"https:\/\/larevistadigital.com.ar\/blog\/category\/politica\/politica-provincial\/"},"img":{"alt_text":"","src":"https:\/\/i0.wp.com\/larevistadigital.com.ar\/blog\/wp-content\/uploads\/Captura-de-pantalla-2025-12-23-163021.jpg?fit=643%2C366&ssl=1&resize=350%2C200","width":350,"height":200,"srcset":"https:\/\/i0.wp.com\/larevistadigital.com.ar\/blog\/wp-content\/uploads\/Captura-de-pantalla-2025-12-23-163021.jpg?fit=643%2C366&ssl=1&resize=350%2C200 1x, https:\/\/i0.wp.com\/larevistadigital.com.ar\/blog\/wp-content\/uploads\/Captura-de-pantalla-2025-12-23-163021.jpg?fit=643%2C366&ssl=1&resize=525%2C300 1.5x"},"classes":[]},{"id":39373,"url":"https:\/\/larevistadigital.com.ar\/blog\/convocan-a-un-frente-politico-y-electoral-contra-milei-y-en-apoyo-a-kicillof\/","url_meta":{"origin":39563,"position":2},"title":"Convocan a un \u00abfrente pol\u00edtico y electoral contra Milei\u201d y en apoyo a Kicillof","author":"Alejandro Sosa Ruda","date":"15 abril, 2025","format":false,"excerpt":"Unidad Popular (UP) de la Provincia de Buenos Aires llam\u00f3 este s\u00e1bado a formar \u201cun frente pol\u00edtico y electoral contra Milei\u201d y respaldaron la l\u00ednea pol\u00edtica del gobernador Kicillof \"contra los embates\" del gobierno nacional que \"afectan a las y los bonaerenses\" 15 de Abril de 2025 BUENOS AIRES -\u00a0\u2026","rel":"","context":"En \u00abINTERES GENERAL\u00bb","block_context":{"text":"INTERES GENERAL","link":"https:\/\/larevistadigital.com.ar\/blog\/category\/interes-general\/"},"img":{"alt_text":"","src":"https:\/\/i0.wp.com\/larevistadigital.com.ar\/blog\/wp-content\/uploads\/20250414164537_plenario-unidad-popular-kicillof.jpg?fit=880%2C512&ssl=1&resize=350%2C200","width":350,"height":200,"srcset":"https:\/\/i0.wp.com\/larevistadigital.com.ar\/blog\/wp-content\/uploads\/20250414164537_plenario-unidad-popular-kicillof.jpg?fit=880%2C512&ssl=1&resize=350%2C200 1x, https:\/\/i0.wp.com\/larevistadigital.com.ar\/blog\/wp-content\/uploads\/20250414164537_plenario-unidad-popular-kicillof.jpg?fit=880%2C512&ssl=1&resize=525%2C300 1.5x, https:\/\/i0.wp.com\/larevistadigital.com.ar\/blog\/wp-content\/uploads\/20250414164537_plenario-unidad-popular-kicillof.jpg?fit=880%2C512&ssl=1&resize=700%2C400 2x"},"classes":[]},{"id":32989,"url":"https:\/\/larevistadigital.com.ar\/blog\/kicillof-recibio-a-los-intendentes-para-recalcular-la-campana\/","url_meta":{"origin":39563,"position":3},"title":"KICILLOF RECIBI\u00d3 A LOS INTENDENTES PARA \u00abRECALCULAR\u00bb LA CAMPA\u00d1A","author":"Alejandro Sosa Ruda","date":"22 agosto, 2023","format":false,"excerpt":"El mandatario convoc\u00f3 a jefes comunales y candidatos en distritos propios para unificar criterios y reimpulsar la militancia de la boleta de UxP completa. 22 de agosto de 2023 El gobernador\u00a0Axel Kicillof\u00a0recibi\u00f3 esta tarde a\u00a0m\u00e1s de 60 intendentes de Uni\u00f3n por la Patria y candidatos oficialistas a jefes comunales\u00a0para afinar\u2026","rel":"","context":"En \u00abINTERES GENERAL\u00bb","block_context":{"text":"INTERES GENERAL","link":"https:\/\/larevistadigital.com.ar\/blog\/category\/interes-general\/"},"img":{"alt_text":"","src":"https:\/\/i0.wp.com\/larevistadigital.com.ar\/blog\/wp-content\/uploads\/1692733752379.jpeg?fit=1200%2C594&ssl=1&resize=350%2C200","width":350,"height":200,"srcset":"https:\/\/i0.wp.com\/larevistadigital.com.ar\/blog\/wp-content\/uploads\/1692733752379.jpeg?fit=1200%2C594&ssl=1&resize=350%2C200 1x, https:\/\/i0.wp.com\/larevistadigital.com.ar\/blog\/wp-content\/uploads\/1692733752379.jpeg?fit=1200%2C594&ssl=1&resize=525%2C300 1.5x, https:\/\/i0.wp.com\/larevistadigital.com.ar\/blog\/wp-content\/uploads\/1692733752379.jpeg?fit=1200%2C594&ssl=1&resize=700%2C400 2x, https:\/\/i0.wp.com\/larevistadigital.com.ar\/blog\/wp-content\/uploads\/1692733752379.jpeg?fit=1200%2C594&ssl=1&resize=1050%2C600 3x"},"classes":[]},{"id":43824,"url":"https:\/\/larevistadigital.com.ar\/blog\/encuesta-cual-es-la-imagen-de-axel-kicillof-y-javier-milei-en-cada-provincia\/","url_meta":{"origin":39563,"position":4},"title":"Encuesta: cu\u00e1l es la imagen de Axel Kicillof y Javier Milei en cada provincia","author":"Alejandro Sosa Ruda","date":"6 febrero, 2026","format":false,"excerpt":"Una nueva encuesta revela c\u00f3mo miden Javier Milei y Axel Kicillof en cada provincia. D\u00f3nde gana cada uno y qu\u00e9 distritos marcan la diferencia. 6 de febrero de 2026 Una nueva\u00a0encuesta nacional\u00a0volvi\u00f3 a poner el foco en el mapa pol\u00edtico argentino. La consultora\u00a0CG Global Data\u00a0present\u00f3 un estudio que midi\u00f3 la\u2026","rel":"","context":"En \u00abINTERES GENERAL\u00bb","block_context":{"text":"INTERES GENERAL","link":"https:\/\/larevistadigital.com.ar\/blog\/category\/interes-general\/"},"img":{"alt_text":"","src":"https:\/\/i0.wp.com\/larevistadigital.com.ar\/blog\/wp-content\/uploads\/Captura-de-pantalla-2026-02-06-141759.jpg?fit=802%2C530&ssl=1&resize=350%2C200","width":350,"height":200,"srcset":"https:\/\/i0.wp.com\/larevistadigital.com.ar\/blog\/wp-content\/uploads\/Captura-de-pantalla-2026-02-06-141759.jpg?fit=802%2C530&ssl=1&resize=350%2C200 1x, https:\/\/i0.wp.com\/larevistadigital.com.ar\/blog\/wp-content\/uploads\/Captura-de-pantalla-2026-02-06-141759.jpg?fit=802%2C530&ssl=1&resize=525%2C300 1.5x, https:\/\/i0.wp.com\/larevistadigital.com.ar\/blog\/wp-content\/uploads\/Captura-de-pantalla-2026-02-06-141759.jpg?fit=802%2C530&ssl=1&resize=700%2C400 2x"},"classes":[]},{"id":40218,"url":"https:\/\/larevistadigital.com.ar\/blog\/peronismo-bonaerense-en-marcha-kicillof-massa-y-maximo-acuerdan-una-estrategia-electoral-conjunta\/","url_meta":{"origin":39563,"position":5},"title":"Peronismo bonaerense en marcha: Kicillof, Massa y M\u00e1ximo acuerdan una estrategia electoral conjunta","author":"Alejandro Sosa Ruda","date":"30 junio, 2025","format":false,"excerpt":"Con miras a las elecciones provinciales de septiembre, las principales figuras del peronismo se reunieron en La Plata y definieron presentar los candidatos m\u00e1s competitivos por secci\u00f3n electoral. Un frente com\u00fan contra el ajuste y la \u201cmotosierra\u201d. 30 de Junio de 2025 BUENOS AIRES -\u00a0 En una cumbre pol\u00edtica cargada\u2026","rel":"","context":"En \u00abDESTACADAS\u00bb","block_context":{"text":"DESTACADAS","link":"https:\/\/larevistadigital.com.ar\/blog\/category\/destacadas\/"},"img":{"alt_text":"","src":"https:\/\/i0.wp.com\/larevistadigital.com.ar\/blog\/wp-content\/uploads\/Captura-de-pantalla-2025-06-30-121836.jpg?fit=689%2C384&ssl=1&resize=350%2C200","width":350,"height":200,"srcset":"https:\/\/i0.wp.com\/larevistadigital.com.ar\/blog\/wp-content\/uploads\/Captura-de-pantalla-2025-06-30-121836.jpg?fit=689%2C384&ssl=1&resize=350%2C200 1x, https:\/\/i0.wp.com\/larevistadigital.com.ar\/blog\/wp-content\/uploads\/Captura-de-pantalla-2025-06-30-121836.jpg?fit=689%2C384&ssl=1&resize=525%2C300 1.5x"},"classes":[]}],"_links":{"self":[{"href":"https:\/\/larevistadigital.com.ar\/blog\/wp-json\/wp\/v2\/posts\/39563","targetHints":{"allow":["GET"]}}],"collection":[{"href":"https:\/\/larevistadigital.com.ar\/blog\/wp-json\/wp\/v2\/posts"}],"about":[{"href":"https:\/\/larevistadigital.com.ar\/blog\/wp-json\/wp\/v2\/types\/post"}],"author":[{"embeddable":true,"href":"https:\/\/larevistadigital.com.ar\/blog\/wp-json\/wp\/v2\/users\/3"}],"replies":[{"embeddable":true,"href":"https:\/\/larevistadigital.com.ar\/blog\/wp-json\/wp\/v2\/comments?post=39563"}],"version-history":[{"count":3,"href":"https:\/\/larevistadigital.com.ar\/blog\/wp-json\/wp\/v2\/posts\/39563\/revisions"}],"predecessor-version":[{"id":39568,"href":"https:\/\/larevistadigital.com.ar\/blog\/wp-json\/wp\/v2\/posts\/39563\/revisions\/39568"}],"wp:featuredmedia":[{"embeddable":true,"href":"https:\/\/larevistadigital.com.ar\/blog\/wp-json\/wp\/v2\/media\/39564"}],"wp:attachment":[{"href":"https:\/\/larevistadigital.com.ar\/blog\/wp-json\/wp\/v2\/media?parent=39563"}],"wp:term":[{"taxonomy":"category","embeddable":true,"href":"https:\/\/larevistadigital.com.ar\/blog\/wp-json\/wp\/v2\/categories?post=39563"},{"taxonomy":"post_tag","embeddable":true,"href":"https:\/\/larevistadigital.com.ar\/blog\/wp-json\/wp\/v2\/tags?post=39563"}],"curies":[{"name":"wp","href":"https:\/\/api.w.org\/{rel}","templated":true}]}}