{"id":39569,"date":"2025-04-27T12:55:33","date_gmt":"2025-04-27T15:55:33","guid":{"rendered":"https:\/\/larevistadigital.com.ar\/blog\/?p=39569"},"modified":"2025-04-27T12:56:48","modified_gmt":"2025-04-27T15:56:48","slug":"horror-en-villa-gesell-rescatan-a-un-joven-discapacitado-que-vivia-en-el-abandono-mas-cruel","status":"publish","type":"post","link":"https:\/\/larevistadigital.com.ar\/blog\/horror-en-villa-gesell-rescatan-a-un-joven-discapacitado-que-vivia-en-el-abandono-mas-cruel\/","title":{"rendered":"Horror en Villa Gesell: Rescatan a un joven discapacitado que viv\u00eda en el abandono m\u00e1s cruel"},"content":{"rendered":"<h2 data-start=\"296\" data-end=\"432\"><strong data-start=\"296\" data-end=\"432\">Una vecina escuch\u00f3 sus gritos de auxilio y salv\u00f3 al muchacho de 34 a\u00f1os. La madre fue imputada por abandono agravado por el v\u00ednculo.<\/strong><\/h2>\n<p>27 de Abril de 2025<\/p>\n<p class=\"\" data-start=\"434\" data-end=\"710\"><strong>CHASCOM\u00daS &#8211;\u00a0<\/strong> \u00a0Un dram\u00e1tico caso de presunto abandono agravado por el v\u00ednculo conmociona a Villa Gesell. Todo sali\u00f3 a la luz gracias al llamado de una vecina al 911, quien alert\u00f3 sobre pedidos de auxilio que proven\u00edan de una vivienda ubicada en Paseo 113 bis, entre las avenidas 29 bis y 31.<\/p>\n<blockquote>\n<h3 data-start=\"712\" data-end=\"908\">Cuando la polic\u00eda arrib\u00f3 al lugar, entrevist\u00f3 a la mujer denunciante, quien relat\u00f3 que en esa casa viv\u00eda un hombre con retraso madurativo y que tem\u00eda que estuviera siendo maltratado o descuidado.<\/h3>\n<\/blockquote>\n<p class=\"\" data-start=\"910\" data-end=\"1334\">Siguiendo el protocolo, los efectivos se dirigieron al domicilio se\u00f1alado, donde fueron atendidos por una mujer que se identific\u00f3 como la madre del joven. Con su autorizaci\u00f3n, ingresaron a la vivienda y hallaron una escena desgarradora: <strong>en una habitaci\u00f3n a oscuras, sobre una cama sucia, yac\u00eda un hombre de 34 a\u00f1os, orinado, defecado y en un estado de total abandono, sin posibilidad de moverse ni comunicarse adecuadamente.<\/strong><\/p>\n<blockquote>\n<h3 data-start=\"1336\" data-end=\"1586\">De inmediato, se dio intervenci\u00f3n a la Comisar\u00eda de la Mujer y la Familia. El Ministerio P\u00fablico Fiscal orden\u00f3 el urgente traslado del joven al hospital local para su evaluaci\u00f3n m\u00e9dica, y dispuso que quedara bajo custodia policial para su protecci\u00f3n.<\/h3>\n<\/blockquote>\n<p class=\"\" data-start=\"1588\" data-end=\"1889\">En paralelo, la mujer fue notificada de la causa penal que enfrenta bajo la car\u00e1tula de <strong data-start=\"1676\" data-end=\"1725\">\u00ababandono de persona agravado por el v\u00ednculo\u00bb<\/strong>. Adem\u00e1s, se tomaron declaraciones testimoniales a los vecinos y se siguen recolectando pruebas para esclarecer los hechos y determinar el grado de responsabilidad.<\/p>\n<p class=\"\" data-start=\"1891\" data-end=\"2118\">El caso ha generado una profunda conmoci\u00f3n en la comunidad gesellina, que a\u00fan no sale de su asombro ante semejante acto de negligencia. Las autoridades contin\u00faan con la investigaci\u00f3n y se esperan novedades en los pr\u00f3ximos d\u00edas.<\/p>\n<p data-start=\"1891\" data-end=\"2118\">fuente e imagen: entrel\u00edneas.info<\/p>\n","protected":false},"excerpt":{"rendered":"<div class=\"mh-excerpt\"><p>Una vecina escuch\u00f3 sus gritos de auxilio y salv\u00f3 al muchacho de 34 a\u00f1os. La madre fue imputada por abandono agravado por el v\u00ednculo. 27 de Abril de 2025 CHASCOM\u00daS &#8211;\u00a0 \u00a0Un dram\u00e1tico caso de <a class=\"mh-excerpt-more\" href=\"https:\/\/larevistadigital.com.ar\/blog\/horror-en-villa-gesell-rescatan-a-un-joven-discapacitado-que-vivia-en-el-abandono-mas-cruel\/\" title=\"Horror en Villa Gesell: Rescatan a un joven discapacitado que viv\u00eda en el abandono m\u00e1s cruel\">[Leer M\u00e1s]<\/a><\/p>\n<\/div>","protected":false},"author":3,"featured_media":39570,"comment_status":"open","ping_status":"open","sticky":false,"template":"","format":"standard","meta":{"_jetpack_memberships_contains_paid_content":false,"footnotes":"","jetpack_publicize_message":"","jetpack_publicize_feature_enabled":true,"jetpack_social_post_already_shared":true,"jetpack_social_options":{"image_generator_settings":{"template":"highway","default_image_id":0,"font":"","enabled":false},"version":2}},"categories":[44,51],"tags":[],"class_list":{"0":"post-39569","1":"post","2":"type-post","3":"status-publish","4":"format-standard","5":"has-post-thumbnail","7":"category-policiales","8":"category-regionales"},"jetpack_publicize_connections":[],"jetpack_featured_media_url":"https:\/\/i0.wp.com\/larevistadigital.com.ar\/blog\/wp-content\/uploads\/474abe1d8d4a17d5cd0215e18d91c2c904d941b2.jpg?fit=1140%2C759&ssl=1","jetpack_sharing_enabled":true,"jetpack_shortlink":"https:\/\/wp.me\/p8qtrQ-aid","jetpack-related-posts":[{"id":15890,"url":"https:\/\/larevistadigital.com.ar\/blog\/villa-gesell-asesinan-a-hombre-de-un-balazo-hay-tres-detenidos\/","url_meta":{"origin":39569,"position":0},"title":"VILLA GESELL: ASESINAN A HOMBRE DE UN BALAZO. HAY TRES DETENIDOS","author":"Alejandro Sosa Ruda","date":"10 agosto, 2020","format":false,"excerpt":"La v\u00edctima fue identificada como Gonzalo Romano (42), quien este s\u00e1bado a la noche recibi\u00f3 un tiro en el t\u00f3rax cuando se encontraba en Paseo 126 y avenida de Circunvalaci\u00f3n. La polic\u00eda aprehendi\u00f3 a tres sospechosos: uno es menor. VILLA GESELL- Un hombre fue asesinado de un balazo en el\u2026","rel":"","context":"En \u00abPOLICIALES\u00bb","block_context":{"text":"POLICIALES","link":"https:\/\/larevistadigital.com.ar\/blog\/category\/policiales\/"},"img":{"alt_text":"","src":"https:\/\/i0.wp.com\/larevistadigital.com.ar\/blog\/wp-content\/uploads\/villa-gessel-22.jpg?fit=1200%2C849&ssl=1&resize=350%2C200","width":350,"height":200,"srcset":"https:\/\/i0.wp.com\/larevistadigital.com.ar\/blog\/wp-content\/uploads\/villa-gessel-22.jpg?fit=1200%2C849&ssl=1&resize=350%2C200 1x, https:\/\/i0.wp.com\/larevistadigital.com.ar\/blog\/wp-content\/uploads\/villa-gessel-22.jpg?fit=1200%2C849&ssl=1&resize=525%2C300 1.5x, https:\/\/i0.wp.com\/larevistadigital.com.ar\/blog\/wp-content\/uploads\/villa-gessel-22.jpg?fit=1200%2C849&ssl=1&resize=700%2C400 2x, https:\/\/i0.wp.com\/larevistadigital.com.ar\/blog\/wp-content\/uploads\/villa-gessel-22.jpg?fit=1200%2C849&ssl=1&resize=1050%2C600 3x"},"classes":[]},{"id":15167,"url":"https:\/\/larevistadigital.com.ar\/blog\/mujer-denuncia-abuso-policial-en-villa-gesell\/","url_meta":{"origin":39569,"position":1},"title":"MUJER DENUNCIA ABUSO POLICIAL EN VILLA GESELL","author":"Alejandro Sosa Ruda","date":"11 mayo, 2020","format":false,"excerpt":"Yanina Vozza, una vecina de Villa Gesell, revel\u00f3 que personal del Grupo GAD y de la Comisar\u00eda Cuarta de esa ciudad realiz\u00f3 un violento allanamiento en su domicilio el pasado 29 de abril. Tras varios d\u00edas de intentar infructuosamente denunciar el hecho, decidi\u00f3 realizar un video haciendo p\u00fablica la cr\u00edtica\u2026","rel":"","context":"En \u00abPOLICIALES\u00bb","block_context":{"text":"POLICIALES","link":"https:\/\/larevistadigital.com.ar\/blog\/category\/policiales\/"},"img":{"alt_text":"","src":"","width":0,"height":0},"classes":[]},{"id":31558,"url":"https:\/\/larevistadigital.com.ar\/blog\/villa-gesell-intento-matar-a-su-mujer-disparandole-en-el-rostro-y-se-fue\/","url_meta":{"origin":39569,"position":2},"title":"VILLA GESELL: INTENT\u00d3 MATAR A SU MUJER DISPAR\u00c1NDOLE EN EL ROSTRO Y SE FUE","author":"Alejandro Sosa Ruda","date":"15 mayo, 2023","format":false,"excerpt":"Un remisero geselino est\u00e1 acusado de tentativa de femicidio, tras balear en el rostro a su pareja delante de su hijo de 11 a\u00f1os, que lo delat\u00f3 ante la polic\u00eda. 15 de Mayo de 2023 VILLA GESELL -\u00a0 \u00a0Un hombre que trabajaba como remisero, se encuentra pr\u00f3fugo de la justicia,\u2026","rel":"","context":"En \u00abPOLICIALES\u00bb","block_context":{"text":"POLICIALES","link":"https:\/\/larevistadigital.com.ar\/blog\/category\/policiales\/"},"img":{"alt_text":"","src":"https:\/\/i0.wp.com\/larevistadigital.com.ar\/blog\/wp-content\/uploads\/Captura-de-pantalla-2023-05-15-180414.png?fit=807%2C431&ssl=1&resize=350%2C200","width":350,"height":200,"srcset":"https:\/\/i0.wp.com\/larevistadigital.com.ar\/blog\/wp-content\/uploads\/Captura-de-pantalla-2023-05-15-180414.png?fit=807%2C431&ssl=1&resize=350%2C200 1x, https:\/\/i0.wp.com\/larevistadigital.com.ar\/blog\/wp-content\/uploads\/Captura-de-pantalla-2023-05-15-180414.png?fit=807%2C431&ssl=1&resize=525%2C300 1.5x, https:\/\/i0.wp.com\/larevistadigital.com.ar\/blog\/wp-content\/uploads\/Captura-de-pantalla-2023-05-15-180414.png?fit=807%2C431&ssl=1&resize=700%2C400 2x"},"classes":[]},{"id":20817,"url":"https:\/\/larevistadigital.com.ar\/blog\/villa-gesell-detienen-a-sujeto-por-abuso-sexual\/","url_meta":{"origin":39569,"position":3},"title":"VILLA GESELL: DETIENEN A SUJETO POR ABUSO SEXUAL","author":"Alejandro Sosa Ruda","date":"22 junio, 2021","format":false,"excerpt":"VILLA GESELL - La madre de una joven de 17 a\u00f1os denunci\u00f3 a su ex pareja por el abuso de la menor en Villa Gesell. Pero, minutos antes de que la mujer realice la denuncia, el hombre de 57 a\u00f1os se present\u00f3 en la dependencia policial expresando que hab\u00eda abusado\u2026","rel":"","context":"En \u00abPOLICIALES\u00bb","block_context":{"text":"POLICIALES","link":"https:\/\/larevistadigital.com.ar\/blog\/category\/policiales\/"},"img":{"alt_text":"","src":"https:\/\/i0.wp.com\/larevistadigital.com.ar\/blog\/wp-content\/uploads\/6293d05cedac45dbdf493a68ef3916bb67d86121.jpg?fit=1140%2C759&ssl=1&resize=350%2C200","width":350,"height":200,"srcset":"https:\/\/i0.wp.com\/larevistadigital.com.ar\/blog\/wp-content\/uploads\/6293d05cedac45dbdf493a68ef3916bb67d86121.jpg?fit=1140%2C759&ssl=1&resize=350%2C200 1x, https:\/\/i0.wp.com\/larevistadigital.com.ar\/blog\/wp-content\/uploads\/6293d05cedac45dbdf493a68ef3916bb67d86121.jpg?fit=1140%2C759&ssl=1&resize=525%2C300 1.5x, https:\/\/i0.wp.com\/larevistadigital.com.ar\/blog\/wp-content\/uploads\/6293d05cedac45dbdf493a68ef3916bb67d86121.jpg?fit=1140%2C759&ssl=1&resize=700%2C400 2x, https:\/\/i0.wp.com\/larevistadigital.com.ar\/blog\/wp-content\/uploads\/6293d05cedac45dbdf493a68ef3916bb67d86121.jpg?fit=1140%2C759&ssl=1&resize=1050%2C600 3x"},"classes":[]},{"id":26896,"url":"https:\/\/larevistadigital.com.ar\/blog\/villa-gesell-detuvieron-a-un-hombre-que-figuraba-entre-los-mas-buscados-por-interpol\/","url_meta":{"origin":39569,"position":4},"title":"VILLA GESELL: DETUVIERON A UN HOMBRE QUE FIGURABA ENTRE LOS M\u00c1S BUSCADOS POR INTERPOL","author":"Alejandro Sosa Ruda","date":"31 julio, 2022","format":false,"excerpt":"Uno de los pr\u00f3fugos m\u00e1s buscado por la Interpol en Argentina fue detenido en las \u00faltimas horas en la ciudad de Villa Gesell. Se trata de Mart\u00edn Rodrigo Olaz\u00e1bal, de 30 a\u00f1os, quien figuraba en el puesto 14 entre los delincuentes m\u00e1s buscados. VILLA GESELL -\u00a0 Cabe destacar que el\u2026","rel":"","context":"En \u00abPOLICIALES\u00bb","block_context":{"text":"POLICIALES","link":"https:\/\/larevistadigital.com.ar\/blog\/category\/policiales\/"},"img":{"alt_text":"","src":"https:\/\/i0.wp.com\/larevistadigital.com.ar\/blog\/wp-content\/uploads\/20220730163811_detuvieron-a-un-hombre-que-figuraba-en-la-lista-de-los-mas-buscados-por-interpol.jpg?fit=880%2C512&ssl=1&resize=350%2C200","width":350,"height":200,"srcset":"https:\/\/i0.wp.com\/larevistadigital.com.ar\/blog\/wp-content\/uploads\/20220730163811_detuvieron-a-un-hombre-que-figuraba-en-la-lista-de-los-mas-buscados-por-interpol.jpg?fit=880%2C512&ssl=1&resize=350%2C200 1x, https:\/\/i0.wp.com\/larevistadigital.com.ar\/blog\/wp-content\/uploads\/20220730163811_detuvieron-a-un-hombre-que-figuraba-en-la-lista-de-los-mas-buscados-por-interpol.jpg?fit=880%2C512&ssl=1&resize=525%2C300 1.5x, https:\/\/i0.wp.com\/larevistadigital.com.ar\/blog\/wp-content\/uploads\/20220730163811_detuvieron-a-un-hombre-que-figuraba-en-la-lista-de-los-mas-buscados-por-interpol.jpg?fit=880%2C512&ssl=1&resize=700%2C400 2x"},"classes":[]},{"id":40013,"url":"https:\/\/larevistadigital.com.ar\/blog\/mientras-dormian-violento-robo-en-villa-gesell-deja-a-una-familia-sin-nada\/","url_meta":{"origin":39569,"position":5},"title":"Mientras dorm\u00edan: violento robo en Villa Gesell deja a una familia sin nada","author":"Alejandro Sosa Ruda","date":"9 junio, 2025","format":false,"excerpt":"La inseguridad golpea de nuevo en la costa. En plena madrugada, una familia de Villa Gesell fue desvalijada mientras dorm\u00eda. Se llevaron desde electrodom\u00e9sticos hasta comida congelada, sin que nadie escuchara un solo ruido. 09 de Junio de 2025 VILLA GESELL -\u00a0 El episodio ocurri\u00f3 durante el fin de semana,\u2026","rel":"","context":"En \u00abPOLICIALES\u00bb","block_context":{"text":"POLICIALES","link":"https:\/\/larevistadigital.com.ar\/blog\/category\/policiales\/"},"img":{"alt_text":"","src":"https:\/\/i0.wp.com\/larevistadigital.com.ar\/blog\/wp-content\/uploads\/NOTA-2.png?fit=1140%2C636&ssl=1&resize=350%2C200","width":350,"height":200,"srcset":"https:\/\/i0.wp.com\/larevistadigital.com.ar\/blog\/wp-content\/uploads\/NOTA-2.png?fit=1140%2C636&ssl=1&resize=350%2C200 1x, https:\/\/i0.wp.com\/larevistadigital.com.ar\/blog\/wp-content\/uploads\/NOTA-2.png?fit=1140%2C636&ssl=1&resize=525%2C300 1.5x, https:\/\/i0.wp.com\/larevistadigital.com.ar\/blog\/wp-content\/uploads\/NOTA-2.png?fit=1140%2C636&ssl=1&resize=700%2C400 2x, https:\/\/i0.wp.com\/larevistadigital.com.ar\/blog\/wp-content\/uploads\/NOTA-2.png?fit=1140%2C636&ssl=1&resize=1050%2C600 3x"},"classes":[]}],"_links":{"self":[{"href":"https:\/\/larevistadigital.com.ar\/blog\/wp-json\/wp\/v2\/posts\/39569","targetHints":{"allow":["GET"]}}],"collection":[{"href":"https:\/\/larevistadigital.com.ar\/blog\/wp-json\/wp\/v2\/posts"}],"about":[{"href":"https:\/\/larevistadigital.com.ar\/blog\/wp-json\/wp\/v2\/types\/post"}],"author":[{"embeddable":true,"href":"https:\/\/larevistadigital.com.ar\/blog\/wp-json\/wp\/v2\/users\/3"}],"replies":[{"embeddable":true,"href":"https:\/\/larevistadigital.com.ar\/blog\/wp-json\/wp\/v2\/comments?post=39569"}],"version-history":[{"count":2,"href":"https:\/\/larevistadigital.com.ar\/blog\/wp-json\/wp\/v2\/posts\/39569\/revisions"}],"predecessor-version":[{"id":39572,"href":"https:\/\/larevistadigital.com.ar\/blog\/wp-json\/wp\/v2\/posts\/39569\/revisions\/39572"}],"wp:featuredmedia":[{"embeddable":true,"href":"https:\/\/larevistadigital.com.ar\/blog\/wp-json\/wp\/v2\/media\/39570"}],"wp:attachment":[{"href":"https:\/\/larevistadigital.com.ar\/blog\/wp-json\/wp\/v2\/media?parent=39569"}],"wp:term":[{"taxonomy":"category","embeddable":true,"href":"https:\/\/larevistadigital.com.ar\/blog\/wp-json\/wp\/v2\/categories?post=39569"},{"taxonomy":"post_tag","embeddable":true,"href":"https:\/\/larevistadigital.com.ar\/blog\/wp-json\/wp\/v2\/tags?post=39569"}],"curies":[{"name":"wp","href":"https:\/\/api.w.org\/{rel}","templated":true}]}}