{"id":39573,"date":"2025-04-27T13:18:23","date_gmt":"2025-04-27T16:18:23","guid":{"rendered":"https:\/\/larevistadigital.com.ar\/blog\/?p=39573"},"modified":"2025-04-27T13:18:23","modified_gmt":"2025-04-27T16:18:23","slug":"violento-robo-a-un-abuelo-en-madariaga-lo-tiraron-de-la-silla-para-robarle-la-billetera","status":"publish","type":"post","link":"https:\/\/larevistadigital.com.ar\/blog\/violento-robo-a-un-abuelo-en-madariaga-lo-tiraron-de-la-silla-para-robarle-la-billetera\/","title":{"rendered":"Violento robo a un abuelo en Madariaga: lo tiraron de la silla para robarle la billetera"},"content":{"rendered":"<h2>Una mujer intervino valientemente y logr\u00f3 recuperar el documento, aunque parte del dinero hab\u00eda sido sustra\u00eddo. El ladr\u00f3n ya fue detenido.<\/h2>\n<p>27 de Abril de 2025<\/p>\n<p><strong>GRAL. MADARIAGA &#8211;\u00a0<\/strong> Un indignante episodio de inseguridad sacudi\u00f3 a la localidad de General Madariaga cuando un hombre de 87 a\u00f1os fue brutalmente asaltado mientras descansaba en la vereda de su casa.<\/p>\n<p>Seg\u00fan consta en la denuncia policial, el hecho ocurri\u00f3 cuando Rodrigo Ezequiel Casta\u00f1ares, de 26 a\u00f1os, se acerc\u00f3 al abuelo, lo amenaz\u00f3 y lo golpe\u00f3 con violencia, tir\u00e1ndolo de la silla para luego arrebatarle la billetera. La situaci\u00f3n fue advertida por una mujer que, sin dudarlo, sali\u00f3 en persecuci\u00f3n del delincuente, logrando recuperar la billetera, aunque ya con la falta de 16.000 pesos en efectivo.<\/p>\n<blockquote>\n<h3>Gracias a las c\u00e1maras de seguridad del Centro de Monitoreo (COM) y al r\u00e1pido accionar de las fuerzas policiales, el delincuente fue identificado y posteriormente aprehendido. La causa qued\u00f3 caratulada como \u00abRobo Agravado\u00bb y tramita en la Fiscal\u00eda N\u00ba 8, a cargo del fiscal Walter Mercuri.<\/h3>\n<\/blockquote>\n<p>La comunidad de Madariaga sigue conmocionada por el hecho y destaca la valent\u00eda de la vecina que no dud\u00f3 en intervenir para ayudar a la v\u00edctima.<\/p>\n<p>&nbsp;<\/p>\n","protected":false},"excerpt":{"rendered":"<div class=\"mh-excerpt\"><p>Una mujer intervino valientemente y logr\u00f3 recuperar el documento, aunque parte del dinero hab\u00eda sido sustra\u00eddo. El ladr\u00f3n ya fue detenido. 27 de Abril de 2025 GRAL. MADARIAGA &#8211;\u00a0 Un indignante episodio de inseguridad sacudi\u00f3 <a class=\"mh-excerpt-more\" href=\"https:\/\/larevistadigital.com.ar\/blog\/violento-robo-a-un-abuelo-en-madariaga-lo-tiraron-de-la-silla-para-robarle-la-billetera\/\" title=\"Violento robo a un abuelo en Madariaga: lo tiraron de la silla para robarle la billetera\">[Leer M\u00e1s]<\/a><\/p>\n<\/div>","protected":false},"author":3,"featured_media":21648,"comment_status":"open","ping_status":"open","sticky":false,"template":"","format":"standard","meta":{"_jetpack_memberships_contains_paid_content":false,"footnotes":"","jetpack_publicize_message":"","jetpack_publicize_feature_enabled":true,"jetpack_social_post_already_shared":true,"jetpack_social_options":{"image_generator_settings":{"template":"highway","default_image_id":0,"font":"","enabled":false},"version":2}},"categories":[44,51],"tags":[],"class_list":{"0":"post-39573","1":"post","2":"type-post","3":"status-publish","4":"format-standard","5":"has-post-thumbnail","7":"category-policiales","8":"category-regionales"},"jetpack_publicize_connections":[],"jetpack_featured_media_url":"https:\/\/i0.wp.com\/larevistadigital.com.ar\/blog\/wp-content\/uploads\/POLICIA.png?fit=1002%2C658&ssl=1","jetpack_sharing_enabled":true,"jetpack_shortlink":"https:\/\/wp.me\/p8qtrQ-aih","jetpack-related-posts":[{"id":18252,"url":"https:\/\/larevistadigital.com.ar\/blog\/brutal-entradera-a-un-abuelo-en-la-plata\/","url_meta":{"origin":39573,"position":0},"title":"BRUTAL ENTRADERA A UN ABUELO EN LA PLATA","author":"Alejandro Sosa Ruda","date":"21 diciembre, 2020","format":false,"excerpt":"La v\u00edctima fue sorprendida cuando guardaba el auto. Tras ingresar a su casa, los ladrones se apoderaron de 30.000 pesos, 870 d\u00f3lares y electrodom\u00e9sticos. Una hombre de 70 a\u00f1os vivi\u00f3\u00a0instantes de terror al ser v\u00edctima\u00a0de una brutal entradera en su casa de La Plata. El hecho se registr\u00f3 el pasado\u2026","rel":"","context":"En \u00abINTERES GENERAL\u00bb","block_context":{"text":"INTERES GENERAL","link":"https:\/\/larevistadigital.com.ar\/blog\/category\/interes-general\/"},"img":{"alt_text":"","src":"https:\/\/i0.wp.com\/larevistadigital.com.ar\/blog\/wp-content\/uploads\/una-mujer-fue-rescatada-la-policia-la-plata.jpg?fit=1200%2C675&ssl=1&resize=350%2C200","width":350,"height":200,"srcset":"https:\/\/i0.wp.com\/larevistadigital.com.ar\/blog\/wp-content\/uploads\/una-mujer-fue-rescatada-la-policia-la-plata.jpg?fit=1200%2C675&ssl=1&resize=350%2C200 1x, https:\/\/i0.wp.com\/larevistadigital.com.ar\/blog\/wp-content\/uploads\/una-mujer-fue-rescatada-la-policia-la-plata.jpg?fit=1200%2C675&ssl=1&resize=525%2C300 1.5x, https:\/\/i0.wp.com\/larevistadigital.com.ar\/blog\/wp-content\/uploads\/una-mujer-fue-rescatada-la-policia-la-plata.jpg?fit=1200%2C675&ssl=1&resize=700%2C400 2x, https:\/\/i0.wp.com\/larevistadigital.com.ar\/blog\/wp-content\/uploads\/una-mujer-fue-rescatada-la-policia-la-plata.jpg?fit=1200%2C675&ssl=1&resize=1050%2C600 3x"},"classes":[]},{"id":19160,"url":"https:\/\/larevistadigital.com.ar\/blog\/madariaga-un-policia-asesino-a-una-mujer-de-41-anos-y-se-suicido\/","url_meta":{"origin":39573,"position":1},"title":"MADARIAGA: UN POLIC\u00cdA ASESIN\u00d3 A UNA MUJER DE 41 A\u00d1OS Y SE SUICID\u00d3","author":"Alejandro Sosa Ruda","date":"4 marzo, 2021","format":false,"excerpt":"Ocurri\u00f3 en durante la madrugada de este mi\u00e9rcoles. La v\u00edctima fue identificada como Graciela Noem\u00ed Funes. Su cuerpo fue hallado con un disparo en la cabeza junto al del presunto autor del femicidio, Franco Mauricio Torres. Una mujer de 41 a\u00f1os fue asesinada este mi\u00e9rcoles a la madrugada por un\u2026","rel":"","context":"En \u00abPOLICIALES\u00bb","block_context":{"text":"POLICIALES","link":"https:\/\/larevistadigital.com.ar\/blog\/category\/policiales\/"},"img":{"alt_text":"","src":"https:\/\/i0.wp.com\/larevistadigital.com.ar\/blog\/wp-content\/uploads\/Captura-21.png?fit=1003%2C560&ssl=1&resize=350%2C200","width":350,"height":200,"srcset":"https:\/\/i0.wp.com\/larevistadigital.com.ar\/blog\/wp-content\/uploads\/Captura-21.png?fit=1003%2C560&ssl=1&resize=350%2C200 1x, https:\/\/i0.wp.com\/larevistadigital.com.ar\/blog\/wp-content\/uploads\/Captura-21.png?fit=1003%2C560&ssl=1&resize=525%2C300 1.5x, https:\/\/i0.wp.com\/larevistadigital.com.ar\/blog\/wp-content\/uploads\/Captura-21.png?fit=1003%2C560&ssl=1&resize=700%2C400 2x"},"classes":[]},{"id":37534,"url":"https:\/\/larevistadigital.com.ar\/blog\/gral-madariaga-4-delincuentes-asaltaron-a-una-mujer-a-metros-de-la-comisaria\/","url_meta":{"origin":39573,"position":2},"title":"Gral. Madariaga: 4 delincuentes asaltaron a una mujer a metros de la comisar\u00eda","author":"Alejandro Sosa Ruda","date":"16 octubre, 2024","format":false,"excerpt":"La mujer fue asaltada, y le robaron una fuerte suma de dinero. 16 de Octubre de 2024 MADARIAGA -\u00a0 \u00a0Una mujer, fue v\u00edctima de un hecho delictivo en su propia vivienda, ubicada en Yrigoyen entre Alberdi y Mitre, donde cuatro personas le robaron una importante suma de dinero. Todo ocurri\u00f3\u2026","rel":"","context":"En \u00abPOLICIALES\u00bb","block_context":{"text":"POLICIALES","link":"https:\/\/larevistadigital.com.ar\/blog\/category\/policiales\/"},"img":{"alt_text":"","src":"https:\/\/i0.wp.com\/larevistadigital.com.ar\/blog\/wp-content\/uploads\/POLICIA.png?fit=1002%2C658&ssl=1&resize=350%2C200","width":350,"height":200,"srcset":"https:\/\/i0.wp.com\/larevistadigital.com.ar\/blog\/wp-content\/uploads\/POLICIA.png?fit=1002%2C658&ssl=1&resize=350%2C200 1x, https:\/\/i0.wp.com\/larevistadigital.com.ar\/blog\/wp-content\/uploads\/POLICIA.png?fit=1002%2C658&ssl=1&resize=525%2C300 1.5x, https:\/\/i0.wp.com\/larevistadigital.com.ar\/blog\/wp-content\/uploads\/POLICIA.png?fit=1002%2C658&ssl=1&resize=700%2C400 2x"},"classes":[]},{"id":38807,"url":"https:\/\/larevistadigital.com.ar\/blog\/madariaga-roban-400-000-de-una-maderera\/","url_meta":{"origin":39573,"position":3},"title":"Madariaga: Roban $400.000.- de una maderera","author":"Alejandro Sosa Ruda","date":"23 febrero, 2025","format":false,"excerpt":"Los ladrones ingresaron por un ventiluz. 23 de Febrero de 2025 GENERAL MADARIAGA -\u00a0\u00a0Los ladrones, rompieron un ventilua de una maderera llamada \"De Las Misiones\", ubicada frente a la ruta 11, aproximadamente en el kil\u00f3metro 397, llev\u00e1ndose como bot\u00edn unos $400.000.- que se encontraban en el lugar, seg\u00fan inform\u00f3 el\u2026","rel":"","context":"En \u00abINTERES GENERAL\u00bb","block_context":{"text":"INTERES GENERAL","link":"https:\/\/larevistadigital.com.ar\/blog\/category\/interes-general\/"},"img":{"alt_text":"","src":"https:\/\/i0.wp.com\/larevistadigital.com.ar\/blog\/wp-content\/uploads\/maderera-andina-la-madera-y-la-exportacion-980x653-1.jpg?fit=980%2C653&ssl=1&resize=350%2C200","width":350,"height":200,"srcset":"https:\/\/i0.wp.com\/larevistadigital.com.ar\/blog\/wp-content\/uploads\/maderera-andina-la-madera-y-la-exportacion-980x653-1.jpg?fit=980%2C653&ssl=1&resize=350%2C200 1x, https:\/\/i0.wp.com\/larevistadigital.com.ar\/blog\/wp-content\/uploads\/maderera-andina-la-madera-y-la-exportacion-980x653-1.jpg?fit=980%2C653&ssl=1&resize=525%2C300 1.5x, https:\/\/i0.wp.com\/larevistadigital.com.ar\/blog\/wp-content\/uploads\/maderera-andina-la-madera-y-la-exportacion-980x653-1.jpg?fit=980%2C653&ssl=1&resize=700%2C400 2x"},"classes":[]},{"id":40345,"url":"https:\/\/larevistadigital.com.ar\/blog\/ataque-en-madariaga-un-perro-ingreso-a-una-casa-y-una-mujer-perdio-un-dedo-tratando-de-defender-a-su-mascota\/","url_meta":{"origin":39573,"position":4},"title":"Ataque en Madariaga: un perro ingres\u00f3 a una casa y una mujer perdi\u00f3 un dedo tratando de defender a su mascota","author":"Alejandro Sosa Ruda","date":"6 julio, 2025","format":false,"excerpt":"Una vecina de General Madariaga fue brutalmente mordida por un perro que irrumpi\u00f3 en su casa. Termin\u00f3 con una grave lesi\u00f3n que deriv\u00f3 en la amputaci\u00f3n de su pulgar derecho. La causa est\u00e1 en manos de la Justicia. 06 De Julio de 2025 GENERAL MADARIAGA\u00a0 -\u00a0 \u00a0Una noche que parec\u00eda\u2026","rel":"","context":"En \u00abPOLICIALES\u00bb","block_context":{"text":"POLICIALES","link":"https:\/\/larevistadigital.com.ar\/blog\/category\/policiales\/"},"img":{"alt_text":"","src":"https:\/\/i0.wp.com\/larevistadigital.com.ar\/blog\/wp-content\/uploads\/PERRO-AGRESIVO.jpg?fit=1200%2C600&ssl=1&resize=350%2C200","width":350,"height":200,"srcset":"https:\/\/i0.wp.com\/larevistadigital.com.ar\/blog\/wp-content\/uploads\/PERRO-AGRESIVO.jpg?fit=1200%2C600&ssl=1&resize=350%2C200 1x, https:\/\/i0.wp.com\/larevistadigital.com.ar\/blog\/wp-content\/uploads\/PERRO-AGRESIVO.jpg?fit=1200%2C600&ssl=1&resize=525%2C300 1.5x, https:\/\/i0.wp.com\/larevistadigital.com.ar\/blog\/wp-content\/uploads\/PERRO-AGRESIVO.jpg?fit=1200%2C600&ssl=1&resize=700%2C400 2x, https:\/\/i0.wp.com\/larevistadigital.com.ar\/blog\/wp-content\/uploads\/PERRO-AGRESIVO.jpg?fit=1200%2C600&ssl=1&resize=1050%2C600 3x"},"classes":[]},{"id":8547,"url":"https:\/\/larevistadigital.com.ar\/blog\/dolores-video-roban-billetera-en-comercio-y-queda-filmado-por-las-camaras-de-seguridad\/","url_meta":{"origin":39573,"position":5},"title":"DOLORES: (VIDEO) ROBAN BILLETERA EN COMERCIO Y QUEDA FILMADO POR LAS C\u00c1MARAS DE SEGURIDAD","author":"Alejandro Sosa Ruda","date":"18 febrero, 2019","format":false,"excerpt":"Una vecina\u00a0 se olvid\u00f3 la billetera en una caja cerrada de un Supermercado c\u00e9ntrico. Fue all\u00ed que otra mujer se aprovech\u00f3 del descuido y en cuesti\u00f3n de segundos se la llev\u00f3. El hecho qued\u00f3 registrado por las c\u00e1maras de seguridad del Supermercado D\u00eda.","rel":"","context":"En \u00abDOLORES\u00bb","block_context":{"text":"DOLORES","link":"https:\/\/larevistadigital.com.ar\/blog\/category\/dolores\/"},"img":{"alt_text":"","src":"https:\/\/i0.wp.com\/larevistadigital.com.ar\/blog\/wp-content\/uploads\/2019\/02\/Sin-t%C3%ADtulo-1-660x330.jpg?fit=660%2C330&ssl=1&resize=350%2C200","width":350,"height":200,"srcset":"https:\/\/i0.wp.com\/larevistadigital.com.ar\/blog\/wp-content\/uploads\/2019\/02\/Sin-t%C3%ADtulo-1-660x330.jpg?fit=660%2C330&ssl=1&resize=350%2C200 1x, https:\/\/i0.wp.com\/larevistadigital.com.ar\/blog\/wp-content\/uploads\/2019\/02\/Sin-t%C3%ADtulo-1-660x330.jpg?fit=660%2C330&ssl=1&resize=525%2C300 1.5x"},"classes":[]}],"_links":{"self":[{"href":"https:\/\/larevistadigital.com.ar\/blog\/wp-json\/wp\/v2\/posts\/39573","targetHints":{"allow":["GET"]}}],"collection":[{"href":"https:\/\/larevistadigital.com.ar\/blog\/wp-json\/wp\/v2\/posts"}],"about":[{"href":"https:\/\/larevistadigital.com.ar\/blog\/wp-json\/wp\/v2\/types\/post"}],"author":[{"embeddable":true,"href":"https:\/\/larevistadigital.com.ar\/blog\/wp-json\/wp\/v2\/users\/3"}],"replies":[{"embeddable":true,"href":"https:\/\/larevistadigital.com.ar\/blog\/wp-json\/wp\/v2\/comments?post=39573"}],"version-history":[{"count":1,"href":"https:\/\/larevistadigital.com.ar\/blog\/wp-json\/wp\/v2\/posts\/39573\/revisions"}],"predecessor-version":[{"id":39574,"href":"https:\/\/larevistadigital.com.ar\/blog\/wp-json\/wp\/v2\/posts\/39573\/revisions\/39574"}],"wp:featuredmedia":[{"embeddable":true,"href":"https:\/\/larevistadigital.com.ar\/blog\/wp-json\/wp\/v2\/media\/21648"}],"wp:attachment":[{"href":"https:\/\/larevistadigital.com.ar\/blog\/wp-json\/wp\/v2\/media?parent=39573"}],"wp:term":[{"taxonomy":"category","embeddable":true,"href":"https:\/\/larevistadigital.com.ar\/blog\/wp-json\/wp\/v2\/categories?post=39573"},{"taxonomy":"post_tag","embeddable":true,"href":"https:\/\/larevistadigital.com.ar\/blog\/wp-json\/wp\/v2\/tags?post=39573"}],"curies":[{"name":"wp","href":"https:\/\/api.w.org\/{rel}","templated":true}]}}