{"id":39576,"date":"2025-04-30T00:11:56","date_gmt":"2025-04-30T03:11:56","guid":{"rendered":"https:\/\/larevistadigital.com.ar\/blog\/?p=39576"},"modified":"2025-04-30T00:11:56","modified_gmt":"2025-04-30T03:11:56","slug":"redruello-y-ferrante-se-cortan-solos-chascomus-primero-promete-romper-el-molde-en-la-politica-local","status":"publish","type":"post","link":"https:\/\/larevistadigital.com.ar\/blog\/redruello-y-ferrante-se-cortan-solos-chascomus-primero-promete-romper-el-molde-en-la-politica-local\/","title":{"rendered":"Redruello y Ferrante se cortan solos: \u201cChascom\u00fas Primero\u201d promete romper el molde en la pol\u00edtica local"},"content":{"rendered":"<h2><strong><em>Desde su nuevo espacio, los ediles apuestan a una agenda horizontal, sin jefes nacionales y con fuerte anclaje en el territorio. Aseguran que no buscan cargos, pero ya hablan de seis concejales en su tropa.<\/em><\/strong><\/h2>\n<p>30 de Abril de 20252<\/p>\n<p><strong>CHASCOM\u00daS &#8211;\u00a0<\/strong> En su paso por el programa <em>\u201cAtaque de Radio\u201d<\/em>, que <strong>conduce Alejandro \u201cEl Tano\u201d Sosa<\/strong> <strong>por FM 102.7 y @radiopowerch en YouTube<\/strong>, <strong>Valentino Redruello y Ramiro Ferrante<\/strong> presentaron oficialmente su flamante agrupaci\u00f3n \u201cChascom\u00fas Primero\u201d, un espacio pol\u00edtico municipal que \u2014seg\u00fan sus propias palabras\u2014 busca dejar atr\u00e1s las estructuras partidarias tradicionales y poner el foco en los proyectos concretos para la ciudad.<\/p>\n<blockquote><p><strong><em>\u201cEsto no es un partido vecinalista, es una agrupaci\u00f3n municipal\u201d<\/em><\/strong>, aclar\u00f3 <strong>Redruello<\/strong> en los primeros minutos de entrevista. Esa diferencia, aseguran, les permite participar con lista propia en elecciones, manteniendo su pertenencia partidaria, y tambi\u00e9n abrir el juego a futuras alianzas con otros sectores si lo consideran necesario.<\/p><\/blockquote>\n<p>La ruptura con las l\u00f3gicas partidarias nacionales fue uno de los ejes del di\u00e1logo. <strong><em>\u201cYo soy radical y seguir\u00e9 si\u00e9ndolo, Ramiro es del PRO y seguir\u00e1 si\u00e9ndolo\u201d<\/em><\/strong>, enfatiz\u00f3 <strong>Valentino<\/strong>. Pero tambi\u00e9n reconoci\u00f3 que el motivo de haber dado este paso por fuera del partido se debe a una fuerte cr\u00edtica interna: <strong><em>\u201cEl radicalismo est\u00e1 lejos de querer construir con otros. El verticalismo nos aleja de la gente. Nuestra propuesta es horizontal y se basa en proyectos, no en hablar mal del otro\u201d.<\/em><\/strong><\/p>\n<blockquote><p>En ese sentido, el edil remarc\u00f3 que hoy los partidos dejaron de representar a las mayor\u00edas y que <strong><em>\u201cganar una interna no te convierte autom\u00e1ticamente en alguien que represente a toda la ciudad\u201d<\/em><\/strong> (en obvia alusi\u00f3n al candidato de la UCR <strong>Santiago Dos Santos<\/strong>).<\/p><\/blockquote>\n<p>Si \u00e9l hubiera triunfado en la interna radical, igualmente \u2014confes\u00f3\u2014 hubiera impulsado <strong>\u201cChascom\u00fas Primero\u201d<\/strong>.<\/p>\n<p><strong>Ferrante<\/strong>, por su parte, subray\u00f3 el car\u00e1cter colectivo y renovador de la agrupaci\u00f3n. <strong><em>\u201cLos vecinos piden recambio. Esta herramienta es para eso: para abrir la pol\u00edtica sin aspiraciones personales. No vinimos a ser candidatos, sino a construir una alternativa de gobierno desde cero\u201d<\/em><\/strong>, afirm\u00f3, diferenci\u00e1ndose de quienes \u2014seg\u00fan ellos\u2014 arman sellos y bloques s\u00f3lo para negociar cargos.<\/p>\n<blockquote><p>Hoy, <strong>\u201cChascom\u00fas Primero\u201d<\/strong> ya se presenta con una base legislativa que suma a los propios <strong>Ferrante y Redruello<\/strong>, m\u00e1s los ediles <strong>Claudia Quiroga<\/strong> (GEN), <strong>Milagros Fusari<\/strong>, <strong>Soledad Nivio<\/strong> y <strong>Juan Ignacio Ehul<\/strong> (Cambiemos), con quienes aseguran estar trabajando codo a codo.<\/p><\/blockquote>\n<p>A nivel de relaciones pol\u00edticas externas, ambos dirigentes se\u00f1alaron que siguen dialogando con figuras nacionales y provinciales como <strong>Lunghi<\/strong> y <strong>Lousteau <\/strong>(por el lado de <strong>Redruello<\/strong>), y <strong>Ravinovich<\/strong>, <strong>Montenegro<\/strong> <strong>y Santilli<\/strong> (por el de <strong>Ferrante<\/strong>), pero que su accionar local es completamente aut\u00f3nomo<strong><em>. \u201cNo tenemos jefes ni bajada de l\u00ednea\u201d<\/em><\/strong>, remarcaron.<\/p>\n<p>Consultados sobre posibles candidaturas para las elecciones municipales de septiembre, dijeron no estar todav\u00eda en esa instancia. Sin embargo, <strong>\u201cEl Tano\u201d Sosa<\/strong> no se mostr\u00f3 del todo convencido de esa afirmaci\u00f3n y les tir\u00f3 el guante: <strong><em>\u201c\u00bfSeguro que no tienen nada hablado?\u201d.<\/em><\/strong><\/p>\n<blockquote>\n<h3>Por \u00faltimo, marcaron un l\u00edmite ideol\u00f3gico claro con el kirchnerismo, y criticaron recientes gestos como el del hist\u00f3rico dirigente radical <strong>Federico Storani<\/strong>, quien se mostr\u00f3 junto a <strong>Axel Kicillof<\/strong>. <strong><em>\u201cNosotros no vamos por ah\u00ed\u201d<\/em><\/strong>, dijeron.<\/h3>\n<\/blockquote>\n<p><strong><em>\u201cVamos a estar listos para el 2027. Con equipos de trabajo, planificaci\u00f3n y un plan de gobierno real desde el primer d\u00eda\u201d<\/em><\/strong>, concluyeron. Con estas definiciones, Chascom\u00fas Primero se lanza al ruedo con fuerza, entre promesas de apertura, renovaci\u00f3n y un mensaje claro: en la ciudad, quieren ser algo m\u00e1s que una opci\u00f3n intermedia.<\/p>\n<p>&nbsp;<\/p>\n","protected":false},"excerpt":{"rendered":"<div class=\"mh-excerpt\"><p>Desde su nuevo espacio, los ediles apuestan a una agenda horizontal, sin jefes nacionales y con fuerte anclaje en el territorio. Aseguran que no buscan cargos, pero ya hablan de seis concejales en su tropa. <a class=\"mh-excerpt-more\" href=\"https:\/\/larevistadigital.com.ar\/blog\/redruello-y-ferrante-se-cortan-solos-chascomus-primero-promete-romper-el-molde-en-la-politica-local\/\" title=\"Redruello y Ferrante se cortan solos: \u201cChascom\u00fas Primero\u201d promete romper el molde en la pol\u00edtica local\">[Leer M\u00e1s]<\/a><\/p>\n<\/div>","protected":false},"author":3,"featured_media":39577,"comment_status":"open","ping_status":"open","sticky":false,"template":"","format":"standard","meta":{"_jetpack_memberships_contains_paid_content":false,"footnotes":"","jetpack_publicize_message":"","jetpack_publicize_feature_enabled":true,"jetpack_social_post_already_shared":true,"jetpack_social_options":{"image_generator_settings":{"template":"highway","default_image_id":0,"font":"","enabled":false},"version":2}},"categories":[41,23],"tags":[],"class_list":{"0":"post-39576","1":"post","2":"type-post","3":"status-publish","4":"format-standard","5":"has-post-thumbnail","7":"category-destacadas","8":"category-politica-local"},"jetpack_publicize_connections":[],"jetpack_featured_media_url":"https:\/\/i0.wp.com\/larevistadigital.com.ar\/blog\/wp-content\/uploads\/Captura-de-pantalla-2025-04-30-000954.jpg?fit=886%2C491&ssl=1","jetpack_sharing_enabled":true,"jetpack_shortlink":"https:\/\/wp.me\/p8qtrQ-aik","jetpack-related-posts":[{"id":39904,"url":"https:\/\/larevistadigital.com.ar\/blog\/chascomus-primero-el-nuevo-vecinalismo-que-enfrenta-la-proxima-eleccion-con-la-mira-en-el-2027\/","url_meta":{"origin":39576,"position":0},"title":"\u00abChascom\u00fas Primero\u00bb: El nuevo vecinalismo que enfrenta la pr\u00f3xima elecci\u00f3n, con la mira en el 2027","author":"Alejandro Sosa Ruda","date":"28 mayo, 2025","format":false,"excerpt":"Valentino Redruello y Ramiro Ferrante hablaron sobre la construcci\u00f3n de su espacio vecinalista, sus diferencias con la gesti\u00f3n local y su mirada sobre las alianzas posibles. Reafirman que su objetivo es construir una alternativa s\u00f3lida para el futuro pol\u00edtico de Chascom\u00fas. 28 de Mayo de 2025 CHASCOM\u00daS -\u00a0 En una\u2026","rel":"","context":"En \u00abATAQUE DE RADIO\u00bb","block_context":{"text":"ATAQUE DE RADIO","link":"https:\/\/larevistadigital.com.ar\/blog\/category\/ataque-de-radio\/"},"img":{"alt_text":"","src":"https:\/\/i0.wp.com\/larevistadigital.com.ar\/blog\/wp-content\/uploads\/Captura-de-pantalla-2025-05-28-231231.jpg?fit=861%2C486&ssl=1&resize=350%2C200","width":350,"height":200,"srcset":"https:\/\/i0.wp.com\/larevistadigital.com.ar\/blog\/wp-content\/uploads\/Captura-de-pantalla-2025-05-28-231231.jpg?fit=861%2C486&ssl=1&resize=350%2C200 1x, https:\/\/i0.wp.com\/larevistadigital.com.ar\/blog\/wp-content\/uploads\/Captura-de-pantalla-2025-05-28-231231.jpg?fit=861%2C486&ssl=1&resize=525%2C300 1.5x, https:\/\/i0.wp.com\/larevistadigital.com.ar\/blog\/wp-content\/uploads\/Captura-de-pantalla-2025-05-28-231231.jpg?fit=861%2C486&ssl=1&resize=700%2C400 2x"},"classes":[]},{"id":40369,"url":"https:\/\/larevistadigital.com.ar\/blog\/40369-2\/","url_meta":{"origin":39576,"position":1},"title":"La Junta Electoral dej\u00f3 afuera de la elecci\u00f3n de Septiembre a Chascom\u00fas Primero. Los referentes podr\u00edan participar con otro sello partidario","author":"Alejandro Sosa Ruda","date":"8 julio, 2025","format":false,"excerpt":"La agrupaci\u00f3n vecinalista no cumpli\u00f3 con los requisitos exigidos por la Junta Electoral bonaerense y qued\u00f3 excluida del proceso electoral 2025. 08 de Julio de 2025 CHASCOM\u00daS -\u00a0 Un primer rev\u00e9s sufri\u00f3 el espacio vecinalista \"Chascom\u00fas Primero\", impulsado por Ramiro Ferrante y Valentino Redruello. La Junta Electoral de la Provincia\u2026","rel":"","context":"En \u00abDESTACADAS\u00bb","block_context":{"text":"DESTACADAS","link":"https:\/\/larevistadigital.com.ar\/blog\/category\/destacadas\/"},"img":{"alt_text":"","src":"https:\/\/i0.wp.com\/larevistadigital.com.ar\/blog\/wp-content\/uploads\/Captura-de-pantalla-2025-07-08-094155.jpg?fit=813%2C350&ssl=1&resize=350%2C200","width":350,"height":200,"srcset":"https:\/\/i0.wp.com\/larevistadigital.com.ar\/blog\/wp-content\/uploads\/Captura-de-pantalla-2025-07-08-094155.jpg?fit=813%2C350&ssl=1&resize=350%2C200 1x, https:\/\/i0.wp.com\/larevistadigital.com.ar\/blog\/wp-content\/uploads\/Captura-de-pantalla-2025-07-08-094155.jpg?fit=813%2C350&ssl=1&resize=525%2C300 1.5x, https:\/\/i0.wp.com\/larevistadigital.com.ar\/blog\/wp-content\/uploads\/Captura-de-pantalla-2025-07-08-094155.jpg?fit=813%2C350&ssl=1&resize=700%2C400 2x"},"classes":[]},{"id":39160,"url":"https:\/\/larevistadigital.com.ar\/blog\/si-se-arma-otro-partido-deberia-renunciar-a-su-banca-flavio-ponce-critico-la-jugada-de-redruello-y-ferrante\/","url_meta":{"origin":39576,"position":2},"title":"\u00abSi se arma otro partido, deber\u00eda renunciar a su banca\u00bb:  Flavio Ponce critic\u00f3 la jugada de Redruello y Ferrante","author":"Alejandro Sosa Ruda","date":"27 marzo, 2025","format":false,"excerpt":"Flavio Ponce, fue muy duro con respecto a la decisi\u00f3n de Valentino Redruello y Ramiro Ferrante de armar un vecinalismo, afirmando que la banca le pertenece al partido. 27 de Marzo de 2023 CHASCOM\u00daS -\u00a0 \u00a0El dirigente radical y aspirante a concejal Flavio \u201cEl Bocha\u201d Ponce se sum\u00f3 al debate\u2026","rel":"","context":"En \u00abINTERES GENERAL\u00bb","block_context":{"text":"INTERES GENERAL","link":"https:\/\/larevistadigital.com.ar\/blog\/category\/interes-general\/"},"img":{"alt_text":"","src":"https:\/\/i0.wp.com\/larevistadigital.com.ar\/blog\/wp-content\/uploads\/Captura-de-pantalla-2025-03-27-201407.jpg?fit=840%2C478&ssl=1&resize=350%2C200","width":350,"height":200,"srcset":"https:\/\/i0.wp.com\/larevistadigital.com.ar\/blog\/wp-content\/uploads\/Captura-de-pantalla-2025-03-27-201407.jpg?fit=840%2C478&ssl=1&resize=350%2C200 1x, https:\/\/i0.wp.com\/larevistadigital.com.ar\/blog\/wp-content\/uploads\/Captura-de-pantalla-2025-03-27-201407.jpg?fit=840%2C478&ssl=1&resize=525%2C300 1.5x, https:\/\/i0.wp.com\/larevistadigital.com.ar\/blog\/wp-content\/uploads\/Captura-de-pantalla-2025-03-27-201407.jpg?fit=840%2C478&ssl=1&resize=700%2C400 2x"},"classes":[]},{"id":40206,"url":"https:\/\/larevistadigital.com.ar\/blog\/chascomus-primero-en-la-cuerda-floja-un-error-administrativo-podria-dejarlos-fuera-de-las-elecciones\/","url_meta":{"origin":39576,"position":3},"title":"\u201cChascom\u00fas Primero\u201d en la cuerda floja: un error administrativo podr\u00eda dejarlos fuera de las elecciones","author":"Alejandro Sosa Ruda","date":"28 junio, 2025","format":false,"excerpt":"El vecinalismo impulsado por Ferrante y Redruello cumpli\u00f3 con todos los pasos legales, pero un detalle t\u00e9cnico podr\u00eda frustrar su debut electoral. El lunes har\u00e1n un \u00faltimo intento para revertir la situaci\u00f3n. 28 de Junio de 2025 CHASCOM\u00daS -\u00a0 \u00a0El nuevo espacio vecinal \u201cChascom\u00fas Primero\u201d, fundado por Ramiro Ferrante y\u2026","rel":"","context":"En \u00abDESTACADAS\u00bb","block_context":{"text":"DESTACADAS","link":"https:\/\/larevistadigital.com.ar\/blog\/category\/destacadas\/"},"img":{"alt_text":"","src":"https:\/\/i0.wp.com\/larevistadigital.com.ar\/blog\/wp-content\/uploads\/486278943_10237137362682143_4079426337483060925_n.jpg?fit=1200%2C806&ssl=1&resize=350%2C200","width":350,"height":200,"srcset":"https:\/\/i0.wp.com\/larevistadigital.com.ar\/blog\/wp-content\/uploads\/486278943_10237137362682143_4079426337483060925_n.jpg?fit=1200%2C806&ssl=1&resize=350%2C200 1x, https:\/\/i0.wp.com\/larevistadigital.com.ar\/blog\/wp-content\/uploads\/486278943_10237137362682143_4079426337483060925_n.jpg?fit=1200%2C806&ssl=1&resize=525%2C300 1.5x, https:\/\/i0.wp.com\/larevistadigital.com.ar\/blog\/wp-content\/uploads\/486278943_10237137362682143_4079426337483060925_n.jpg?fit=1200%2C806&ssl=1&resize=700%2C400 2x, https:\/\/i0.wp.com\/larevistadigital.com.ar\/blog\/wp-content\/uploads\/486278943_10237137362682143_4079426337483060925_n.jpg?fit=1200%2C806&ssl=1&resize=1050%2C600 3x"},"classes":[]},{"id":39145,"url":"https:\/\/larevistadigital.com.ar\/blog\/chascomus-ramiro-ferrante-y-valentino-redruello-confirmaron-que-preparan-un-partido-vecinalista\/","url_meta":{"origin":39576,"position":4},"title":"Chascom\u00fas: Ramiro Ferrante y Valentino Redruello confirmaron que preparan un partido vecinalista","author":"Alejandro Sosa Ruda","date":"26 marzo, 2025","format":false,"excerpt":"Mostraron su decisi\u00f3n de enfrentar juntos el pr\u00f3ximo comicio, y ser independientes de las directivas o arreglos provinciales y nacionales. Llaman a participar de este nuevo espacio. 26 de Marzo de 2025 CHASCOM\u00daS -\u00a0 Los concejales Ramiro Ferrante (Pro-Cambiemos) y Valentino Redruello (Evoluci\u00f3n UCR), estuvieron presentes en el programa \u201cAtaque\u2026","rel":"","context":"En \u00abATAQUE DE RADIO\u00bb","block_context":{"text":"ATAQUE DE RADIO","link":"https:\/\/larevistadigital.com.ar\/blog\/category\/ataque-de-radio\/"},"img":{"alt_text":"","src":"https:\/\/i0.wp.com\/larevistadigital.com.ar\/blog\/wp-content\/uploads\/Captura-de-pantalla-2025-03-26-181837.jpg?fit=849%2C478&ssl=1&resize=350%2C200","width":350,"height":200,"srcset":"https:\/\/i0.wp.com\/larevistadigital.com.ar\/blog\/wp-content\/uploads\/Captura-de-pantalla-2025-03-26-181837.jpg?fit=849%2C478&ssl=1&resize=350%2C200 1x, https:\/\/i0.wp.com\/larevistadigital.com.ar\/blog\/wp-content\/uploads\/Captura-de-pantalla-2025-03-26-181837.jpg?fit=849%2C478&ssl=1&resize=525%2C300 1.5x, https:\/\/i0.wp.com\/larevistadigital.com.ar\/blog\/wp-content\/uploads\/Captura-de-pantalla-2025-03-26-181837.jpg?fit=849%2C478&ssl=1&resize=700%2C400 2x"},"classes":[]},{"id":41415,"url":"https:\/\/larevistadigital.com.ar\/blog\/antonio-lito-fernandez-de-lla-le-ganamos-a-redruello-y-ferrante-juntos-y-estuvimos-a-veinte-votos-de-dos-santos-que-estaba-instalado-hace-tiempo\/","url_meta":{"origin":39576,"position":5},"title":"Antonio \u00abLito\u00bb Fern\u00e1ndez de LLA: \u00abLe ganamos a Redruello y Ferrante juntos, y estuvimos a veinte votos de Dos Santos, que estaba instalado hace tiempo\u00bb","author":"Alejandro Sosa Ruda","date":"12 septiembre, 2025","format":false,"excerpt":"Contento, pero mostr\u00e1ndose comprometido, el referente y coordinador de LLA en Chascom\u00fas agradeci\u00f3 el acompa\u00f1amiento que le permiti\u00f3 ingresar dos concejales, y una consejera escolar. 12 de Septiembre de 2025 CHASCOM\u00daS -\u00a0 \u00a0El coordinador de La Libertad Avanza en Chascom\u00fas, Antonio \u201cLito\u201d Fern\u00e1ndez fue entrevistado por Alejandro \u201cEl Tano\u201d Sosa\u2026","rel":"","context":"En \u00abINTERES GENERAL\u00bb","block_context":{"text":"INTERES GENERAL","link":"https:\/\/larevistadigital.com.ar\/blog\/category\/interes-general\/"},"img":{"alt_text":"","src":"https:\/\/i0.wp.com\/larevistadigital.com.ar\/blog\/wp-content\/uploads\/WhatsApp-Image-2025-09-12-at-15.51.34-1.jpeg?fit=1200%2C817&ssl=1&resize=350%2C200","width":350,"height":200,"srcset":"https:\/\/i0.wp.com\/larevistadigital.com.ar\/blog\/wp-content\/uploads\/WhatsApp-Image-2025-09-12-at-15.51.34-1.jpeg?fit=1200%2C817&ssl=1&resize=350%2C200 1x, https:\/\/i0.wp.com\/larevistadigital.com.ar\/blog\/wp-content\/uploads\/WhatsApp-Image-2025-09-12-at-15.51.34-1.jpeg?fit=1200%2C817&ssl=1&resize=525%2C300 1.5x, https:\/\/i0.wp.com\/larevistadigital.com.ar\/blog\/wp-content\/uploads\/WhatsApp-Image-2025-09-12-at-15.51.34-1.jpeg?fit=1200%2C817&ssl=1&resize=700%2C400 2x, https:\/\/i0.wp.com\/larevistadigital.com.ar\/blog\/wp-content\/uploads\/WhatsApp-Image-2025-09-12-at-15.51.34-1.jpeg?fit=1200%2C817&ssl=1&resize=1050%2C600 3x"},"classes":[]}],"_links":{"self":[{"href":"https:\/\/larevistadigital.com.ar\/blog\/wp-json\/wp\/v2\/posts\/39576","targetHints":{"allow":["GET"]}}],"collection":[{"href":"https:\/\/larevistadigital.com.ar\/blog\/wp-json\/wp\/v2\/posts"}],"about":[{"href":"https:\/\/larevistadigital.com.ar\/blog\/wp-json\/wp\/v2\/types\/post"}],"author":[{"embeddable":true,"href":"https:\/\/larevistadigital.com.ar\/blog\/wp-json\/wp\/v2\/users\/3"}],"replies":[{"embeddable":true,"href":"https:\/\/larevistadigital.com.ar\/blog\/wp-json\/wp\/v2\/comments?post=39576"}],"version-history":[{"count":1,"href":"https:\/\/larevistadigital.com.ar\/blog\/wp-json\/wp\/v2\/posts\/39576\/revisions"}],"predecessor-version":[{"id":39578,"href":"https:\/\/larevistadigital.com.ar\/blog\/wp-json\/wp\/v2\/posts\/39576\/revisions\/39578"}],"wp:featuredmedia":[{"embeddable":true,"href":"https:\/\/larevistadigital.com.ar\/blog\/wp-json\/wp\/v2\/media\/39577"}],"wp:attachment":[{"href":"https:\/\/larevistadigital.com.ar\/blog\/wp-json\/wp\/v2\/media?parent=39576"}],"wp:term":[{"taxonomy":"category","embeddable":true,"href":"https:\/\/larevistadigital.com.ar\/blog\/wp-json\/wp\/v2\/categories?post=39576"},{"taxonomy":"post_tag","embeddable":true,"href":"https:\/\/larevistadigital.com.ar\/blog\/wp-json\/wp\/v2\/tags?post=39576"}],"curies":[{"name":"wp","href":"https:\/\/api.w.org\/{rel}","templated":true}]}}