{"id":39579,"date":"2025-04-30T09:17:34","date_gmt":"2025-04-30T12:17:34","guid":{"rendered":"https:\/\/larevistadigital.com.ar\/blog\/?p=39579"},"modified":"2025-04-30T09:17:34","modified_gmt":"2025-04-30T12:17:34","slug":"recuperan-un-auto-robado-minutos-despues-del-hecho-gracias-a-la-rapida-intervencion-municipal","status":"publish","type":"post","link":"https:\/\/larevistadigital.com.ar\/blog\/recuperan-un-auto-robado-minutos-despues-del-hecho-gracias-a-la-rapida-intervencion-municipal\/","title":{"rendered":"Recuperan un auto robado minutos despu\u00e9s del hecho gracias a la r\u00e1pida intervenci\u00f3n municipal"},"content":{"rendered":"<h2 class=\"excerpt\">Un joven de 20 a\u00f1os fue detenido tras una persecuci\u00f3n con la colaboraci\u00f3n de c\u00e1maras de seguridad.<\/h2>\n<p>30 de Abril de 2029<\/p>\n<div id=\"miDiv1\" class=\"text\">\n<p><strong>CHASCOM\u00daS &#8211;\u00a0<\/strong> Un autom\u00f3vil que hab\u00eda sido robado esta ma\u00f1ana en inmediaciones de un jard\u00edn de infantes fue recuperado pocos minutos despu\u00e9s, gracias a la intervenci\u00f3n del Centro de Monitoreo y la Patrulla de Prevenci\u00f3n Municipal.<\/p>\n<p>El hecho se registr\u00f3 este martes, alrededor de las 9, en la intersecci\u00f3n de Alvear y Maip\u00fa, cuando el conductor de un Peugeot 208 detuvo su veh\u00edculo frente al jard\u00edn para dejar a su hijo. Seg\u00fan se inform\u00f3, <strong>el hombre dej\u00f3 el auto en marcha mientras descend\u00eda por unos minutos, momento en el que un joven se subi\u00f3 al veh\u00edculo y escap\u00f3 del lugar.<\/strong><\/p>\n<blockquote>\n<h3>Tras una r\u00e1pida comunicaci\u00f3n al 911, se inici\u00f3 un operativo de b\u00fasqueda desde el Centro de Monitoreo municipal, que permiti\u00f3 localizar el autom\u00f3vil en el barrio Algarrobo. All\u00ed, el veh\u00edculo sufri\u00f3 un choque leve y fue abandonado por el sospechoso, quien continu\u00f3 su huida a pie.<\/h3>\n<\/blockquote>\n<p>La situaci\u00f3n fue seguida por las c\u00e1maras de seguridad, lo que permiti\u00f3 alertar a la Patrulla de Prevenci\u00f3n Municipal. Un m\u00f3vil a cargo del director de Prevenci\u00f3n del Delito y las Violencias, <strong>Marcelo Oppici<\/strong> logr\u00f3 interceptar al joven en Juli\u00e1n Quintana y Salta. Posteriormente, intervino la Estaci\u00f3n de Polic\u00eda Comunal, que concret\u00f3 la detenci\u00f3n.<\/p>\n<p>El aprehendido, de 20 a\u00f1os, fue trasladado a la Estaci\u00f3n de Polic\u00eda Comunal y qued\u00f3 a disposici\u00f3n de la Fiscal\u00eda N\u00ba 10, encabezada por el <strong>Dr. Jonatan Robert.<\/strong><\/p>\n<\/div>\n","protected":false},"excerpt":{"rendered":"<div class=\"mh-excerpt\"><p>Un joven de 20 a\u00f1os fue detenido tras una persecuci\u00f3n con la colaboraci\u00f3n de c\u00e1maras de seguridad. 30 de Abril de 2029 CHASCOM\u00daS &#8211;\u00a0 Un autom\u00f3vil que hab\u00eda sido robado esta ma\u00f1ana en inmediaciones de <a class=\"mh-excerpt-more\" href=\"https:\/\/larevistadigital.com.ar\/blog\/recuperan-un-auto-robado-minutos-despues-del-hecho-gracias-a-la-rapida-intervencion-municipal\/\" title=\"Recuperan un auto robado minutos despu\u00e9s del hecho gracias a la r\u00e1pida intervenci\u00f3n municipal\">[Leer M\u00e1s]<\/a><\/p>\n<\/div>","protected":false},"author":3,"featured_media":39580,"comment_status":"open","ping_status":"open","sticky":false,"template":"","format":"standard","meta":{"_jetpack_memberships_contains_paid_content":false,"footnotes":"","jetpack_publicize_message":"","jetpack_publicize_feature_enabled":true,"jetpack_social_post_already_shared":true,"jetpack_social_options":{"image_generator_settings":{"template":"highway","default_image_id":0,"font":"","enabled":false},"version":2}},"categories":[50,44],"tags":[],"class_list":{"0":"post-39579","1":"post","2":"type-post","3":"status-publish","4":"format-standard","5":"has-post-thumbnail","7":"category-interes-general","8":"category-policiales"},"jetpack_publicize_connections":[],"jetpack_featured_media_url":"https:\/\/i0.wp.com\/larevistadigital.com.ar\/blog\/wp-content\/uploads\/68111beb8f381.png?fit=668%2C445&ssl=1","jetpack_sharing_enabled":true,"jetpack_shortlink":"https:\/\/wp.me\/p8qtrQ-ain","jetpack-related-posts":[{"id":39507,"url":"https:\/\/larevistadigital.com.ar\/blog\/gracias-a-la-intervencion-de-los-equipos-de-seguridad-municipal-fue-recuperado-un-auto-robado-en-la-madrugada\/","url_meta":{"origin":39579,"position":0},"title":"Gracias a la intervenci\u00f3n de los equipos de seguridad municipal fue recuperado un auto robado en la madrugada","author":"Alejandro Sosa Ruda","date":"23 abril, 2025","format":false,"excerpt":"Tras una r\u00e1pida acci\u00f3n de la Patrulla de Prevenci\u00f3n Municipal y el Centro de Monitoreo, en conjunto con la Estaci\u00f3n de Polic\u00eda Comunal, dos menores fueron aprehendidos cuando escapaban con el veh\u00edculo. CHASCOM\u00daS -\u00a0 Durante la madrugada de este mi\u00e9rcoles, una acci\u00f3n coordinada permiti\u00f3 recuperar un auto que hab\u00eda sido\u2026","rel":"","context":"En \u00abINTERES GENERAL\u00bb","block_context":{"text":"INTERES GENERAL","link":"https:\/\/larevistadigital.com.ar\/blog\/category\/interes-general\/"},"img":{"alt_text":"","src":"https:\/\/i0.wp.com\/larevistadigital.com.ar\/blog\/wp-content\/uploads\/6809194786615.png?fit=668%2C445&ssl=1&resize=350%2C200","width":350,"height":200,"srcset":"https:\/\/i0.wp.com\/larevistadigital.com.ar\/blog\/wp-content\/uploads\/6809194786615.png?fit=668%2C445&ssl=1&resize=350%2C200 1x, https:\/\/i0.wp.com\/larevistadigital.com.ar\/blog\/wp-content\/uploads\/6809194786615.png?fit=668%2C445&ssl=1&resize=525%2C300 1.5x"},"classes":[]},{"id":42510,"url":"https:\/\/larevistadigital.com.ar\/blog\/detuvieron-en-ruta-11-al-hombre-que-habia-robado-un-auto-a-mano-armada-en-santa-teresita\/","url_meta":{"origin":39579,"position":1},"title":"Detuvieron en Ruta 11 al hombre que hab\u00eda robado un auto a mano armada en Santa Teresita","author":"Alejandro Sosa Ruda","date":"17 noviembre, 2025","format":false,"excerpt":"17 de Noviembre de 2025 BUENOS AIRES -\u00a0 \u00a0Un hombre que hab\u00eda robado un autom\u00f3vil a punta de arma en Santa Teresita fue detenido este lunes en la Ruta Provincial 11, luego de un r\u00e1pido operativo coordinado entre la Sala de Monitoreo del Partido de La Costa, Polic\u00eda Vial, comisar\u00edas\u2026","rel":"","context":"En \u00abPOLICIALES\u00bb","block_context":{"text":"POLICIALES","link":"https:\/\/larevistadigital.com.ar\/blog\/category\/policiales\/"},"img":{"alt_text":"","src":"https:\/\/i0.wp.com\/larevistadigital.com.ar\/blog\/wp-content\/uploads\/74e83bc151b037e5faaa62159841c7f68947c0d8.jpg?fit=1140%2C641&ssl=1&resize=350%2C200","width":350,"height":200,"srcset":"https:\/\/i0.wp.com\/larevistadigital.com.ar\/blog\/wp-content\/uploads\/74e83bc151b037e5faaa62159841c7f68947c0d8.jpg?fit=1140%2C641&ssl=1&resize=350%2C200 1x, https:\/\/i0.wp.com\/larevistadigital.com.ar\/blog\/wp-content\/uploads\/74e83bc151b037e5faaa62159841c7f68947c0d8.jpg?fit=1140%2C641&ssl=1&resize=525%2C300 1.5x, https:\/\/i0.wp.com\/larevistadigital.com.ar\/blog\/wp-content\/uploads\/74e83bc151b037e5faaa62159841c7f68947c0d8.jpg?fit=1140%2C641&ssl=1&resize=700%2C400 2x, https:\/\/i0.wp.com\/larevistadigital.com.ar\/blog\/wp-content\/uploads\/74e83bc151b037e5faaa62159841c7f68947c0d8.jpg?fit=1140%2C641&ssl=1&resize=1050%2C600 3x"},"classes":[]},{"id":43905,"url":"https:\/\/larevistadigital.com.ar\/blog\/chascomus-tres-hombres-aprehendidos-tras-una-persecucion-y-el-hallazgo-de-un-arma-de-fuego\/","url_meta":{"origin":39579,"position":2},"title":"Chascom\u00fas: Tres hombres aprehendidos tras una persecuci\u00f3n y el hallazgo de un arma de fuego","author":"Alejandro Sosa Ruda","date":"10 febrero, 2026","format":false,"excerpt":"El hecho se origin\u00f3 tras un alerta por maniobras imprudentes y consumo de alcohol en la v\u00eda p\u00fablica. Los ocupantes del veh\u00edculo huyeron a pie luego de abandonar el auto, donde la Polic\u00eda encontr\u00f3 un rev\u00f3lver con municiones. Clave trabajo conjunto de la Secretar\u00eda de Seguridad, la Patrulla de Prevenci\u00f3n\u2026","rel":"","context":"En \u00abDESTACADAS\u00bb","block_context":{"text":"DESTACADAS","link":"https:\/\/larevistadigital.com.ar\/blog\/category\/destacadas\/"},"img":{"alt_text":"","src":"https:\/\/i0.wp.com\/larevistadigital.com.ar\/blog\/wp-content\/uploads\/2-22.jpg?fit=900%2C886&ssl=1&resize=350%2C200","width":350,"height":200,"srcset":"https:\/\/i0.wp.com\/larevistadigital.com.ar\/blog\/wp-content\/uploads\/2-22.jpg?fit=900%2C886&ssl=1&resize=350%2C200 1x, https:\/\/i0.wp.com\/larevistadigital.com.ar\/blog\/wp-content\/uploads\/2-22.jpg?fit=900%2C886&ssl=1&resize=525%2C300 1.5x, https:\/\/i0.wp.com\/larevistadigital.com.ar\/blog\/wp-content\/uploads\/2-22.jpg?fit=900%2C886&ssl=1&resize=700%2C400 2x"},"classes":[]},{"id":43974,"url":"https:\/\/larevistadigital.com.ar\/blog\/chascomus-dos-motos-recuperadas-gracias-a-la-patrulla-de-prevencion-municipal\/","url_meta":{"origin":39579,"position":3},"title":"Chascom\u00fas: Dos motos recuperadas gracias a la Patrulla de Prevenci\u00f3n Municipal","author":"Alejandro Sosa Ruda","date":"12 febrero, 2026","format":false,"excerpt":"Los procedimientos se realizaron en distintos puntos de la ciudad y permitieron detectar motoveh\u00edculos con pedido de secuestro activo por robo. 12 de febrero de 2026 CHASCOM\u00daS -\u00a0 \u00a0Durante las tareas habituales de prevenci\u00f3n que realiza diariamente, la Patrulla de Prevenci\u00f3n Municipal logr\u00f3 recuperar dos motocicletas que ten\u00edan pedido activo\u2026","rel":"","context":"En \u00abCHASCOM\u00daS\u00bb","block_context":{"text":"CHASCOM\u00daS","link":"https:\/\/larevistadigital.com.ar\/blog\/category\/chascomus\/"},"img":{"alt_text":"","src":"https:\/\/i0.wp.com\/larevistadigital.com.ar\/blog\/wp-content\/uploads\/698e13df16213.png?fit=668%2C445&ssl=1&resize=350%2C200","width":350,"height":200,"srcset":"https:\/\/i0.wp.com\/larevistadigital.com.ar\/blog\/wp-content\/uploads\/698e13df16213.png?fit=668%2C445&ssl=1&resize=350%2C200 1x, https:\/\/i0.wp.com\/larevistadigital.com.ar\/blog\/wp-content\/uploads\/698e13df16213.png?fit=668%2C445&ssl=1&resize=525%2C300 1.5x"},"classes":[]},{"id":36120,"url":"https:\/\/larevistadigital.com.ar\/blog\/importante-aporte-del-centro-de-monitoreo-municipal-a-la-prevencion-y-resolucion-de-delitos\/","url_meta":{"origin":39579,"position":4},"title":"IMPORTANTE APORTE DEL CENTRO DE MONITOREO MUNICIPAL A LA PREVENCI\u00d3N Y RESOLUCI\u00d3N DE DELITOS","author":"Alejandro Sosa Ruda","date":"23 mayo, 2024","format":false,"excerpt":"Un joven fue aprehendido en la madrugada de este martes, al ser detectado a trav\u00e9s de las c\u00e1maras de seguridad ingresando a una vivienda con intenciones de robo. 23 de Mayo de 2024 CHASCOM\u00daS -\u00a0 El hecho se produjo en M\u00e9xico entre Grito de Dolores y Florencio Chappa y, gracias\u2026","rel":"","context":"En \u00abINTERES GENERAL\u00bb","block_context":{"text":"INTERES GENERAL","link":"https:\/\/larevistadigital.com.ar\/blog\/category\/interes-general\/"},"img":{"alt_text":"","src":"https:\/\/i0.wp.com\/larevistadigital.com.ar\/blog\/wp-content\/uploads\/2024_05_23_01_02_07_9958041.jpeg?fit=600%2C338&ssl=1&resize=350%2C200","width":350,"height":200,"srcset":"https:\/\/i0.wp.com\/larevistadigital.com.ar\/blog\/wp-content\/uploads\/2024_05_23_01_02_07_9958041.jpeg?fit=600%2C338&ssl=1&resize=350%2C200 1x, https:\/\/i0.wp.com\/larevistadigital.com.ar\/blog\/wp-content\/uploads\/2024_05_23_01_02_07_9958041.jpeg?fit=600%2C338&ssl=1&resize=525%2C300 1.5x"},"classes":[]},{"id":42513,"url":"https:\/\/larevistadigital.com.ar\/blog\/detuvieron-a-un-sargento-de-la-policia-bonaerense-acusado-de-secuestrar-y-abusar-de-una-joven-en-la-plata\/","url_meta":{"origin":39579,"position":5},"title":"Detuvieron a un sargento de la Polic\u00eda Bonaerense acusado de secuestrar y abusar de una joven en La Plata","author":"Alejandro Sosa Ruda","date":"17 noviembre, 2025","format":false,"excerpt":"Un sargento de la Polic\u00eda Bonaerense fue detenido acusado de haber secuestrado, retenido y abusado sexualmente de una joven de 25 a\u00f1os en La Plata. El sospechoso, identificado como Jonathan Andr\u00e9s Peralta, de 32 a\u00f1os, fue arrestado en Florencio Varela tras una investigaci\u00f3n que combin\u00f3 an\u00e1lisis de c\u00e1maras de seguridad,\u2026","rel":"","context":"En \u00abPOLICIALES\u00bb","block_context":{"text":"POLICIALES","link":"https:\/\/larevistadigital.com.ar\/blog\/category\/policiales\/"},"img":{"alt_text":"","src":"https:\/\/i0.wp.com\/larevistadigital.com.ar\/blog\/wp-content\/uploads\/760264fcaa7210968ef202aa862a986a8d05e27f.png?fit=1140%2C732&ssl=1&resize=350%2C200","width":350,"height":200,"srcset":"https:\/\/i0.wp.com\/larevistadigital.com.ar\/blog\/wp-content\/uploads\/760264fcaa7210968ef202aa862a986a8d05e27f.png?fit=1140%2C732&ssl=1&resize=350%2C200 1x, https:\/\/i0.wp.com\/larevistadigital.com.ar\/blog\/wp-content\/uploads\/760264fcaa7210968ef202aa862a986a8d05e27f.png?fit=1140%2C732&ssl=1&resize=525%2C300 1.5x, https:\/\/i0.wp.com\/larevistadigital.com.ar\/blog\/wp-content\/uploads\/760264fcaa7210968ef202aa862a986a8d05e27f.png?fit=1140%2C732&ssl=1&resize=700%2C400 2x, https:\/\/i0.wp.com\/larevistadigital.com.ar\/blog\/wp-content\/uploads\/760264fcaa7210968ef202aa862a986a8d05e27f.png?fit=1140%2C732&ssl=1&resize=1050%2C600 3x"},"classes":[]}],"_links":{"self":[{"href":"https:\/\/larevistadigital.com.ar\/blog\/wp-json\/wp\/v2\/posts\/39579","targetHints":{"allow":["GET"]}}],"collection":[{"href":"https:\/\/larevistadigital.com.ar\/blog\/wp-json\/wp\/v2\/posts"}],"about":[{"href":"https:\/\/larevistadigital.com.ar\/blog\/wp-json\/wp\/v2\/types\/post"}],"author":[{"embeddable":true,"href":"https:\/\/larevistadigital.com.ar\/blog\/wp-json\/wp\/v2\/users\/3"}],"replies":[{"embeddable":true,"href":"https:\/\/larevistadigital.com.ar\/blog\/wp-json\/wp\/v2\/comments?post=39579"}],"version-history":[{"count":1,"href":"https:\/\/larevistadigital.com.ar\/blog\/wp-json\/wp\/v2\/posts\/39579\/revisions"}],"predecessor-version":[{"id":39581,"href":"https:\/\/larevistadigital.com.ar\/blog\/wp-json\/wp\/v2\/posts\/39579\/revisions\/39581"}],"wp:featuredmedia":[{"embeddable":true,"href":"https:\/\/larevistadigital.com.ar\/blog\/wp-json\/wp\/v2\/media\/39580"}],"wp:attachment":[{"href":"https:\/\/larevistadigital.com.ar\/blog\/wp-json\/wp\/v2\/media?parent=39579"}],"wp:term":[{"taxonomy":"category","embeddable":true,"href":"https:\/\/larevistadigital.com.ar\/blog\/wp-json\/wp\/v2\/categories?post=39579"},{"taxonomy":"post_tag","embeddable":true,"href":"https:\/\/larevistadigital.com.ar\/blog\/wp-json\/wp\/v2\/tags?post=39579"}],"curies":[{"name":"wp","href":"https:\/\/api.w.org\/{rel}","templated":true}]}}