{"id":39583,"date":"2025-04-30T23:27:16","date_gmt":"2025-05-01T02:27:16","guid":{"rendered":"https:\/\/larevistadigital.com.ar\/blog\/?p=39583"},"modified":"2025-04-30T23:27:16","modified_gmt":"2025-05-01T02:27:16","slug":"vialidad-provincial-el-barrio-san-nicolas-exige-respuestas-concretas","status":"publish","type":"post","link":"https:\/\/larevistadigital.com.ar\/blog\/vialidad-provincial-el-barrio-san-nicolas-exige-respuestas-concretas\/","title":{"rendered":"Vialidad Provincial: el barrio San Nicol\u00e1s exige respuestas concretas"},"content":{"rendered":"<h2 data-start=\"350\" data-end=\"513\"><strong data-start=\"350\" data-end=\"513\">Lisandro Piuma, presidente de la Sociedad de Fomento, mostr\u00f3 en vivo el estado cr\u00edtico de los accesos y volvi\u00f3 a exigir soluciones definitivas para los vecinos.<\/strong><\/h2>\n<p>30 de Abril de 2025<\/p>\n<p class=\"\" data-start=\"515\" data-end=\"904\"><strong>CHASCOM\u00daS &#8211;\u00a0<\/strong> Durante la emisi\u00f3n matutina del programa <strong data-start=\"556\" data-end=\"577\">\u201cAtaque de Radio\u201d<\/strong>, que conduce <strong>Alejandro \u201cEl Tano\u201d Sosa<\/strong> por <strong>FM 102.7 y tambi\u00e9n se transmite v\u00eda streaming en el canal de YouTube @radiopowerch<\/strong>, <strong data-start=\"704\" data-end=\"722\">Lisandro Piuma<\/strong>, presidente de la Sociedad de Fomento del Barrio <strong data-start=\"772\" data-end=\"787\">San Nicol\u00e1s<\/strong>, fue protagonista de una entrevista cargada de contenido y reclamos vecinales que siguen sin respuestas definitivas.<\/p>\n<blockquote>\n<p class=\"\" data-start=\"906\" data-end=\"1282\">A trav\u00e9s de una videollamada que incorpor\u00f3 en tiempo real im\u00e1genes del lugar, <strong data-start=\"984\" data-end=\"1026\">Piuma actu\u00f3 como un verdadero movilero<\/strong>, mostrando en primera persona el lamentable estado del acceso al barrio. Calles intransitables, falta de se\u00f1alizaci\u00f3n y una colectora que presenta un riesgo constante, fueron parte del combo que dej\u00f3 en evidencia una situaci\u00f3n de <strong data-start=\"1257\" data-end=\"1281\">abandono preocupante<\/strong>.<\/p>\n<\/blockquote>\n<p class=\"\" data-start=\"1284\" data-end=\"1449\">Piuma record\u00f3 que los reclamos a <strong data-start=\"1317\" data-end=\"1340\">Vialidad Provincial<\/strong> comenzaron formalmente el <strong data-start=\"1367\" data-end=\"1382\">25 de enero<\/strong> de este a\u00f1o, a trav\u00e9s de una nota detallando tres puntos cr\u00edticos:<\/p>\n<ol data-start=\"1451\" data-end=\"1813\">\n<li class=\"\" data-start=\"1451\" data-end=\"1555\">\n<p class=\"\" data-start=\"1454\" data-end=\"1555\"><em><strong>La rotura de la tuber\u00eda que transporta agua hacia la zanja de la autov\u00eda, con riesgo de anegamientos.<\/strong><\/em><\/p>\n<\/li>\n<li class=\"\" data-start=\"1556\" data-end=\"1681\">\n<p class=\"\" data-start=\"1559\" data-end=\"1681\"><em><strong>Velocidades m\u00e1ximas incoherentes para una zona urbana, con carteles contradictorios en ambos sentidos de la Autov\u00eda\u00a0<\/strong><\/em><\/p>\n<\/li>\n<li class=\"\" data-start=\"1682\" data-end=\"1813\">\n<p class=\"\" data-start=\"1685\" data-end=\"1813\"><em><strong>La ausencia total de se\u00f1alizaci\u00f3n vial en el cruce del barrio, una excepci\u00f3n negativa dentro del trazado general de la ruta.<\/strong><\/em><\/p>\n<\/li>\n<\/ol>\n<h3 class=\"\" data-start=\"1815\" data-end=\"1863\">Soluciones parciales y el peso de la gesti\u00f3n<\/h3>\n<p class=\"\" data-start=\"1865\" data-end=\"2345\">De esos tres puntos, solo uno fue resuelto: la reparaci\u00f3n de la tuber\u00eda, gracias a la gesti\u00f3n del se\u00f1or <strong data-start=\"1969\" data-end=\"1990\">Carlos Albarrac\u00edn<\/strong> de Vialidad Provincial. Sin embargo, el problema central \u2014la <strong data-start=\"2052\" data-end=\"2079\">colectora de la Autov\u00eda<\/strong> (calle San Pedro, dentro del barrio)\u2014 permanece sin soluci\u00f3n. Esa v\u00eda, que est\u00e1 bajo la \u00f3rbita de la concesionaria <strong data-start=\"2195\" data-end=\"2205\">AUBASA<\/strong>, sigue siendo pr\u00e1cticamente intransitable. Piuma indic\u00f3 que el pedido de <strong data-start=\"2279\" data-end=\"2297\">bacheo urgente<\/strong> fue reiterado ante las autoridades competentes.<\/p>\n<blockquote>\n<h3 data-start=\"2347\" data-end=\"2541\">Durante la transmisi\u00f3n, se vio a un veh\u00edculo intentando ingresar por el acceso da\u00f1ado, pero que al ver el estado del camino, <strong data-start=\"2472\" data-end=\"2515\">dio marcha atr\u00e1s y abandon\u00f3 la maniobra<\/strong>. La imagen fue elocuente.<\/h3>\n<\/blockquote>\n<p class=\"\" data-start=\"2543\" data-end=\"2801\">Respecto a la <strong data-start=\"2557\" data-end=\"2573\">se\u00f1alizaci\u00f3n<\/strong>, Piuma reconoci\u00f3 un avance: la colocaci\u00f3n de tres carteles reflectivos. No obstante, <strong data-start=\"2659\" data-end=\"2688\">el cartel clave a\u00fan falta<\/strong>, el que deber\u00eda estar a la salida de la estaci\u00f3n de servicio Puma (km 116), punto de acceso principal al barrio.<\/p>\n<p class=\"\" data-start=\"2803\" data-end=\"3129\">En cuanto al mantenimiento interno de las calles del barrio, relat\u00f3 que los propios vecinos <strong data-start=\"2895\" data-end=\"2930\">compraron el material necesario<\/strong> y que el <strong data-start=\"2940\" data-end=\"2971\">secretario municipal Marino<\/strong> se comprometi\u00f3 a aportar la maquinaria para realizar el trabajo de relleno. Piuma <strong data-start=\"3054\" data-end=\"3081\">agradeci\u00f3 el compromiso<\/strong>, destacando la colaboraci\u00f3n desde el municipio.<\/p>\n<h3 class=\"\" data-start=\"3131\" data-end=\"3169\"><span style=\"color: #ff0000\">\u00abSan Nicol\u00e1s, barrio legal\u00bb<\/span><\/h3>\n<p class=\"\" data-start=\"3171\" data-end=\"3511\">Un momento \u00e1lgido de la nota fue cuando comenzaron a llegar mensajes al programa, algunos cuestionando al San Nicol\u00e1s como barrio \u201cde casas tomadas\u201d. <strong>Piuma<\/strong> fue claro: <strong><em>\u201cLa gente del barrio est\u00e1 en regla. Quienes no tienen escritura, tienen posesi\u00f3n legal. Adem\u00e1s, hay una ordenanza de 2018 que lo homologa como barrio de Chascom\u00fas\u201d.<\/em><\/strong><\/p>\n<h3 class=\"\" data-start=\"3513\" data-end=\"3538\"><span style=\"color: #ff0000\">Cierre con compromiso<\/span><\/h3>\n<p class=\"\" data-start=\"3540\" data-end=\"3783\">La entrevista concluy\u00f3 con el <strong data-start=\"3570\" data-end=\"3605\">compromiso de volver a dialogar<\/strong> en los pr\u00f3ximos d\u00edas sobre los avances (o no) en las gestiones que se vienen realizando, y para dar seguimiento a una situaci\u00f3n que, como tantas otras, <strong data-start=\"3758\" data-end=\"3782\">no puede esperar m\u00e1s<\/strong>.<\/p>\n<p data-start=\"3540\" data-end=\"3783\">\n","protected":false},"excerpt":{"rendered":"<div class=\"mh-excerpt\"><p>Lisandro Piuma, presidente de la Sociedad de Fomento, mostr\u00f3 en vivo el estado cr\u00edtico de los accesos y volvi\u00f3 a exigir soluciones definitivas para los vecinos. 30 de Abril de 2025 CHASCOM\u00daS &#8211;\u00a0 Durante la <a class=\"mh-excerpt-more\" href=\"https:\/\/larevistadigital.com.ar\/blog\/vialidad-provincial-el-barrio-san-nicolas-exige-respuestas-concretas\/\" title=\"Vialidad Provincial: el barrio San Nicol\u00e1s exige respuestas concretas\">[Leer M\u00e1s]<\/a><\/p>\n<\/div>","protected":false},"author":3,"featured_media":39585,"comment_status":"open","ping_status":"open","sticky":false,"template":"","format":"standard","meta":{"_jetpack_memberships_contains_paid_content":false,"footnotes":"","jetpack_publicize_message":"","jetpack_publicize_feature_enabled":true,"jetpack_social_post_already_shared":true,"jetpack_social_options":{"image_generator_settings":{"template":"highway","default_image_id":0,"font":"","enabled":false},"version":2}},"categories":[6],"tags":[],"class_list":{"0":"post-39583","1":"post","2":"type-post","3":"status-publish","4":"format-standard","5":"has-post-thumbnail","7":"category-chascomus"},"jetpack_publicize_connections":[],"jetpack_featured_media_url":"https:\/\/i0.wp.com\/larevistadigital.com.ar\/blog\/wp-content\/uploads\/Captura-de-pantalla-2025-04-30-232533.jpg?fit=1299%2C725&ssl=1","jetpack_sharing_enabled":true,"jetpack_shortlink":"https:\/\/wp.me\/p8qtrQ-air","jetpack-related-posts":[{"id":6606,"url":"https:\/\/larevistadigital.com.ar\/blog\/chascomus-otorgan-subsidio-a-la-sociedad-de-fomento-de-la-noria\/","url_meta":{"origin":39583,"position":0},"title":"CHASCOM\u00daS: OTORGAN SUBSIDIO A LA SOCIEDAD DE FOMENTO DE LA NORIA","author":"Alejandro Sosa Ruda","date":"23 septiembre, 2018","format":false,"excerpt":"En una nota radial durante el programa \u201cTardes El Tr\u00e9bol\u201d que se emite por la FM \u201cRadio Uno\u201d 102.1, el periodista Alfredo Perona dialog\u00f3 con la presidente de la sociedad de fomento del barrio La Noria, Lorena Sierra en referencia a un subsidio que recibieron por parte del Municipio de\u2026","rel":"","context":"En \u00abPOLITICA\u00bb","block_context":{"text":"POLITICA","link":"https:\/\/larevistadigital.com.ar\/blog\/category\/politica\/"},"img":{"alt_text":"","src":"https:\/\/i0.wp.com\/larevistadigital.com.ar\/blog\/wp-content\/uploads\/2018\/09\/32540466_2117838951784170_7011318176944226304_o.jpg?fit=1200%2C900&ssl=1&resize=350%2C200","width":350,"height":200,"srcset":"https:\/\/i0.wp.com\/larevistadigital.com.ar\/blog\/wp-content\/uploads\/2018\/09\/32540466_2117838951784170_7011318176944226304_o.jpg?fit=1200%2C900&ssl=1&resize=350%2C200 1x, https:\/\/i0.wp.com\/larevistadigital.com.ar\/blog\/wp-content\/uploads\/2018\/09\/32540466_2117838951784170_7011318176944226304_o.jpg?fit=1200%2C900&ssl=1&resize=525%2C300 1.5x, https:\/\/i0.wp.com\/larevistadigital.com.ar\/blog\/wp-content\/uploads\/2018\/09\/32540466_2117838951784170_7011318176944226304_o.jpg?fit=1200%2C900&ssl=1&resize=700%2C400 2x, https:\/\/i0.wp.com\/larevistadigital.com.ar\/blog\/wp-content\/uploads\/2018\/09\/32540466_2117838951784170_7011318176944226304_o.jpg?fit=1200%2C900&ssl=1&resize=1050%2C600 3x"},"classes":[]},{"id":6183,"url":"https:\/\/larevistadigital.com.ar\/blog\/chascomus-vecinos-del-barrio-esteban-echeverria-se-reunieron-con-el-presidente-del-concejo-deliberante\/","url_meta":{"origin":39583,"position":1},"title":"CHASCOMUS: VECINOS DEL BARRIO ESTEBAN ECHEVERR\u00cdA SE REUNIERON CON EL PRESIDENTE DEL CONCEJO DELIBERANTE","author":"Alejandro Sosa Ruda","date":"13 agosto, 2018","format":false,"excerpt":"Vecinos de la sociedad de fomento del barrio Esteban Echeverr\u00eda mantuvieron una reuni\u00f3n con el presidente del Concejo Deliberante, Osvaldo Casalins. Tomaron parte de la misma su presidente Carlos Veiga, su vicepresidente Carolina Jupini y el tambi\u00e9n integrante de la comisi\u00f3n directiva, Jorge Polzineti. El tema central planteado por los\u2026","rel":"","context":"En \u00abPOLITICA\u00bb","block_context":{"text":"POLITICA","link":"https:\/\/larevistadigital.com.ar\/blog\/category\/politica\/"},"img":{"alt_text":"","src":"https:\/\/i0.wp.com\/larevistadigital.com.ar\/blog\/wp-content\/uploads\/2018\/08\/aa.jpg?fit=1200%2C899&ssl=1&resize=350%2C200","width":350,"height":200,"srcset":"https:\/\/i0.wp.com\/larevistadigital.com.ar\/blog\/wp-content\/uploads\/2018\/08\/aa.jpg?fit=1200%2C899&ssl=1&resize=350%2C200 1x, https:\/\/i0.wp.com\/larevistadigital.com.ar\/blog\/wp-content\/uploads\/2018\/08\/aa.jpg?fit=1200%2C899&ssl=1&resize=525%2C300 1.5x, https:\/\/i0.wp.com\/larevistadigital.com.ar\/blog\/wp-content\/uploads\/2018\/08\/aa.jpg?fit=1200%2C899&ssl=1&resize=700%2C400 2x, https:\/\/i0.wp.com\/larevistadigital.com.ar\/blog\/wp-content\/uploads\/2018\/08\/aa.jpg?fit=1200%2C899&ssl=1&resize=1050%2C600 3x"},"classes":[]},{"id":40734,"url":"https:\/\/larevistadigital.com.ar\/blog\/chascomus-el-barrio-gallo-blanco-se-lleno-de-risas-en-una-gran-jornada-infantil\/","url_meta":{"origin":39583,"position":2},"title":"Chascom\u00fas: El Barrio Gallo Blanco se llen\u00f3 de risas en una gran jornada infantil","author":"Alejandro Sosa Ruda","date":"4 agosto, 2025","format":false,"excerpt":"La oferta cultural se llev\u00f3 adelante en la sociedad de fomento, en el marco del cierre del programa Vacaciones Divertidas, gestionado por el Vicepresidente del Instituto Cultural, Cote Rossi. 04 de agosto de 2025 CHASCOM\u00daS\u00a0 -\u00a0 La tarde del domingo 3 de agosto, la Sociedad de Fomento del Barrio Jard\u00edn\u2026","rel":"","context":"En \u00abINTERES GENERAL\u00bb","block_context":{"text":"INTERES GENERAL","link":"https:\/\/larevistadigital.com.ar\/blog\/category\/interes-general\/"},"img":{"alt_text":"","src":"https:\/\/i0.wp.com\/larevistadigital.com.ar\/blog\/wp-content\/uploads\/O4A2988-scaled.jpg?fit=1200%2C800&ssl=1&resize=350%2C200","width":350,"height":200,"srcset":"https:\/\/i0.wp.com\/larevistadigital.com.ar\/blog\/wp-content\/uploads\/O4A2988-scaled.jpg?fit=1200%2C800&ssl=1&resize=350%2C200 1x, https:\/\/i0.wp.com\/larevistadigital.com.ar\/blog\/wp-content\/uploads\/O4A2988-scaled.jpg?fit=1200%2C800&ssl=1&resize=525%2C300 1.5x, https:\/\/i0.wp.com\/larevistadigital.com.ar\/blog\/wp-content\/uploads\/O4A2988-scaled.jpg?fit=1200%2C800&ssl=1&resize=700%2C400 2x, https:\/\/i0.wp.com\/larevistadigital.com.ar\/blog\/wp-content\/uploads\/O4A2988-scaled.jpg?fit=1200%2C800&ssl=1&resize=1050%2C600 3x"},"classes":[]},{"id":26545,"url":"https:\/\/larevistadigital.com.ar\/blog\/chascomus-se-realiza-la-feria-de-ciencias-barrio-jardin\/","url_meta":{"origin":39583,"position":3},"title":"CHASCOM\u00daS: SE REALIZA LA \u00abFERIA DE CIENCIAS\u00bb BARRIO JARD\u00cdN","author":"Alejandro Sosa Ruda","date":"13 julio, 2022","format":false,"excerpt":"Un evento s\u00faper interesante. Podes ir furante todo el d\u00eda. Gracias se\u00f1orita Clari Dagorret por la info y las fotos. CHASCOM\u00daS -\u00a0 \u00a0Se lleva a cabo la \"Feria de Ciencias\" en el Barrio Jard\u00edn, donde participan todas las escuelas de la ciudad de todos los niveles: \"Inicial, Primario y Secundario\".\u2026","rel":"","context":"En \u00abCHASCOM\u00daS\u00bb","block_context":{"text":"CHASCOM\u00daS","link":"https:\/\/larevistadigital.com.ar\/blog\/category\/chascomus\/"},"img":{"alt_text":"","src":"https:\/\/i0.wp.com\/larevistadigital.com.ar\/blog\/wp-content\/uploads\/WhatsApp-Image-2022-07-13-at-10.25.39-AM-e1657709518737.jpeg?fit=1200%2C916&ssl=1&resize=350%2C200","width":350,"height":200,"srcset":"https:\/\/i0.wp.com\/larevistadigital.com.ar\/blog\/wp-content\/uploads\/WhatsApp-Image-2022-07-13-at-10.25.39-AM-e1657709518737.jpeg?fit=1200%2C916&ssl=1&resize=350%2C200 1x, https:\/\/i0.wp.com\/larevistadigital.com.ar\/blog\/wp-content\/uploads\/WhatsApp-Image-2022-07-13-at-10.25.39-AM-e1657709518737.jpeg?fit=1200%2C916&ssl=1&resize=525%2C300 1.5x, https:\/\/i0.wp.com\/larevistadigital.com.ar\/blog\/wp-content\/uploads\/WhatsApp-Image-2022-07-13-at-10.25.39-AM-e1657709518737.jpeg?fit=1200%2C916&ssl=1&resize=700%2C400 2x, https:\/\/i0.wp.com\/larevistadigital.com.ar\/blog\/wp-content\/uploads\/WhatsApp-Image-2022-07-13-at-10.25.39-AM-e1657709518737.jpeg?fit=1200%2C916&ssl=1&resize=1050%2C600 3x"},"classes":[]},{"id":3718,"url":"https:\/\/larevistadigital.com.ar\/blog\/chascomus-los-vecinos-lomas-altas-se-sienten-olvidados\/","url_meta":{"origin":39583,"position":4},"title":"CHASCOM\u00daS: LOS VECINOS DE \u00abLOMAS ALTAS\u00bb SE SIENTEN OLVIDADOS","author":"Alejandro Sosa Ruda","date":"6 noviembre, 2017","format":false,"excerpt":"La sociedad de fomento del Barrio Lomas Altas, emiti\u00f3 un comunicado que manifiesta su pesar por el estado de abandono en el que se sienten sumidos. No es la primera vez que quienes viven en ese barrio, dan a conocer la realidad que les toca vivir, y la actitud del\u2026","rel":"","context":"En \u00abCHASCOM\u00daS\u00bb","block_context":{"text":"CHASCOM\u00daS","link":"https:\/\/larevistadigital.com.ar\/blog\/category\/chascomus\/"},"img":{"alt_text":"","src":"https:\/\/i0.wp.com\/larevistadigital.com.ar\/blog\/wp-content\/uploads\/2017\/11\/1569871393.jpg?fit=650%2C394&ssl=1&resize=350%2C200","width":350,"height":200,"srcset":"https:\/\/i0.wp.com\/larevistadigital.com.ar\/blog\/wp-content\/uploads\/2017\/11\/1569871393.jpg?fit=650%2C394&ssl=1&resize=350%2C200 1x, https:\/\/i0.wp.com\/larevistadigital.com.ar\/blog\/wp-content\/uploads\/2017\/11\/1569871393.jpg?fit=650%2C394&ssl=1&resize=525%2C300 1.5x"},"classes":[]},{"id":28580,"url":"https:\/\/larevistadigital.com.ar\/blog\/el-diputado-jose-iganacio-cote-rossi-estuvo-en-el-operativo-dni-y-pasaporte-en-chascomus\/","url_meta":{"origin":39583,"position":5},"title":"EL DIPUTADO JOS\u00c9 IGANACIO \u00abCOTE\u00bb ROSSI, ESTUVO EN EL OPERATIVO \u00abDNI Y PASAPORTE EN CHASCOM\u00daS\u00bb","author":"Alejandro Sosa Ruda","date":"25 octubre, 2022","format":false,"excerpt":"Con gran afluencia de p\u00fablico, se llev\u00f3 a cabo el operativo, y \"Cote\" Rossi asegur\u00f3 que \"Seguimos trabajando para acercar herramientas a nuestros vecinos de los barrios populares\". 25 de Octubre de 2022 CHASCOM\u00daS -\u00a0 En el marco del operativo \"DNI Y PASAPORTE EN CHASCOM\u00daS\" se realiz\u00f3 la primera jornada\u2026","rel":"","context":"En \u00abINTERES GENERAL\u00bb","block_context":{"text":"INTERES GENERAL","link":"https:\/\/larevistadigital.com.ar\/blog\/category\/interes-general\/"},"img":{"alt_text":"","src":"https:\/\/i0.wp.com\/larevistadigital.com.ar\/blog\/wp-content\/uploads\/312242308_10225291479507978_5094689957255557948_n.jpg?fit=1024%2C683&ssl=1&resize=350%2C200","width":350,"height":200,"srcset":"https:\/\/i0.wp.com\/larevistadigital.com.ar\/blog\/wp-content\/uploads\/312242308_10225291479507978_5094689957255557948_n.jpg?fit=1024%2C683&ssl=1&resize=350%2C200 1x, https:\/\/i0.wp.com\/larevistadigital.com.ar\/blog\/wp-content\/uploads\/312242308_10225291479507978_5094689957255557948_n.jpg?fit=1024%2C683&ssl=1&resize=525%2C300 1.5x, https:\/\/i0.wp.com\/larevistadigital.com.ar\/blog\/wp-content\/uploads\/312242308_10225291479507978_5094689957255557948_n.jpg?fit=1024%2C683&ssl=1&resize=700%2C400 2x"},"classes":[]}],"_links":{"self":[{"href":"https:\/\/larevistadigital.com.ar\/blog\/wp-json\/wp\/v2\/posts\/39583","targetHints":{"allow":["GET"]}}],"collection":[{"href":"https:\/\/larevistadigital.com.ar\/blog\/wp-json\/wp\/v2\/posts"}],"about":[{"href":"https:\/\/larevistadigital.com.ar\/blog\/wp-json\/wp\/v2\/types\/post"}],"author":[{"embeddable":true,"href":"https:\/\/larevistadigital.com.ar\/blog\/wp-json\/wp\/v2\/users\/3"}],"replies":[{"embeddable":true,"href":"https:\/\/larevistadigital.com.ar\/blog\/wp-json\/wp\/v2\/comments?post=39583"}],"version-history":[{"count":1,"href":"https:\/\/larevistadigital.com.ar\/blog\/wp-json\/wp\/v2\/posts\/39583\/revisions"}],"predecessor-version":[{"id":39586,"href":"https:\/\/larevistadigital.com.ar\/blog\/wp-json\/wp\/v2\/posts\/39583\/revisions\/39586"}],"wp:featuredmedia":[{"embeddable":true,"href":"https:\/\/larevistadigital.com.ar\/blog\/wp-json\/wp\/v2\/media\/39585"}],"wp:attachment":[{"href":"https:\/\/larevistadigital.com.ar\/blog\/wp-json\/wp\/v2\/media?parent=39583"}],"wp:term":[{"taxonomy":"category","embeddable":true,"href":"https:\/\/larevistadigital.com.ar\/blog\/wp-json\/wp\/v2\/categories?post=39583"},{"taxonomy":"post_tag","embeddable":true,"href":"https:\/\/larevistadigital.com.ar\/blog\/wp-json\/wp\/v2\/tags?post=39583"}],"curies":[{"name":"wp","href":"https:\/\/api.w.org\/{rel}","templated":true}]}}