{"id":39587,"date":"2025-04-30T23:35:37","date_gmt":"2025-05-01T02:35:37","guid":{"rendered":"https:\/\/larevistadigital.com.ar\/blog\/?p=39587"},"modified":"2025-04-30T23:35:37","modified_gmt":"2025-05-01T02:35:37","slug":"javier-gaston-participo-del-congreso-provincial-de-salud-junto-a-autoridades-bonaerenses-en-salud30-04-2025-134343-javier-gaston-participo-del-congreso-provincial-de-salud-junto-a-autoridades-bonaer","status":"publish","type":"post","link":"https:\/\/larevistadigital.com.ar\/blog\/javier-gaston-participo-del-congreso-provincial-de-salud-junto-a-autoridades-bonaerenses-en-salud30-04-2025-134343-javier-gaston-participo-del-congreso-provincial-de-salud-junto-a-autoridades-bonaer\/","title":{"rendered":"Javier Gast\u00f3n particip\u00f3 del Congreso Provincial de Salud junto a autoridades bonaerenses En Salud30\/04\/2025 13:43:43 Javier Gast\u00f3n particip\u00f3 del Congreso Provincial de Salud junto a autoridades bonaerensesJavier Gast\u00f3n particip\u00f3 del Congreso Provincial de Salud junto a autoridades bonaerensesJavier Gast\u00f3n particip\u00f3 del Congreso Provincial de Salud junto a autoridades bonaerenses Javier Gast\u00f3n particip\u00f3 del Congreso Provincial de Salud junto a autoridades bonaerensesJavier Gast\u00f3n particip\u00f3 del Congreso Provincial de Salud junto a autoridades bonaerensesJavier Gast\u00f3n particip\u00f3 del Congreso Provincial de Salud junto a autoridades bonaerenses El intendente de Chascom\u00fas form\u00f3 parte del encuentro encabezado por el gobernador Axel Kicillof en Mar del Plata, acompa\u00f1ado por la secretaria de Salud P\u00fablica, Marcela Arias. El intendente Javier Gast\u00f3n particip\u00f3 este martes de la cuarta edici\u00f3n del Congreso Provincial de Salud (CO.SA.PRO), un espacio de encuentro e intercambio entre trabajadores del sistema sanitario, que tuvo lugar en el Gran Hotel Provincial de Mar del Plata.  El evento fue encabezado por el gobernador Axel Kicillof y el ministro de Salud bonaerense, Nicol\u00e1s Kreplak, quienes destacaron la importancia de sostener y fortalecer el sistema de salud p\u00fablico en un contexto de dificultades econ\u00f3micas y recorte de fondos nacionales.  En la oportunidad, Javier Gast\u00f3n estuvo acompa\u00f1ado por la secretaria de Salud P\u00fablica municipal, Marcela Arias, en una jornada que reuni\u00f3 a intendentes, secretarios de salud y funcionarios provinciales, con el objetivo de debatir pol\u00edticas p\u00fablicas en torno al sistema de salud.  El congreso es un espacio de discusi\u00f3n e intercambio entre trabajadores del sistema de salud donde se desarrollan paneles, rondas de debate y exposici\u00f3n de trabajos cient\u00edficos que se realiza todos los a\u00f1os desde 2022. En esta cuarta edici\u00f3n participan m\u00e1s de 12.000 profesionales provenientes de los 135 municipios bonaerenses y de 16 provincias del pa\u00eds, transform\u00e1ndolo en un encuentro federal.  Durante la jornada, Kicillof tambi\u00e9n particip\u00f3 de la Asamblea anual de la que formaron parte intendentes y secretarios de Salud de los 135 municipios as\u00ed como tambi\u00e9n autoridades provinciales de la cartera sanitaria, con el objetivo de debatir los lineamientos pol\u00edticos y de gesti\u00f3n del sistema sanitario y la implementaci\u00f3n del Plan Quinquenal de Salud provincial.  Escuchar Compartir:     Salud Destacadas"},"content":{"rendered":"<h3 class=\"excerpt\">El intendente de Chascom\u00fas form\u00f3 parte del encuentro encabezado por el gobernador Axel Kicillof en Mar del Plata, acompa\u00f1ado por la secretaria de Salud P\u00fablica, Marcela Arias.<\/h3>\n<p>30 de Abril de 2025<\/p>\n<div id=\"miDiv1\" class=\"text\">\n<p><strong>CHASCOM\u00daS &#8211;\u00a0<\/strong> El intendente <strong>Javier Gast\u00f3n<\/strong> particip\u00f3 este martes de la cuarta edici\u00f3n del Congreso Provincial de Salud (CO.SA.PRO), un espacio de encuentro e intercambio entre trabajadores del sistema sanitario, que tuvo lugar en el Gran Hotel Provincial de Mar del Plata.<\/p>\n<blockquote>\n<h3>El evento fue encabezado por el gobernador Axel Kicillof y el ministro de Salud bonaerense, Nicol\u00e1s Kreplak, quienes destacaron la importancia de sostener y fortalecer el sistema de salud p\u00fablico en un contexto de dificultades econ\u00f3micas y recorte de fondos nacionales.<\/h3>\n<\/blockquote>\n<p>En la oportunidad, <strong>Javier Gast\u00f3n<\/strong> estuvo acompa\u00f1ado por la secretaria de Salud P\u00fablica municipal,<strong> Marcela Arias<\/strong>, en una jornada que reuni\u00f3 a intendentes, secretarios de salud y funcionarios provinciales, con el objetivo de debatir pol\u00edticas p\u00fablicas en torno al sistema de salud.<\/p>\n<p>El congreso es un espacio de discusi\u00f3n e intercambio entre trabajadores del sistema de salud donde se desarrollan paneles, rondas de debate y exposici\u00f3n de trabajos cient\u00edficos que se realiza todos los a\u00f1os desde 2022. En esta cuarta edici\u00f3n participan m\u00e1s de 12.000 profesionales provenientes de los 135 municipios bonaerenses y de 16 provincias del pa\u00eds, transform\u00e1ndolo en un encuentro federal.<\/p>\n<p>Durante la jornada, <strong>Kicillof<\/strong> tambi\u00e9n particip\u00f3 de la Asamblea anual de la que formaron parte intendentes y secretarios de Salud de los 135 municipios as\u00ed como tambi\u00e9n autoridades provinciales de la cartera sanitaria, con el objetivo de debatir los lineamientos pol\u00edticos y de gesti\u00f3n del sistema sanitario y la implementaci\u00f3n del Plan Quinquenal de Salud provincial.<\/p>\n<\/div>\n","protected":false},"excerpt":{"rendered":"<div class=\"mh-excerpt\"><p>El intendente de Chascom\u00fas form\u00f3 parte del encuentro encabezado por el gobernador Axel Kicillof en Mar del Plata, acompa\u00f1ado por la secretaria de Salud P\u00fablica, Marcela Arias. 30 de Abril de 2025 CHASCOM\u00daS &#8211;\u00a0 El <a class=\"mh-excerpt-more\" href=\"https:\/\/larevistadigital.com.ar\/blog\/javier-gaston-participo-del-congreso-provincial-de-salud-junto-a-autoridades-bonaerenses-en-salud30-04-2025-134343-javier-gaston-participo-del-congreso-provincial-de-salud-junto-a-autoridades-bonaer\/\" title=\"Javier Gast\u00f3n particip\u00f3 del Congreso Provincial de Salud junto a autoridades bonaerenses En Salud30\/04\/2025 13:43:43 Javier Gast\u00f3n particip\u00f3 del Congreso Provincial de Salud junto a autoridades bonaerensesJavier Gast\u00f3n particip\u00f3 del Congreso Provincial de Salud junto a autoridades bonaerensesJavier Gast\u00f3n particip\u00f3 del Congreso Provincial de Salud junto a autoridades bonaerenses Javier Gast\u00f3n particip\u00f3 del Congreso Provincial de Salud junto a autoridades bonaerensesJavier Gast\u00f3n particip\u00f3 del Congreso Provincial de Salud junto a autoridades bonaerensesJavier Gast\u00f3n particip\u00f3 del Congreso Provincial de Salud junto a autoridades bonaerenses El intendente de Chascom\u00fas form\u00f3 parte del encuentro encabezado por el gobernador Axel Kicillof en Mar del Plata, acompa\u00f1ado por la secretaria de Salud P\u00fablica, Marcela Arias. El intendente Javier Gast\u00f3n particip\u00f3 este martes de la cuarta edici\u00f3n del Congreso Provincial de Salud (CO.SA.PRO), un espacio de encuentro e intercambio entre trabajadores del sistema sanitario, que tuvo lugar en el Gran Hotel Provincial de Mar del Plata.  El evento fue encabezado por el gobernador Axel Kicillof y el ministro de Salud bonaerense, Nicol\u00e1s Kreplak, quienes destacaron la importancia de sostener y fortalecer el sistema de salud p\u00fablico en un contexto de dificultades econ\u00f3micas y recorte de fondos nacionales.  En la oportunidad, Javier Gast\u00f3n estuvo acompa\u00f1ado por la secretaria de Salud P\u00fablica municipal, Marcela Arias, en una jornada que reuni\u00f3 a intendentes, secretarios de salud y funcionarios provinciales, con el objetivo de debatir pol\u00edticas p\u00fablicas en torno al sistema de salud.  El congreso es un espacio de discusi\u00f3n e intercambio entre trabajadores del sistema de salud donde se desarrollan paneles, rondas de debate y exposici\u00f3n de trabajos cient\u00edficos que se realiza todos los a\u00f1os desde 2022. En esta cuarta edici\u00f3n participan m\u00e1s de 12.000 profesionales provenientes de los 135 municipios bonaerenses y de 16 provincias del pa\u00eds, transform\u00e1ndolo en un encuentro federal.  Durante la jornada, Kicillof tambi\u00e9n particip\u00f3 de la Asamblea anual de la que formaron parte intendentes y secretarios de Salud de los 135 municipios as\u00ed como tambi\u00e9n autoridades provinciales de la cartera sanitaria, con el objetivo de debatir los lineamientos pol\u00edticos y de gesti\u00f3n del sistema sanitario y la implementaci\u00f3n del Plan Quinquenal de Salud provincial.  Escuchar Compartir:     Salud Destacadas\">[Leer M\u00e1s]<\/a><\/p>\n<\/div>","protected":false},"author":3,"featured_media":39588,"comment_status":"open","ping_status":"open","sticky":false,"template":"","format":"standard","meta":{"_jetpack_memberships_contains_paid_content":false,"footnotes":"","jetpack_publicize_message":"","jetpack_publicize_feature_enabled":true,"jetpack_social_post_already_shared":true,"jetpack_social_options":{"image_generator_settings":{"template":"highway","default_image_id":0,"font":"","enabled":false},"version":2}},"categories":[50,23],"tags":[],"class_list":{"0":"post-39587","1":"post","2":"type-post","3":"status-publish","4":"format-standard","5":"has-post-thumbnail","7":"category-interes-general","8":"category-politica-local"},"jetpack_publicize_connections":[],"jetpack_featured_media_url":"https:\/\/i0.wp.com\/larevistadigital.com.ar\/blog\/wp-content\/uploads\/6812533fdd195.png?fit=668%2C445&ssl=1","jetpack_sharing_enabled":true,"jetpack_shortlink":"https:\/\/wp.me\/p8qtrQ-aiv","jetpack-related-posts":[{"id":45243,"url":"https:\/\/larevistadigital.com.ar\/blog\/el-ministerio-de-comunicacion-publica-formo-parte-de-las-acciones-interministeriales-en-el-congreso-provincial-de-salud\/","url_meta":{"origin":39587,"position":0},"title":"El Ministerio de Comunicaci\u00f3n P\u00fablica form\u00f3 parte de las acciones interministeriales en el Congreso Provincial de Salud","author":"Alejandro Sosa Ruda","date":"20 abril, 2026","format":false,"excerpt":"En el marco del COSAPRO en Mar del Plata, realiz\u00f3 y coordin\u00f3 diferentes actividades junto a organismos provinciales, con eje en la promoci\u00f3n de derechos, visibilizaci\u00f3n y articulaci\u00f3n interministerial. 20 de abril de 2026 Los d\u00edas 15 y 16 de abril, el Ministerio de Comunicaci\u00f3n P\u00fablica de la provincia de\u2026","rel":"","context":"En \u00abINTERES GENERAL\u00bb","block_context":{"text":"INTERES GENERAL","link":"https:\/\/larevistadigital.com.ar\/blog\/category\/interes-general\/"},"img":{"alt_text":"","src":"https:\/\/i0.wp.com\/larevistadigital.com.ar\/blog\/wp-content\/uploads\/Captura-de-pantalla-2026-04-20-235439.jpg?fit=722%2C443&ssl=1&resize=350%2C200","width":350,"height":200,"srcset":"https:\/\/i0.wp.com\/larevistadigital.com.ar\/blog\/wp-content\/uploads\/Captura-de-pantalla-2026-04-20-235439.jpg?fit=722%2C443&ssl=1&resize=350%2C200 1x, https:\/\/i0.wp.com\/larevistadigital.com.ar\/blog\/wp-content\/uploads\/Captura-de-pantalla-2026-04-20-235439.jpg?fit=722%2C443&ssl=1&resize=525%2C300 1.5x, https:\/\/i0.wp.com\/larevistadigital.com.ar\/blog\/wp-content\/uploads\/Captura-de-pantalla-2026-04-20-235439.jpg?fit=722%2C443&ssl=1&resize=700%2C400 2x"},"classes":[]},{"id":39503,"url":"https:\/\/larevistadigital.com.ar\/blog\/chascomus-javier-gaston-participo-del-lanzamiento-del-curso-provincial-sobre-caminos-rurales\/","url_meta":{"origin":39587,"position":1},"title":"Chascom\u00fas: Javier Gast\u00f3n particip\u00f3 del lanzamiento del curso provincial sobre caminos rurales","author":"Alejandro Sosa Ruda","date":"23 abril, 2025","format":false,"excerpt":"El intendente de Chascom\u00fas acompa\u00f1\u00f3 al ministro Javier Rodr\u00edguez en la presentaci\u00f3n de la capacitaci\u00f3n, que busca fortalecer la gesti\u00f3n local en el mantenimiento de trazados viales no pavimentados. 23 de Abril de 2025 CHASCOM\u00daS -\u00a0 El intendente Javier Gast\u00f3n particip\u00f3 este martes del lanzamiento del curso de Capacitaci\u00f3n en\u2026","rel":"","context":"En \u00abINTERES GENERAL\u00bb","block_context":{"text":"INTERES GENERAL","link":"https:\/\/larevistadigital.com.ar\/blog\/category\/interes-general\/"},"img":{"alt_text":"","src":"https:\/\/i0.wp.com\/larevistadigital.com.ar\/blog\/wp-content\/uploads\/68091819c3ae0.png?fit=668%2C445&ssl=1&resize=350%2C200","width":350,"height":200,"srcset":"https:\/\/i0.wp.com\/larevistadigital.com.ar\/blog\/wp-content\/uploads\/68091819c3ae0.png?fit=668%2C445&ssl=1&resize=350%2C200 1x, https:\/\/i0.wp.com\/larevistadigital.com.ar\/blog\/wp-content\/uploads\/68091819c3ae0.png?fit=668%2C445&ssl=1&resize=525%2C300 1.5x"},"classes":[]},{"id":6912,"url":"https:\/\/larevistadigital.com.ar\/blog\/javier-gaston-encabezo-el-acto-de-emplazamiento-del-busto-de-evita\/","url_meta":{"origin":39587,"position":2},"title":"JAVIER GAST\u00d3N ENCABEZ\u00d3 EL ACTO DE EMPLAZAMIENTO DEL BUSTO DE EVITA","author":"Alejandro Sosa Ruda","date":"18 octubre, 2018","format":false,"excerpt":"En el marco de la conmemoraci\u00f3n por el d\u00eda de la Lealtad, el intendente municipal particip\u00f3 de un emotivo acto en el que se restituy\u00f3 a su atril original el busto de Eva Duarte de Per\u00f3n. Acompa\u00f1ado por el ex jefe comunal, Miguel \u00c1ngel Tocci, y en una clara expresi\u00f3n\u2026","rel":"","context":"En \u00abPOLITICA\u00bb","block_context":{"text":"POLITICA","link":"https:\/\/larevistadigital.com.ar\/blog\/category\/politica\/"},"img":{"alt_text":"","src":"https:\/\/i0.wp.com\/larevistadigital.com.ar\/blog\/wp-content\/uploads\/2018\/10\/44283502_2109452362408971_6528249779095339008_o.jpg?fit=1200%2C800&ssl=1&resize=350%2C200","width":350,"height":200,"srcset":"https:\/\/i0.wp.com\/larevistadigital.com.ar\/blog\/wp-content\/uploads\/2018\/10\/44283502_2109452362408971_6528249779095339008_o.jpg?fit=1200%2C800&ssl=1&resize=350%2C200 1x, https:\/\/i0.wp.com\/larevistadigital.com.ar\/blog\/wp-content\/uploads\/2018\/10\/44283502_2109452362408971_6528249779095339008_o.jpg?fit=1200%2C800&ssl=1&resize=525%2C300 1.5x, https:\/\/i0.wp.com\/larevistadigital.com.ar\/blog\/wp-content\/uploads\/2018\/10\/44283502_2109452362408971_6528249779095339008_o.jpg?fit=1200%2C800&ssl=1&resize=700%2C400 2x, https:\/\/i0.wp.com\/larevistadigital.com.ar\/blog\/wp-content\/uploads\/2018\/10\/44283502_2109452362408971_6528249779095339008_o.jpg?fit=1200%2C800&ssl=1&resize=1050%2C600 3x"},"classes":[]},{"id":36689,"url":"https:\/\/larevistadigital.com.ar\/blog\/javier-gaston-participo-en-una-reunion-con-el-ministro-de-economia-provincial\/","url_meta":{"origin":39587,"position":3},"title":"JAVIER GAST\u00d3N PARTICIP\u00d3 EN UNA REUNI\u00d3N CON EL MINISTRO DE ECONOM\u00cdA PROVINCIAL","author":"Alejandro Sosa Ruda","date":"15 julio, 2024","format":false,"excerpt":"Junto a intendentes de la 5\u00ba secci\u00f3n, dialogaron sobre las consecuencias de las pol\u00edticas nacionales en la econom\u00eda regional y acerca de la situaci\u00f3n fiscal provincial y su impacto en las comunidades locales. 15 de Julio de 2024 CHASCOM\u00daS -\u00a0 El intendente Javier Gast\u00f3n tom\u00f3 parte este fin de semana\u2026","rel":"","context":"En \u00abINTERES GENERAL\u00bb","block_context":{"text":"INTERES GENERAL","link":"https:\/\/larevistadigital.com.ar\/blog\/category\/interes-general\/"},"img":{"alt_text":"","src":"https:\/\/i0.wp.com\/larevistadigital.com.ar\/blog\/wp-content\/uploads\/6695549826c85.png?fit=668%2C445&ssl=1&resize=350%2C200","width":350,"height":200,"srcset":"https:\/\/i0.wp.com\/larevistadigital.com.ar\/blog\/wp-content\/uploads\/6695549826c85.png?fit=668%2C445&ssl=1&resize=350%2C200 1x, https:\/\/i0.wp.com\/larevistadigital.com.ar\/blog\/wp-content\/uploads\/6695549826c85.png?fit=668%2C445&ssl=1&resize=525%2C300 1.5x"},"classes":[]},{"id":16074,"url":"https:\/\/larevistadigital.com.ar\/blog\/lezama-dio-negativo-el-hisopado-del-intendente-harispe\/","url_meta":{"origin":39587,"position":4},"title":"LEZAMA: DIO NEGATIVO EL HISOPADO DEL INTENDENTE HARISPE","author":"Alejandro Sosa Ruda","date":"20 agosto, 2020","format":false,"excerpt":"El Intendente de Lezama Arnaldo Harispe dio a conocer a trav\u00e9s de las redes sociales el siguiente mensaje: \u201cQuiero informar a la comunidad que, despu\u00e9s de haber sido hisopado por presentar s\u00edntomas compatibles, recib\u00ed hoy el resultado negativo para Covid-19. Estoy con un cuadro gripal pero en buen estado de\u2026","rel":"","context":"En \u00abLEZAMA\u00bb","block_context":{"text":"LEZAMA","link":"https:\/\/larevistadigital.com.ar\/blog\/category\/lezama\/"},"img":{"alt_text":"","src":"https:\/\/i0.wp.com\/larevistadigital.com.ar\/blog\/wp-content\/uploads\/WhatsApp-Image-2020-08-19-at-10.08.17-PM.jpeg?fit=600%2C600&ssl=1&resize=350%2C200","width":350,"height":200,"srcset":"https:\/\/i0.wp.com\/larevistadigital.com.ar\/blog\/wp-content\/uploads\/WhatsApp-Image-2020-08-19-at-10.08.17-PM.jpeg?fit=600%2C600&ssl=1&resize=350%2C200 1x, https:\/\/i0.wp.com\/larevistadigital.com.ar\/blog\/wp-content\/uploads\/WhatsApp-Image-2020-08-19-at-10.08.17-PM.jpeg?fit=600%2C600&ssl=1&resize=525%2C300 1.5x"},"classes":[]},{"id":41737,"url":"https:\/\/larevistadigital.com.ar\/blog\/chascomus-javier-gaston-participo-de-la-inauguracion-del-festival-internacional-de-cine-de-la-provincia\/","url_meta":{"origin":39587,"position":5},"title":"Chascom\u00fas: Javier Gast\u00f3n particip\u00f3 de la inauguraci\u00f3n del Festival Internacional de Cine de la Provincia","author":"Alejandro Sosa Ruda","date":"3 octubre, 2025","format":false,"excerpt":"El encuentro se extender\u00e1 hasta el 9 de octubre con una programaci\u00f3n abierta y gratuita. Este s\u00e1bado, habr\u00e1 una funci\u00f3n en el predio del Club Tiro Federal. 03 de Octobre de 2025 CHASCOM\u00daS\u00a0 -\u00a0 \u00a0El intendente Javier Gast\u00f3n y el secretario de Cultura, Deporte y Relaciones Institucionales, Pablo N\u00e1poli, asistieron\u2026","rel":"","context":"En \u00abCHASCOM\u00daS\u00bb","block_context":{"text":"CHASCOM\u00daS","link":"https:\/\/larevistadigital.com.ar\/blog\/category\/chascomus\/"},"img":{"alt_text":"","src":"https:\/\/i0.wp.com\/larevistadigital.com.ar\/blog\/wp-content\/uploads\/68e007b0372de.png?fit=668%2C445&ssl=1&resize=350%2C200","width":350,"height":200,"srcset":"https:\/\/i0.wp.com\/larevistadigital.com.ar\/blog\/wp-content\/uploads\/68e007b0372de.png?fit=668%2C445&ssl=1&resize=350%2C200 1x, https:\/\/i0.wp.com\/larevistadigital.com.ar\/blog\/wp-content\/uploads\/68e007b0372de.png?fit=668%2C445&ssl=1&resize=525%2C300 1.5x"},"classes":[]}],"_links":{"self":[{"href":"https:\/\/larevistadigital.com.ar\/blog\/wp-json\/wp\/v2\/posts\/39587","targetHints":{"allow":["GET"]}}],"collection":[{"href":"https:\/\/larevistadigital.com.ar\/blog\/wp-json\/wp\/v2\/posts"}],"about":[{"href":"https:\/\/larevistadigital.com.ar\/blog\/wp-json\/wp\/v2\/types\/post"}],"author":[{"embeddable":true,"href":"https:\/\/larevistadigital.com.ar\/blog\/wp-json\/wp\/v2\/users\/3"}],"replies":[{"embeddable":true,"href":"https:\/\/larevistadigital.com.ar\/blog\/wp-json\/wp\/v2\/comments?post=39587"}],"version-history":[{"count":1,"href":"https:\/\/larevistadigital.com.ar\/blog\/wp-json\/wp\/v2\/posts\/39587\/revisions"}],"predecessor-version":[{"id":39589,"href":"https:\/\/larevistadigital.com.ar\/blog\/wp-json\/wp\/v2\/posts\/39587\/revisions\/39589"}],"wp:featuredmedia":[{"embeddable":true,"href":"https:\/\/larevistadigital.com.ar\/blog\/wp-json\/wp\/v2\/media\/39588"}],"wp:attachment":[{"href":"https:\/\/larevistadigital.com.ar\/blog\/wp-json\/wp\/v2\/media?parent=39587"}],"wp:term":[{"taxonomy":"category","embeddable":true,"href":"https:\/\/larevistadigital.com.ar\/blog\/wp-json\/wp\/v2\/categories?post=39587"},{"taxonomy":"post_tag","embeddable":true,"href":"https:\/\/larevistadigital.com.ar\/blog\/wp-json\/wp\/v2\/tags?post=39587"}],"curies":[{"name":"wp","href":"https:\/\/api.w.org\/{rel}","templated":true}]}}