{"id":39651,"date":"2025-05-05T16:20:18","date_gmt":"2025-05-05T19:20:18","guid":{"rendered":"https:\/\/larevistadigital.com.ar\/blog\/?p=39651"},"modified":"2025-05-05T16:20:18","modified_gmt":"2025-05-05T19:20:18","slug":"se-realizo-primer-encuentro-presencial-de-la-diplomatura-en-medio-ambiente-en-el-centro-universitario-chascomus","status":"publish","type":"post","link":"https:\/\/larevistadigital.com.ar\/blog\/se-realizo-primer-encuentro-presencial-de-la-diplomatura-en-medio-ambiente-en-el-centro-universitario-chascomus\/","title":{"rendered":"Se realiz\u00f3 primer encuentro presencial de la Diplomatura en Medio Ambiente en el Centro Universitario Chascom\u00fas"},"content":{"rendered":"<h2 class=\"excerpt\">M\u00e1s de treinta vecinos y vecinas de la ciudad se encuentran cursando la diplomatura, que tiene una duraci\u00f3n de diez meses.<\/h2>\n<p>05 de Mayo de 2025<\/p>\n<div id=\"miDiv1\" class=\"text\">\n<p><strong>CHASCOM\u00daS &#8211;\u00a0<\/strong> El s\u00e1bado 3 de mayo tuvo lugar el primer encuentro presencial de la Diplomatura en Medio Ambiente en el Centro Universitario Chascom\u00fas (CUCH), que forma parte de un convenio firmado por la Municipalidad de Chascom\u00fas con la Universidad Tecnol\u00f3gica Nacional (UTN), Regional La Plata.<\/p>\n<blockquote>\n<h3>La carrera, que se dicta en la ciudad en el marco del programa Puentes del gobierno de la provincia de Buenos Aires, se desarrolla bajo una modalidad mixta con clases virtuales y presenciales.<\/h3>\n<\/blockquote>\n<p>La primera jornada presencial del s\u00e1bado se extendi\u00f3 de 9 a 15 horas en la sede del CUCH, ubicada en Francisco Serantes entre Carmona y Boulevard 4, en el barrio 30 de Mayo.<\/p>\n<blockquote>\n<h3>Durante el inicio de la actividad, el subsecretario de Infancias y Juventudes, Lucio Alfons\u00edn, y el coordinador de la diplomatura, <strong>Mart\u00edn G\u00f3mez Lewis<\/strong>, brindaron la bienvenida a los estudiantes, destacando el rol de la formaci\u00f3n superior y el valor que adquiere la educaci\u00f3n ambiental en el contexto actual.<\/h3>\n<\/blockquote>\n<p><em><strong>\u201cEste centro universitario representa una oportunidad concreta para que cada vez m\u00e1s vecinos y vecinas accedan a estudios terciarios y universitarios sin necesidad de trasladarse fuera de la ciudad. Desde el gobierno municipal trabajamos para sostener y ampliar esta propuesta que fortalece las posibilidades educativas y el desarrollo local, y que tambi\u00e9n contribuye directamente al crecimiento de Chascom\u00fas\u201d<\/strong><\/em>, expres\u00f3 <strong>Lucio Alfons\u00edn<\/strong>.<\/p>\n<p>Con esta incorporaci\u00f3n, ya son cuatro las universidades nacionales que ofrecen propuestas acad\u00e9micas en el Centro Universitario de Chascom\u00fas: la Universidad Nacional de Quilmes, la Universidad Nacional de San Mart\u00edn, la Universidad de Buenos Aires y la Universidad Tecnol\u00f3gica Nacional.<\/p>\n<\/div>\n","protected":false},"excerpt":{"rendered":"<div class=\"mh-excerpt\"><p>M\u00e1s de treinta vecinos y vecinas de la ciudad se encuentran cursando la diplomatura, que tiene una duraci\u00f3n de diez meses. 05 de Mayo de 2025 CHASCOM\u00daS &#8211;\u00a0 El s\u00e1bado 3 de mayo tuvo lugar <a class=\"mh-excerpt-more\" href=\"https:\/\/larevistadigital.com.ar\/blog\/se-realizo-primer-encuentro-presencial-de-la-diplomatura-en-medio-ambiente-en-el-centro-universitario-chascomus\/\" title=\"Se realiz\u00f3 primer encuentro presencial de la Diplomatura en Medio Ambiente en el Centro Universitario Chascom\u00fas\">[Leer M\u00e1s]<\/a><\/p>\n<\/div>","protected":false},"author":3,"featured_media":39652,"comment_status":"open","ping_status":"open","sticky":false,"template":"","format":"standard","meta":{"_jetpack_memberships_contains_paid_content":false,"footnotes":"","jetpack_publicize_message":"","jetpack_publicize_feature_enabled":true,"jetpack_social_post_already_shared":true,"jetpack_social_options":{"image_generator_settings":{"template":"highway","default_image_id":0,"font":"","enabled":false},"version":2}},"categories":[1],"tags":[],"class_list":{"0":"post-39651","1":"post","2":"type-post","3":"status-publish","4":"format-standard","5":"has-post-thumbnail","7":"category-sin-categoria"},"jetpack_publicize_connections":[],"jetpack_featured_media_url":"https:\/\/i0.wp.com\/larevistadigital.com.ar\/blog\/wp-content\/uploads\/6818f044ed7f0.png?fit=668%2C445&ssl=1","jetpack_sharing_enabled":true,"jetpack_shortlink":"https:\/\/wp.me\/p8qtrQ-ajx","jetpack-related-posts":[{"id":38860,"url":"https:\/\/larevistadigital.com.ar\/blog\/cuch-una-oportunidad-para-los-chascomunenses\/","url_meta":{"origin":39651,"position":0},"title":"CUCh: una oportunidad para los chascomunenses","author":"Alejandro Sosa Ruda","date":"27 febrero, 2025","format":false,"excerpt":"EL Centro Universitario Chascom\u00fas brinda la posibilidad de continuar estudiando sin necesidad de migrar 27 De Febrero de 2025 CHASCOM\u00daS -\u00a0 Las pol\u00edticas p\u00fablicas en educaci\u00f3n son una de las principales herramientas con la que cuentan los Estados para igualar en derechos y en oportunidades de progreso. En este sentido,\u2026","rel":"","context":"En \u00abCHASCOM\u00daS\u00bb","block_context":{"text":"CHASCOM\u00daS","link":"https:\/\/larevistadigital.com.ar\/blog\/category\/chascomus\/"},"img":{"alt_text":"","src":"https:\/\/i0.wp.com\/larevistadigital.com.ar\/blog\/wp-content\/uploads\/67bcb0e86a85e.png?fit=668%2C445&ssl=1&resize=350%2C200","width":350,"height":200,"srcset":"https:\/\/i0.wp.com\/larevistadigital.com.ar\/blog\/wp-content\/uploads\/67bcb0e86a85e.png?fit=668%2C445&ssl=1&resize=350%2C200 1x, https:\/\/i0.wp.com\/larevistadigital.com.ar\/blog\/wp-content\/uploads\/67bcb0e86a85e.png?fit=668%2C445&ssl=1&resize=525%2C300 1.5x"},"classes":[]},{"id":40421,"url":"https:\/\/larevistadigital.com.ar\/blog\/inscripcion-abierta-para-cursar-la-diplomatura-en-bionegocios-en-el-centro-universitario\/","url_meta":{"origin":39651,"position":1},"title":"Inscripci\u00f3n abierta para cursar la Diplomatura en Bionegocios en el Centro Universitario","author":"Alejandro Sosa Ruda","date":"10 julio, 2025","format":false,"excerpt":"Chascom\u00fas suma una nueva propuesta acad\u00e9mica con orientaci\u00f3n ambiental. 10 de Julio de 2025 CHASCOM\u00daS -\u00a0 \u00a0Inscripci\u00f3n abierta para cursar la Diplomatura en Bionegocios en el Centro Universitario Chascom\u00fas suma una nueva propuesta acad\u00e9mica con orientaci\u00f3n ambiental. En el segundo cuatrimestre de este a\u00f1o el Centro Universitario Chascom\u00fas comenzar\u00e1 el\u2026","rel":"","context":"En \u00abINTERES GENERAL\u00bb","block_context":{"text":"INTERES GENERAL","link":"https:\/\/larevistadigital.com.ar\/blog\/category\/interes-general\/"},"img":{"alt_text":"","src":"https:\/\/i0.wp.com\/larevistadigital.com.ar\/blog\/wp-content\/uploads\/686ffa0f77262.png?fit=668%2C445&ssl=1&resize=350%2C200","width":350,"height":200,"srcset":"https:\/\/i0.wp.com\/larevistadigital.com.ar\/blog\/wp-content\/uploads\/686ffa0f77262.png?fit=668%2C445&ssl=1&resize=350%2C200 1x, https:\/\/i0.wp.com\/larevistadigital.com.ar\/blog\/wp-content\/uploads\/686ffa0f77262.png?fit=668%2C445&ssl=1&resize=525%2C300 1.5x"},"classes":[]},{"id":38826,"url":"https:\/\/larevistadigital.com.ar\/blog\/chascomus-oferta-educativa-universitaria\/","url_meta":{"origin":39651,"position":2},"title":"Chascom\u00fas: Oferta educativa universitaria","author":"Alejandro Sosa Ruda","date":"24 febrero, 2025","format":false,"excerpt":"Se ampl\u00edan las posibilidades de continuar estudiando sin necesidad de migrar 24 de Febrero de 2025 CHASCOM\u00daS -\u00a0 \u00a0A partir de la inauguraci\u00f3n del Centro Universitario local, se ampli\u00f3 la oferta acad\u00e9mica terciaria y universitaria en nuestra ciudad. Esta pol\u00edtica de la Municipalidad de Chascom\u00fas, tiene como fin igualar las\u2026","rel":"","context":"En \u00abINTERES GENERAL\u00bb","block_context":{"text":"INTERES GENERAL","link":"https:\/\/larevistadigital.com.ar\/blog\/category\/interes-general\/"},"img":{"alt_text":"","src":"https:\/\/i0.wp.com\/larevistadigital.com.ar\/blog\/wp-content\/uploads\/67bcb0e86a85e.png?fit=668%2C445&ssl=1&resize=350%2C200","width":350,"height":200,"srcset":"https:\/\/i0.wp.com\/larevistadigital.com.ar\/blog\/wp-content\/uploads\/67bcb0e86a85e.png?fit=668%2C445&ssl=1&resize=350%2C200 1x, https:\/\/i0.wp.com\/larevistadigital.com.ar\/blog\/wp-content\/uploads\/67bcb0e86a85e.png?fit=668%2C445&ssl=1&resize=525%2C300 1.5x"},"classes":[]},{"id":40225,"url":"https:\/\/larevistadigital.com.ar\/blog\/javier-gaston-firmo-un-convenio-para-ampliar-la-oferta-academica-universitaria-en-chascomus\/","url_meta":{"origin":39651,"position":3},"title":"Javier Gast\u00f3n firm\u00f3 un convenio para ampliar la oferta acad\u00e9mica universitaria en Chascom\u00fas","author":"Alejandro Sosa Ruda","date":"30 junio, 2025","format":false,"excerpt":"Durante su participaci\u00f3n en el 3\u00b0 Encuentro Provincial del programa Puentes, el intendente junto al gobernador Axel Kicillof y m\u00e1s de 60 jefes comunalesrubric\u00f3 un acuerdo para el dictado de una nueva diplomatura. 30 de Junio de 2025 CHASCOM\u00daS -\u00a0 \u00a0El intendente Javier Gast\u00f3n y el subsecretario de Infancias y\u2026","rel":"","context":"En \u00abINTERES GENERAL\u00bb","block_context":{"text":"INTERES GENERAL","link":"https:\/\/larevistadigital.com.ar\/blog\/category\/interes-general\/"},"img":{"alt_text":"","src":"https:\/\/i0.wp.com\/larevistadigital.com.ar\/blog\/wp-content\/uploads\/6862bcd751262.png?fit=668%2C445&ssl=1&resize=350%2C200","width":350,"height":200,"srcset":"https:\/\/i0.wp.com\/larevistadigital.com.ar\/blog\/wp-content\/uploads\/6862bcd751262.png?fit=668%2C445&ssl=1&resize=350%2C200 1x, https:\/\/i0.wp.com\/larevistadigital.com.ar\/blog\/wp-content\/uploads\/6862bcd751262.png?fit=668%2C445&ssl=1&resize=525%2C300 1.5x"},"classes":[]},{"id":37727,"url":"https:\/\/larevistadigital.com.ar\/blog\/nueva-propuesta-para-el-centro-universitario\/","url_meta":{"origin":39651,"position":4},"title":"Nueva propuesta para el Centro Universitario","author":"Alejandro Sosa Ruda","date":"5 noviembre, 2024","format":false,"excerpt":"La Municipalidad de Chascom\u00fas y la UTN firman un nuevo convenio que ampl\u00eda la oferta educativa del Centro Universitario de Chascom\u00fas 5 de Noviembre de 2024 CHASCOM\u00daS -\u00a0 El intendente Javier Gast\u00f3n y el Decano de la Facultad Regional La Plata de la Universidad Tecnol\u00f3gica Nacional, Ingeniero Luis Agust\u00edn Ricci;\u2026","rel":"","context":"En \u00abINTERES GENERAL\u00bb","block_context":{"text":"INTERES GENERAL","link":"https:\/\/larevistadigital.com.ar\/blog\/category\/interes-general\/"},"img":{"alt_text":"","src":"https:\/\/i0.wp.com\/larevistadigital.com.ar\/blog\/wp-content\/uploads\/6729059a1dd44.png?fit=668%2C445&ssl=1&resize=350%2C200","width":350,"height":200,"srcset":"https:\/\/i0.wp.com\/larevistadigital.com.ar\/blog\/wp-content\/uploads\/6729059a1dd44.png?fit=668%2C445&ssl=1&resize=350%2C200 1x, https:\/\/i0.wp.com\/larevistadigital.com.ar\/blog\/wp-content\/uploads\/6729059a1dd44.png?fit=668%2C445&ssl=1&resize=525%2C300 1.5x"},"classes":[]},{"id":42989,"url":"https:\/\/larevistadigital.com.ar\/blog\/cincuenta-estudiantes-egresaron-de-diplomaturas-dictadas-en-el-centro-universitario-chascomus\/","url_meta":{"origin":39651,"position":5},"title":"Cincuenta estudiantes egresaron de diplomaturas dictadas en el Centro Universitario Chascom\u00fas","author":"Alejandro Sosa Ruda","date":"22 diciembre, 2025","format":false,"excerpt":"Recibieron sus diplomas quienes completaron las formaciones en Programaci\u00f3n y An\u00e1lisis de Datos, Medio Ambiente y Bionegocios. CHASCOM\u00daS -\u00a0 \u00a0Un total de 50 estudiantes recibieron el viernes sus diplomas tras haber finalizado distintas diplomaturas universitarias dictadas en el Centro Universitario Chascom\u00fas. El acto se realiz\u00f3 en la sede del Centro\u2026","rel":"","context":"En \u00abCHASCOM\u00daS\u00bb","block_context":{"text":"CHASCOM\u00daS","link":"https:\/\/larevistadigital.com.ar\/blog\/category\/chascomus\/"},"img":{"alt_text":"","src":"https:\/\/i0.wp.com\/larevistadigital.com.ar\/blog\/wp-content\/uploads\/69497d5c74f05.png?fit=668%2C445&ssl=1&resize=350%2C200","width":350,"height":200,"srcset":"https:\/\/i0.wp.com\/larevistadigital.com.ar\/blog\/wp-content\/uploads\/69497d5c74f05.png?fit=668%2C445&ssl=1&resize=350%2C200 1x, https:\/\/i0.wp.com\/larevistadigital.com.ar\/blog\/wp-content\/uploads\/69497d5c74f05.png?fit=668%2C445&ssl=1&resize=525%2C300 1.5x"},"classes":[]}],"_links":{"self":[{"href":"https:\/\/larevistadigital.com.ar\/blog\/wp-json\/wp\/v2\/posts\/39651","targetHints":{"allow":["GET"]}}],"collection":[{"href":"https:\/\/larevistadigital.com.ar\/blog\/wp-json\/wp\/v2\/posts"}],"about":[{"href":"https:\/\/larevistadigital.com.ar\/blog\/wp-json\/wp\/v2\/types\/post"}],"author":[{"embeddable":true,"href":"https:\/\/larevistadigital.com.ar\/blog\/wp-json\/wp\/v2\/users\/3"}],"replies":[{"embeddable":true,"href":"https:\/\/larevistadigital.com.ar\/blog\/wp-json\/wp\/v2\/comments?post=39651"}],"version-history":[{"count":1,"href":"https:\/\/larevistadigital.com.ar\/blog\/wp-json\/wp\/v2\/posts\/39651\/revisions"}],"predecessor-version":[{"id":39653,"href":"https:\/\/larevistadigital.com.ar\/blog\/wp-json\/wp\/v2\/posts\/39651\/revisions\/39653"}],"wp:featuredmedia":[{"embeddable":true,"href":"https:\/\/larevistadigital.com.ar\/blog\/wp-json\/wp\/v2\/media\/39652"}],"wp:attachment":[{"href":"https:\/\/larevistadigital.com.ar\/blog\/wp-json\/wp\/v2\/media?parent=39651"}],"wp:term":[{"taxonomy":"category","embeddable":true,"href":"https:\/\/larevistadigital.com.ar\/blog\/wp-json\/wp\/v2\/categories?post=39651"},{"taxonomy":"post_tag","embeddable":true,"href":"https:\/\/larevistadigital.com.ar\/blog\/wp-json\/wp\/v2\/tags?post=39651"}],"curies":[{"name":"wp","href":"https:\/\/api.w.org\/{rel}","templated":true}]}}