{"id":39654,"date":"2025-05-05T16:26:04","date_gmt":"2025-05-05T19:26:04","guid":{"rendered":"https:\/\/larevistadigital.com.ar\/blog\/?p=39654"},"modified":"2025-05-05T16:26:04","modified_gmt":"2025-05-05T19:26:04","slug":"javier-gaston-represento-a-chascomus-en-el-5-foro-mundial-de-ciudades-y-territorios-de-paz","status":"publish","type":"post","link":"https:\/\/larevistadigital.com.ar\/blog\/javier-gaston-represento-a-chascomus-en-el-5-foro-mundial-de-ciudades-y-territorios-de-paz\/","title":{"rendered":"Javier Gast\u00f3n represent\u00f3 a Chascom\u00fas en el 5\u00b0 Foro Mundial de Ciudades y Territorios de Paz"},"content":{"rendered":"<h3 class=\"excerpt\">El intendente particip\u00f3 en una mesa sobre memoria y democracia junto a referentes de Uruguay y otros pa\u00edses.<\/h3>\n<p>05 de Mayo de 2025<\/p>\n<div id=\"miDiv1\" class=\"text\">\n<p><strong>CHASCOM\u00daS &#8211;<\/strong>\u00a0 El intendente Javier Gast\u00f3n fue uno de los invitados al 5\u00ba Foro Mundial de Ciudades y Territorios de Paz, que se desarroll\u00f3 el \u00faltimo fin de semana en Montevideo, Uruguay. La actividad convoc\u00f3 a representantes de gobiernos locales, organismos internacionales y organizaciones de la sociedad civil de m\u00e1s de 180 ciudades del mundo.<\/p>\n<blockquote>\n<h3>Durante su participaci\u00f3n, Gast\u00f3n intervino en el evento paralelo <em>\u201cMemorias que transforman: Ciudades como territorios de verdad y reparaci\u00f3n\u201d<\/em>, integrado por cinco rondas de conversaci\u00f3n en formato de conversatorio.<\/h3>\n<\/blockquote>\n<p>El intendente form\u00f3 parte del panel denominado \u201cPedagog\u00eda y Memoria\u201d, que abord\u00f3 experiencias educativas destinadas a reflexionar sobre el pasado reciente, las violencias estatales y la transmisi\u00f3n intergeneracional de la memoria. En ese marco, present\u00f3 el proyecto \u201cChascom\u00fas Km 0 de la Democracia\u201d.<\/p>\n<blockquote>\n<h3>Tras su participaci\u00f3n se\u00f1al\u00f3 que el proyecto, adem\u00e1s de rendir homenaje a Ra\u00fal Alfons\u00edn y su legado, tiene como objetivo \u201cpensar cr\u00edticamente sobre la crisis de representatividad y el compromiso colectivo con los valores democr\u00e1ticos\u201d.<\/h3>\n<\/blockquote>\n<p>En su exposici\u00f3n, destac\u00f3 la necesidad de generar pol\u00edticas p\u00fablicas que revaloricen la democracia como construcci\u00f3n colectiva y llam\u00f3 a unir esfuerzos para lograr sociedades m\u00e1s justas. \u201cEn este viaje, no sobra nadie. Nadie se salva solo\u201d, afirm\u00f3.<\/p>\n<blockquote>\n<h3>El panel en el que particip\u00f3 el jefe comunal local cont\u00f3 tambi\u00e9n con la intervenci\u00f3n del colectivo uruguayo J\u00f3venes por la Memoria.<\/h3>\n<\/blockquote>\n<p>El foro fue inaugurado en el Antel Arena de Montevideo, en una sesi\u00f3n plenaria encabezada por autoridades locales y nacionales, entre ellas la vicepresidenta de Uruguay, Carolina Cosse; el intendente de Montevideo, Mauricio Zunino, y representantes de organismos multilaterales.<\/p>\n<p>El encuentro internacional se estructur\u00f3 en torno a cuatro ejes tem\u00e1ticos: intolerancia y extremismos; migraci\u00f3n y violencia; violencias de g\u00e9nero; e igualdades, desarrollo inclusivo y justicia clim\u00e1tica. Cada uno de ellos incluy\u00f3 experiencias de distintas partes del mundo y permiti\u00f3 el intercambio de pr\u00e1cticas innovadoras que buscan transformar las ciudades en espacios de convivencia y reparaci\u00f3n.<\/p>\n<p>La actividad incluy\u00f3 referencias a experiencias desarrolladas por instituciones como el Museo Sitio de Memoria ESMA en Argentina, el Museo de la Memoria y los Derechos Humanos de Chile y el Museo de la Memoria de Uruguay.<\/p>\n<\/div>\n","protected":false},"excerpt":{"rendered":"<div class=\"mh-excerpt\"><p>El intendente particip\u00f3 en una mesa sobre memoria y democracia junto a referentes de Uruguay y otros pa\u00edses. 05 de Mayo de 2025 CHASCOM\u00daS &#8211;\u00a0 El intendente Javier Gast\u00f3n fue uno de los invitados al <a class=\"mh-excerpt-more\" href=\"https:\/\/larevistadigital.com.ar\/blog\/javier-gaston-represento-a-chascomus-en-el-5-foro-mundial-de-ciudades-y-territorios-de-paz\/\" title=\"Javier Gast\u00f3n represent\u00f3 a Chascom\u00fas en el 5\u00b0 Foro Mundial de Ciudades y Territorios de Paz\">[Leer M\u00e1s]<\/a><\/p>\n<\/div>","protected":false},"author":3,"featured_media":39655,"comment_status":"open","ping_status":"open","sticky":false,"template":"","format":"standard","meta":{"_jetpack_memberships_contains_paid_content":false,"footnotes":"","jetpack_publicize_message":"","jetpack_publicize_feature_enabled":true,"jetpack_social_post_already_shared":true,"jetpack_social_options":{"image_generator_settings":{"template":"highway","default_image_id":0,"font":"","enabled":false},"version":2}},"categories":[6],"tags":[],"class_list":{"0":"post-39654","1":"post","2":"type-post","3":"status-publish","4":"format-standard","5":"has-post-thumbnail","7":"category-chascomus"},"jetpack_publicize_connections":[],"jetpack_featured_media_url":"https:\/\/i0.wp.com\/larevistadigital.com.ar\/blog\/wp-content\/uploads\/6818f12bafb28.png?fit=668%2C445&ssl=1","jetpack_sharing_enabled":true,"jetpack_shortlink":"https:\/\/wp.me\/p8qtrQ-ajA","jetpack-related-posts":[{"id":38854,"url":"https:\/\/larevistadigital.com.ar\/blog\/chascomus-se-suma-a-la-red-de-biodiverciudades\/","url_meta":{"origin":39654,"position":0},"title":"Chascom\u00fas se suma a la Red de Biodiverciudades","author":"Alejandro Sosa Ruda","date":"27 febrero, 2025","format":false,"excerpt":"La iniciativa busca promover la integraci\u00f3n de la biodiversidad en la planificaci\u00f3n urbana y fomentar modelos de econom\u00eda circular, infraestructura verde y bienestar ciudadano. 27 de Febrero de 2025 CHASCOM\u00daS -\u00a0 Como parte de las gestiones para lograr el financiamiento que permita realizar obras de infraestructura para Chascom\u00fas, el intendente\u2026","rel":"","context":"En \u00abCHASCOM\u00daS\u00bb","block_context":{"text":"CHASCOM\u00daS","link":"https:\/\/larevistadigital.com.ar\/blog\/category\/chascomus\/"},"img":{"alt_text":"","src":"https:\/\/i0.wp.com\/larevistadigital.com.ar\/blog\/wp-content\/uploads\/67c096164e94d.png?fit=668%2C445&ssl=1&resize=350%2C200","width":350,"height":200,"srcset":"https:\/\/i0.wp.com\/larevistadigital.com.ar\/blog\/wp-content\/uploads\/67c096164e94d.png?fit=668%2C445&ssl=1&resize=350%2C200 1x, https:\/\/i0.wp.com\/larevistadigital.com.ar\/blog\/wp-content\/uploads\/67c096164e94d.png?fit=668%2C445&ssl=1&resize=525%2C300 1.5x"},"classes":[]},{"id":38188,"url":"https:\/\/larevistadigital.com.ar\/blog\/javier-gaston-presento-en-lalin-el-proyecto-chascomus-km0-de-la-democracia\/","url_meta":{"origin":39654,"position":1},"title":"Javier Gast\u00f3n present\u00f3 en Lal\u00edn el proyecto \u201cChascom\u00fas KM0 de la Democracia\u201d","author":"Alejandro Sosa Ruda","date":"9 diciembre, 2024","format":false,"excerpt":"En el Concejo de la ciudad gallega, brind\u00f3 detalles de la iniciativa que busca destacar el legado de Ra\u00fal Alfons\u00edn y fortalecer los valores democr\u00e1ticos. 09 de diciembre de 2024 CHASCOM\u00daS -\u00a0 \u00a0El intendente Javier Gast\u00f3n inici\u00f3 su viaje oficial a Europa con una agenda enfocada en promover los valores\u2026","rel":"","context":"En \u00abCHASCOM\u00daS\u00bb","block_context":{"text":"CHASCOM\u00daS","link":"https:\/\/larevistadigital.com.ar\/blog\/category\/chascomus\/"},"img":{"alt_text":"","src":"https:\/\/i0.wp.com\/larevistadigital.com.ar\/blog\/wp-content\/uploads\/67572cf2a6226.png?fit=668%2C445&ssl=1&resize=350%2C200","width":350,"height":200,"srcset":"https:\/\/i0.wp.com\/larevistadigital.com.ar\/blog\/wp-content\/uploads\/67572cf2a6226.png?fit=668%2C445&ssl=1&resize=350%2C200 1x, https:\/\/i0.wp.com\/larevistadigital.com.ar\/blog\/wp-content\/uploads\/67572cf2a6226.png?fit=668%2C445&ssl=1&resize=525%2C300 1.5x"},"classes":[]},{"id":37275,"url":"https:\/\/larevistadigital.com.ar\/blog\/se-realizara-este-domingo-un-homenaje-a-los-miembros-de-defensa-civil\/","url_meta":{"origin":39654,"position":2},"title":"Se realizar\u00e1 este domingo un homenaje a los miembros de Defensa Civil","author":"Alejandro Sosa Ruda","date":"20 septiembre, 2024","format":false,"excerpt":"Es una iniciativa del Rotary Club Chascom\u00fas, que contar\u00e1 con la presencia del Intendente Javier Gast\u00f3n. 20 de septiembre de 2024 CHASCOM\u00daS -\u00a0 Este domingo, desde las 10,30 horas, se realizar\u00e1 un merecido reconocimiento a los miembros del Defensa Civil Municipal, en la Plaza Libertad, m\u00e1s precisamente en la esquina\u2026","rel":"","context":"En \u00abINTERES GENERAL\u00bb","block_context":{"text":"INTERES GENERAL","link":"https:\/\/larevistadigital.com.ar\/blog\/category\/interes-general\/"},"img":{"alt_text":"","src":"https:\/\/i0.wp.com\/larevistadigital.com.ar\/blog\/wp-content\/uploads\/66ec694822f22.png?fit=668%2C445&ssl=1&resize=350%2C200","width":350,"height":200,"srcset":"https:\/\/i0.wp.com\/larevistadigital.com.ar\/blog\/wp-content\/uploads\/66ec694822f22.png?fit=668%2C445&ssl=1&resize=350%2C200 1x, https:\/\/i0.wp.com\/larevistadigital.com.ar\/blog\/wp-content\/uploads\/66ec694822f22.png?fit=668%2C445&ssl=1&resize=525%2C300 1.5x"},"classes":[]},{"id":40225,"url":"https:\/\/larevistadigital.com.ar\/blog\/javier-gaston-firmo-un-convenio-para-ampliar-la-oferta-academica-universitaria-en-chascomus\/","url_meta":{"origin":39654,"position":3},"title":"Javier Gast\u00f3n firm\u00f3 un convenio para ampliar la oferta acad\u00e9mica universitaria en Chascom\u00fas","author":"Alejandro Sosa Ruda","date":"30 junio, 2025","format":false,"excerpt":"Durante su participaci\u00f3n en el 3\u00b0 Encuentro Provincial del programa Puentes, el intendente junto al gobernador Axel Kicillof y m\u00e1s de 60 jefes comunalesrubric\u00f3 un acuerdo para el dictado de una nueva diplomatura. 30 de Junio de 2025 CHASCOM\u00daS -\u00a0 \u00a0El intendente Javier Gast\u00f3n y el subsecretario de Infancias y\u2026","rel":"","context":"En \u00abINTERES GENERAL\u00bb","block_context":{"text":"INTERES GENERAL","link":"https:\/\/larevistadigital.com.ar\/blog\/category\/interes-general\/"},"img":{"alt_text":"","src":"https:\/\/i0.wp.com\/larevistadigital.com.ar\/blog\/wp-content\/uploads\/6862bcd751262.png?fit=668%2C445&ssl=1&resize=350%2C200","width":350,"height":200,"srcset":"https:\/\/i0.wp.com\/larevistadigital.com.ar\/blog\/wp-content\/uploads\/6862bcd751262.png?fit=668%2C445&ssl=1&resize=350%2C200 1x, https:\/\/i0.wp.com\/larevistadigital.com.ar\/blog\/wp-content\/uploads\/6862bcd751262.png?fit=668%2C445&ssl=1&resize=525%2C300 1.5x"},"classes":[]},{"id":6125,"url":"https:\/\/larevistadigital.com.ar\/blog\/destacable-gesto-del-intendente-de-chascomus-javier-gaston-y-su-bloque-de-concejales\/","url_meta":{"origin":39654,"position":4},"title":"DESTACABLE GESTO DEL INTENDENTE DE CHASCOM\u00daS, JAVIER GAST\u00d3N Y SU BLOQUE DE CONCEJALES","author":"Alejandro Sosa Ruda","date":"3 agosto, 2018","format":false,"excerpt":"El intendente de Chascom\u00fas, Javier Gast\u00f3n y el bloque de concejales de Unidad por Chascom\u00fas, se hicieron presentes en el Congreso Nacional a efectos de apoyar a los Bomberos Voluntarios de la ciudad y el pa\u00eds en su reclamo para que no se quiten los subsidios para el equipamiento y\u2026","rel":"","context":"En \u00abCHASCOM\u00daS\u00bb","block_context":{"text":"CHASCOM\u00daS","link":"https:\/\/larevistadigital.com.ar\/blog\/category\/chascomus\/"},"img":{"alt_text":"","src":"https:\/\/i0.wp.com\/larevistadigital.com.ar\/blog\/wp-content\/uploads\/2018\/08\/Screenshot_1.jpg?fit=670%2C556&ssl=1&resize=350%2C200","width":350,"height":200,"srcset":"https:\/\/i0.wp.com\/larevistadigital.com.ar\/blog\/wp-content\/uploads\/2018\/08\/Screenshot_1.jpg?fit=670%2C556&ssl=1&resize=350%2C200 1x, https:\/\/i0.wp.com\/larevistadigital.com.ar\/blog\/wp-content\/uploads\/2018\/08\/Screenshot_1.jpg?fit=670%2C556&ssl=1&resize=525%2C300 1.5x"},"classes":[]},{"id":42317,"url":"https:\/\/larevistadigital.com.ar\/blog\/chascomus-continua-posicionandose-a-nivel-internacional-fortaleciendo-lazos-con-instituciones-academicas-y-de-gobierno\/","url_meta":{"origin":39654,"position":5},"title":"Chascom\u00fas contin\u00faa posicion\u00e1ndose a nivel internacional fortaleciendo lazos con instituciones acad\u00e9micas y de gobierno","author":"Alejandro Sosa Ruda","date":"1 noviembre, 2025","format":false,"excerpt":"Reuniones con referentes acad\u00e9micos y especialistas en gesti\u00f3n urbana y formaci\u00f3n ciudadana en Espa\u00f1a. El intendente Javier Gast\u00f3n mantuvo diversas reuniones con funcionarios y referentes acad\u00e9micos en el marco del viaje que se encuentra realizando en Espa\u00f1a con el prop\u00f3sito de consolidar convenios y generar nuevos espacios de cooperaci\u00f3n en\u2026","rel":"","context":"En \u00abCHASCOM\u00daS\u00bb","block_context":{"text":"CHASCOM\u00daS","link":"https:\/\/larevistadigital.com.ar\/blog\/category\/chascomus\/"},"img":{"alt_text":"","src":"https:\/\/i0.wp.com\/larevistadigital.com.ar\/blog\/wp-content\/uploads\/6904f91126844.png?fit=668%2C445&ssl=1&resize=350%2C200","width":350,"height":200,"srcset":"https:\/\/i0.wp.com\/larevistadigital.com.ar\/blog\/wp-content\/uploads\/6904f91126844.png?fit=668%2C445&ssl=1&resize=350%2C200 1x, https:\/\/i0.wp.com\/larevistadigital.com.ar\/blog\/wp-content\/uploads\/6904f91126844.png?fit=668%2C445&ssl=1&resize=525%2C300 1.5x"},"classes":[]}],"_links":{"self":[{"href":"https:\/\/larevistadigital.com.ar\/blog\/wp-json\/wp\/v2\/posts\/39654","targetHints":{"allow":["GET"]}}],"collection":[{"href":"https:\/\/larevistadigital.com.ar\/blog\/wp-json\/wp\/v2\/posts"}],"about":[{"href":"https:\/\/larevistadigital.com.ar\/blog\/wp-json\/wp\/v2\/types\/post"}],"author":[{"embeddable":true,"href":"https:\/\/larevistadigital.com.ar\/blog\/wp-json\/wp\/v2\/users\/3"}],"replies":[{"embeddable":true,"href":"https:\/\/larevistadigital.com.ar\/blog\/wp-json\/wp\/v2\/comments?post=39654"}],"version-history":[{"count":1,"href":"https:\/\/larevistadigital.com.ar\/blog\/wp-json\/wp\/v2\/posts\/39654\/revisions"}],"predecessor-version":[{"id":39656,"href":"https:\/\/larevistadigital.com.ar\/blog\/wp-json\/wp\/v2\/posts\/39654\/revisions\/39656"}],"wp:featuredmedia":[{"embeddable":true,"href":"https:\/\/larevistadigital.com.ar\/blog\/wp-json\/wp\/v2\/media\/39655"}],"wp:attachment":[{"href":"https:\/\/larevistadigital.com.ar\/blog\/wp-json\/wp\/v2\/media?parent=39654"}],"wp:term":[{"taxonomy":"category","embeddable":true,"href":"https:\/\/larevistadigital.com.ar\/blog\/wp-json\/wp\/v2\/categories?post=39654"},{"taxonomy":"post_tag","embeddable":true,"href":"https:\/\/larevistadigital.com.ar\/blog\/wp-json\/wp\/v2\/tags?post=39654"}],"curies":[{"name":"wp","href":"https:\/\/api.w.org\/{rel}","templated":true}]}}