{"id":39657,"date":"2025-05-05T16:51:12","date_gmt":"2025-05-05T19:51:12","guid":{"rendered":"https:\/\/larevistadigital.com.ar\/blog\/?p=39657"},"modified":"2025-05-05T16:51:12","modified_gmt":"2025-05-05T19:51:12","slug":"bianco-detallo-los-preparativos-para-las-elecciones-legislativas-provinciales","status":"publish","type":"post","link":"https:\/\/larevistadigital.com.ar\/blog\/bianco-detallo-los-preparativos-para-las-elecciones-legislativas-provinciales\/","title":{"rendered":"Bianco detall\u00f3 los preparativos para las elecciones legislativas provinciales"},"content":{"rendered":"<h2>El Ministro de Gobierno bonaerense brind\u00f3 una rueda de prensa junto a su par de Infraestructura y Servicios P\u00fablicos, Gabriel Katopodis, y el presidente del Banco Provincia, Juan Cuattromo.<\/h2>\n<p>05 de Mayo de 2025<\/p>\n<p><strong>BUENOS AIRES &#8211;\u00a0 \u00a0<em>\u201cUnos 22 mil efectivos de la Polic\u00eda bonaerense estar\u00e1n a disposici\u00f3n del Comando Electoral Provincial, junto con otros 6 mil de fuerzas federales a los que se comprometi\u00f3 el Gobierno nacional\u201d<\/em><\/strong>, inform\u00f3 el ministro de Gobierno bonaerense, <strong>Carlos Bianco<\/strong>, al referirse a la organizaci\u00f3n de las elecciones legislativas provinciales del pr\u00f3ximo 7 de septiembre. Fue durante una conferencia de prensa en la que estuvo acompa\u00f1ado por el ministro de Infraestructura y Servicios P\u00fablicos, <strong>Gabriel Katopodis<\/strong>, y el presidente del Banco Provincia, <strong>Juan Cuattromo<\/strong>.<\/p>\n<p>En el mismo sentido, <strong>Bianco<\/strong> se\u00f1al\u00f3 que <strong>\u201cdesde el Ministerio de Gobierno estamos trabajando en coordinaci\u00f3n con la Junta Electoral y el Juzgado Federal N\u00ba 1 con competencia electoral\u201d<\/strong>, as\u00ed como con el Correo Argentino para llevar adelante la log\u00edstica general del acto electoral. El funcionario tambi\u00e9n inform\u00f3 que la Subsecretar\u00eda de Gobierno Digital del Ministerio de Gobierno bonaerense estar\u00e1 a cargo de auditar y garantizar el correcto funcionamiento de los sistemas inform\u00e1ticos involucrados en los comicios.<\/p>\n<p>Por otra parte, <strong>Bianco<\/strong> resalt\u00f3 el trabajo que realiza el Organismo Provincial de Integraci\u00f3n Social y Urbana (OPISU) en el barrio Villa Itat\u00ed del municipio de Quilmes: <strong><em>\u201cDesde que comenz\u00f3 la gesti\u00f3n del gobernador Axel Kicillof, la Provincia lleva financiadas obras por 31.700 millones de pesos (en valores actualizados) dentro del barrio. Es un trabajo que venimos ejecutando incluso con tareas que no tienen que ver directamente con competencias las provinciales, como la gesti\u00f3n de residuos s\u00f3lidos urbanos y la limpieza y mantenimiento de las calles y cursos de agua. Estas obras generaron unos 1.100 puestos de trabajo, muchos de ellos para las y los vecinos del barrio, lo que implica, a la vez, la posibilidad de crear ingresos y mejorar sus condiciones de vida\u201d.<\/em><\/strong><\/p>\n<p>A su turno, el ministro <strong>Gabriel Katopodis<\/strong> se refiri\u00f3 a las acciones que ejecuta el Gobierno de la Provincia para sostener la obra p\u00fablica: <strong><em>\u201cEl presidente Milei y el ministro Caputo no hicieron un solo kil\u00f3metro de ruta en 500 d\u00edas de gesti\u00f3n. Frente a ese abandono, el gobernador Kicillof tiene la convicci\u00f3n de seguir apostando a la inversi\u00f3n en infraestructura como palanca para el desarrollo productivo\u201d<\/em><\/strong>. En ese marco, detall\u00f3, <strong><em>\u201cestamos planificando y coordinando las acciones para completar el plan de mejoramiento y modernizaci\u00f3n del sistema vial, que incluye 508 obras y proyectos, con 4.580 kil\u00f3metros a intervenir\u201d<\/em><\/strong>. Adem\u00e1s, <strong>Katopodis<\/strong> anunci\u00f3 la puesta en marcha de un nuevo Sistema Integrado de Control de Cargas en las rutas, mediante balanzas din\u00e1micas que permitan realizar un mejor seguimiento de la log\u00edstica, el flujo y las prioridades de inversi\u00f3n.<\/p>\n<p><em><strong>\u201cEn el mundo estamos viviendo una guerra comercial, donde los planes de infraestructura son las herramientas con las que las potencias disputan los mercados. El Gobierno nacional no tiene mejor idea que desfinanciar este rubro. Frente a la \u2018timba financiera\u2019 que plantea el gobierno de Milei, la decisi\u00f3n del gobernador Kicillof es llevar adelante obras p\u00fablicas que queden para el pueblo bonaerense\u201d<\/strong><\/em>, finaliz\u00f3 <strong>Katopodis<\/strong>.<\/p>\n<p>Finalmente, el presidente de Banco Provincia, Juan Cuattromo, indic\u00f3: <em><strong>\u201cCon los cr\u00e9ditos de Provincia Leasing ya asistimos a 99 municipios y cubrimos casi al 70% de la poblaci\u00f3n de la provincia de Buenos Aires. Con este mecanismo de financiamiento no hay una distinci\u00f3n por color pol\u00edtico o signo partidario, ya que el Gobernador nos pidi\u00f3 que sea una herramienta destinada a que los municipios puedan brindarles mejores servicios a los vecinos y vecinas de la provincia\u201d<\/strong><\/em>. En este sentido, el funcionario agreg\u00f3: <strong><em>\u201cEl monto global es de aproximadamente 140 mil millones de pesos, pero es importante saber en qu\u00e9 invierten los municipios: el 36% lo utiliza para financiar maquinaria destinada a obra p\u00fablica, el 29% es destinado a servicios p\u00fablicos y el 12% va a seguridad y salud\u00bb.<\/em><\/strong><\/p>\n<p>Por \u00faltimo, <strong>Cuattromo<\/strong> tambi\u00e9n repas\u00f3 la asistencia a Bah\u00eda Blanca y los partidos afectados por la inundaci\u00f3n, que ya super\u00f3 los 100 mil millones de pesos en cr\u00e9ditos y financiamiento con tasas especiales y sin inter\u00e9s, y mencion\u00f3 la oferta de beneficios que tiene la billetera digital gratuita Cuenta DNI para este mes de mayo, en la que se destacan los nuevos descuentos sin tope y en el acto en supermercados.<\/p>\n","protected":false},"excerpt":{"rendered":"<div class=\"mh-excerpt\"><p>El Ministro de Gobierno bonaerense brind\u00f3 una rueda de prensa junto a su par de Infraestructura y Servicios P\u00fablicos, Gabriel Katopodis, y el presidente del Banco Provincia, Juan Cuattromo. 05 de Mayo de 2025 BUENOS <a class=\"mh-excerpt-more\" href=\"https:\/\/larevistadigital.com.ar\/blog\/bianco-detallo-los-preparativos-para-las-elecciones-legislativas-provinciales\/\" title=\"Bianco detall\u00f3 los preparativos para las elecciones legislativas provinciales\">[Leer M\u00e1s]<\/a><\/p>\n<\/div>","protected":false},"author":3,"featured_media":39658,"comment_status":"open","ping_status":"open","sticky":false,"template":"","format":"standard","meta":{"_jetpack_memberships_contains_paid_content":false,"footnotes":"","jetpack_publicize_message":"","jetpack_publicize_feature_enabled":true,"jetpack_social_post_already_shared":true,"jetpack_social_options":{"image_generator_settings":{"template":"highway","default_image_id":0,"font":"","enabled":false},"version":2}},"categories":[41,12],"tags":[],"class_list":{"0":"post-39657","1":"post","2":"type-post","3":"status-publish","4":"format-standard","5":"has-post-thumbnail","7":"category-destacadas","8":"category-politica"},"jetpack_publicize_connections":[],"jetpack_featured_media_url":"https:\/\/i0.wp.com\/larevistadigital.com.ar\/blog\/wp-content\/uploads\/foto_19.jpeg?fit=743%2C530&ssl=1","jetpack_sharing_enabled":true,"jetpack_shortlink":"https:\/\/wp.me\/p8qtrQ-ajD","jetpack-related-posts":[{"id":42498,"url":"https:\/\/larevistadigital.com.ar\/blog\/bianco-el-gobierno-nacional-le-debe-129-billones-a-la-provincia\/","url_meta":{"origin":39657,"position":0},"title":"Bianco: \u201cEl Gobierno nacional le debe $12,9 billones a la Provincia\u201d","author":"Alejandro Sosa Ruda","date":"17 noviembre, 2025","format":false,"excerpt":"El ministro de Gobierno, Carlos Bianco, llev\u00f3 a cabo una nueva conferencia de prensa junto al ministro de Infraestructura y Servicios P\u00fablicos, Gabriel Katopodis, y al presidente de AUBASA, Jos\u00e9 Arteaga. El ministro de Gobierno de la Provincia de Buenos Aires, Carlos Bianco, brind\u00f3 hoy la habitual conferencia de prensa\u2026","rel":"","context":"En \u00abDESTACADAS\u00bb","block_context":{"text":"DESTACADAS","link":"https:\/\/larevistadigital.com.ar\/blog\/category\/destacadas\/"},"img":{"alt_text":"","src":"https:\/\/i0.wp.com\/larevistadigital.com.ar\/blog\/wp-content\/uploads\/Screenshot_20251117_134850_Drive.jpg?fit=743%2C530&ssl=1&resize=350%2C200","width":350,"height":200,"srcset":"https:\/\/i0.wp.com\/larevistadigital.com.ar\/blog\/wp-content\/uploads\/Screenshot_20251117_134850_Drive.jpg?fit=743%2C530&ssl=1&resize=350%2C200 1x, https:\/\/i0.wp.com\/larevistadigital.com.ar\/blog\/wp-content\/uploads\/Screenshot_20251117_134850_Drive.jpg?fit=743%2C530&ssl=1&resize=525%2C300 1.5x, https:\/\/i0.wp.com\/larevistadigital.com.ar\/blog\/wp-content\/uploads\/Screenshot_20251117_134850_Drive.jpg?fit=743%2C530&ssl=1&resize=700%2C400 2x"},"classes":[]},{"id":36147,"url":"https:\/\/larevistadigital.com.ar\/blog\/bianco-solo-la-crueldad-explica-alguna-de-las-acciones-del-gobierno-nacional\/","url_meta":{"origin":39657,"position":1},"title":"BIANCO: \u00abSOLO LA CRUELDAD EXPLICA ALGUNA DE LAS ACCIONES DEL GOBIERNO NACIONAL\u00bb","author":"Alejandro Sosa Ruda","date":"27 mayo, 2024","format":false,"excerpt":"Lo asegur\u00f3 el Ministro de Gobierno en la conferencia de prensa de este lunes junto al ministro de Producci\u00f3n, Ciencia e Innovaci\u00f3n Tecnol\u00f3gica, Augusto Costa, y el presidente del Banco Provincia, Juan Cuattromo. 27 de Mayo de 2024 BUENOS AIRES\u00a0 -\u00a0 \u00a0\u201cLa Provincia viene haciendo un esfuerzo muy grande frente\u2026","rel":"","context":"En \u00abDESTACADAS\u00bb","block_context":{"text":"DESTACADAS","link":"https:\/\/larevistadigital.com.ar\/blog\/category\/destacadas\/"},"img":{"alt_text":"","src":"https:\/\/i0.wp.com\/larevistadigital.com.ar\/blog\/wp-content\/uploads\/Segunda-conferencia-Bianco.jpeg?fit=743%2C530&ssl=1&resize=350%2C200","width":350,"height":200,"srcset":"https:\/\/i0.wp.com\/larevistadigital.com.ar\/blog\/wp-content\/uploads\/Segunda-conferencia-Bianco.jpeg?fit=743%2C530&ssl=1&resize=350%2C200 1x, https:\/\/i0.wp.com\/larevistadigital.com.ar\/blog\/wp-content\/uploads\/Segunda-conferencia-Bianco.jpeg?fit=743%2C530&ssl=1&resize=525%2C300 1.5x, https:\/\/i0.wp.com\/larevistadigital.com.ar\/blog\/wp-content\/uploads\/Segunda-conferencia-Bianco.jpeg?fit=743%2C530&ssl=1&resize=700%2C400 2x"},"classes":[]},{"id":40270,"url":"https:\/\/larevistadigital.com.ar\/blog\/kicillof-milei-pone-en-riesgo-el-interes-nacional\/","url_meta":{"origin":39657,"position":2},"title":"Kicillof: \u201cMilei pone en riesgo el inter\u00e9s nacional\u201d","author":"Alejandro Sosa Ruda","date":"2 julio, 2025","format":false,"excerpt":"Fue en el marco de una conferencia de prensa realizada en la Gobernaci\u00f3n bonaerense. Mi\u00e9rcoles, 2 de Julio de 2025 BUENOS AIRES -\u00a0 \"Responsabilizo a Javier Milei por cualquier decisi\u00f3n que ponga en riesgo la soberan\u00eda energ\u00e9tica: lo que deber\u00eda hacer el Presidente es defender a la Argentina y a\u2026","rel":"","context":"En \u00abDESTACADAS\u00bb","block_context":{"text":"DESTACADAS","link":"https:\/\/larevistadigital.com.ar\/blog\/category\/destacadas\/"},"img":{"alt_text":"","src":"https:\/\/i0.wp.com\/larevistadigital.com.ar\/blog\/wp-content\/uploads\/ypf-web.jpg?fit=743%2C530&ssl=1&resize=350%2C200","width":350,"height":200,"srcset":"https:\/\/i0.wp.com\/larevistadigital.com.ar\/blog\/wp-content\/uploads\/ypf-web.jpg?fit=743%2C530&ssl=1&resize=350%2C200 1x, https:\/\/i0.wp.com\/larevistadigital.com.ar\/blog\/wp-content\/uploads\/ypf-web.jpg?fit=743%2C530&ssl=1&resize=525%2C300 1.5x, https:\/\/i0.wp.com\/larevistadigital.com.ar\/blog\/wp-content\/uploads\/ypf-web.jpg?fit=743%2C530&ssl=1&resize=700%2C400 2x"},"classes":[]},{"id":39660,"url":"https:\/\/larevistadigital.com.ar\/blog\/la-provincia-anuncio-el-nuevo-sistema-integrado-de-control-de-cargas\/","url_meta":{"origin":39657,"position":3},"title":"La Provincia anunci\u00f3 el nuevo Sistema Integrado de Control de Cargas","author":"Alejandro Sosa Ruda","date":"5 mayo, 2025","format":false,"excerpt":"Se trata de la instalaci\u00f3n de 40 balanzas din\u00e1micas para el control de peso de lo que se transporte en las rutas provinciales. 05 De Mayo de 2025 El ministro de Gobierno, Carlos Bianco y el ministro de Infraestructura y Servicios P\u00fablicos, Gabriel Katopodis, anunciaron el Nuevo Sistema Integrado de\u2026","rel":"","context":"En \u00abPOLITICA PROVINCIAL\u00bb","block_context":{"text":"POLITICA PROVINCIAL","link":"https:\/\/larevistadigital.com.ar\/blog\/category\/politica\/politica-provincial\/"},"img":{"alt_text":"","src":"https:\/\/i0.wp.com\/larevistadigital.com.ar\/blog\/wp-content\/uploads\/AR75853-1_1.jpg?fit=700%2C467&ssl=1&resize=350%2C200","width":350,"height":200,"srcset":"https:\/\/i0.wp.com\/larevistadigital.com.ar\/blog\/wp-content\/uploads\/AR75853-1_1.jpg?fit=700%2C467&ssl=1&resize=350%2C200 1x, https:\/\/i0.wp.com\/larevistadigital.com.ar\/blog\/wp-content\/uploads\/AR75853-1_1.jpg?fit=700%2C467&ssl=1&resize=525%2C300 1.5x, https:\/\/i0.wp.com\/larevistadigital.com.ar\/blog\/wp-content\/uploads\/AR75853-1_1.jpg?fit=700%2C467&ssl=1&resize=700%2C400 2x"},"classes":[]},{"id":43088,"url":"https:\/\/larevistadigital.com.ar\/blog\/bianco-el-gobierno-nacional-le-debe-147-billones-a-la-provincia\/","url_meta":{"origin":39657,"position":4},"title":"Bianco: \u201cEl Gobierno nacional le debe $14,7 billones a la Provincia\u00bb","author":"Alejandro Sosa Ruda","date":"2 enero, 2026","format":false,"excerpt":"El Ministro de Gobierno bonaerense advirti\u00f3 sobre el impacto social y econ\u00f3mico de las pol\u00edticas nacionales y present\u00f3 el balance del a\u00f1o 2025. El ministro de Gobierno de la Provincia de Buenos Aires, Carlos Bianco, brind\u00f3 este lunes una conferencia de prensa en la que present\u00f3 un diagn\u00f3stico de la\u2026","rel":"","context":"En \u00abPOLITICA\u00bb","block_context":{"text":"POLITICA","link":"https:\/\/larevistadigital.com.ar\/blog\/category\/politica\/"},"img":{"alt_text":"","src":"https:\/\/i0.wp.com\/larevistadigital.com.ar\/blog\/wp-content\/uploads\/Screenshot_20251229_124418_Drive.jpg?fit=743%2C530&ssl=1&resize=350%2C200","width":350,"height":200,"srcset":"https:\/\/i0.wp.com\/larevistadigital.com.ar\/blog\/wp-content\/uploads\/Screenshot_20251229_124418_Drive.jpg?fit=743%2C530&ssl=1&resize=350%2C200 1x, https:\/\/i0.wp.com\/larevistadigital.com.ar\/blog\/wp-content\/uploads\/Screenshot_20251229_124418_Drive.jpg?fit=743%2C530&ssl=1&resize=525%2C300 1.5x, https:\/\/i0.wp.com\/larevistadigital.com.ar\/blog\/wp-content\/uploads\/Screenshot_20251229_124418_Drive.jpg?fit=743%2C530&ssl=1&resize=700%2C400 2x"},"classes":[]},{"id":36346,"url":"https:\/\/larevistadigital.com.ar\/blog\/provincia-leasing-se-firmaron-convenios-para-financiar-la-compra-de-bienes-de-capital-en-10-municipios\/","url_meta":{"origin":39657,"position":5},"title":"PROVINCIA LEASING: SE FIRMARON CONVENIOS PARA FINANCIAR LA COMPRA DE BIENES DE CAPITAL EN 10 MUNICIPIOS","author":"Alejandro Sosa Ruda","date":"19 junio, 2024","format":false,"excerpt":"La banca p\u00fablica destinar\u00e1 $3.973 millones para la adquisici\u00f3n de equipos que permitan optimizar las prestaciones de servicios p\u00fablicos. 18 de Junio de 2024 El gobernador Axel Kicillof encabez\u00f3 este martes junto al presidente del Banco Provincia, Juan Cuattromo, el acto de firma de contratos de leasing por $3.973 millones\u2026","rel":"","context":"En \u00abINTERES GENERAL\u00bb","block_context":{"text":"INTERES GENERAL","link":"https:\/\/larevistadigital.com.ar\/blog\/category\/interes-general\/"},"img":{"alt_text":"","src":"https:\/\/i0.wp.com\/larevistadigital.com.ar\/blog\/wp-content\/uploads\/DAE2242_0.jpg?fit=743%2C530&ssl=1&resize=350%2C200","width":350,"height":200,"srcset":"https:\/\/i0.wp.com\/larevistadigital.com.ar\/blog\/wp-content\/uploads\/DAE2242_0.jpg?fit=743%2C530&ssl=1&resize=350%2C200 1x, https:\/\/i0.wp.com\/larevistadigital.com.ar\/blog\/wp-content\/uploads\/DAE2242_0.jpg?fit=743%2C530&ssl=1&resize=525%2C300 1.5x, https:\/\/i0.wp.com\/larevistadigital.com.ar\/blog\/wp-content\/uploads\/DAE2242_0.jpg?fit=743%2C530&ssl=1&resize=700%2C400 2x"},"classes":[]}],"_links":{"self":[{"href":"https:\/\/larevistadigital.com.ar\/blog\/wp-json\/wp\/v2\/posts\/39657","targetHints":{"allow":["GET"]}}],"collection":[{"href":"https:\/\/larevistadigital.com.ar\/blog\/wp-json\/wp\/v2\/posts"}],"about":[{"href":"https:\/\/larevistadigital.com.ar\/blog\/wp-json\/wp\/v2\/types\/post"}],"author":[{"embeddable":true,"href":"https:\/\/larevistadigital.com.ar\/blog\/wp-json\/wp\/v2\/users\/3"}],"replies":[{"embeddable":true,"href":"https:\/\/larevistadigital.com.ar\/blog\/wp-json\/wp\/v2\/comments?post=39657"}],"version-history":[{"count":1,"href":"https:\/\/larevistadigital.com.ar\/blog\/wp-json\/wp\/v2\/posts\/39657\/revisions"}],"predecessor-version":[{"id":39659,"href":"https:\/\/larevistadigital.com.ar\/blog\/wp-json\/wp\/v2\/posts\/39657\/revisions\/39659"}],"wp:featuredmedia":[{"embeddable":true,"href":"https:\/\/larevistadigital.com.ar\/blog\/wp-json\/wp\/v2\/media\/39658"}],"wp:attachment":[{"href":"https:\/\/larevistadigital.com.ar\/blog\/wp-json\/wp\/v2\/media?parent=39657"}],"wp:term":[{"taxonomy":"category","embeddable":true,"href":"https:\/\/larevistadigital.com.ar\/blog\/wp-json\/wp\/v2\/categories?post=39657"},{"taxonomy":"post_tag","embeddable":true,"href":"https:\/\/larevistadigital.com.ar\/blog\/wp-json\/wp\/v2\/tags?post=39657"}],"curies":[{"name":"wp","href":"https:\/\/api.w.org\/{rel}","templated":true}]}}